{"id":50658,"date":"2020-08-16T20:16:55","date_gmt":"2020-08-16T19:16:55","guid":{"rendered":"http:\/\/www.altominho.tv\/site\/?p=50658"},"modified":"2020-08-17T11:00:51","modified_gmt":"2020-08-17T10:00:51","slug":"mulher-de-55-anos-sofre-ferimentos-graves-apos-queda-na-lagoa-dos-druidas","status":"publish","type":"post","link":"https:\/\/www.altominho.tv\/site\/2020\/08\/16\/mulher-de-55-anos-sofre-ferimentos-graves-apos-queda-na-lagoa-dos-druidas\/","title":{"rendered":"Mulher de 55 anos sofre ferimentos graves ap\u00f3s queda na Lagoa dos Druidas"},"content":{"rendered":"<p>Uma mulher de 55 anos sofreu ferimentos graves na sequ\u00eancia de uma queda, este domingo, na Lagoa dos Druidas, Tibo, na freguesia da Gavieira.<\/p>\n<p>De acordo com a <a href=\"http:\/\/barcafm.pt\">BarcaFM<\/a> que avan\u00e7ou com a not\u00edcia, a mulher de 55 anos, sofreu uma fratura no membro inferior esquerdo e sendo considerada ferido grave foi transportada de urg\u00eancia para o Hospital de Viana do Castelo.<\/p>\n<p>No local estiveram oito operacionais dos Bombeiros de Arcos de Valdevez, apoiados por tr\u00eas viaturas, onde se inclui uma viatura do INEM.<\/p>\n<p>Segundo fonte da corpora\u00e7\u00e3o arcuense, a mulher faz parte de um grupo de turistas nacionais que estava a percorrer o percurso pedestre de acesso \u00e0 lagoa. Devido \u00e0s dificuldades de acesso ao local, o processo de resgate e transporte ter\u00e1 sido muito dificultado.<\/p>\n<p>O alerta foi dado \u00e0s 16h46. A GNR esteve tamb\u00e9m no local do acidente.<\/p>\n\n\n<figure class=\"wp-block-image size-large\"><img loading=\"lazy\" decoding=\"async\" width=\"750\" height=\"1000\" src=\"https:\/\/www.altominho.tv\/site\/wp-content\/uploads\/2020\/08\/Bombeiros-Arcos_Tibo.jpg\" alt=\"\" class=\"wp-image-50664\" srcset=\"https:\/\/www.altominho.tv\/site\/wp-content\/uploads\/2020\/08\/Bombeiros-Arcos_Tibo.jpg 750w, https:\/\/www.altominho.tv\/site\/wp-content\/uploads\/2020\/08\/Bombeiros-Arcos_Tibo-325x433.jpg 325w, https:\/\/www.altominho.tv\/site\/wp-content\/uploads\/2020\/08\/Bombeiros-Arcos_Tibo-370x493.jpg 370w, https:\/\/www.altominho.tv\/site\/wp-content\/uploads\/2020\/08\/Bombeiros-Arcos_Tibo-270x360.jpg 270w, https:\/\/www.altominho.tv\/site\/wp-content\/uploads\/2020\/08\/Bombeiros-Arcos_Tibo-570x760.jpg 570w, https:\/\/www.altominho.tv\/site\/wp-content\/uploads\/2020\/08\/Bombeiros-Arcos_Tibo-740x987.jpg 740w\" sizes=\"auto, (max-width: 750px) 100vw, 750px\" \/><figcaption>B.V.Arcos de Valdevez<\/figcaption><\/figure>\n","protected":false},"excerpt":{"rendered":"<p>Uma mulher de 55 anos sofreu ferimentos graves na sequ\u00eancia de uma queda, este domingo, na Lagoa dos Druidas, Tibo, na freguesia da Gavieira. De acordo com a BarcaFM que avan\u00e7ou com a not\u00edcia, a mulher de 55 anos, sofreu uma fratura no membro inferior esquerdo e sendo considerada ferido grave foi transportada de urg\u00eancia [&hellip;]<\/p>\n","protected":false},"author":1,"featured_media":50660,"comment_status":"closed","ping_status":"closed","sticky":false,"template":"","format":"standard","meta":{"_exactmetrics_skip_tracking":false,"footnotes":""},"categories":[2],"tags":[27],"class_list":["post-50658","post","type-post","status-publish","format-standard","has-post-thumbnail","hentry","category-arcos-de-valdevez","tag-sociedade"],"yoast_head":"<!-- This site is optimized with the Yoast SEO Premium plugin v28.3 (Yoast SEO v28.3) - https:\/\/yoast.com\/product\/yoast-seo-premium-wordpress\/ -->\n<title>Mulher de 55 anos sofre ferimentos graves ap\u00f3s queda na Lagoa dos Druidas<\/title>\n<meta name=\"robots\" content=\"index, follow, max-snippet:-1, max-image-preview:large, max-video-preview:-1\" \/>\n<link rel=\"canonical\" href=\"https:\/\/www.altominho.tv\/site\/2020\/08\/16\/mulher-de-55-anos-sofre-ferimentos-graves-apos-queda-na-lagoa-dos-druidas\/\" \/>\n<meta property=\"og:locale\" content=\"pt_PT\" \/>\n<meta property=\"og:type\" content=\"article\" \/>\n<meta property=\"og:title\" content=\"Mulher de 55 anos sofre ferimentos graves ap\u00f3s queda na Lagoa dos Druidas\" \/>\n<meta property=\"og:description\" content=\"Uma mulher de 55 anos sofreu ferimentos graves na sequ\u00eancia de uma queda, este domingo, na Lagoa dos Druidas, Tibo, na freguesia da Gavieira. De acordo com a BarcaFM que avan\u00e7ou com a not\u00edcia, a mulher de 55 anos, sofreu uma fratura no membro inferior esquerdo e sendo considerada ferido grave foi transportada de urg\u00eancia [&hellip;]\" \/>\n<meta property=\"og:url\" content=\"https:\/\/www.altominho.tv\/site\/2020\/08\/16\/mulher-de-55-anos-sofre-ferimentos-graves-apos-queda-na-lagoa-dos-druidas\/\" \/>\n<meta property=\"og:site_name\" content=\"Altominho.tv\" \/>\n<meta property=\"article:publisher\" content=\"https:\/\/www.facebook.com\/altominhotv\" \/>\n<meta property=\"article:published_time\" content=\"2020-08-16T19:16:55+00:00\" \/>\n<meta property=\"article:modified_time\" content=\"2020-08-17T10:00:51+00:00\" \/>\n<meta property=\"og:image\" content=\"https:\/\/www.altominho.tv\/site\/wp-content\/uploads\/2020\/08\/Lagoa_Druidas_ArcosValdevez.jpg\" \/>\n\t<meta property=\"og:image:width\" content=\"1300\" \/>\n\t<meta property=\"og:image:height\" content=\"731\" \/>\n\t<meta property=\"og:image:type\" content=\"image\/jpeg\" \/>\n<meta name=\"author\" content=\"Altominho.tv\" \/>\n<meta name=\"twitter:card\" content=\"summary_large_image\" \/>\n<meta name=\"twitter:creator\" content=\"@altominhoTV\" \/>\n<meta name=\"twitter:site\" content=\"@altominhoTV\" \/>\n<meta name=\"twitter:label1\" content=\"Escrito por\" \/>\n\t<meta name=\"twitter:data1\" content=\"Altominho.tv\" \/>\n\t<meta name=\"twitter:label2\" content=\"Tempo estimado de leitura\" \/>\n\t<meta name=\"twitter:data2\" content=\"1 minuto\" \/>\n<script type=\"application\/ld+json\" class=\"yoast-schema-graph\">{\"@context\":\"https:\\\/\\\/schema.org\",\"@graph\":[{\"@type\":\"Article\",\"@id\":\"https:\\\/\\\/www.altominho.tv\\\/site\\\/2020\\\/08\\\/16\\\/mulher-de-55-anos-sofre-ferimentos-graves-apos-queda-na-lagoa-dos-druidas\\\/#article\",\"isPartOf\":{\"@id\":\"https:\\\/\\\/www.altominho.tv\\\/site\\\/2020\\\/08\\\/16\\\/mulher-de-55-anos-sofre-ferimentos-graves-apos-queda-na-lagoa-dos-druidas\\\/\"},\"author\":{\"name\":\"Altominho.tv\",\"@id\":\"https:\\\/\\\/www.altominho.tv\\\/site\\\/#\\\/schema\\\/person\\\/4e536851627d7914baf3dac752b6af22\"},\"headline\":\"Mulher de 55 anos sofre ferimentos graves ap\u00f3s queda na Lagoa dos Druidas\",\"datePublished\":\"2020-08-16T19:16:55+00:00\",\"dateModified\":\"2020-08-17T10:00:51+00:00\",\"mainEntityOfPage\":{\"@id\":\"https:\\\/\\\/www.altominho.tv\\\/site\\\/2020\\\/08\\\/16\\\/mulher-de-55-anos-sofre-ferimentos-graves-apos-queda-na-lagoa-dos-druidas\\\/\"},\"wordCount\":163,\"image\":{\"@id\":\"https:\\\/\\\/www.altominho.tv\\\/site\\\/2020\\\/08\\\/16\\\/mulher-de-55-anos-sofre-ferimentos-graves-apos-queda-na-lagoa-dos-druidas\\\/#primaryimage\"},\"thumbnailUrl\":\"https:\\\/\\\/www.altominho.tv\\\/site\\\/wp-content\\\/uploads\\\/2020\\\/08\\\/Lagoa_Druidas_ArcosValdevez.jpg\",\"keywords\":[\"Sociedade\"],\"articleSection\":[\"Arcos de Valdevez\"],\"inLanguage\":\"pt-PT\",\"copyrightYear\":\"2020\",\"copyrightHolder\":{\"@id\":\"https:\\\/\\\/www.altominho.tv\\\/site\\\/#organization\"}},{\"@type\":\"WebPage\",\"@id\":\"https:\\\/\\\/www.altominho.tv\\\/site\\\/2020\\\/08\\\/16\\\/mulher-de-55-anos-sofre-ferimentos-graves-apos-queda-na-lagoa-dos-druidas\\\/\",\"url\":\"https:\\\/\\\/www.altominho.tv\\\/site\\\/2020\\\/08\\\/16\\\/mulher-de-55-anos-sofre-ferimentos-graves-apos-queda-na-lagoa-dos-druidas\\\/\",\"name\":\"Mulher de 55 anos sofre ferimentos graves ap\u00f3s queda na Lagoa dos Druidas\",\"isPartOf\":{\"@id\":\"https:\\\/\\\/www.altominho.tv\\\/site\\\/#website\"},\"primaryImageOfPage\":{\"@id\":\"https:\\\/\\\/www.altominho.tv\\\/site\\\/2020\\\/08\\\/16\\\/mulher-de-55-anos-sofre-ferimentos-graves-apos-queda-na-lagoa-dos-druidas\\\/#primaryimage\"},\"image\":{\"@id\":\"https:\\\/\\\/www.altominho.tv\\\/site\\\/2020\\\/08\\\/16\\\/mulher-de-55-anos-sofre-ferimentos-graves-apos-queda-na-lagoa-dos-druidas\\\/#primaryimage\"},\"thumbnailUrl\":\"https:\\\/\\\/www.altominho.tv\\\/site\\\/wp-content\\\/uploads\\\/2020\\\/08\\\/Lagoa_Druidas_ArcosValdevez.jpg\",\"datePublished\":\"2020-08-16T19:16:55+00:00\",\"dateModified\":\"2020-08-17T10:00:51+00:00\",\"author\":{\"@id\":\"https:\\\/\\\/www.altominho.tv\\\/site\\\/#\\\/schema\\\/person\\\/4e536851627d7914baf3dac752b6af22\"},\"breadcrumb\":{\"@id\":\"https:\\\/\\\/www.altominho.tv\\\/site\\\/2020\\\/08\\\/16\\\/mulher-de-55-anos-sofre-ferimentos-graves-apos-queda-na-lagoa-dos-druidas\\\/#breadcrumb\"},\"inLanguage\":\"pt-PT\",\"potentialAction\":[{\"@type\":\"ReadAction\",\"target\":[\"https:\\\/\\\/www.altominho.tv\\\/site\\\/2020\\\/08\\\/16\\\/mulher-de-55-anos-sofre-ferimentos-graves-apos-queda-na-lagoa-dos-druidas\\\/\"]}]},{\"@type\":\"ImageObject\",\"inLanguage\":\"pt-PT\",\"@id\":\"https:\\\/\\\/www.altominho.tv\\\/site\\\/2020\\\/08\\\/16\\\/mulher-de-55-anos-sofre-ferimentos-graves-apos-queda-na-lagoa-dos-druidas\\\/#primaryimage\",\"url\":\"https:\\\/\\\/www.altominho.tv\\\/site\\\/wp-content\\\/uploads\\\/2020\\\/08\\\/Lagoa_Druidas_ArcosValdevez.jpg\",\"contentUrl\":\"https:\\\/\\\/www.altominho.tv\\\/site\\\/wp-content\\\/uploads\\\/2020\\\/08\\\/Lagoa_Druidas_ArcosValdevez.jpg\",\"width\":1300,\"height\":731},{\"@type\":\"BreadcrumbList\",\"@id\":\"https:\\\/\\\/www.altominho.tv\\\/site\\\/2020\\\/08\\\/16\\\/mulher-de-55-anos-sofre-ferimentos-graves-apos-queda-na-lagoa-dos-druidas\\\/#breadcrumb\",\"itemListElement\":[{\"@type\":\"ListItem\",\"position\":1,\"name\":\"In\u00edcio\",\"item\":\"https:\\\/\\\/www.altominho.tv\\\/site\\\/\"},{\"@type\":\"ListItem\",\"position\":2,\"name\":\"Mulher de 55 anos sofre ferimentos graves ap\u00f3s queda na Lagoa dos Druidas\"}]},{\"@type\":\"WebSite\",\"@id\":\"https:\\\/\\\/www.altominho.tv\\\/site\\\/#website\",\"url\":\"https:\\\/\\\/www.altominho.tv\\\/site\\\/\",\"name\":\"Altominho.tv\",\"description\":\"A sua regi\u00e3o \u00e0 dist\u00e2ncia de um clique...\",\"potentialAction\":[{\"@type\":\"SearchAction\",\"target\":{\"@type\":\"EntryPoint\",\"urlTemplate\":\"https:\\\/\\\/www.altominho.tv\\\/site\\\/?s={search_term_string}\"},\"query-input\":{\"@type\":\"PropertyValueSpecification\",\"valueRequired\":true,\"valueName\":\"search_term_string\"}}],\"inLanguage\":\"pt-PT\"},{\"@type\":\"Person\",\"@id\":\"https:\\\/\\\/www.altominho.tv\\\/site\\\/#\\\/schema\\\/person\\\/4e536851627d7914baf3dac752b6af22\",\"name\":\"Altominho.tv\",\"image\":{\"@type\":\"ImageObject\",\"inLanguage\":\"pt-PT\",\"@id\":\"https:\\\/\\\/www.altominho.tv\\\/site\\\/wp-content\\\/uploads\\\/2019\\\/11\\\/Logo_Avatar_2-150x150.jpg\",\"url\":\"https:\\\/\\\/www.altominho.tv\\\/site\\\/wp-content\\\/uploads\\\/2019\\\/11\\\/Logo_Avatar_2-150x150.jpg\",\"contentUrl\":\"https:\\\/\\\/www.altominho.tv\\\/site\\\/wp-content\\\/uploads\\\/2019\\\/11\\\/Logo_Avatar_2-150x150.jpg\",\"caption\":\"Altominho.tv\"},\"url\":\"https:\\\/\\\/www.altominho.tv\\\/site\\\/author\\\/altominhotv-tecnico\\\/\"}]}<\/script>\n<!-- \/ Yoast SEO Premium plugin. -->","yoast_head_json":{"title":"Mulher de 55 anos sofre ferimentos graves ap\u00f3s queda na Lagoa dos Druidas","robots":{"index":"index","follow":"follow","max-snippet":"max-snippet:-1","max-image-preview":"max-image-preview:large","max-video-preview":"max-video-preview:-1"},"canonical":"https:\/\/www.altominho.tv\/site\/2020\/08\/16\/mulher-de-55-anos-sofre-ferimentos-graves-apos-queda-na-lagoa-dos-druidas\/","og_locale":"pt_PT","og_type":"article","og_title":"Mulher de 55 anos sofre ferimentos graves ap\u00f3s queda na Lagoa dos Druidas","og_description":"Uma mulher de 55 anos sofreu ferimentos graves na sequ\u00eancia de uma queda, este domingo, na Lagoa dos Druidas, Tibo, na freguesia da Gavieira. De acordo com a BarcaFM que avan\u00e7ou com a not\u00edcia, a mulher de 55 anos, sofreu uma fratura no membro inferior esquerdo e sendo considerada ferido grave foi transportada de urg\u00eancia [&hellip;]","og_url":"https:\/\/www.altominho.tv\/site\/2020\/08\/16\/mulher-de-55-anos-sofre-ferimentos-graves-apos-queda-na-lagoa-dos-druidas\/","og_site_name":"Altominho.tv","article_publisher":"https:\/\/www.facebook.com\/altominhotv","article_published_time":"2020-08-16T19:16:55+00:00","article_modified_time":"2020-08-17T10:00:51+00:00","og_image":[{"width":1300,"height":731,"url":"https:\/\/www.altominho.tv\/site\/wp-content\/uploads\/2020\/08\/Lagoa_Druidas_ArcosValdevez.jpg","type":"image\/jpeg"}],"author":"Altominho.tv","twitter_card":"summary_large_image","twitter_creator":"@altominhoTV","twitter_site":"@altominhoTV","twitter_misc":{"Escrito por":"Altominho.tv","Tempo estimado de leitura":"1 minuto"},"schema":{"@context":"https:\/\/schema.org","@graph":[{"@type":"Article","@id":"https:\/\/www.altominho.tv\/site\/2020\/08\/16\/mulher-de-55-anos-sofre-ferimentos-graves-apos-queda-na-lagoa-dos-druidas\/#article","isPartOf":{"@id":"https:\/\/www.altominho.tv\/site\/2020\/08\/16\/mulher-de-55-anos-sofre-ferimentos-graves-apos-queda-na-lagoa-dos-druidas\/"},"author":{"name":"Altominho.tv","@id":"https:\/\/www.altominho.tv\/site\/#\/schema\/person\/4e536851627d7914baf3dac752b6af22"},"headline":"Mulher de 55 anos sofre ferimentos graves ap\u00f3s queda na Lagoa dos Druidas","datePublished":"2020-08-16T19:16:55+00:00","dateModified":"2020-08-17T10:00:51+00:00","mainEntityOfPage":{"@id":"https:\/\/www.altominho.tv\/site\/2020\/08\/16\/mulher-de-55-anos-sofre-ferimentos-graves-apos-queda-na-lagoa-dos-druidas\/"},"wordCount":163,"image":{"@id":"https:\/\/www.altominho.tv\/site\/2020\/08\/16\/mulher-de-55-anos-sofre-ferimentos-graves-apos-queda-na-lagoa-dos-druidas\/#primaryimage"},"thumbnailUrl":"https:\/\/www.altominho.tv\/site\/wp-content\/uploads\/2020\/08\/Lagoa_Druidas_ArcosValdevez.jpg","keywords":["Sociedade"],"articleSection":["Arcos de Valdevez"],"inLanguage":"pt-PT","copyrightYear":"2020","copyrightHolder":{"@id":"https:\/\/www.altominho.tv\/site\/#organization"}},{"@type":"WebPage","@id":"https:\/\/www.altominho.tv\/site\/2020\/08\/16\/mulher-de-55-anos-sofre-ferimentos-graves-apos-queda-na-lagoa-dos-druidas\/","url":"https:\/\/www.altominho.tv\/site\/2020\/08\/16\/mulher-de-55-anos-sofre-ferimentos-graves-apos-queda-na-lagoa-dos-druidas\/","name":"Mulher de 55 anos sofre ferimentos graves ap\u00f3s queda na Lagoa dos Druidas","isPartOf":{"@id":"https:\/\/www.altominho.tv\/site\/#website"},"primaryImageOfPage":{"@id":"https:\/\/www.altominho.tv\/site\/2020\/08\/16\/mulher-de-55-anos-sofre-ferimentos-graves-apos-queda-na-lagoa-dos-druidas\/#primaryimage"},"image":{"@id":"https:\/\/www.altominho.tv\/site\/2020\/08\/16\/mulher-de-55-anos-sofre-ferimentos-graves-apos-queda-na-lagoa-dos-druidas\/#primaryimage"},"thumbnailUrl":"https:\/\/www.altominho.tv\/site\/wp-content\/uploads\/2020\/08\/Lagoa_Druidas_ArcosValdevez.jpg","datePublished":"2020-08-16T19:16:55+00:00","dateModified":"2020-08-17T10:00:51+00:00","author":{"@id":"https:\/\/www.altominho.tv\/site\/#\/schema\/person\/4e536851627d7914baf3dac752b6af22"},"breadcrumb":{"@id":"https:\/\/www.altominho.tv\/site\/2020\/08\/16\/mulher-de-55-anos-sofre-ferimentos-graves-apos-queda-na-lagoa-dos-druidas\/#breadcrumb"},"inLanguage":"pt-PT","potentialAction":[{"@type":"ReadAction","target":["https:\/\/www.altominho.tv\/site\/2020\/08\/16\/mulher-de-55-anos-sofre-ferimentos-graves-apos-queda-na-lagoa-dos-druidas\/"]}]},{"@type":"ImageObject","inLanguage":"pt-PT","@id":"https:\/\/www.altominho.tv\/site\/2020\/08\/16\/mulher-de-55-anos-sofre-ferimentos-graves-apos-queda-na-lagoa-dos-druidas\/#primaryimage","url":"https:\/\/www.altominho.tv\/site\/wp-content\/uploads\/2020\/08\/Lagoa_Druidas_ArcosValdevez.jpg","contentUrl":"https:\/\/www.altominho.tv\/site\/wp-content\/uploads\/2020\/08\/Lagoa_Druidas_ArcosValdevez.jpg","width":1300,"height":731},{"@type":"BreadcrumbList","@id":"https:\/\/www.altominho.tv\/site\/2020\/08\/16\/mulher-de-55-anos-sofre-ferimentos-graves-apos-queda-na-lagoa-dos-druidas\/#breadcrumb","itemListElement":[{"@type":"ListItem","position":1,"name":"In\u00edcio","item":"https:\/\/www.altominho.tv\/site\/"},{"@type":"ListItem","position":2,"name":"Mulher de 55 anos sofre ferimentos graves ap\u00f3s queda na Lagoa dos Druidas"}]},{"@type":"WebSite","@id":"https:\/\/www.altominho.tv\/site\/#website","url":"https:\/\/www.altominho.tv\/site\/","name":"Altominho.tv","description":"A sua regi\u00e3o \u00e0 dist\u00e2ncia de um clique...","potentialAction":[{"@type":"SearchAction","target":{"@type":"EntryPoint","urlTemplate":"https:\/\/www.altominho.tv\/site\/?s={search_term_string}"},"query-input":{"@type":"PropertyValueSpecification","valueRequired":true,"valueName":"search_term_string"}}],"inLanguage":"pt-PT"},{"@type":"Person","@id":"https:\/\/www.altominho.tv\/site\/#\/schema\/person\/4e536851627d7914baf3dac752b6af22","name":"Altominho.tv","image":{"@type":"ImageObject","inLanguage":"pt-PT","@id":"https:\/\/www.altominho.tv\/site\/wp-content\/uploads\/2019\/11\/Logo_Avatar_2-150x150.jpg","url":"https:\/\/www.altominho.tv\/site\/wp-content\/uploads\/2019\/11\/Logo_Avatar_2-150x150.jpg","contentUrl":"https:\/\/www.altominho.tv\/site\/wp-content\/uploads\/2019\/11\/Logo_Avatar_2-150x150.jpg","caption":"Altominho.tv"},"url":"https:\/\/www.altominho.tv\/site\/author\/altominhotv-tecnico\/"}]}},"_links":{"self":[{"href":"https:\/\/www.altominho.tv\/site\/wp-json\/wp\/v2\/posts\/50658","targetHints":{"allow":["GET"]}}],"collection":[{"href":"https:\/\/www.altominho.tv\/site\/wp-json\/wp\/v2\/posts"}],"about":[{"href":"https:\/\/www.altominho.tv\/site\/wp-json\/wp\/v2\/types\/post"}],"author":[{"embeddable":true,"href":"https:\/\/www.altominho.tv\/site\/wp-json\/wp\/v2\/users\/1"}],"replies":[{"embeddable":true,"href":"https:\/\/www.altominho.tv\/site\/wp-json\/wp\/v2\/comments?post=50658"}],"version-history":[{"count":0,"href":"https:\/\/www.altominho.tv\/site\/wp-json\/wp\/v2\/posts\/50658\/revisions"}],"wp:featuredmedia":[{"embeddable":true,"href":"https:\/\/www.altominho.tv\/site\/wp-json\/wp\/v2\/media\/50660"}],"wp:attachment":[{"href":"https:\/\/www.altominho.tv\/site\/wp-json\/wp\/v2\/media?parent=50658"}],"wp:term":[{"taxonomy":"category","embeddable":true,"href":"https:\/\/www.altominho.tv\/site\/wp-json\/wp\/v2\/categories?post=50658"},{"taxonomy":"post_tag","embeddable":true,"href":"https:\/\/www.altominho.tv\/site\/wp-json\/wp\/v2\/tags?post=50658"}],"curies":[{"name":"wp","href":"https:\/\/api.w.org\/{rel}","templated":true}]}}