{"id":50647,"date":"2020-08-16T14:01:23","date_gmt":"2020-08-16T13:01:23","guid":{"rendered":"http:\/\/www.altominho.tv\/site\/?p=50647"},"modified":"2020-08-16T14:01:24","modified_gmt":"2020-08-16T13:01:24","slug":"chuva-e-descida-das-temperaturas-voltam-ao-alto-minho","status":"publish","type":"post","link":"https:\/\/www.altominho.tv\/site\/2020\/08\/16\/chuva-e-descida-das-temperaturas-voltam-ao-alto-minho\/","title":{"rendered":"Chuva e descida das temperaturas voltam ao Alto Minho"},"content":{"rendered":"<p class=\"t-article-content-intro-1 selectionShareable\"><strong>A pr\u00f3xima semana ser\u00e1 de chuva, ainda que fraca, mas o suficiente para estragar os planos de praia a quem est\u00e1 ou vive no Norte de Portugal.<\/strong><\/p>\n<p>O per\u00edodo de maior calor que se fez sentir ao longo dos \u00faltimos 30 dias parece ter abandonado o territ\u00f3rio nacional, com a descida das temperaturas m\u00e1ximas abaixo dos 25 graus em quase todos os concelhos do Alto Minho.<\/p>\n<p class=\"selectionShareable\">O Instituto Portugu\u00eas do Mar e Atmosfera (IPMA) prev\u00ea para este domingo &#8220;<strong>per\u00edodos de chuva em geral fraca a norte do Cabo Carvoeiro, sendo por vezes moderada a norte do cabo Mondego, a partir do meio da tarde<\/strong>&#8220;.<\/p>\n<p class=\"selectionShareable\">Na segunda-feira a chuva mant\u00e9m-se a Norte e Centro, embora fraca e por poucos per\u00edodos e as temperaturas m\u00ednimas v\u00e3o subir. Na ter\u00e7a-feira, as nuvens negras continuam a pairar sobre a parte mais setentrional do pa\u00eds, com possibilidade de ocorr\u00eancia de per\u00edodos de chuva fraca. Na quarta-feira, a chuva vai dar tr\u00e9guas a Norte e Centro, antes de voltar na quinta, ainda que fraca e passageira.<\/p>\n<p class=\"selectionShareable\">A chuva dever\u00e1 abandonar o territ\u00f3rio continental na sexta-feira, deixando um fim de semana de sol e com temperaturas no ordem dos 30 graus a Sul e um pouco menos no resto do pa\u00eds.<\/p>\n","protected":false},"excerpt":{"rendered":"<p>A pr\u00f3xima semana ser\u00e1 de chuva, ainda que fraca, mas o suficiente para estragar os planos de praia a quem est\u00e1 ou vive no Norte de Portugal. O per\u00edodo de maior calor que se fez sentir ao longo dos \u00faltimos 30 dias parece ter abandonado o territ\u00f3rio nacional, com a descida das temperaturas m\u00e1ximas abaixo [&hellip;]<\/p>\n","protected":false},"author":1,"featured_media":50648,"comment_status":"closed","ping_status":"closed","sticky":false,"template":"","format":"standard","meta":{"_exactmetrics_skip_tracking":false,"footnotes":""},"categories":[73],"tags":[27],"class_list":["post-50647","post","type-post","status-publish","format-standard","has-post-thumbnail","hentry","category-alto-minho","tag-sociedade"],"yoast_head":"<!-- This site is optimized with the Yoast SEO Premium plugin v28.3 (Yoast SEO v28.3) - https:\/\/yoast.com\/product\/yoast-seo-premium-wordpress\/ -->\n<title>Chuva e descida das temperaturas voltam ao Alto Minho<\/title>\n<meta name=\"robots\" content=\"index, follow, max-snippet:-1, max-image-preview:large, max-video-preview:-1\" \/>\n<link rel=\"canonical\" href=\"https:\/\/www.altominho.tv\/site\/2020\/08\/16\/chuva-e-descida-das-temperaturas-voltam-ao-alto-minho\/\" \/>\n<meta property=\"og:locale\" content=\"pt_PT\" \/>\n<meta property=\"og:type\" content=\"article\" \/>\n<meta property=\"og:title\" content=\"Chuva e descida das temperaturas voltam ao Alto Minho\" \/>\n<meta property=\"og:description\" content=\"A pr\u00f3xima semana ser\u00e1 de chuva, ainda que fraca, mas o suficiente para estragar os planos de praia a quem est\u00e1 ou vive no Norte de Portugal. O per\u00edodo de maior calor que se fez sentir ao longo dos \u00faltimos 30 dias parece ter abandonado o territ\u00f3rio nacional, com a descida das temperaturas m\u00e1ximas abaixo [&hellip;]\" \/>\n<meta property=\"og:url\" content=\"https:\/\/www.altominho.tv\/site\/2020\/08\/16\/chuva-e-descida-das-temperaturas-voltam-ao-alto-minho\/\" \/>\n<meta property=\"og:site_name\" content=\"Altominho.tv\" \/>\n<meta property=\"article:publisher\" content=\"https:\/\/www.facebook.com\/altominhotv\" \/>\n<meta property=\"article:published_time\" content=\"2020-08-16T13:01:23+00:00\" \/>\n<meta property=\"article:modified_time\" content=\"2020-08-16T13:01:24+00:00\" \/>\n<meta property=\"og:image\" content=\"https:\/\/www.altominho.tv\/site\/wp-content\/uploads\/2020\/08\/Chuva-_temperaturas.jpg\" \/>\n\t<meta property=\"og:image:width\" content=\"1920\" \/>\n\t<meta property=\"og:image:height\" content=\"1080\" \/>\n\t<meta property=\"og:image:type\" content=\"image\/jpeg\" \/>\n<meta name=\"author\" content=\"Altominho.tv\" \/>\n<meta name=\"twitter:card\" content=\"summary_large_image\" \/>\n<meta name=\"twitter:creator\" content=\"@altominhoTV\" \/>\n<meta name=\"twitter:site\" content=\"@altominhoTV\" \/>\n<meta name=\"twitter:label1\" content=\"Escrito por\" \/>\n\t<meta name=\"twitter:data1\" content=\"Altominho.tv\" \/>\n\t<meta name=\"twitter:label2\" content=\"Tempo estimado de leitura\" \/>\n\t<meta name=\"twitter:data2\" content=\"1 minuto\" \/>\n<script type=\"application\/ld+json\" class=\"yoast-schema-graph\">{\"@context\":\"https:\\\/\\\/schema.org\",\"@graph\":[{\"@type\":\"Article\",\"@id\":\"https:\\\/\\\/www.altominho.tv\\\/site\\\/2020\\\/08\\\/16\\\/chuva-e-descida-das-temperaturas-voltam-ao-alto-minho\\\/#article\",\"isPartOf\":{\"@id\":\"https:\\\/\\\/www.altominho.tv\\\/site\\\/2020\\\/08\\\/16\\\/chuva-e-descida-das-temperaturas-voltam-ao-alto-minho\\\/\"},\"author\":{\"name\":\"Altominho.tv\",\"@id\":\"https:\\\/\\\/www.altominho.tv\\\/site\\\/#\\\/schema\\\/person\\\/4e536851627d7914baf3dac752b6af22\"},\"headline\":\"Chuva e descida das temperaturas voltam ao Alto Minho\",\"datePublished\":\"2020-08-16T13:01:23+00:00\",\"dateModified\":\"2020-08-16T13:01:24+00:00\",\"mainEntityOfPage\":{\"@id\":\"https:\\\/\\\/www.altominho.tv\\\/site\\\/2020\\\/08\\\/16\\\/chuva-e-descida-das-temperaturas-voltam-ao-alto-minho\\\/\"},\"wordCount\":227,\"image\":{\"@id\":\"https:\\\/\\\/www.altominho.tv\\\/site\\\/2020\\\/08\\\/16\\\/chuva-e-descida-das-temperaturas-voltam-ao-alto-minho\\\/#primaryimage\"},\"thumbnailUrl\":\"https:\\\/\\\/www.altominho.tv\\\/site\\\/wp-content\\\/uploads\\\/2020\\\/08\\\/Chuva-_temperaturas.jpg\",\"keywords\":[\"Sociedade\"],\"articleSection\":[\"Alto Minho\"],\"inLanguage\":\"pt-PT\",\"copyrightYear\":\"2020\",\"copyrightHolder\":{\"@id\":\"https:\\\/\\\/www.altominho.tv\\\/site\\\/#organization\"}},{\"@type\":\"WebPage\",\"@id\":\"https:\\\/\\\/www.altominho.tv\\\/site\\\/2020\\\/08\\\/16\\\/chuva-e-descida-das-temperaturas-voltam-ao-alto-minho\\\/\",\"url\":\"https:\\\/\\\/www.altominho.tv\\\/site\\\/2020\\\/08\\\/16\\\/chuva-e-descida-das-temperaturas-voltam-ao-alto-minho\\\/\",\"name\":\"Chuva e descida das temperaturas voltam ao Alto Minho\",\"isPartOf\":{\"@id\":\"https:\\\/\\\/www.altominho.tv\\\/site\\\/#website\"},\"primaryImageOfPage\":{\"@id\":\"https:\\\/\\\/www.altominho.tv\\\/site\\\/2020\\\/08\\\/16\\\/chuva-e-descida-das-temperaturas-voltam-ao-alto-minho\\\/#primaryimage\"},\"image\":{\"@id\":\"https:\\\/\\\/www.altominho.tv\\\/site\\\/2020\\\/08\\\/16\\\/chuva-e-descida-das-temperaturas-voltam-ao-alto-minho\\\/#primaryimage\"},\"thumbnailUrl\":\"https:\\\/\\\/www.altominho.tv\\\/site\\\/wp-content\\\/uploads\\\/2020\\\/08\\\/Chuva-_temperaturas.jpg\",\"datePublished\":\"2020-08-16T13:01:23+00:00\",\"dateModified\":\"2020-08-16T13:01:24+00:00\",\"author\":{\"@id\":\"https:\\\/\\\/www.altominho.tv\\\/site\\\/#\\\/schema\\\/person\\\/4e536851627d7914baf3dac752b6af22\"},\"breadcrumb\":{\"@id\":\"https:\\\/\\\/www.altominho.tv\\\/site\\\/2020\\\/08\\\/16\\\/chuva-e-descida-das-temperaturas-voltam-ao-alto-minho\\\/#breadcrumb\"},\"inLanguage\":\"pt-PT\",\"potentialAction\":[{\"@type\":\"ReadAction\",\"target\":[\"https:\\\/\\\/www.altominho.tv\\\/site\\\/2020\\\/08\\\/16\\\/chuva-e-descida-das-temperaturas-voltam-ao-alto-minho\\\/\"]}]},{\"@type\":\"ImageObject\",\"inLanguage\":\"pt-PT\",\"@id\":\"https:\\\/\\\/www.altominho.tv\\\/site\\\/2020\\\/08\\\/16\\\/chuva-e-descida-das-temperaturas-voltam-ao-alto-minho\\\/#primaryimage\",\"url\":\"https:\\\/\\\/www.altominho.tv\\\/site\\\/wp-content\\\/uploads\\\/2020\\\/08\\\/Chuva-_temperaturas.jpg\",\"contentUrl\":\"https:\\\/\\\/www.altominho.tv\\\/site\\\/wp-content\\\/uploads\\\/2020\\\/08\\\/Chuva-_temperaturas.jpg\",\"width\":1920,\"height\":1080,\"caption\":\"iStock\"},{\"@type\":\"BreadcrumbList\",\"@id\":\"https:\\\/\\\/www.altominho.tv\\\/site\\\/2020\\\/08\\\/16\\\/chuva-e-descida-das-temperaturas-voltam-ao-alto-minho\\\/#breadcrumb\",\"itemListElement\":[{\"@type\":\"ListItem\",\"position\":1,\"name\":\"In\u00edcio\",\"item\":\"https:\\\/\\\/www.altominho.tv\\\/site\\\/\"},{\"@type\":\"ListItem\",\"position\":2,\"name\":\"Chuva e descida das temperaturas voltam ao Alto Minho\"}]},{\"@type\":\"WebSite\",\"@id\":\"https:\\\/\\\/www.altominho.tv\\\/site\\\/#website\",\"url\":\"https:\\\/\\\/www.altominho.tv\\\/site\\\/\",\"name\":\"Altominho.tv\",\"description\":\"A sua regi\u00e3o \u00e0 dist\u00e2ncia de um clique...\",\"potentialAction\":[{\"@type\":\"SearchAction\",\"target\":{\"@type\":\"EntryPoint\",\"urlTemplate\":\"https:\\\/\\\/www.altominho.tv\\\/site\\\/?s={search_term_string}\"},\"query-input\":{\"@type\":\"PropertyValueSpecification\",\"valueRequired\":true,\"valueName\":\"search_term_string\"}}],\"inLanguage\":\"pt-PT\"},{\"@type\":\"Person\",\"@id\":\"https:\\\/\\\/www.altominho.tv\\\/site\\\/#\\\/schema\\\/person\\\/4e536851627d7914baf3dac752b6af22\",\"name\":\"Altominho.tv\",\"image\":{\"@type\":\"ImageObject\",\"inLanguage\":\"pt-PT\",\"@id\":\"https:\\\/\\\/www.altominho.tv\\\/site\\\/wp-content\\\/uploads\\\/2019\\\/11\\\/Logo_Avatar_2-150x150.jpg\",\"url\":\"https:\\\/\\\/www.altominho.tv\\\/site\\\/wp-content\\\/uploads\\\/2019\\\/11\\\/Logo_Avatar_2-150x150.jpg\",\"contentUrl\":\"https:\\\/\\\/www.altominho.tv\\\/site\\\/wp-content\\\/uploads\\\/2019\\\/11\\\/Logo_Avatar_2-150x150.jpg\",\"caption\":\"Altominho.tv\"},\"url\":\"https:\\\/\\\/www.altominho.tv\\\/site\\\/author\\\/altominhotv-tecnico\\\/\"}]}<\/script>\n<!-- \/ Yoast SEO Premium plugin. -->","yoast_head_json":{"title":"Chuva e descida das temperaturas voltam ao Alto Minho","robots":{"index":"index","follow":"follow","max-snippet":"max-snippet:-1","max-image-preview":"max-image-preview:large","max-video-preview":"max-video-preview:-1"},"canonical":"https:\/\/www.altominho.tv\/site\/2020\/08\/16\/chuva-e-descida-das-temperaturas-voltam-ao-alto-minho\/","og_locale":"pt_PT","og_type":"article","og_title":"Chuva e descida das temperaturas voltam ao Alto Minho","og_description":"A pr\u00f3xima semana ser\u00e1 de chuva, ainda que fraca, mas o suficiente para estragar os planos de praia a quem est\u00e1 ou vive no Norte de Portugal. O per\u00edodo de maior calor que se fez sentir ao longo dos \u00faltimos 30 dias parece ter abandonado o territ\u00f3rio nacional, com a descida das temperaturas m\u00e1ximas abaixo [&hellip;]","og_url":"https:\/\/www.altominho.tv\/site\/2020\/08\/16\/chuva-e-descida-das-temperaturas-voltam-ao-alto-minho\/","og_site_name":"Altominho.tv","article_publisher":"https:\/\/www.facebook.com\/altominhotv","article_published_time":"2020-08-16T13:01:23+00:00","article_modified_time":"2020-08-16T13:01:24+00:00","og_image":[{"width":1920,"height":1080,"url":"https:\/\/www.altominho.tv\/site\/wp-content\/uploads\/2020\/08\/Chuva-_temperaturas.jpg","type":"image\/jpeg"}],"author":"Altominho.tv","twitter_card":"summary_large_image","twitter_creator":"@altominhoTV","twitter_site":"@altominhoTV","twitter_misc":{"Escrito por":"Altominho.tv","Tempo estimado de leitura":"1 minuto"},"schema":{"@context":"https:\/\/schema.org","@graph":[{"@type":"Article","@id":"https:\/\/www.altominho.tv\/site\/2020\/08\/16\/chuva-e-descida-das-temperaturas-voltam-ao-alto-minho\/#article","isPartOf":{"@id":"https:\/\/www.altominho.tv\/site\/2020\/08\/16\/chuva-e-descida-das-temperaturas-voltam-ao-alto-minho\/"},"author":{"name":"Altominho.tv","@id":"https:\/\/www.altominho.tv\/site\/#\/schema\/person\/4e536851627d7914baf3dac752b6af22"},"headline":"Chuva e descida das temperaturas voltam ao Alto Minho","datePublished":"2020-08-16T13:01:23+00:00","dateModified":"2020-08-16T13:01:24+00:00","mainEntityOfPage":{"@id":"https:\/\/www.altominho.tv\/site\/2020\/08\/16\/chuva-e-descida-das-temperaturas-voltam-ao-alto-minho\/"},"wordCount":227,"image":{"@id":"https:\/\/www.altominho.tv\/site\/2020\/08\/16\/chuva-e-descida-das-temperaturas-voltam-ao-alto-minho\/#primaryimage"},"thumbnailUrl":"https:\/\/www.altominho.tv\/site\/wp-content\/uploads\/2020\/08\/Chuva-_temperaturas.jpg","keywords":["Sociedade"],"articleSection":["Alto Minho"],"inLanguage":"pt-PT","copyrightYear":"2020","copyrightHolder":{"@id":"https:\/\/www.altominho.tv\/site\/#organization"}},{"@type":"WebPage","@id":"https:\/\/www.altominho.tv\/site\/2020\/08\/16\/chuva-e-descida-das-temperaturas-voltam-ao-alto-minho\/","url":"https:\/\/www.altominho.tv\/site\/2020\/08\/16\/chuva-e-descida-das-temperaturas-voltam-ao-alto-minho\/","name":"Chuva e descida das temperaturas voltam ao Alto Minho","isPartOf":{"@id":"https:\/\/www.altominho.tv\/site\/#website"},"primaryImageOfPage":{"@id":"https:\/\/www.altominho.tv\/site\/2020\/08\/16\/chuva-e-descida-das-temperaturas-voltam-ao-alto-minho\/#primaryimage"},"image":{"@id":"https:\/\/www.altominho.tv\/site\/2020\/08\/16\/chuva-e-descida-das-temperaturas-voltam-ao-alto-minho\/#primaryimage"},"thumbnailUrl":"https:\/\/www.altominho.tv\/site\/wp-content\/uploads\/2020\/08\/Chuva-_temperaturas.jpg","datePublished":"2020-08-16T13:01:23+00:00","dateModified":"2020-08-16T13:01:24+00:00","author":{"@id":"https:\/\/www.altominho.tv\/site\/#\/schema\/person\/4e536851627d7914baf3dac752b6af22"},"breadcrumb":{"@id":"https:\/\/www.altominho.tv\/site\/2020\/08\/16\/chuva-e-descida-das-temperaturas-voltam-ao-alto-minho\/#breadcrumb"},"inLanguage":"pt-PT","potentialAction":[{"@type":"ReadAction","target":["https:\/\/www.altominho.tv\/site\/2020\/08\/16\/chuva-e-descida-das-temperaturas-voltam-ao-alto-minho\/"]}]},{"@type":"ImageObject","inLanguage":"pt-PT","@id":"https:\/\/www.altominho.tv\/site\/2020\/08\/16\/chuva-e-descida-das-temperaturas-voltam-ao-alto-minho\/#primaryimage","url":"https:\/\/www.altominho.tv\/site\/wp-content\/uploads\/2020\/08\/Chuva-_temperaturas.jpg","contentUrl":"https:\/\/www.altominho.tv\/site\/wp-content\/uploads\/2020\/08\/Chuva-_temperaturas.jpg","width":1920,"height":1080,"caption":"iStock"},{"@type":"BreadcrumbList","@id":"https:\/\/www.altominho.tv\/site\/2020\/08\/16\/chuva-e-descida-das-temperaturas-voltam-ao-alto-minho\/#breadcrumb","itemListElement":[{"@type":"ListItem","position":1,"name":"In\u00edcio","item":"https:\/\/www.altominho.tv\/site\/"},{"@type":"ListItem","position":2,"name":"Chuva e descida das temperaturas voltam ao Alto Minho"}]},{"@type":"WebSite","@id":"https:\/\/www.altominho.tv\/site\/#website","url":"https:\/\/www.altominho.tv\/site\/","name":"Altominho.tv","description":"A sua regi\u00e3o \u00e0 dist\u00e2ncia de um clique...","potentialAction":[{"@type":"SearchAction","target":{"@type":"EntryPoint","urlTemplate":"https:\/\/www.altominho.tv\/site\/?s={search_term_string}"},"query-input":{"@type":"PropertyValueSpecification","valueRequired":true,"valueName":"search_term_string"}}],"inLanguage":"pt-PT"},{"@type":"Person","@id":"https:\/\/www.altominho.tv\/site\/#\/schema\/person\/4e536851627d7914baf3dac752b6af22","name":"Altominho.tv","image":{"@type":"ImageObject","inLanguage":"pt-PT","@id":"https:\/\/www.altominho.tv\/site\/wp-content\/uploads\/2019\/11\/Logo_Avatar_2-150x150.jpg","url":"https:\/\/www.altominho.tv\/site\/wp-content\/uploads\/2019\/11\/Logo_Avatar_2-150x150.jpg","contentUrl":"https:\/\/www.altominho.tv\/site\/wp-content\/uploads\/2019\/11\/Logo_Avatar_2-150x150.jpg","caption":"Altominho.tv"},"url":"https:\/\/www.altominho.tv\/site\/author\/altominhotv-tecnico\/"}]}},"_links":{"self":[{"href":"https:\/\/www.altominho.tv\/site\/wp-json\/wp\/v2\/posts\/50647","targetHints":{"allow":["GET"]}}],"collection":[{"href":"https:\/\/www.altominho.tv\/site\/wp-json\/wp\/v2\/posts"}],"about":[{"href":"https:\/\/www.altominho.tv\/site\/wp-json\/wp\/v2\/types\/post"}],"author":[{"embeddable":true,"href":"https:\/\/www.altominho.tv\/site\/wp-json\/wp\/v2\/users\/1"}],"replies":[{"embeddable":true,"href":"https:\/\/www.altominho.tv\/site\/wp-json\/wp\/v2\/comments?post=50647"}],"version-history":[{"count":0,"href":"https:\/\/www.altominho.tv\/site\/wp-json\/wp\/v2\/posts\/50647\/revisions"}],"wp:featuredmedia":[{"embeddable":true,"href":"https:\/\/www.altominho.tv\/site\/wp-json\/wp\/v2\/media\/50648"}],"wp:attachment":[{"href":"https:\/\/www.altominho.tv\/site\/wp-json\/wp\/v2\/media?parent=50647"}],"wp:term":[{"taxonomy":"category","embeddable":true,"href":"https:\/\/www.altominho.tv\/site\/wp-json\/wp\/v2\/categories?post=50647"},{"taxonomy":"post_tag","embeddable":true,"href":"https:\/\/www.altominho.tv\/site\/wp-json\/wp\/v2\/tags?post=50647"}],"curies":[{"name":"wp","href":"https:\/\/api.w.org\/{rel}","templated":true}]}}