{"id":50628,"date":"2020-08-16T11:28:30","date_gmt":"2020-08-16T10:28:30","guid":{"rendered":"http:\/\/www.altominho.tv\/site\/?p=50628"},"modified":"2020-08-16T11:30:54","modified_gmt":"2020-08-16T10:30:54","slug":"espacos-publicos-de-cinco-concelhos-do-alto-minho-transformados-em-museu-imaginario","status":"publish","type":"post","link":"https:\/\/www.altominho.tv\/site\/2020\/08\/16\/espacos-publicos-de-cinco-concelhos-do-alto-minho-transformados-em-museu-imaginario\/","title":{"rendered":"Espa\u00e7os p\u00fablicos de cinco concelhos do Alto Minho transformados em museu imagin\u00e1rio"},"content":{"rendered":"<p>Uma coprodu\u00e7\u00e3o do Teatro do Frio, do Porto, e das Com\u00e9dias do Minho transformou cinco concelhos do Alto Minho num museu imagin\u00e1rio, onde as obras de arte est\u00e3o expostas no territ\u00f3rio e com acesso livre.<\/p>\n<p>&#8220;Esta \u00e9 uma oportunidade para o visitante quebrar o lado f\u00edsico e arquitetural de um museu, para perceber que o territ\u00f3rio \u00e9, por si s\u00f3, um museu e que as fic\u00e7\u00f5es que propomos para o espa\u00e7o p\u00fablico promovem este museu&#8221;, afirmou o diretor art\u00edstico do Teatro do Frio, Rodrigo Malvar.<\/p>\n<p>Em causa est\u00e1 o projeto Museu do Futuro Pr\u00f3ximo, que come\u00e7ou em finais de julho e decorre at\u00e9 26 de setembro nos concelhos de Melga\u00e7o, Mon\u00e7\u00e3o, Paredes de Coura, Valen\u00e7a e Vila Nova de Cerveira.<\/p>\n<p>Rodrigo Malvar referiu que a nova cria\u00e7\u00e3o, que integra o projeto DEVIR, lan\u00e7ado pelas duas companhias para responder ao per\u00edodo pand\u00e9mico, pretende p\u00f4r o visitante a &#8220;questionar o conceito de museu, a partir as paredes do museu, para perceber que o territ\u00f3rio tamb\u00e9m pode ser um museu, com as suas obras de arte acess\u00edveis a qualquer pessoa que utilize o espa\u00e7o p\u00fablico&#8221;.<\/p>\n<p>No total, s\u00e3o propostas visitas a 35 locais espalhados pelos cinco concelhos do vale do Minho, onde o visitante ser\u00e1 confrontado com 35 textos e 35 bandas sonoras concebidas pelas duas companhias.<\/p>\n<p>&#8220;Em cada concelho arranj\u00e1mos um \u00e1trio do dito museu que, por exemplo, em Paredes de Coura \u00e9 uma casa rural, em Vila Nova de Cerveira \u00e9 a biblioteca. Nesse \u00e1trio, as pessoas recebem um postal e um mapa com o percurso que devem seguir at\u00e9 aos sete s\u00edtios que integram a nossa proposta. A partir da\u00ed as pessoas podem dar in\u00edcio a uma viagem por esses sete locais, parar para ouvir uma m\u00fasica e um texto onde ficcionamos o que est\u00e1 a ver e propomos um outro olhar sobre o territ\u00f3rio&#8221;, especificou.<\/p>\n<p>Ao receber o envelope e mapa do percurso proposto, o visitante pode &#8220;descarregar no telem\u00f3vel os sete dramas sonoros, p\u00f4r os auscultadores e colocar o dispositivo em modo voo para iniciar a sua divaga\u00e7\u00e3o entre os sete observat\u00f3rios naturais propostos pelo Teatro do Frio e as Com\u00e9dias do Minho&#8221;.<\/p>\n<p>&#8220;Sem tempo ou caminho pr\u00e9-definido, deixando-se guiar pela decis\u00e3o ou curiosidade, a visita, aut\u00f3noma, acontece pelo p\u00e9&#8221;, desafiam as companhias num comunicado enviado \u00e0s reda\u00e7\u00f5es.<\/p>\n<p>O novo projeto adianta que &#8220;em cada munic\u00edpio podem ser visitadas sete obras de arte expostas em observat\u00f3rios espalhados pelos espa\u00e7os p\u00fablicos&#8221;, transformando-o num &#8220;espa\u00e7o museol\u00f3gico, sem confinamento hist\u00f3rico ou conceptual&#8221;.<\/p>\n<p>O Teatro do Frio &#8211; Pesquisa Teatral do Norte \u00e9 um coletivo de pesquisa, cria\u00e7\u00e3o e produ\u00e7\u00e3o teatral oficialmente constitu\u00eddo em 2005. As Com\u00e9dias do Minho s\u00e3o um projeto cultural dos munic\u00edpios de Melga\u00e7o, Mon\u00e7\u00e3o, Paredes de Coura, Valen\u00e7a e Vila Nova da Cerveira.<\/p>\n<p>O grupo, com sede em Paredes de Coura, assenta a sua atividade em tr\u00eas eixos de interven\u00e7\u00e3o: o teatro, um projeto pedag\u00f3gico, apostando na forma\u00e7\u00e3o art\u00edstica dos jovens, e um projeto comunit\u00e1rio, difundindo e dinamizando projetos das comunidades, apoiando tamb\u00e9m a forma\u00e7\u00e3o de grupos de teatro amadores.<\/p>\n\n\n<p class=\"wp-block-paragraph\"><\/p>\n","protected":false},"excerpt":{"rendered":"<p>Uma coprodu\u00e7\u00e3o do Teatro do Frio, do Porto, e das Com\u00e9dias do Minho transformou cinco concelhos do Alto Minho num museu imagin\u00e1rio, onde as obras de arte est\u00e3o expostas no territ\u00f3rio e com acesso livre. &#8220;Esta \u00e9 uma oportunidade para o visitante quebrar o lado f\u00edsico e arquitetural de um museu, para perceber que o [&hellip;]<\/p>\n","protected":false},"author":15,"featured_media":50631,"comment_status":"closed","ping_status":"closed","sticky":false,"template":"","format":"standard","meta":{"_exactmetrics_skip_tracking":false,"footnotes":""},"categories":[73],"tags":[19],"class_list":["post-50628","post","type-post","status-publish","format-standard","has-post-thumbnail","hentry","category-alto-minho","tag-cultura"],"yoast_head":"<!-- This site is optimized with the Yoast SEO Premium plugin v28.3 (Yoast SEO v28.3) - https:\/\/yoast.com\/product\/yoast-seo-premium-wordpress\/ -->\n<title>Espa\u00e7os p\u00fablicos de cinco concelhos do Alto Minho transformados em museu imagin\u00e1rio<\/title>\n<meta name=\"robots\" content=\"index, follow, max-snippet:-1, max-image-preview:large, max-video-preview:-1\" \/>\n<link rel=\"canonical\" href=\"https:\/\/www.altominho.tv\/site\/2020\/08\/16\/espacos-publicos-de-cinco-concelhos-do-alto-minho-transformados-em-museu-imaginario\/\" \/>\n<meta property=\"og:locale\" content=\"pt_PT\" \/>\n<meta property=\"og:type\" content=\"article\" \/>\n<meta property=\"og:title\" content=\"Espa\u00e7os p\u00fablicos de cinco concelhos do Alto Minho transformados em museu imagin\u00e1rio\" \/>\n<meta property=\"og:description\" content=\"Uma coprodu\u00e7\u00e3o do Teatro do Frio, do Porto, e das Com\u00e9dias do Minho transformou cinco concelhos do Alto Minho num museu imagin\u00e1rio, onde as obras de arte est\u00e3o expostas no territ\u00f3rio e com acesso livre. &#8220;Esta \u00e9 uma oportunidade para o visitante quebrar o lado f\u00edsico e arquitetural de um museu, para perceber que o [&hellip;]\" \/>\n<meta property=\"og:url\" content=\"https:\/\/www.altominho.tv\/site\/2020\/08\/16\/espacos-publicos-de-cinco-concelhos-do-alto-minho-transformados-em-museu-imaginario\/\" \/>\n<meta property=\"og:site_name\" content=\"Altominho.tv\" \/>\n<meta property=\"article:publisher\" content=\"https:\/\/www.facebook.com\/altominhotv\" \/>\n<meta property=\"article:published_time\" content=\"2020-08-16T10:28:30+00:00\" \/>\n<meta property=\"article:modified_time\" content=\"2020-08-16T10:30:54+00:00\" \/>\n<meta property=\"og:image\" content=\"https:\/\/www.altominho.tv\/site\/wp-content\/uploads\/2020\/08\/Comedias.jpg\" \/>\n\t<meta property=\"og:image:width\" content=\"1824\" \/>\n\t<meta property=\"og:image:height\" content=\"1214\" \/>\n\t<meta property=\"og:image:type\" content=\"image\/jpeg\" \/>\n<meta name=\"author\" content=\"Andreia Ferreira | Lusa\" \/>\n<meta name=\"twitter:card\" content=\"summary_large_image\" \/>\n<meta name=\"twitter:creator\" content=\"@altominhoTV\" \/>\n<meta name=\"twitter:site\" content=\"@altominhoTV\" \/>\n<meta name=\"twitter:label1\" content=\"Escrito por\" \/>\n\t<meta name=\"twitter:data1\" content=\"Andreia Ferreira | Lusa\" \/>\n\t<meta name=\"twitter:label2\" content=\"Tempo estimado de leitura\" \/>\n\t<meta name=\"twitter:data2\" content=\"3 minutos\" \/>\n<script type=\"application\/ld+json\" class=\"yoast-schema-graph\">{\"@context\":\"https:\\\/\\\/schema.org\",\"@graph\":[{\"@type\":\"Article\",\"@id\":\"https:\\\/\\\/www.altominho.tv\\\/site\\\/2020\\\/08\\\/16\\\/espacos-publicos-de-cinco-concelhos-do-alto-minho-transformados-em-museu-imaginario\\\/#article\",\"isPartOf\":{\"@id\":\"https:\\\/\\\/www.altominho.tv\\\/site\\\/2020\\\/08\\\/16\\\/espacos-publicos-de-cinco-concelhos-do-alto-minho-transformados-em-museu-imaginario\\\/\"},\"author\":{\"name\":\"Andreia Ferreira | Lusa\",\"@id\":\"https:\\\/\\\/www.altominho.tv\\\/site\\\/#\\\/schema\\\/person\\\/a0bff6dc1041aadd46fa81887444b017\"},\"headline\":\"Espa\u00e7os p\u00fablicos de cinco concelhos do Alto Minho transformados em museu imagin\u00e1rio\",\"datePublished\":\"2020-08-16T10:28:30+00:00\",\"dateModified\":\"2020-08-16T10:30:54+00:00\",\"mainEntityOfPage\":{\"@id\":\"https:\\\/\\\/www.altominho.tv\\\/site\\\/2020\\\/08\\\/16\\\/espacos-publicos-de-cinco-concelhos-do-alto-minho-transformados-em-museu-imaginario\\\/\"},\"wordCount\":572,\"image\":{\"@id\":\"https:\\\/\\\/www.altominho.tv\\\/site\\\/2020\\\/08\\\/16\\\/espacos-publicos-de-cinco-concelhos-do-alto-minho-transformados-em-museu-imaginario\\\/#primaryimage\"},\"thumbnailUrl\":\"https:\\\/\\\/www.altominho.tv\\\/site\\\/wp-content\\\/uploads\\\/2020\\\/08\\\/Comedias.jpg\",\"keywords\":[\"Cultura\"],\"articleSection\":[\"Alto Minho\"],\"inLanguage\":\"pt-PT\",\"copyrightYear\":\"2020\",\"copyrightHolder\":{\"@id\":\"https:\\\/\\\/www.altominho.tv\\\/site\\\/#organization\"}},{\"@type\":\"WebPage\",\"@id\":\"https:\\\/\\\/www.altominho.tv\\\/site\\\/2020\\\/08\\\/16\\\/espacos-publicos-de-cinco-concelhos-do-alto-minho-transformados-em-museu-imaginario\\\/\",\"url\":\"https:\\\/\\\/www.altominho.tv\\\/site\\\/2020\\\/08\\\/16\\\/espacos-publicos-de-cinco-concelhos-do-alto-minho-transformados-em-museu-imaginario\\\/\",\"name\":\"Espa\u00e7os p\u00fablicos de cinco concelhos do Alto Minho transformados em museu imagin\u00e1rio\",\"isPartOf\":{\"@id\":\"https:\\\/\\\/www.altominho.tv\\\/site\\\/#website\"},\"primaryImageOfPage\":{\"@id\":\"https:\\\/\\\/www.altominho.tv\\\/site\\\/2020\\\/08\\\/16\\\/espacos-publicos-de-cinco-concelhos-do-alto-minho-transformados-em-museu-imaginario\\\/#primaryimage\"},\"image\":{\"@id\":\"https:\\\/\\\/www.altominho.tv\\\/site\\\/2020\\\/08\\\/16\\\/espacos-publicos-de-cinco-concelhos-do-alto-minho-transformados-em-museu-imaginario\\\/#primaryimage\"},\"thumbnailUrl\":\"https:\\\/\\\/www.altominho.tv\\\/site\\\/wp-content\\\/uploads\\\/2020\\\/08\\\/Comedias.jpg\",\"datePublished\":\"2020-08-16T10:28:30+00:00\",\"dateModified\":\"2020-08-16T10:30:54+00:00\",\"author\":{\"@id\":\"https:\\\/\\\/www.altominho.tv\\\/site\\\/#\\\/schema\\\/person\\\/a0bff6dc1041aadd46fa81887444b017\"},\"breadcrumb\":{\"@id\":\"https:\\\/\\\/www.altominho.tv\\\/site\\\/2020\\\/08\\\/16\\\/espacos-publicos-de-cinco-concelhos-do-alto-minho-transformados-em-museu-imaginario\\\/#breadcrumb\"},\"inLanguage\":\"pt-PT\",\"potentialAction\":[{\"@type\":\"ReadAction\",\"target\":[\"https:\\\/\\\/www.altominho.tv\\\/site\\\/2020\\\/08\\\/16\\\/espacos-publicos-de-cinco-concelhos-do-alto-minho-transformados-em-museu-imaginario\\\/\"]}]},{\"@type\":\"ImageObject\",\"inLanguage\":\"pt-PT\",\"@id\":\"https:\\\/\\\/www.altominho.tv\\\/site\\\/2020\\\/08\\\/16\\\/espacos-publicos-de-cinco-concelhos-do-alto-minho-transformados-em-museu-imaginario\\\/#primaryimage\",\"url\":\"https:\\\/\\\/www.altominho.tv\\\/site\\\/wp-content\\\/uploads\\\/2020\\\/08\\\/Comedias.jpg\",\"contentUrl\":\"https:\\\/\\\/www.altominho.tv\\\/site\\\/wp-content\\\/uploads\\\/2020\\\/08\\\/Comedias.jpg\",\"width\":1824,\"height\":1214,\"caption\":\"COM\u00c9DIAS DO MINHO\"},{\"@type\":\"BreadcrumbList\",\"@id\":\"https:\\\/\\\/www.altominho.tv\\\/site\\\/2020\\\/08\\\/16\\\/espacos-publicos-de-cinco-concelhos-do-alto-minho-transformados-em-museu-imaginario\\\/#breadcrumb\",\"itemListElement\":[{\"@type\":\"ListItem\",\"position\":1,\"name\":\"In\u00edcio\",\"item\":\"https:\\\/\\\/www.altominho.tv\\\/site\\\/\"},{\"@type\":\"ListItem\",\"position\":2,\"name\":\"Espa\u00e7os p\u00fablicos de cinco concelhos do Alto Minho transformados em museu imagin\u00e1rio\"}]},{\"@type\":\"WebSite\",\"@id\":\"https:\\\/\\\/www.altominho.tv\\\/site\\\/#website\",\"url\":\"https:\\\/\\\/www.altominho.tv\\\/site\\\/\",\"name\":\"Altominho.tv\",\"description\":\"A sua regi\u00e3o \u00e0 dist\u00e2ncia de um clique...\",\"potentialAction\":[{\"@type\":\"SearchAction\",\"target\":{\"@type\":\"EntryPoint\",\"urlTemplate\":\"https:\\\/\\\/www.altominho.tv\\\/site\\\/?s={search_term_string}\"},\"query-input\":{\"@type\":\"PropertyValueSpecification\",\"valueRequired\":true,\"valueName\":\"search_term_string\"}}],\"inLanguage\":\"pt-PT\"},{\"@type\":\"Person\",\"@id\":\"https:\\\/\\\/www.altominho.tv\\\/site\\\/#\\\/schema\\\/person\\\/a0bff6dc1041aadd46fa81887444b017\",\"name\":\"Andreia Ferreira | Lusa\",\"image\":{\"@type\":\"ImageObject\",\"inLanguage\":\"pt-PT\",\"@id\":\"https:\\\/\\\/www.altominho.tv\\\/site\\\/wp-content\\\/uploads\\\/2018\\\/04\\\/Andreia-150x150.jpg\",\"url\":\"https:\\\/\\\/www.altominho.tv\\\/site\\\/wp-content\\\/uploads\\\/2018\\\/04\\\/Andreia-150x150.jpg\",\"contentUrl\":\"https:\\\/\\\/www.altominho.tv\\\/site\\\/wp-content\\\/uploads\\\/2018\\\/04\\\/Andreia-150x150.jpg\",\"caption\":\"Andreia Ferreira | Lusa\"},\"sameAs\":[\"https:\\\/\\\/www.altominho.tv\\\/site\"],\"url\":\"https:\\\/\\\/www.altominho.tv\\\/site\\\/author\\\/andreiaferreiralusa\\\/\"}]}<\/script>\n<!-- \/ Yoast SEO Premium plugin. -->","yoast_head_json":{"title":"Espa\u00e7os p\u00fablicos de cinco concelhos do Alto Minho transformados em museu imagin\u00e1rio","robots":{"index":"index","follow":"follow","max-snippet":"max-snippet:-1","max-image-preview":"max-image-preview:large","max-video-preview":"max-video-preview:-1"},"canonical":"https:\/\/www.altominho.tv\/site\/2020\/08\/16\/espacos-publicos-de-cinco-concelhos-do-alto-minho-transformados-em-museu-imaginario\/","og_locale":"pt_PT","og_type":"article","og_title":"Espa\u00e7os p\u00fablicos de cinco concelhos do Alto Minho transformados em museu imagin\u00e1rio","og_description":"Uma coprodu\u00e7\u00e3o do Teatro do Frio, do Porto, e das Com\u00e9dias do Minho transformou cinco concelhos do Alto Minho num museu imagin\u00e1rio, onde as obras de arte est\u00e3o expostas no territ\u00f3rio e com acesso livre. &#8220;Esta \u00e9 uma oportunidade para o visitante quebrar o lado f\u00edsico e arquitetural de um museu, para perceber que o [&hellip;]","og_url":"https:\/\/www.altominho.tv\/site\/2020\/08\/16\/espacos-publicos-de-cinco-concelhos-do-alto-minho-transformados-em-museu-imaginario\/","og_site_name":"Altominho.tv","article_publisher":"https:\/\/www.facebook.com\/altominhotv","article_published_time":"2020-08-16T10:28:30+00:00","article_modified_time":"2020-08-16T10:30:54+00:00","og_image":[{"width":1824,"height":1214,"url":"https:\/\/www.altominho.tv\/site\/wp-content\/uploads\/2020\/08\/Comedias.jpg","type":"image\/jpeg"}],"author":"Andreia Ferreira | Lusa","twitter_card":"summary_large_image","twitter_creator":"@altominhoTV","twitter_site":"@altominhoTV","twitter_misc":{"Escrito por":"Andreia Ferreira | Lusa","Tempo estimado de leitura":"3 minutos"},"schema":{"@context":"https:\/\/schema.org","@graph":[{"@type":"Article","@id":"https:\/\/www.altominho.tv\/site\/2020\/08\/16\/espacos-publicos-de-cinco-concelhos-do-alto-minho-transformados-em-museu-imaginario\/#article","isPartOf":{"@id":"https:\/\/www.altominho.tv\/site\/2020\/08\/16\/espacos-publicos-de-cinco-concelhos-do-alto-minho-transformados-em-museu-imaginario\/"},"author":{"name":"Andreia Ferreira | Lusa","@id":"https:\/\/www.altominho.tv\/site\/#\/schema\/person\/a0bff6dc1041aadd46fa81887444b017"},"headline":"Espa\u00e7os p\u00fablicos de cinco concelhos do Alto Minho transformados em museu imagin\u00e1rio","datePublished":"2020-08-16T10:28:30+00:00","dateModified":"2020-08-16T10:30:54+00:00","mainEntityOfPage":{"@id":"https:\/\/www.altominho.tv\/site\/2020\/08\/16\/espacos-publicos-de-cinco-concelhos-do-alto-minho-transformados-em-museu-imaginario\/"},"wordCount":572,"image":{"@id":"https:\/\/www.altominho.tv\/site\/2020\/08\/16\/espacos-publicos-de-cinco-concelhos-do-alto-minho-transformados-em-museu-imaginario\/#primaryimage"},"thumbnailUrl":"https:\/\/www.altominho.tv\/site\/wp-content\/uploads\/2020\/08\/Comedias.jpg","keywords":["Cultura"],"articleSection":["Alto Minho"],"inLanguage":"pt-PT","copyrightYear":"2020","copyrightHolder":{"@id":"https:\/\/www.altominho.tv\/site\/#organization"}},{"@type":"WebPage","@id":"https:\/\/www.altominho.tv\/site\/2020\/08\/16\/espacos-publicos-de-cinco-concelhos-do-alto-minho-transformados-em-museu-imaginario\/","url":"https:\/\/www.altominho.tv\/site\/2020\/08\/16\/espacos-publicos-de-cinco-concelhos-do-alto-minho-transformados-em-museu-imaginario\/","name":"Espa\u00e7os p\u00fablicos de cinco concelhos do Alto Minho transformados em museu imagin\u00e1rio","isPartOf":{"@id":"https:\/\/www.altominho.tv\/site\/#website"},"primaryImageOfPage":{"@id":"https:\/\/www.altominho.tv\/site\/2020\/08\/16\/espacos-publicos-de-cinco-concelhos-do-alto-minho-transformados-em-museu-imaginario\/#primaryimage"},"image":{"@id":"https:\/\/www.altominho.tv\/site\/2020\/08\/16\/espacos-publicos-de-cinco-concelhos-do-alto-minho-transformados-em-museu-imaginario\/#primaryimage"},"thumbnailUrl":"https:\/\/www.altominho.tv\/site\/wp-content\/uploads\/2020\/08\/Comedias.jpg","datePublished":"2020-08-16T10:28:30+00:00","dateModified":"2020-08-16T10:30:54+00:00","author":{"@id":"https:\/\/www.altominho.tv\/site\/#\/schema\/person\/a0bff6dc1041aadd46fa81887444b017"},"breadcrumb":{"@id":"https:\/\/www.altominho.tv\/site\/2020\/08\/16\/espacos-publicos-de-cinco-concelhos-do-alto-minho-transformados-em-museu-imaginario\/#breadcrumb"},"inLanguage":"pt-PT","potentialAction":[{"@type":"ReadAction","target":["https:\/\/www.altominho.tv\/site\/2020\/08\/16\/espacos-publicos-de-cinco-concelhos-do-alto-minho-transformados-em-museu-imaginario\/"]}]},{"@type":"ImageObject","inLanguage":"pt-PT","@id":"https:\/\/www.altominho.tv\/site\/2020\/08\/16\/espacos-publicos-de-cinco-concelhos-do-alto-minho-transformados-em-museu-imaginario\/#primaryimage","url":"https:\/\/www.altominho.tv\/site\/wp-content\/uploads\/2020\/08\/Comedias.jpg","contentUrl":"https:\/\/www.altominho.tv\/site\/wp-content\/uploads\/2020\/08\/Comedias.jpg","width":1824,"height":1214,"caption":"COM\u00c9DIAS DO MINHO"},{"@type":"BreadcrumbList","@id":"https:\/\/www.altominho.tv\/site\/2020\/08\/16\/espacos-publicos-de-cinco-concelhos-do-alto-minho-transformados-em-museu-imaginario\/#breadcrumb","itemListElement":[{"@type":"ListItem","position":1,"name":"In\u00edcio","item":"https:\/\/www.altominho.tv\/site\/"},{"@type":"ListItem","position":2,"name":"Espa\u00e7os p\u00fablicos de cinco concelhos do Alto Minho transformados em museu imagin\u00e1rio"}]},{"@type":"WebSite","@id":"https:\/\/www.altominho.tv\/site\/#website","url":"https:\/\/www.altominho.tv\/site\/","name":"Altominho.tv","description":"A sua regi\u00e3o \u00e0 dist\u00e2ncia de um clique...","potentialAction":[{"@type":"SearchAction","target":{"@type":"EntryPoint","urlTemplate":"https:\/\/www.altominho.tv\/site\/?s={search_term_string}"},"query-input":{"@type":"PropertyValueSpecification","valueRequired":true,"valueName":"search_term_string"}}],"inLanguage":"pt-PT"},{"@type":"Person","@id":"https:\/\/www.altominho.tv\/site\/#\/schema\/person\/a0bff6dc1041aadd46fa81887444b017","name":"Andreia Ferreira | Lusa","image":{"@type":"ImageObject","inLanguage":"pt-PT","@id":"https:\/\/www.altominho.tv\/site\/wp-content\/uploads\/2018\/04\/Andreia-150x150.jpg","url":"https:\/\/www.altominho.tv\/site\/wp-content\/uploads\/2018\/04\/Andreia-150x150.jpg","contentUrl":"https:\/\/www.altominho.tv\/site\/wp-content\/uploads\/2018\/04\/Andreia-150x150.jpg","caption":"Andreia Ferreira | Lusa"},"sameAs":["https:\/\/www.altominho.tv\/site"],"url":"https:\/\/www.altominho.tv\/site\/author\/andreiaferreiralusa\/"}]}},"_links":{"self":[{"href":"https:\/\/www.altominho.tv\/site\/wp-json\/wp\/v2\/posts\/50628","targetHints":{"allow":["GET"]}}],"collection":[{"href":"https:\/\/www.altominho.tv\/site\/wp-json\/wp\/v2\/posts"}],"about":[{"href":"https:\/\/www.altominho.tv\/site\/wp-json\/wp\/v2\/types\/post"}],"author":[{"embeddable":true,"href":"https:\/\/www.altominho.tv\/site\/wp-json\/wp\/v2\/users\/15"}],"replies":[{"embeddable":true,"href":"https:\/\/www.altominho.tv\/site\/wp-json\/wp\/v2\/comments?post=50628"}],"version-history":[{"count":0,"href":"https:\/\/www.altominho.tv\/site\/wp-json\/wp\/v2\/posts\/50628\/revisions"}],"wp:featuredmedia":[{"embeddable":true,"href":"https:\/\/www.altominho.tv\/site\/wp-json\/wp\/v2\/media\/50631"}],"wp:attachment":[{"href":"https:\/\/www.altominho.tv\/site\/wp-json\/wp\/v2\/media?parent=50628"}],"wp:term":[{"taxonomy":"category","embeddable":true,"href":"https:\/\/www.altominho.tv\/site\/wp-json\/wp\/v2\/categories?post=50628"},{"taxonomy":"post_tag","embeddable":true,"href":"https:\/\/www.altominho.tv\/site\/wp-json\/wp\/v2\/tags?post=50628"}],"curies":[{"name":"wp","href":"https:\/\/api.w.org\/{rel}","templated":true}]}}