{"id":50470,"date":"2020-08-12T11:23:24","date_gmt":"2020-08-12T10:23:24","guid":{"rendered":"http:\/\/www.altominho.tv\/site\/?p=50470"},"modified":"2020-08-12T11:23:25","modified_gmt":"2020-08-12T10:23:25","slug":"gnr-detem-homem-de-40-anos-por-violencia-domestica-em-melgaco","status":"publish","type":"post","link":"https:\/\/www.altominho.tv\/site\/2020\/08\/12\/gnr-detem-homem-de-40-anos-por-violencia-domestica-em-melgaco\/","title":{"rendered":"GNR det\u00e9m homem de 40 anos por viol\u00eancia dom\u00e9stica em Melga\u00e7o"},"content":{"rendered":"<p class=\"m_8351565958640741944wordsection1\">O Comando Territorial de Viana do Castelo, atrav\u00e9s do Posto Territorial de Melga\u00e7o, deteve ontem, dia 11 de agosto, em flagrante um homem de 40 anos por viol\u00eancia dom\u00e9stica, no concelho de Melga\u00e7o.<\/p>\n<p class=\"m_8351565958640741944wordsection1\">No seguimento de uma den\u00fancia de viol\u00eancia dom\u00e9stica, os militares da Guarda deslocaram-se para o local onde o suspeito, embriagado e com comportamento agressivo, amea\u00e7ou de morte a v\u00edtima, uma mulher de 46 anos.<\/p>\n<p class=\"m_8351565958640741944wordsection1\">O comportamento do agressor j\u00e1 tinha levado os militares da Guarda a intervir no dia anterior, sendo que o agressor se encontrava igualmente alcoolizado e com comportamento agressivo,\u00a0procurando coagir a vitima a ceder dinheiro para seu proveito pessoal, atrav\u00e9s de amea\u00e7as e persegui\u00e7\u00e3o.<u><\/u><u><\/u><\/p>\n<p class=\"m_8351565958640741944wordsection1\">O detido foi constitu\u00eddo arguido e permaneceu detido nas instala\u00e7\u00f5es da Guarda, at\u00e9 ser presente esta quarta-feira ao Tribunal Judicial de Melga\u00e7o.<\/p>\n","protected":false},"excerpt":{"rendered":"<p>O Comando Territorial de Viana do Castelo, atrav\u00e9s do Posto Territorial de Melga\u00e7o, deteve ontem, dia 11 de agosto, em flagrante um homem de 40 anos por viol\u00eancia dom\u00e9stica, no concelho de Melga\u00e7o. No seguimento de uma den\u00fancia de viol\u00eancia dom\u00e9stica, os militares da Guarda deslocaram-se para o local onde o suspeito, embriagado e com [&hellip;]<\/p>\n","protected":false},"author":1,"featured_media":50471,"comment_status":"closed","ping_status":"closed","sticky":false,"template":"","format":"standard","meta":{"_exactmetrics_skip_tracking":false,"_exactmetrics_sitenote_active":false,"_exactmetrics_sitenote_note":"","_exactmetrics_sitenote_category":0,"footnotes":""},"categories":[8],"tags":[27],"class_list":["post-50470","post","type-post","status-publish","format-standard","has-post-thumbnail","hentry","category-melgaco","tag-sociedade"],"yoast_head":"<!-- This site is optimized with the Yoast SEO Premium plugin v27.4 (Yoast SEO v27.4) - https:\/\/yoast.com\/product\/yoast-seo-premium-wordpress\/ -->\n<title>GNR det\u00e9m homem de 40 anos por viol\u00eancia dom\u00e9stica em Melga\u00e7o<\/title>\n<meta name=\"robots\" content=\"index, follow, max-snippet:-1, max-image-preview:large, max-video-preview:-1\" \/>\n<link rel=\"canonical\" href=\"https:\/\/www.altominho.tv\/site\/2020\/08\/12\/gnr-detem-homem-de-40-anos-por-violencia-domestica-em-melgaco\/\" \/>\n<meta property=\"og:locale\" content=\"pt_PT\" \/>\n<meta property=\"og:type\" content=\"article\" \/>\n<meta property=\"og:title\" content=\"GNR det\u00e9m homem de 40 anos por viol\u00eancia dom\u00e9stica em Melga\u00e7o\" \/>\n<meta property=\"og:description\" content=\"O Comando Territorial de Viana do Castelo, atrav\u00e9s do Posto Territorial de Melga\u00e7o, deteve ontem, dia 11 de agosto, em flagrante um homem de 40 anos por viol\u00eancia dom\u00e9stica, no concelho de Melga\u00e7o. No seguimento de uma den\u00fancia de viol\u00eancia dom\u00e9stica, os militares da Guarda deslocaram-se para o local onde o suspeito, embriagado e com [&hellip;]\" \/>\n<meta property=\"og:url\" content=\"https:\/\/www.altominho.tv\/site\/2020\/08\/12\/gnr-detem-homem-de-40-anos-por-violencia-domestica-em-melgaco\/\" \/>\n<meta property=\"og:site_name\" content=\"Altominho.tv\" \/>\n<meta property=\"article:publisher\" content=\"https:\/\/www.facebook.com\/altominhotv\" \/>\n<meta property=\"article:published_time\" content=\"2020-08-12T10:23:24+00:00\" \/>\n<meta property=\"article:modified_time\" content=\"2020-08-12T10:23:25+00:00\" \/>\n<meta property=\"og:image\" content=\"https:\/\/www.altominho.tv\/site\/wp-content\/uploads\/2020\/08\/Viole\u0302ncia-Dome\u0301stica.jpg\" \/>\n\t<meta property=\"og:image:width\" content=\"823\" \/>\n\t<meta property=\"og:image:height\" content=\"546\" \/>\n\t<meta property=\"og:image:type\" content=\"image\/jpeg\" \/>\n<meta name=\"author\" content=\"Altominho.tv\" \/>\n<meta name=\"twitter:card\" content=\"summary_large_image\" \/>\n<meta name=\"twitter:creator\" content=\"@altominhoTV\" \/>\n<meta name=\"twitter:site\" content=\"@altominhoTV\" \/>\n<meta name=\"twitter:label1\" content=\"Escrito por\" \/>\n\t<meta name=\"twitter:data1\" content=\"Altominho.tv\" \/>\n\t<meta name=\"twitter:label2\" content=\"Tempo estimado de leitura\" \/>\n\t<meta name=\"twitter:data2\" content=\"1 minuto\" \/>\n<script type=\"application\/ld+json\" class=\"yoast-schema-graph\">{\"@context\":\"https:\\\/\\\/schema.org\",\"@graph\":[{\"@type\":\"Article\",\"@id\":\"https:\\\/\\\/www.altominho.tv\\\/site\\\/2020\\\/08\\\/12\\\/gnr-detem-homem-de-40-anos-por-violencia-domestica-em-melgaco\\\/#article\",\"isPartOf\":{\"@id\":\"https:\\\/\\\/www.altominho.tv\\\/site\\\/2020\\\/08\\\/12\\\/gnr-detem-homem-de-40-anos-por-violencia-domestica-em-melgaco\\\/\"},\"author\":{\"name\":\"Altominho.tv\",\"@id\":\"https:\\\/\\\/www.altominho.tv\\\/site\\\/#\\\/schema\\\/person\\\/4e536851627d7914baf3dac752b6af22\"},\"headline\":\"GNR det\u00e9m homem de 40 anos por viol\u00eancia dom\u00e9stica em Melga\u00e7o\",\"datePublished\":\"2020-08-12T10:23:24+00:00\",\"dateModified\":\"2020-08-12T10:23:25+00:00\",\"mainEntityOfPage\":{\"@id\":\"https:\\\/\\\/www.altominho.tv\\\/site\\\/2020\\\/08\\\/12\\\/gnr-detem-homem-de-40-anos-por-violencia-domestica-em-melgaco\\\/\"},\"wordCount\":160,\"image\":{\"@id\":\"https:\\\/\\\/www.altominho.tv\\\/site\\\/2020\\\/08\\\/12\\\/gnr-detem-homem-de-40-anos-por-violencia-domestica-em-melgaco\\\/#primaryimage\"},\"thumbnailUrl\":\"https:\\\/\\\/www.altominho.tv\\\/site\\\/wp-content\\\/uploads\\\/2020\\\/08\\\/Viole\u0302ncia-Dome\u0301stica.jpg\",\"keywords\":[\"Sociedade\"],\"articleSection\":[\"Melga\u00e7o\"],\"inLanguage\":\"pt-PT\",\"copyrightYear\":\"2020\",\"copyrightHolder\":{\"@id\":\"https:\\\/\\\/www.altominho.tv\\\/site\\\/#organization\"}},{\"@type\":\"WebPage\",\"@id\":\"https:\\\/\\\/www.altominho.tv\\\/site\\\/2020\\\/08\\\/12\\\/gnr-detem-homem-de-40-anos-por-violencia-domestica-em-melgaco\\\/\",\"url\":\"https:\\\/\\\/www.altominho.tv\\\/site\\\/2020\\\/08\\\/12\\\/gnr-detem-homem-de-40-anos-por-violencia-domestica-em-melgaco\\\/\",\"name\":\"GNR det\u00e9m homem de 40 anos por viol\u00eancia dom\u00e9stica em Melga\u00e7o\",\"isPartOf\":{\"@id\":\"https:\\\/\\\/www.altominho.tv\\\/site\\\/#website\"},\"primaryImageOfPage\":{\"@id\":\"https:\\\/\\\/www.altominho.tv\\\/site\\\/2020\\\/08\\\/12\\\/gnr-detem-homem-de-40-anos-por-violencia-domestica-em-melgaco\\\/#primaryimage\"},\"image\":{\"@id\":\"https:\\\/\\\/www.altominho.tv\\\/site\\\/2020\\\/08\\\/12\\\/gnr-detem-homem-de-40-anos-por-violencia-domestica-em-melgaco\\\/#primaryimage\"},\"thumbnailUrl\":\"https:\\\/\\\/www.altominho.tv\\\/site\\\/wp-content\\\/uploads\\\/2020\\\/08\\\/Viole\u0302ncia-Dome\u0301stica.jpg\",\"datePublished\":\"2020-08-12T10:23:24+00:00\",\"dateModified\":\"2020-08-12T10:23:25+00:00\",\"author\":{\"@id\":\"https:\\\/\\\/www.altominho.tv\\\/site\\\/#\\\/schema\\\/person\\\/4e536851627d7914baf3dac752b6af22\"},\"breadcrumb\":{\"@id\":\"https:\\\/\\\/www.altominho.tv\\\/site\\\/2020\\\/08\\\/12\\\/gnr-detem-homem-de-40-anos-por-violencia-domestica-em-melgaco\\\/#breadcrumb\"},\"inLanguage\":\"pt-PT\",\"potentialAction\":[{\"@type\":\"ReadAction\",\"target\":[\"https:\\\/\\\/www.altominho.tv\\\/site\\\/2020\\\/08\\\/12\\\/gnr-detem-homem-de-40-anos-por-violencia-domestica-em-melgaco\\\/\"]}]},{\"@type\":\"ImageObject\",\"inLanguage\":\"pt-PT\",\"@id\":\"https:\\\/\\\/www.altominho.tv\\\/site\\\/2020\\\/08\\\/12\\\/gnr-detem-homem-de-40-anos-por-violencia-domestica-em-melgaco\\\/#primaryimage\",\"url\":\"https:\\\/\\\/www.altominho.tv\\\/site\\\/wp-content\\\/uploads\\\/2020\\\/08\\\/Viole\u0302ncia-Dome\u0301stica.jpg\",\"contentUrl\":\"https:\\\/\\\/www.altominho.tv\\\/site\\\/wp-content\\\/uploads\\\/2020\\\/08\\\/Viole\u0302ncia-Dome\u0301stica.jpg\",\"width\":823,\"height\":546},{\"@type\":\"BreadcrumbList\",\"@id\":\"https:\\\/\\\/www.altominho.tv\\\/site\\\/2020\\\/08\\\/12\\\/gnr-detem-homem-de-40-anos-por-violencia-domestica-em-melgaco\\\/#breadcrumb\",\"itemListElement\":[{\"@type\":\"ListItem\",\"position\":1,\"name\":\"In\u00edcio\",\"item\":\"https:\\\/\\\/www.altominho.tv\\\/site\\\/\"},{\"@type\":\"ListItem\",\"position\":2,\"name\":\"GNR det\u00e9m homem de 40 anos por viol\u00eancia dom\u00e9stica em Melga\u00e7o\"}]},{\"@type\":\"WebSite\",\"@id\":\"https:\\\/\\\/www.altominho.tv\\\/site\\\/#website\",\"url\":\"https:\\\/\\\/www.altominho.tv\\\/site\\\/\",\"name\":\"Altominho.tv\",\"description\":\"A sua regi\u00e3o \u00e0 dist\u00e2ncia de um clique...\",\"potentialAction\":[{\"@type\":\"SearchAction\",\"target\":{\"@type\":\"EntryPoint\",\"urlTemplate\":\"https:\\\/\\\/www.altominho.tv\\\/site\\\/?s={search_term_string}\"},\"query-input\":{\"@type\":\"PropertyValueSpecification\",\"valueRequired\":true,\"valueName\":\"search_term_string\"}}],\"inLanguage\":\"pt-PT\"},{\"@type\":\"Person\",\"@id\":\"https:\\\/\\\/www.altominho.tv\\\/site\\\/#\\\/schema\\\/person\\\/4e536851627d7914baf3dac752b6af22\",\"name\":\"Altominho.tv\",\"image\":{\"@type\":\"ImageObject\",\"inLanguage\":\"pt-PT\",\"@id\":\"https:\\\/\\\/www.altominho.tv\\\/site\\\/wp-content\\\/uploads\\\/2019\\\/11\\\/Logo_Avatar_2-150x150.jpg\",\"url\":\"https:\\\/\\\/www.altominho.tv\\\/site\\\/wp-content\\\/uploads\\\/2019\\\/11\\\/Logo_Avatar_2-150x150.jpg\",\"contentUrl\":\"https:\\\/\\\/www.altominho.tv\\\/site\\\/wp-content\\\/uploads\\\/2019\\\/11\\\/Logo_Avatar_2-150x150.jpg\",\"caption\":\"Altominho.tv\"},\"url\":\"https:\\\/\\\/www.altominho.tv\\\/site\\\/author\\\/altominhotv-tecnico\\\/\"}]}<\/script>\n<!-- \/ Yoast SEO Premium plugin. -->","yoast_head_json":{"title":"GNR det\u00e9m homem de 40 anos por viol\u00eancia dom\u00e9stica em Melga\u00e7o","robots":{"index":"index","follow":"follow","max-snippet":"max-snippet:-1","max-image-preview":"max-image-preview:large","max-video-preview":"max-video-preview:-1"},"canonical":"https:\/\/www.altominho.tv\/site\/2020\/08\/12\/gnr-detem-homem-de-40-anos-por-violencia-domestica-em-melgaco\/","og_locale":"pt_PT","og_type":"article","og_title":"GNR det\u00e9m homem de 40 anos por viol\u00eancia dom\u00e9stica em Melga\u00e7o","og_description":"O Comando Territorial de Viana do Castelo, atrav\u00e9s do Posto Territorial de Melga\u00e7o, deteve ontem, dia 11 de agosto, em flagrante um homem de 40 anos por viol\u00eancia dom\u00e9stica, no concelho de Melga\u00e7o. No seguimento de uma den\u00fancia de viol\u00eancia dom\u00e9stica, os militares da Guarda deslocaram-se para o local onde o suspeito, embriagado e com [&hellip;]","og_url":"https:\/\/www.altominho.tv\/site\/2020\/08\/12\/gnr-detem-homem-de-40-anos-por-violencia-domestica-em-melgaco\/","og_site_name":"Altominho.tv","article_publisher":"https:\/\/www.facebook.com\/altominhotv","article_published_time":"2020-08-12T10:23:24+00:00","article_modified_time":"2020-08-12T10:23:25+00:00","og_image":[{"width":823,"height":546,"url":"https:\/\/www.altominho.tv\/site\/wp-content\/uploads\/2020\/08\/Viole\u0302ncia-Dome\u0301stica.jpg","type":"image\/jpeg"}],"author":"Altominho.tv","twitter_card":"summary_large_image","twitter_creator":"@altominhoTV","twitter_site":"@altominhoTV","twitter_misc":{"Escrito por":"Altominho.tv","Tempo estimado de leitura":"1 minuto"},"schema":{"@context":"https:\/\/schema.org","@graph":[{"@type":"Article","@id":"https:\/\/www.altominho.tv\/site\/2020\/08\/12\/gnr-detem-homem-de-40-anos-por-violencia-domestica-em-melgaco\/#article","isPartOf":{"@id":"https:\/\/www.altominho.tv\/site\/2020\/08\/12\/gnr-detem-homem-de-40-anos-por-violencia-domestica-em-melgaco\/"},"author":{"name":"Altominho.tv","@id":"https:\/\/www.altominho.tv\/site\/#\/schema\/person\/4e536851627d7914baf3dac752b6af22"},"headline":"GNR det\u00e9m homem de 40 anos por viol\u00eancia dom\u00e9stica em Melga\u00e7o","datePublished":"2020-08-12T10:23:24+00:00","dateModified":"2020-08-12T10:23:25+00:00","mainEntityOfPage":{"@id":"https:\/\/www.altominho.tv\/site\/2020\/08\/12\/gnr-detem-homem-de-40-anos-por-violencia-domestica-em-melgaco\/"},"wordCount":160,"image":{"@id":"https:\/\/www.altominho.tv\/site\/2020\/08\/12\/gnr-detem-homem-de-40-anos-por-violencia-domestica-em-melgaco\/#primaryimage"},"thumbnailUrl":"https:\/\/www.altominho.tv\/site\/wp-content\/uploads\/2020\/08\/Viole\u0302ncia-Dome\u0301stica.jpg","keywords":["Sociedade"],"articleSection":["Melga\u00e7o"],"inLanguage":"pt-PT","copyrightYear":"2020","copyrightHolder":{"@id":"https:\/\/www.altominho.tv\/site\/#organization"}},{"@type":"WebPage","@id":"https:\/\/www.altominho.tv\/site\/2020\/08\/12\/gnr-detem-homem-de-40-anos-por-violencia-domestica-em-melgaco\/","url":"https:\/\/www.altominho.tv\/site\/2020\/08\/12\/gnr-detem-homem-de-40-anos-por-violencia-domestica-em-melgaco\/","name":"GNR det\u00e9m homem de 40 anos por viol\u00eancia dom\u00e9stica em Melga\u00e7o","isPartOf":{"@id":"https:\/\/www.altominho.tv\/site\/#website"},"primaryImageOfPage":{"@id":"https:\/\/www.altominho.tv\/site\/2020\/08\/12\/gnr-detem-homem-de-40-anos-por-violencia-domestica-em-melgaco\/#primaryimage"},"image":{"@id":"https:\/\/www.altominho.tv\/site\/2020\/08\/12\/gnr-detem-homem-de-40-anos-por-violencia-domestica-em-melgaco\/#primaryimage"},"thumbnailUrl":"https:\/\/www.altominho.tv\/site\/wp-content\/uploads\/2020\/08\/Viole\u0302ncia-Dome\u0301stica.jpg","datePublished":"2020-08-12T10:23:24+00:00","dateModified":"2020-08-12T10:23:25+00:00","author":{"@id":"https:\/\/www.altominho.tv\/site\/#\/schema\/person\/4e536851627d7914baf3dac752b6af22"},"breadcrumb":{"@id":"https:\/\/www.altominho.tv\/site\/2020\/08\/12\/gnr-detem-homem-de-40-anos-por-violencia-domestica-em-melgaco\/#breadcrumb"},"inLanguage":"pt-PT","potentialAction":[{"@type":"ReadAction","target":["https:\/\/www.altominho.tv\/site\/2020\/08\/12\/gnr-detem-homem-de-40-anos-por-violencia-domestica-em-melgaco\/"]}]},{"@type":"ImageObject","inLanguage":"pt-PT","@id":"https:\/\/www.altominho.tv\/site\/2020\/08\/12\/gnr-detem-homem-de-40-anos-por-violencia-domestica-em-melgaco\/#primaryimage","url":"https:\/\/www.altominho.tv\/site\/wp-content\/uploads\/2020\/08\/Viole\u0302ncia-Dome\u0301stica.jpg","contentUrl":"https:\/\/www.altominho.tv\/site\/wp-content\/uploads\/2020\/08\/Viole\u0302ncia-Dome\u0301stica.jpg","width":823,"height":546},{"@type":"BreadcrumbList","@id":"https:\/\/www.altominho.tv\/site\/2020\/08\/12\/gnr-detem-homem-de-40-anos-por-violencia-domestica-em-melgaco\/#breadcrumb","itemListElement":[{"@type":"ListItem","position":1,"name":"In\u00edcio","item":"https:\/\/www.altominho.tv\/site\/"},{"@type":"ListItem","position":2,"name":"GNR det\u00e9m homem de 40 anos por viol\u00eancia dom\u00e9stica em Melga\u00e7o"}]},{"@type":"WebSite","@id":"https:\/\/www.altominho.tv\/site\/#website","url":"https:\/\/www.altominho.tv\/site\/","name":"Altominho.tv","description":"A sua regi\u00e3o \u00e0 dist\u00e2ncia de um clique...","potentialAction":[{"@type":"SearchAction","target":{"@type":"EntryPoint","urlTemplate":"https:\/\/www.altominho.tv\/site\/?s={search_term_string}"},"query-input":{"@type":"PropertyValueSpecification","valueRequired":true,"valueName":"search_term_string"}}],"inLanguage":"pt-PT"},{"@type":"Person","@id":"https:\/\/www.altominho.tv\/site\/#\/schema\/person\/4e536851627d7914baf3dac752b6af22","name":"Altominho.tv","image":{"@type":"ImageObject","inLanguage":"pt-PT","@id":"https:\/\/www.altominho.tv\/site\/wp-content\/uploads\/2019\/11\/Logo_Avatar_2-150x150.jpg","url":"https:\/\/www.altominho.tv\/site\/wp-content\/uploads\/2019\/11\/Logo_Avatar_2-150x150.jpg","contentUrl":"https:\/\/www.altominho.tv\/site\/wp-content\/uploads\/2019\/11\/Logo_Avatar_2-150x150.jpg","caption":"Altominho.tv"},"url":"https:\/\/www.altominho.tv\/site\/author\/altominhotv-tecnico\/"}]}},"_links":{"self":[{"href":"https:\/\/www.altominho.tv\/site\/wp-json\/wp\/v2\/posts\/50470","targetHints":{"allow":["GET"]}}],"collection":[{"href":"https:\/\/www.altominho.tv\/site\/wp-json\/wp\/v2\/posts"}],"about":[{"href":"https:\/\/www.altominho.tv\/site\/wp-json\/wp\/v2\/types\/post"}],"author":[{"embeddable":true,"href":"https:\/\/www.altominho.tv\/site\/wp-json\/wp\/v2\/users\/1"}],"replies":[{"embeddable":true,"href":"https:\/\/www.altominho.tv\/site\/wp-json\/wp\/v2\/comments?post=50470"}],"version-history":[{"count":0,"href":"https:\/\/www.altominho.tv\/site\/wp-json\/wp\/v2\/posts\/50470\/revisions"}],"wp:featuredmedia":[{"embeddable":true,"href":"https:\/\/www.altominho.tv\/site\/wp-json\/wp\/v2\/media\/50471"}],"wp:attachment":[{"href":"https:\/\/www.altominho.tv\/site\/wp-json\/wp\/v2\/media?parent=50470"}],"wp:term":[{"taxonomy":"category","embeddable":true,"href":"https:\/\/www.altominho.tv\/site\/wp-json\/wp\/v2\/categories?post=50470"},{"taxonomy":"post_tag","embeddable":true,"href":"https:\/\/www.altominho.tv\/site\/wp-json\/wp\/v2\/tags?post=50470"}],"curies":[{"name":"wp","href":"https:\/\/api.w.org\/{rel}","templated":true}]}}