{"id":50320,"date":"2020-08-08T12:57:30","date_gmt":"2020-08-08T11:57:30","guid":{"rendered":"http:\/\/www.altominho.tv\/site\/?p=50320"},"modified":"2020-08-08T12:57:34","modified_gmt":"2020-08-08T11:57:34","slug":"populacao-do-alto-minho-pede-regresso-da-gestao-da-agua-e-saneamento-aos-municipios","status":"publish","type":"post","link":"https:\/\/www.altominho.tv\/site\/2020\/08\/08\/populacao-do-alto-minho-pede-regresso-da-gestao-da-agua-e-saneamento-aos-municipios\/","title":{"rendered":"Popula\u00e7\u00e3o do Alto Minho pede regresso da gest\u00e3o da \u00e1gua e saneamento aos munic\u00edpios"},"content":{"rendered":"\n<p class=\"wp-block-paragraph\">A popula\u00e7\u00e3o de sete concelhos do distrito do Alto Minho exigiu hoje o regresso da gest\u00e3o de redes de \u00e1gua em baixa e de saneamento aos munic\u00edpios da regi\u00e3o, assegurada desde janeiro pela empresa \u00c1guas do Alto Minho (AdAM).<br><\/p>\n\n\n\n<p class=\"wp-block-paragraph\">A manifesta\u00e7\u00e3o foi convocada atrav\u00e9s das redes sociais para as 10:00 de hoje, junto aos edif\u00edcios camar\u00e1rios dos sete concelhos que integram a AdAM.<br><\/p>\n\n\n\n<p class=\"wp-block-paragraph\">A AdAM, empresa de gest\u00e3o das redes de \u00e1gua em baixa e de saneamento, \u00e9 detida em 51% pela AdP e em 49% pelos munic\u00edpios de Arcos de Valdevez (PSD), Caminha (PS), Paredes de Coura (PS), Ponte de Lima (CDS-PP), Valen\u00e7a (PSD), Viana do Castelo (PS) e Vila Nova de Cerveira (Movimento independente PenCe &#8211; Pensar Cerveira), que comp\u00f5em a Comunidade Intermunicipal (CIM) do Alto Minho.<br><\/p>\n\n\n\n<p class=\"wp-block-paragraph\">Tr\u00eas concelhos do distrito &#8211; Ponte da Barca (PSD), Mon\u00e7\u00e3o (PSD) e Melga\u00e7o (PS) &#8211; reprovaram a constitui\u00e7\u00e3o daquela parceria.<br><\/p>\n\n\n\n<p class=\"wp-block-paragraph\">A nova empresa come\u00e7ou a operar em janeiro, &#8220;dimensionada para fornecer mais de nove milh\u00f5es de metros c\u00fabicos de \u00e1gua pot\u00e1vel, por ano, e para recolher e tratar mais de seis milh\u00f5es de metros c\u00fabicos de \u00e1gua residual, por ano, a cerca de 70 mil clientes&#8221;.<br><\/p>\n\n\n\n<p class=\"wp-block-paragraph\">Em abril, a empresa suspendeu a fatura\u00e7\u00e3o depois de terem sido detetados erros de fatura\u00e7\u00e3o que afetaram 15 mil consumidores.<br><\/p>\n\n\n\n<p class=\"wp-block-paragraph\">A constitui\u00e7\u00e3o tem sido contestada por v\u00e1rios partidos e pela popula\u00e7\u00e3o de alguns concelhos, que se queixa do aumento &#8220;exponencial&#8221; das tarifas e do funcionamento dos servi\u00e7os.<br><\/p>\n\n\n\n<p class=\"wp-block-paragraph\">Hoje, na cidade de Viana do Castelo, mais de meia centena de pessoas concentrou-se junto \u00e0 C\u00e2mara Municipal.<br><\/p>\n\n\n\n<p class=\"wp-block-paragraph\">Elsa Abreu e Rosa Gomes, da freguesia da Meadela, queixaram-se que a fatura &#8220;disparou&#8221; e do &#8220;mau servi\u00e7o de atendimento&#8221; prestado pela empresa.<br><\/p>\n\n\n\n<p class=\"wp-block-paragraph\">&#8220;Quero entrar em contacto com a AdAM e ningu\u00e9m atende o telefone, nem por email respondem. \u00c9 complicado. J\u00e1 passei \u00e0 porta da empresa dois meios dias e s\u00f3 \u00e0 terceira vez \u00e9 que fui atendida. Tenho problemas de sa\u00fade, n\u00e3o posso estar muito tempo de p\u00e9. \u00c9 escandaloso. S\u00e3o filas enormes de pessoas&#8221;, disse Elsa Abreu, exigindo o regresso do servi\u00e7o \u00e0 C\u00e2mara municipal.<br><\/p>\n\n\n\n<p class=\"wp-block-paragraph\">Para Jos\u00e9 Camb\u00e3o, da Meadela, &#8220;os bens de primeira necessidade n\u00e3o podem ser privatizados e dar lucro, mas sim entregues a uma entidade p\u00fablica&#8221;.<br><\/p>\n\n\n\n<p class=\"wp-block-paragraph\">&#8220;Eu senti um aumento de cerca de 10 euros na fatura da \u00e1gua. A fatura tem taxas e taxinhas que n\u00e3o percebemos bem. A gest\u00e3o das \u00e1guas deve voltar aos servi\u00e7os municipalizados de Viana do Castelo&#8221;, referiu.<br><\/p>\n\n\n\n<p class=\"wp-block-paragraph\">No protesto de Viana do Castelo, participaram representantes de v\u00e1rios partidos pol\u00edticos.<br><\/p>\n\n\n\n<p class=\"wp-block-paragraph\">Na sexta-feira, contactada pela ag\u00eancia Lusa, fonte do comando da PSP de Viana do Castelo, que tamb\u00e9m abrange o concelho de Ponte de Lima, disse n\u00e3o ter sido oficialmente informada de qualquer manifesta\u00e7\u00e3o na sua \u00e1rea.<br><\/p>\n\n\n\n<p class=\"wp-block-paragraph\">Hoje, a mesma fonte confirmou a realiza\u00e7\u00e3o de a\u00e7\u00f5es nestes dois concelhos, mas sem adiantar o n\u00famero de participantes.\u00a0<br><\/p>\n\n\n\n<p class=\"wp-block-paragraph\">Na sexta-feira, fonte do Comando Territorial da GNR de Viana do Castelo disse ter recebido comunica\u00e7\u00e3o de um protesto em Caminha.<br><\/p>\n\n\n\n<p class=\"wp-block-paragraph\">A Lusa conseguiu apurar que decorreram iniciativas nos sete concelhos.<\/p>\n","protected":false},"excerpt":{"rendered":"<p>A popula\u00e7\u00e3o de sete concelhos do distrito do Alto Minho exigiu hoje o regresso da gest\u00e3o de redes de \u00e1gua em baixa e de saneamento aos munic\u00edpios da regi\u00e3o, assegurada desde janeiro pela empresa \u00c1guas do Alto Minho (AdAM). A manifesta\u00e7\u00e3o foi convocada atrav\u00e9s das redes sociais para as 10:00 de hoje, junto aos edif\u00edcios [&hellip;]<\/p>\n","protected":false},"author":16,"featured_media":50321,"comment_status":"closed","ping_status":"closed","sticky":false,"template":"","format":"standard","meta":{"_exactmetrics_skip_tracking":false,"footnotes":""},"categories":[73],"tags":[27],"class_list":["post-50320","post","type-post","status-publish","format-standard","has-post-thumbnail","hentry","category-alto-minho","tag-sociedade"],"yoast_head":"<!-- This site is optimized with the Yoast SEO Premium plugin v28.3 (Yoast SEO v28.3) - https:\/\/yoast.com\/product\/yoast-seo-premium-wordpress\/ -->\n<title>Popula\u00e7\u00e3o do Alto Minho pede regresso da gest\u00e3o da \u00e1gua e saneamento aos munic\u00edpios<\/title>\n<meta name=\"robots\" content=\"index, follow, max-snippet:-1, max-image-preview:large, max-video-preview:-1\" \/>\n<link rel=\"canonical\" href=\"https:\/\/www.altominho.tv\/site\/2020\/08\/08\/populacao-do-alto-minho-pede-regresso-da-gestao-da-agua-e-saneamento-aos-municipios\/\" \/>\n<meta property=\"og:locale\" content=\"pt_PT\" \/>\n<meta property=\"og:type\" content=\"article\" \/>\n<meta property=\"og:title\" content=\"Popula\u00e7\u00e3o do Alto Minho pede regresso da gest\u00e3o da \u00e1gua e saneamento aos munic\u00edpios\" \/>\n<meta property=\"og:description\" content=\"A popula\u00e7\u00e3o de sete concelhos do distrito do Alto Minho exigiu hoje o regresso da gest\u00e3o de redes de \u00e1gua em baixa e de saneamento aos munic\u00edpios da regi\u00e3o, assegurada desde janeiro pela empresa \u00c1guas do Alto Minho (AdAM). A manifesta\u00e7\u00e3o foi convocada atrav\u00e9s das redes sociais para as 10:00 de hoje, junto aos edif\u00edcios [&hellip;]\" \/>\n<meta property=\"og:url\" content=\"https:\/\/www.altominho.tv\/site\/2020\/08\/08\/populacao-do-alto-minho-pede-regresso-da-gestao-da-agua-e-saneamento-aos-municipios\/\" \/>\n<meta property=\"og:site_name\" content=\"Altominho.tv\" \/>\n<meta property=\"article:publisher\" content=\"https:\/\/www.facebook.com\/altominhotv\" \/>\n<meta property=\"article:published_time\" content=\"2020-08-08T11:57:30+00:00\" \/>\n<meta property=\"article:modified_time\" content=\"2020-08-08T11:57:34+00:00\" \/>\n<meta property=\"og:image\" content=\"https:\/\/www.altominho.tv\/site\/wp-content\/uploads\/2020\/08\/aguas.jpg\" \/>\n\t<meta property=\"og:image:width\" content=\"1920\" \/>\n\t<meta property=\"og:image:height\" content=\"1080\" \/>\n\t<meta property=\"og:image:type\" content=\"image\/jpeg\" \/>\n<meta name=\"author\" content=\"Andreia Cunha | Lusa\" \/>\n<meta name=\"twitter:card\" content=\"summary_large_image\" \/>\n<meta name=\"twitter:creator\" content=\"@altominhoTV\" \/>\n<meta name=\"twitter:site\" content=\"@altominhoTV\" \/>\n<meta name=\"twitter:label1\" content=\"Escrito por\" \/>\n\t<meta name=\"twitter:data1\" content=\"Andreia Cunha | Lusa\" \/>\n\t<meta name=\"twitter:label2\" content=\"Tempo estimado de leitura\" \/>\n\t<meta name=\"twitter:data2\" content=\"3 minutos\" \/>\n<script type=\"application\/ld+json\" class=\"yoast-schema-graph\">{\"@context\":\"https:\\\/\\\/schema.org\",\"@graph\":[{\"@type\":\"Article\",\"@id\":\"https:\\\/\\\/www.altominho.tv\\\/site\\\/2020\\\/08\\\/08\\\/populacao-do-alto-minho-pede-regresso-da-gestao-da-agua-e-saneamento-aos-municipios\\\/#article\",\"isPartOf\":{\"@id\":\"https:\\\/\\\/www.altominho.tv\\\/site\\\/2020\\\/08\\\/08\\\/populacao-do-alto-minho-pede-regresso-da-gestao-da-agua-e-saneamento-aos-municipios\\\/\"},\"author\":{\"name\":\"Andreia Cunha | Lusa\",\"@id\":\"https:\\\/\\\/www.altominho.tv\\\/site\\\/#\\\/schema\\\/person\\\/dbaf181c01b51ff40c9f461a905d321e\"},\"headline\":\"Popula\u00e7\u00e3o do Alto Minho pede regresso da gest\u00e3o da \u00e1gua e saneamento aos munic\u00edpios\",\"datePublished\":\"2020-08-08T11:57:30+00:00\",\"dateModified\":\"2020-08-08T11:57:34+00:00\",\"mainEntityOfPage\":{\"@id\":\"https:\\\/\\\/www.altominho.tv\\\/site\\\/2020\\\/08\\\/08\\\/populacao-do-alto-minho-pede-regresso-da-gestao-da-agua-e-saneamento-aos-municipios\\\/\"},\"wordCount\":562,\"image\":{\"@id\":\"https:\\\/\\\/www.altominho.tv\\\/site\\\/2020\\\/08\\\/08\\\/populacao-do-alto-minho-pede-regresso-da-gestao-da-agua-e-saneamento-aos-municipios\\\/#primaryimage\"},\"thumbnailUrl\":\"https:\\\/\\\/www.altominho.tv\\\/site\\\/wp-content\\\/uploads\\\/2020\\\/08\\\/aguas.jpg\",\"keywords\":[\"Sociedade\"],\"articleSection\":[\"Alto Minho\"],\"inLanguage\":\"pt-PT\",\"copyrightYear\":\"2020\",\"copyrightHolder\":{\"@id\":\"https:\\\/\\\/www.altominho.tv\\\/site\\\/#organization\"}},{\"@type\":\"WebPage\",\"@id\":\"https:\\\/\\\/www.altominho.tv\\\/site\\\/2020\\\/08\\\/08\\\/populacao-do-alto-minho-pede-regresso-da-gestao-da-agua-e-saneamento-aos-municipios\\\/\",\"url\":\"https:\\\/\\\/www.altominho.tv\\\/site\\\/2020\\\/08\\\/08\\\/populacao-do-alto-minho-pede-regresso-da-gestao-da-agua-e-saneamento-aos-municipios\\\/\",\"name\":\"Popula\u00e7\u00e3o do Alto Minho pede regresso da gest\u00e3o da \u00e1gua e saneamento aos munic\u00edpios\",\"isPartOf\":{\"@id\":\"https:\\\/\\\/www.altominho.tv\\\/site\\\/#website\"},\"primaryImageOfPage\":{\"@id\":\"https:\\\/\\\/www.altominho.tv\\\/site\\\/2020\\\/08\\\/08\\\/populacao-do-alto-minho-pede-regresso-da-gestao-da-agua-e-saneamento-aos-municipios\\\/#primaryimage\"},\"image\":{\"@id\":\"https:\\\/\\\/www.altominho.tv\\\/site\\\/2020\\\/08\\\/08\\\/populacao-do-alto-minho-pede-regresso-da-gestao-da-agua-e-saneamento-aos-municipios\\\/#primaryimage\"},\"thumbnailUrl\":\"https:\\\/\\\/www.altominho.tv\\\/site\\\/wp-content\\\/uploads\\\/2020\\\/08\\\/aguas.jpg\",\"datePublished\":\"2020-08-08T11:57:30+00:00\",\"dateModified\":\"2020-08-08T11:57:34+00:00\",\"author\":{\"@id\":\"https:\\\/\\\/www.altominho.tv\\\/site\\\/#\\\/schema\\\/person\\\/dbaf181c01b51ff40c9f461a905d321e\"},\"breadcrumb\":{\"@id\":\"https:\\\/\\\/www.altominho.tv\\\/site\\\/2020\\\/08\\\/08\\\/populacao-do-alto-minho-pede-regresso-da-gestao-da-agua-e-saneamento-aos-municipios\\\/#breadcrumb\"},\"inLanguage\":\"pt-PT\",\"potentialAction\":[{\"@type\":\"ReadAction\",\"target\":[\"https:\\\/\\\/www.altominho.tv\\\/site\\\/2020\\\/08\\\/08\\\/populacao-do-alto-minho-pede-regresso-da-gestao-da-agua-e-saneamento-aos-municipios\\\/\"]}]},{\"@type\":\"ImageObject\",\"inLanguage\":\"pt-PT\",\"@id\":\"https:\\\/\\\/www.altominho.tv\\\/site\\\/2020\\\/08\\\/08\\\/populacao-do-alto-minho-pede-regresso-da-gestao-da-agua-e-saneamento-aos-municipios\\\/#primaryimage\",\"url\":\"https:\\\/\\\/www.altominho.tv\\\/site\\\/wp-content\\\/uploads\\\/2020\\\/08\\\/aguas.jpg\",\"contentUrl\":\"https:\\\/\\\/www.altominho.tv\\\/site\\\/wp-content\\\/uploads\\\/2020\\\/08\\\/aguas.jpg\",\"width\":1920,\"height\":1080},{\"@type\":\"BreadcrumbList\",\"@id\":\"https:\\\/\\\/www.altominho.tv\\\/site\\\/2020\\\/08\\\/08\\\/populacao-do-alto-minho-pede-regresso-da-gestao-da-agua-e-saneamento-aos-municipios\\\/#breadcrumb\",\"itemListElement\":[{\"@type\":\"ListItem\",\"position\":1,\"name\":\"In\u00edcio\",\"item\":\"https:\\\/\\\/www.altominho.tv\\\/site\\\/\"},{\"@type\":\"ListItem\",\"position\":2,\"name\":\"Popula\u00e7\u00e3o do Alto Minho pede regresso da gest\u00e3o da \u00e1gua e saneamento aos munic\u00edpios\"}]},{\"@type\":\"WebSite\",\"@id\":\"https:\\\/\\\/www.altominho.tv\\\/site\\\/#website\",\"url\":\"https:\\\/\\\/www.altominho.tv\\\/site\\\/\",\"name\":\"Altominho.tv\",\"description\":\"A sua regi\u00e3o \u00e0 dist\u00e2ncia de um clique...\",\"potentialAction\":[{\"@type\":\"SearchAction\",\"target\":{\"@type\":\"EntryPoint\",\"urlTemplate\":\"https:\\\/\\\/www.altominho.tv\\\/site\\\/?s={search_term_string}\"},\"query-input\":{\"@type\":\"PropertyValueSpecification\",\"valueRequired\":true,\"valueName\":\"search_term_string\"}}],\"inLanguage\":\"pt-PT\"},{\"@type\":\"Person\",\"@id\":\"https:\\\/\\\/www.altominho.tv\\\/site\\\/#\\\/schema\\\/person\\\/dbaf181c01b51ff40c9f461a905d321e\",\"name\":\"Andreia Cunha | Lusa\",\"image\":{\"@type\":\"ImageObject\",\"inLanguage\":\"pt-PT\",\"@id\":\"https:\\\/\\\/www.altominho.tv\\\/site\\\/wp-content\\\/uploads\\\/2017\\\/11\\\/Andreia_Cunha-1-150x150.jpg\",\"url\":\"https:\\\/\\\/www.altominho.tv\\\/site\\\/wp-content\\\/uploads\\\/2017\\\/11\\\/Andreia_Cunha-1-150x150.jpg\",\"contentUrl\":\"https:\\\/\\\/www.altominho.tv\\\/site\\\/wp-content\\\/uploads\\\/2017\\\/11\\\/Andreia_Cunha-1-150x150.jpg\",\"caption\":\"Andreia Cunha | Lusa\"},\"sameAs\":[\"https:\\\/\\\/www.altominho.tv\\\/site\"],\"url\":\"https:\\\/\\\/www.altominho.tv\\\/site\\\/author\\\/andreiacunhalusa\\\/\"}]}<\/script>\n<!-- \/ Yoast SEO Premium plugin. -->","yoast_head_json":{"title":"Popula\u00e7\u00e3o do Alto Minho pede regresso da gest\u00e3o da \u00e1gua e saneamento aos munic\u00edpios","robots":{"index":"index","follow":"follow","max-snippet":"max-snippet:-1","max-image-preview":"max-image-preview:large","max-video-preview":"max-video-preview:-1"},"canonical":"https:\/\/www.altominho.tv\/site\/2020\/08\/08\/populacao-do-alto-minho-pede-regresso-da-gestao-da-agua-e-saneamento-aos-municipios\/","og_locale":"pt_PT","og_type":"article","og_title":"Popula\u00e7\u00e3o do Alto Minho pede regresso da gest\u00e3o da \u00e1gua e saneamento aos munic\u00edpios","og_description":"A popula\u00e7\u00e3o de sete concelhos do distrito do Alto Minho exigiu hoje o regresso da gest\u00e3o de redes de \u00e1gua em baixa e de saneamento aos munic\u00edpios da regi\u00e3o, assegurada desde janeiro pela empresa \u00c1guas do Alto Minho (AdAM). A manifesta\u00e7\u00e3o foi convocada atrav\u00e9s das redes sociais para as 10:00 de hoje, junto aos edif\u00edcios [&hellip;]","og_url":"https:\/\/www.altominho.tv\/site\/2020\/08\/08\/populacao-do-alto-minho-pede-regresso-da-gestao-da-agua-e-saneamento-aos-municipios\/","og_site_name":"Altominho.tv","article_publisher":"https:\/\/www.facebook.com\/altominhotv","article_published_time":"2020-08-08T11:57:30+00:00","article_modified_time":"2020-08-08T11:57:34+00:00","og_image":[{"width":1920,"height":1080,"url":"https:\/\/www.altominho.tv\/site\/wp-content\/uploads\/2020\/08\/aguas.jpg","type":"image\/jpeg"}],"author":"Andreia Cunha | Lusa","twitter_card":"summary_large_image","twitter_creator":"@altominhoTV","twitter_site":"@altominhoTV","twitter_misc":{"Escrito por":"Andreia Cunha | Lusa","Tempo estimado de leitura":"3 minutos"},"schema":{"@context":"https:\/\/schema.org","@graph":[{"@type":"Article","@id":"https:\/\/www.altominho.tv\/site\/2020\/08\/08\/populacao-do-alto-minho-pede-regresso-da-gestao-da-agua-e-saneamento-aos-municipios\/#article","isPartOf":{"@id":"https:\/\/www.altominho.tv\/site\/2020\/08\/08\/populacao-do-alto-minho-pede-regresso-da-gestao-da-agua-e-saneamento-aos-municipios\/"},"author":{"name":"Andreia Cunha | Lusa","@id":"https:\/\/www.altominho.tv\/site\/#\/schema\/person\/dbaf181c01b51ff40c9f461a905d321e"},"headline":"Popula\u00e7\u00e3o do Alto Minho pede regresso da gest\u00e3o da \u00e1gua e saneamento aos munic\u00edpios","datePublished":"2020-08-08T11:57:30+00:00","dateModified":"2020-08-08T11:57:34+00:00","mainEntityOfPage":{"@id":"https:\/\/www.altominho.tv\/site\/2020\/08\/08\/populacao-do-alto-minho-pede-regresso-da-gestao-da-agua-e-saneamento-aos-municipios\/"},"wordCount":562,"image":{"@id":"https:\/\/www.altominho.tv\/site\/2020\/08\/08\/populacao-do-alto-minho-pede-regresso-da-gestao-da-agua-e-saneamento-aos-municipios\/#primaryimage"},"thumbnailUrl":"https:\/\/www.altominho.tv\/site\/wp-content\/uploads\/2020\/08\/aguas.jpg","keywords":["Sociedade"],"articleSection":["Alto Minho"],"inLanguage":"pt-PT","copyrightYear":"2020","copyrightHolder":{"@id":"https:\/\/www.altominho.tv\/site\/#organization"}},{"@type":"WebPage","@id":"https:\/\/www.altominho.tv\/site\/2020\/08\/08\/populacao-do-alto-minho-pede-regresso-da-gestao-da-agua-e-saneamento-aos-municipios\/","url":"https:\/\/www.altominho.tv\/site\/2020\/08\/08\/populacao-do-alto-minho-pede-regresso-da-gestao-da-agua-e-saneamento-aos-municipios\/","name":"Popula\u00e7\u00e3o do Alto Minho pede regresso da gest\u00e3o da \u00e1gua e saneamento aos munic\u00edpios","isPartOf":{"@id":"https:\/\/www.altominho.tv\/site\/#website"},"primaryImageOfPage":{"@id":"https:\/\/www.altominho.tv\/site\/2020\/08\/08\/populacao-do-alto-minho-pede-regresso-da-gestao-da-agua-e-saneamento-aos-municipios\/#primaryimage"},"image":{"@id":"https:\/\/www.altominho.tv\/site\/2020\/08\/08\/populacao-do-alto-minho-pede-regresso-da-gestao-da-agua-e-saneamento-aos-municipios\/#primaryimage"},"thumbnailUrl":"https:\/\/www.altominho.tv\/site\/wp-content\/uploads\/2020\/08\/aguas.jpg","datePublished":"2020-08-08T11:57:30+00:00","dateModified":"2020-08-08T11:57:34+00:00","author":{"@id":"https:\/\/www.altominho.tv\/site\/#\/schema\/person\/dbaf181c01b51ff40c9f461a905d321e"},"breadcrumb":{"@id":"https:\/\/www.altominho.tv\/site\/2020\/08\/08\/populacao-do-alto-minho-pede-regresso-da-gestao-da-agua-e-saneamento-aos-municipios\/#breadcrumb"},"inLanguage":"pt-PT","potentialAction":[{"@type":"ReadAction","target":["https:\/\/www.altominho.tv\/site\/2020\/08\/08\/populacao-do-alto-minho-pede-regresso-da-gestao-da-agua-e-saneamento-aos-municipios\/"]}]},{"@type":"ImageObject","inLanguage":"pt-PT","@id":"https:\/\/www.altominho.tv\/site\/2020\/08\/08\/populacao-do-alto-minho-pede-regresso-da-gestao-da-agua-e-saneamento-aos-municipios\/#primaryimage","url":"https:\/\/www.altominho.tv\/site\/wp-content\/uploads\/2020\/08\/aguas.jpg","contentUrl":"https:\/\/www.altominho.tv\/site\/wp-content\/uploads\/2020\/08\/aguas.jpg","width":1920,"height":1080},{"@type":"BreadcrumbList","@id":"https:\/\/www.altominho.tv\/site\/2020\/08\/08\/populacao-do-alto-minho-pede-regresso-da-gestao-da-agua-e-saneamento-aos-municipios\/#breadcrumb","itemListElement":[{"@type":"ListItem","position":1,"name":"In\u00edcio","item":"https:\/\/www.altominho.tv\/site\/"},{"@type":"ListItem","position":2,"name":"Popula\u00e7\u00e3o do Alto Minho pede regresso da gest\u00e3o da \u00e1gua e saneamento aos munic\u00edpios"}]},{"@type":"WebSite","@id":"https:\/\/www.altominho.tv\/site\/#website","url":"https:\/\/www.altominho.tv\/site\/","name":"Altominho.tv","description":"A sua regi\u00e3o \u00e0 dist\u00e2ncia de um clique...","potentialAction":[{"@type":"SearchAction","target":{"@type":"EntryPoint","urlTemplate":"https:\/\/www.altominho.tv\/site\/?s={search_term_string}"},"query-input":{"@type":"PropertyValueSpecification","valueRequired":true,"valueName":"search_term_string"}}],"inLanguage":"pt-PT"},{"@type":"Person","@id":"https:\/\/www.altominho.tv\/site\/#\/schema\/person\/dbaf181c01b51ff40c9f461a905d321e","name":"Andreia Cunha | Lusa","image":{"@type":"ImageObject","inLanguage":"pt-PT","@id":"https:\/\/www.altominho.tv\/site\/wp-content\/uploads\/2017\/11\/Andreia_Cunha-1-150x150.jpg","url":"https:\/\/www.altominho.tv\/site\/wp-content\/uploads\/2017\/11\/Andreia_Cunha-1-150x150.jpg","contentUrl":"https:\/\/www.altominho.tv\/site\/wp-content\/uploads\/2017\/11\/Andreia_Cunha-1-150x150.jpg","caption":"Andreia Cunha | Lusa"},"sameAs":["https:\/\/www.altominho.tv\/site"],"url":"https:\/\/www.altominho.tv\/site\/author\/andreiacunhalusa\/"}]}},"_links":{"self":[{"href":"https:\/\/www.altominho.tv\/site\/wp-json\/wp\/v2\/posts\/50320","targetHints":{"allow":["GET"]}}],"collection":[{"href":"https:\/\/www.altominho.tv\/site\/wp-json\/wp\/v2\/posts"}],"about":[{"href":"https:\/\/www.altominho.tv\/site\/wp-json\/wp\/v2\/types\/post"}],"author":[{"embeddable":true,"href":"https:\/\/www.altominho.tv\/site\/wp-json\/wp\/v2\/users\/16"}],"replies":[{"embeddable":true,"href":"https:\/\/www.altominho.tv\/site\/wp-json\/wp\/v2\/comments?post=50320"}],"version-history":[{"count":0,"href":"https:\/\/www.altominho.tv\/site\/wp-json\/wp\/v2\/posts\/50320\/revisions"}],"wp:featuredmedia":[{"embeddable":true,"href":"https:\/\/www.altominho.tv\/site\/wp-json\/wp\/v2\/media\/50321"}],"wp:attachment":[{"href":"https:\/\/www.altominho.tv\/site\/wp-json\/wp\/v2\/media?parent=50320"}],"wp:term":[{"taxonomy":"category","embeddable":true,"href":"https:\/\/www.altominho.tv\/site\/wp-json\/wp\/v2\/categories?post=50320"},{"taxonomy":"post_tag","embeddable":true,"href":"https:\/\/www.altominho.tv\/site\/wp-json\/wp\/v2\/tags?post=50320"}],"curies":[{"name":"wp","href":"https:\/\/api.w.org\/{rel}","templated":true}]}}