{"id":50293,"date":"2020-08-07T09:30:07","date_gmt":"2020-08-07T08:30:07","guid":{"rendered":"http:\/\/www.altominho.tv\/site\/?p=50293"},"modified":"2020-08-07T09:30:11","modified_gmt":"2020-08-07T08:30:11","slug":"exposicao-de-pintura-pintar-a-festa-apresenta-olhares-de-19-artistas-que-pintaram-a-romaria-dagonia","status":"publish","type":"post","link":"https:\/\/www.altominho.tv\/site\/2020\/08\/07\/exposicao-de-pintura-pintar-a-festa-apresenta-olhares-de-19-artistas-que-pintaram-a-romaria-dagonia\/","title":{"rendered":"Exposi\u00e7\u00e3o de pintura \u201cPintar a Festa\u201d apresenta olhares de 19 artistas que pintaram a Romaria d\u2019Agonia"},"content":{"rendered":"\n<p>De 8 a 30 de agosto, estar\u00e1 patente no Museu de Artes Decorativas de Viana do Castelo a exposi\u00e7\u00e3o de pintura \u201cPintar a Festa\u201d, que apresenta diferentes olhares sobre as festas da cidade. A exposi\u00e7\u00e3o inaugura este s\u00e1bado, pelas 11h00, na Galeria Carolino Ramos do museu municipal, prestando homenagem \u00e0s Festas em Honra de Nossa Senhora da Agonia.<\/p>\n\n\n\n<p>Esta mostra apresenta obras da cole\u00e7\u00e3o da C\u00e2mara Municipal de Viana do Castelo, reunindo tr\u00eas dezenas de pinturas assinadas por 19 artistas de v\u00e1rias gera\u00e7\u00f5es, com percursos e solu\u00e7\u00f5es est\u00e9ticas diferentes, unidos pela grande afetividade pela festa e pela cidade, registada na palete de cores quentes que real\u00e7am os v\u00e1rios quadros ic\u00f3nicos da Romaria.<\/p>\n\n\n\n<p>A exposi\u00e7\u00e3o de pintura re\u00fane, assim, quadros com os diferentes olhares de nomes como Claro F\u00e2ngio, Joaquim Lopes, Alberto de Souza, Carolino Ramos, Ara\u00fajo Soares, Manuela Pantoja Roj\u00e3o, Ant\u00f3nio Coelho de Figueiredo, David Lima, Puskas, Rui Pinto, M\u00e1rio Em\u00edlio, H\u00e9lder Carvalho, Rego Meira, Isaura Xavier de Campos, Mariana Homem de Melo, Carlos Basto, Juvenal Ramos, Maria Artemisa de Carvalho e ainda An\u00edbal Alcino.<\/p>\n\n\n\n<p>Este conjunto de obras \u00e9 representativo da produ\u00e7\u00e3o de arte portuguesa contempor\u00e2nea do per\u00edodo modernista, dos anos 30 do s\u00e9culo XX e o in\u00edcio da d\u00e9cadade 1990. <\/p>\n\n\n\n<p>A mostra inclui cinco pinturas que, na sua altura, foram escolhidas para cartaz oficial da Romaria d\u2019Agonia.<\/p>\n\n\n\n<p>Trata-se de uma exposi\u00e7\u00e3o comemorativa do Museu de Artes Decorativas que celebra, no corrente m\u00eas, 97 anos de exist\u00eancia. Foi a 17 de agosto de 1923, durante a Romaria d\u2019Agonia, que o mais antigo museu da cidade abriu as portas ao p\u00fablico.<\/p>\n","protected":false},"excerpt":{"rendered":"<p>De 8 a 30 de agosto, estar\u00e1 patente no Museu de Artes Decorativas de Viana do Castelo a exposi\u00e7\u00e3o de pintura \u201cPintar a Festa\u201d, que apresenta diferentes olhares sobre as festas da cidade. A exposi\u00e7\u00e3o inaugura este s\u00e1bado, pelas 11h00, na Galeria Carolino Ramos do museu municipal, prestando homenagem \u00e0s Festas em Honra de Nossa [&hellip;]<\/p>\n","protected":false},"author":7,"featured_media":50295,"comment_status":"closed","ping_status":"closed","sticky":false,"template":"","format":"standard","meta":{"_exactmetrics_skip_tracking":false,"_exactmetrics_sitenote_active":false,"_exactmetrics_sitenote_note":"","_exactmetrics_sitenote_category":0,"footnotes":""},"categories":[14],"tags":[19,27],"class_list":["post-50293","post","type-post","status-publish","format-standard","has-post-thumbnail","hentry","category-viana-do-castelo","tag-cultura","tag-sociedade"],"yoast_head":"<!-- This site is optimized with the Yoast SEO Premium plugin v27.4 (Yoast SEO v27.4) - https:\/\/yoast.com\/product\/yoast-seo-premium-wordpress\/ -->\n<title>Exposi\u00e7\u00e3o de pintura \u201cPintar a Festa\u201d apresenta olhares de 19 artistas que pintaram a Romaria d\u2019Agonia<\/title>\n<meta name=\"robots\" content=\"index, follow, max-snippet:-1, max-image-preview:large, max-video-preview:-1\" \/>\n<link rel=\"canonical\" href=\"https:\/\/www.altominho.tv\/site\/2020\/08\/07\/exposicao-de-pintura-pintar-a-festa-apresenta-olhares-de-19-artistas-que-pintaram-a-romaria-dagonia\/\" \/>\n<meta property=\"og:locale\" content=\"pt_PT\" \/>\n<meta property=\"og:type\" content=\"article\" \/>\n<meta property=\"og:title\" content=\"Exposi\u00e7\u00e3o de pintura \u201cPintar a Festa\u201d apresenta olhares de 19 artistas que pintaram a Romaria d\u2019Agonia\" \/>\n<meta property=\"og:description\" content=\"De 8 a 30 de agosto, estar\u00e1 patente no Museu de Artes Decorativas de Viana do Castelo a exposi\u00e7\u00e3o de pintura \u201cPintar a Festa\u201d, que apresenta diferentes olhares sobre as festas da cidade. A exposi\u00e7\u00e3o inaugura este s\u00e1bado, pelas 11h00, na Galeria Carolino Ramos do museu municipal, prestando homenagem \u00e0s Festas em Honra de Nossa [&hellip;]\" \/>\n<meta property=\"og:url\" content=\"https:\/\/www.altominho.tv\/site\/2020\/08\/07\/exposicao-de-pintura-pintar-a-festa-apresenta-olhares-de-19-artistas-que-pintaram-a-romaria-dagonia\/\" \/>\n<meta property=\"og:site_name\" content=\"Altominho.tv\" \/>\n<meta property=\"article:publisher\" content=\"https:\/\/www.facebook.com\/altominhotv\" \/>\n<meta property=\"article:published_time\" content=\"2020-08-07T08:30:07+00:00\" \/>\n<meta property=\"article:modified_time\" content=\"2020-08-07T08:30:11+00:00\" \/>\n<meta property=\"og:image\" content=\"https:\/\/www.altominho.tv\/site\/wp-content\/uploads\/2020\/08\/Vianafestas-Romaria-dAgonia-Direitos-reservados12.jpg\" \/>\n\t<meta property=\"og:image:width\" content=\"730\" \/>\n\t<meta property=\"og:image:height\" content=\"487\" \/>\n\t<meta property=\"og:image:type\" content=\"image\/jpeg\" \/>\n<meta name=\"author\" content=\"Andreia Cunha\" \/>\n<meta name=\"twitter:card\" content=\"summary_large_image\" \/>\n<meta name=\"twitter:creator\" content=\"@altominhoTV\" \/>\n<meta name=\"twitter:site\" content=\"@altominhoTV\" \/>\n<meta name=\"twitter:label1\" content=\"Escrito por\" \/>\n\t<meta name=\"twitter:data1\" content=\"Andreia Cunha\" \/>\n\t<meta name=\"twitter:label2\" content=\"Tempo estimado de leitura\" \/>\n\t<meta name=\"twitter:data2\" content=\"1 minuto\" \/>\n<script type=\"application\/ld+json\" class=\"yoast-schema-graph\">{\"@context\":\"https:\\\/\\\/schema.org\",\"@graph\":[{\"@type\":\"Article\",\"@id\":\"https:\\\/\\\/www.altominho.tv\\\/site\\\/2020\\\/08\\\/07\\\/exposicao-de-pintura-pintar-a-festa-apresenta-olhares-de-19-artistas-que-pintaram-a-romaria-dagonia\\\/#article\",\"isPartOf\":{\"@id\":\"https:\\\/\\\/www.altominho.tv\\\/site\\\/2020\\\/08\\\/07\\\/exposicao-de-pintura-pintar-a-festa-apresenta-olhares-de-19-artistas-que-pintaram-a-romaria-dagonia\\\/\"},\"author\":{\"name\":\"Andreia Cunha\",\"@id\":\"https:\\\/\\\/www.altominho.tv\\\/site\\\/#\\\/schema\\\/person\\\/a0e4ef6d041f98ca284393d8f1d97153\"},\"headline\":\"Exposi\u00e7\u00e3o de pintura \u201cPintar a Festa\u201d apresenta olhares de 19 artistas que pintaram a Romaria d\u2019Agonia\",\"datePublished\":\"2020-08-07T08:30:07+00:00\",\"dateModified\":\"2020-08-07T08:30:11+00:00\",\"mainEntityOfPage\":{\"@id\":\"https:\\\/\\\/www.altominho.tv\\\/site\\\/2020\\\/08\\\/07\\\/exposicao-de-pintura-pintar-a-festa-apresenta-olhares-de-19-artistas-que-pintaram-a-romaria-dagonia\\\/\"},\"wordCount\":304,\"image\":{\"@id\":\"https:\\\/\\\/www.altominho.tv\\\/site\\\/2020\\\/08\\\/07\\\/exposicao-de-pintura-pintar-a-festa-apresenta-olhares-de-19-artistas-que-pintaram-a-romaria-dagonia\\\/#primaryimage\"},\"thumbnailUrl\":\"https:\\\/\\\/www.altominho.tv\\\/site\\\/wp-content\\\/uploads\\\/2020\\\/08\\\/Vianafestas-Romaria-dAgonia-Direitos-reservados12.jpg\",\"keywords\":[\"Cultura\",\"Sociedade\"],\"articleSection\":[\"Viana do Castelo\"],\"inLanguage\":\"pt-PT\",\"copyrightYear\":\"2020\",\"copyrightHolder\":{\"@id\":\"https:\\\/\\\/www.altominho.tv\\\/site\\\/#organization\"}},{\"@type\":\"WebPage\",\"@id\":\"https:\\\/\\\/www.altominho.tv\\\/site\\\/2020\\\/08\\\/07\\\/exposicao-de-pintura-pintar-a-festa-apresenta-olhares-de-19-artistas-que-pintaram-a-romaria-dagonia\\\/\",\"url\":\"https:\\\/\\\/www.altominho.tv\\\/site\\\/2020\\\/08\\\/07\\\/exposicao-de-pintura-pintar-a-festa-apresenta-olhares-de-19-artistas-que-pintaram-a-romaria-dagonia\\\/\",\"name\":\"Exposi\u00e7\u00e3o de pintura \u201cPintar a Festa\u201d apresenta olhares de 19 artistas que pintaram a Romaria d\u2019Agonia\",\"isPartOf\":{\"@id\":\"https:\\\/\\\/www.altominho.tv\\\/site\\\/#website\"},\"primaryImageOfPage\":{\"@id\":\"https:\\\/\\\/www.altominho.tv\\\/site\\\/2020\\\/08\\\/07\\\/exposicao-de-pintura-pintar-a-festa-apresenta-olhares-de-19-artistas-que-pintaram-a-romaria-dagonia\\\/#primaryimage\"},\"image\":{\"@id\":\"https:\\\/\\\/www.altominho.tv\\\/site\\\/2020\\\/08\\\/07\\\/exposicao-de-pintura-pintar-a-festa-apresenta-olhares-de-19-artistas-que-pintaram-a-romaria-dagonia\\\/#primaryimage\"},\"thumbnailUrl\":\"https:\\\/\\\/www.altominho.tv\\\/site\\\/wp-content\\\/uploads\\\/2020\\\/08\\\/Vianafestas-Romaria-dAgonia-Direitos-reservados12.jpg\",\"datePublished\":\"2020-08-07T08:30:07+00:00\",\"dateModified\":\"2020-08-07T08:30:11+00:00\",\"author\":{\"@id\":\"https:\\\/\\\/www.altominho.tv\\\/site\\\/#\\\/schema\\\/person\\\/a0e4ef6d041f98ca284393d8f1d97153\"},\"breadcrumb\":{\"@id\":\"https:\\\/\\\/www.altominho.tv\\\/site\\\/2020\\\/08\\\/07\\\/exposicao-de-pintura-pintar-a-festa-apresenta-olhares-de-19-artistas-que-pintaram-a-romaria-dagonia\\\/#breadcrumb\"},\"inLanguage\":\"pt-PT\",\"potentialAction\":[{\"@type\":\"ReadAction\",\"target\":[\"https:\\\/\\\/www.altominho.tv\\\/site\\\/2020\\\/08\\\/07\\\/exposicao-de-pintura-pintar-a-festa-apresenta-olhares-de-19-artistas-que-pintaram-a-romaria-dagonia\\\/\"]}]},{\"@type\":\"ImageObject\",\"inLanguage\":\"pt-PT\",\"@id\":\"https:\\\/\\\/www.altominho.tv\\\/site\\\/2020\\\/08\\\/07\\\/exposicao-de-pintura-pintar-a-festa-apresenta-olhares-de-19-artistas-que-pintaram-a-romaria-dagonia\\\/#primaryimage\",\"url\":\"https:\\\/\\\/www.altominho.tv\\\/site\\\/wp-content\\\/uploads\\\/2020\\\/08\\\/Vianafestas-Romaria-dAgonia-Direitos-reservados12.jpg\",\"contentUrl\":\"https:\\\/\\\/www.altominho.tv\\\/site\\\/wp-content\\\/uploads\\\/2020\\\/08\\\/Vianafestas-Romaria-dAgonia-Direitos-reservados12.jpg\",\"width\":730,\"height\":487},{\"@type\":\"BreadcrumbList\",\"@id\":\"https:\\\/\\\/www.altominho.tv\\\/site\\\/2020\\\/08\\\/07\\\/exposicao-de-pintura-pintar-a-festa-apresenta-olhares-de-19-artistas-que-pintaram-a-romaria-dagonia\\\/#breadcrumb\",\"itemListElement\":[{\"@type\":\"ListItem\",\"position\":1,\"name\":\"In\u00edcio\",\"item\":\"https:\\\/\\\/www.altominho.tv\\\/site\\\/\"},{\"@type\":\"ListItem\",\"position\":2,\"name\":\"Exposi\u00e7\u00e3o de pintura \u201cPintar a Festa\u201d apresenta olhares de 19 artistas que pintaram a Romaria d\u2019Agonia\"}]},{\"@type\":\"WebSite\",\"@id\":\"https:\\\/\\\/www.altominho.tv\\\/site\\\/#website\",\"url\":\"https:\\\/\\\/www.altominho.tv\\\/site\\\/\",\"name\":\"Altominho.tv\",\"description\":\"A sua regi\u00e3o \u00e0 dist\u00e2ncia de um clique...\",\"potentialAction\":[{\"@type\":\"SearchAction\",\"target\":{\"@type\":\"EntryPoint\",\"urlTemplate\":\"https:\\\/\\\/www.altominho.tv\\\/site\\\/?s={search_term_string}\"},\"query-input\":{\"@type\":\"PropertyValueSpecification\",\"valueRequired\":true,\"valueName\":\"search_term_string\"}}],\"inLanguage\":\"pt-PT\"},{\"@type\":\"Person\",\"@id\":\"https:\\\/\\\/www.altominho.tv\\\/site\\\/#\\\/schema\\\/person\\\/a0e4ef6d041f98ca284393d8f1d97153\",\"name\":\"Andreia Cunha\",\"image\":{\"@type\":\"ImageObject\",\"inLanguage\":\"pt-PT\",\"@id\":\"https:\\\/\\\/www.altominho.tv\\\/site\\\/wp-content\\\/uploads\\\/2017\\\/11\\\/Andreia_Cunha-1-150x150.jpg\",\"url\":\"https:\\\/\\\/www.altominho.tv\\\/site\\\/wp-content\\\/uploads\\\/2017\\\/11\\\/Andreia_Cunha-1-150x150.jpg\",\"contentUrl\":\"https:\\\/\\\/www.altominho.tv\\\/site\\\/wp-content\\\/uploads\\\/2017\\\/11\\\/Andreia_Cunha-1-150x150.jpg\",\"caption\":\"Andreia Cunha\"},\"url\":\"https:\\\/\\\/www.altominho.tv\\\/site\\\/author\\\/andreiacunha\\\/\"}]}<\/script>\n<!-- \/ Yoast SEO Premium plugin. -->","yoast_head_json":{"title":"Exposi\u00e7\u00e3o de pintura \u201cPintar a Festa\u201d apresenta olhares de 19 artistas que pintaram a Romaria d\u2019Agonia","robots":{"index":"index","follow":"follow","max-snippet":"max-snippet:-1","max-image-preview":"max-image-preview:large","max-video-preview":"max-video-preview:-1"},"canonical":"https:\/\/www.altominho.tv\/site\/2020\/08\/07\/exposicao-de-pintura-pintar-a-festa-apresenta-olhares-de-19-artistas-que-pintaram-a-romaria-dagonia\/","og_locale":"pt_PT","og_type":"article","og_title":"Exposi\u00e7\u00e3o de pintura \u201cPintar a Festa\u201d apresenta olhares de 19 artistas que pintaram a Romaria d\u2019Agonia","og_description":"De 8 a 30 de agosto, estar\u00e1 patente no Museu de Artes Decorativas de Viana do Castelo a exposi\u00e7\u00e3o de pintura \u201cPintar a Festa\u201d, que apresenta diferentes olhares sobre as festas da cidade. A exposi\u00e7\u00e3o inaugura este s\u00e1bado, pelas 11h00, na Galeria Carolino Ramos do museu municipal, prestando homenagem \u00e0s Festas em Honra de Nossa [&hellip;]","og_url":"https:\/\/www.altominho.tv\/site\/2020\/08\/07\/exposicao-de-pintura-pintar-a-festa-apresenta-olhares-de-19-artistas-que-pintaram-a-romaria-dagonia\/","og_site_name":"Altominho.tv","article_publisher":"https:\/\/www.facebook.com\/altominhotv","article_published_time":"2020-08-07T08:30:07+00:00","article_modified_time":"2020-08-07T08:30:11+00:00","og_image":[{"width":730,"height":487,"url":"https:\/\/www.altominho.tv\/site\/wp-content\/uploads\/2020\/08\/Vianafestas-Romaria-dAgonia-Direitos-reservados12.jpg","type":"image\/jpeg"}],"author":"Andreia Cunha","twitter_card":"summary_large_image","twitter_creator":"@altominhoTV","twitter_site":"@altominhoTV","twitter_misc":{"Escrito por":"Andreia Cunha","Tempo estimado de leitura":"1 minuto"},"schema":{"@context":"https:\/\/schema.org","@graph":[{"@type":"Article","@id":"https:\/\/www.altominho.tv\/site\/2020\/08\/07\/exposicao-de-pintura-pintar-a-festa-apresenta-olhares-de-19-artistas-que-pintaram-a-romaria-dagonia\/#article","isPartOf":{"@id":"https:\/\/www.altominho.tv\/site\/2020\/08\/07\/exposicao-de-pintura-pintar-a-festa-apresenta-olhares-de-19-artistas-que-pintaram-a-romaria-dagonia\/"},"author":{"name":"Andreia Cunha","@id":"https:\/\/www.altominho.tv\/site\/#\/schema\/person\/a0e4ef6d041f98ca284393d8f1d97153"},"headline":"Exposi\u00e7\u00e3o de pintura \u201cPintar a Festa\u201d apresenta olhares de 19 artistas que pintaram a Romaria d\u2019Agonia","datePublished":"2020-08-07T08:30:07+00:00","dateModified":"2020-08-07T08:30:11+00:00","mainEntityOfPage":{"@id":"https:\/\/www.altominho.tv\/site\/2020\/08\/07\/exposicao-de-pintura-pintar-a-festa-apresenta-olhares-de-19-artistas-que-pintaram-a-romaria-dagonia\/"},"wordCount":304,"image":{"@id":"https:\/\/www.altominho.tv\/site\/2020\/08\/07\/exposicao-de-pintura-pintar-a-festa-apresenta-olhares-de-19-artistas-que-pintaram-a-romaria-dagonia\/#primaryimage"},"thumbnailUrl":"https:\/\/www.altominho.tv\/site\/wp-content\/uploads\/2020\/08\/Vianafestas-Romaria-dAgonia-Direitos-reservados12.jpg","keywords":["Cultura","Sociedade"],"articleSection":["Viana do Castelo"],"inLanguage":"pt-PT","copyrightYear":"2020","copyrightHolder":{"@id":"https:\/\/www.altominho.tv\/site\/#organization"}},{"@type":"WebPage","@id":"https:\/\/www.altominho.tv\/site\/2020\/08\/07\/exposicao-de-pintura-pintar-a-festa-apresenta-olhares-de-19-artistas-que-pintaram-a-romaria-dagonia\/","url":"https:\/\/www.altominho.tv\/site\/2020\/08\/07\/exposicao-de-pintura-pintar-a-festa-apresenta-olhares-de-19-artistas-que-pintaram-a-romaria-dagonia\/","name":"Exposi\u00e7\u00e3o de pintura \u201cPintar a Festa\u201d apresenta olhares de 19 artistas que pintaram a Romaria d\u2019Agonia","isPartOf":{"@id":"https:\/\/www.altominho.tv\/site\/#website"},"primaryImageOfPage":{"@id":"https:\/\/www.altominho.tv\/site\/2020\/08\/07\/exposicao-de-pintura-pintar-a-festa-apresenta-olhares-de-19-artistas-que-pintaram-a-romaria-dagonia\/#primaryimage"},"image":{"@id":"https:\/\/www.altominho.tv\/site\/2020\/08\/07\/exposicao-de-pintura-pintar-a-festa-apresenta-olhares-de-19-artistas-que-pintaram-a-romaria-dagonia\/#primaryimage"},"thumbnailUrl":"https:\/\/www.altominho.tv\/site\/wp-content\/uploads\/2020\/08\/Vianafestas-Romaria-dAgonia-Direitos-reservados12.jpg","datePublished":"2020-08-07T08:30:07+00:00","dateModified":"2020-08-07T08:30:11+00:00","author":{"@id":"https:\/\/www.altominho.tv\/site\/#\/schema\/person\/a0e4ef6d041f98ca284393d8f1d97153"},"breadcrumb":{"@id":"https:\/\/www.altominho.tv\/site\/2020\/08\/07\/exposicao-de-pintura-pintar-a-festa-apresenta-olhares-de-19-artistas-que-pintaram-a-romaria-dagonia\/#breadcrumb"},"inLanguage":"pt-PT","potentialAction":[{"@type":"ReadAction","target":["https:\/\/www.altominho.tv\/site\/2020\/08\/07\/exposicao-de-pintura-pintar-a-festa-apresenta-olhares-de-19-artistas-que-pintaram-a-romaria-dagonia\/"]}]},{"@type":"ImageObject","inLanguage":"pt-PT","@id":"https:\/\/www.altominho.tv\/site\/2020\/08\/07\/exposicao-de-pintura-pintar-a-festa-apresenta-olhares-de-19-artistas-que-pintaram-a-romaria-dagonia\/#primaryimage","url":"https:\/\/www.altominho.tv\/site\/wp-content\/uploads\/2020\/08\/Vianafestas-Romaria-dAgonia-Direitos-reservados12.jpg","contentUrl":"https:\/\/www.altominho.tv\/site\/wp-content\/uploads\/2020\/08\/Vianafestas-Romaria-dAgonia-Direitos-reservados12.jpg","width":730,"height":487},{"@type":"BreadcrumbList","@id":"https:\/\/www.altominho.tv\/site\/2020\/08\/07\/exposicao-de-pintura-pintar-a-festa-apresenta-olhares-de-19-artistas-que-pintaram-a-romaria-dagonia\/#breadcrumb","itemListElement":[{"@type":"ListItem","position":1,"name":"In\u00edcio","item":"https:\/\/www.altominho.tv\/site\/"},{"@type":"ListItem","position":2,"name":"Exposi\u00e7\u00e3o de pintura \u201cPintar a Festa\u201d apresenta olhares de 19 artistas que pintaram a Romaria d\u2019Agonia"}]},{"@type":"WebSite","@id":"https:\/\/www.altominho.tv\/site\/#website","url":"https:\/\/www.altominho.tv\/site\/","name":"Altominho.tv","description":"A sua regi\u00e3o \u00e0 dist\u00e2ncia de um clique...","potentialAction":[{"@type":"SearchAction","target":{"@type":"EntryPoint","urlTemplate":"https:\/\/www.altominho.tv\/site\/?s={search_term_string}"},"query-input":{"@type":"PropertyValueSpecification","valueRequired":true,"valueName":"search_term_string"}}],"inLanguage":"pt-PT"},{"@type":"Person","@id":"https:\/\/www.altominho.tv\/site\/#\/schema\/person\/a0e4ef6d041f98ca284393d8f1d97153","name":"Andreia Cunha","image":{"@type":"ImageObject","inLanguage":"pt-PT","@id":"https:\/\/www.altominho.tv\/site\/wp-content\/uploads\/2017\/11\/Andreia_Cunha-1-150x150.jpg","url":"https:\/\/www.altominho.tv\/site\/wp-content\/uploads\/2017\/11\/Andreia_Cunha-1-150x150.jpg","contentUrl":"https:\/\/www.altominho.tv\/site\/wp-content\/uploads\/2017\/11\/Andreia_Cunha-1-150x150.jpg","caption":"Andreia Cunha"},"url":"https:\/\/www.altominho.tv\/site\/author\/andreiacunha\/"}]}},"_links":{"self":[{"href":"https:\/\/www.altominho.tv\/site\/wp-json\/wp\/v2\/posts\/50293","targetHints":{"allow":["GET"]}}],"collection":[{"href":"https:\/\/www.altominho.tv\/site\/wp-json\/wp\/v2\/posts"}],"about":[{"href":"https:\/\/www.altominho.tv\/site\/wp-json\/wp\/v2\/types\/post"}],"author":[{"embeddable":true,"href":"https:\/\/www.altominho.tv\/site\/wp-json\/wp\/v2\/users\/7"}],"replies":[{"embeddable":true,"href":"https:\/\/www.altominho.tv\/site\/wp-json\/wp\/v2\/comments?post=50293"}],"version-history":[{"count":0,"href":"https:\/\/www.altominho.tv\/site\/wp-json\/wp\/v2\/posts\/50293\/revisions"}],"wp:featuredmedia":[{"embeddable":true,"href":"https:\/\/www.altominho.tv\/site\/wp-json\/wp\/v2\/media\/50295"}],"wp:attachment":[{"href":"https:\/\/www.altominho.tv\/site\/wp-json\/wp\/v2\/media?parent=50293"}],"wp:term":[{"taxonomy":"category","embeddable":true,"href":"https:\/\/www.altominho.tv\/site\/wp-json\/wp\/v2\/categories?post=50293"},{"taxonomy":"post_tag","embeddable":true,"href":"https:\/\/www.altominho.tv\/site\/wp-json\/wp\/v2\/tags?post=50293"}],"curies":[{"name":"wp","href":"https:\/\/api.w.org\/{rel}","templated":true}]}}