{"id":50266,"date":"2020-08-05T17:59:49","date_gmt":"2020-08-05T16:59:49","guid":{"rendered":"http:\/\/www.altominho.tv\/site\/?p=50266"},"modified":"2020-08-05T22:30:27","modified_gmt":"2020-08-05T21:30:27","slug":"executivo-melgacense-contra-instalacao-da-linha-dupla-de-alta-tensao-no-concelho","status":"publish","type":"post","link":"https:\/\/www.altominho.tv\/site\/2020\/08\/05\/executivo-melgacense-contra-instalacao-da-linha-dupla-de-alta-tensao-no-concelho\/","title":{"rendered":"Executivo Melgacense contra instala\u00e7\u00e3o da linha dupla de alta tens\u00e3o no concelho"},"content":{"rendered":"<p>A C\u00e2mara de Melga\u00e7o rejeitou, por unanimidade, a passagem de uma linha de muito alta tens\u00e3o na freguesia de Penso, com liga\u00e7\u00e3o \u00e0 Galiza, por considerar que &#8220;causaria danos irrepar\u00e1veis&#8221; no ambiente, informou hoje a autarquia.<\/p>\n<p>O projeto visa <a href=\"\/\/www.altominho.tv\/site\/2020\/05\/19\/linha-de-muito-alta-tensao-entre-ponte-de-lima-e-famalicao-ja-esta-em-construcao-e-suspensao-dos-trabalhos-nao-sera-opcao-do-governo\/\">a constru\u00e7\u00e3o de uma nova linha dupla trif\u00e1sica, de muito alta tens\u00e3o, entre a subesta\u00e7\u00e3o de \u201cVila Fria\u201d, em Ponte de Lima e a rede el\u00e9trica de Espanha<\/a> (REE).<\/p>\n<p>Em comunicado hoje enviado \u00e0 imprensa, o munic\u00edpio, presidido por Manoel Batista, explicou que o projeto &#8220;visa a constru\u00e7\u00e3o de uma nova linha dupla trif\u00e1sica, de muito alta tens\u00e3o, entre a subesta\u00e7\u00e3o de Vila Fria, em Ponte de Lima e a Rede El\u00e9trica de Espanha (REE)&#8221;.<\/p>\n<p>Em Portugal, a \u00e1rea de implanta\u00e7\u00e3o abrange sete concelhos &#8211; Vila Verde, no distrito de Braga e Ponte de Lima, Ponte da Barca, Arcos de Valdevez, Paredes de Coura, Mon\u00e7\u00e3o e Melga\u00e7o, no distrito de Viana do Castelo &#8211; e um total de 60 freguesias.<\/p>\n<p>A C\u00e2mara de Melga\u00e7o revelou esta quarta-feira que o projeto prev\u00ea a passagem &#8220;numa determinada \u00e1rea da freguesia de Penso&#8221;.<\/p>\n<p>&#8220;<strong>O munic\u00edpio de Melga\u00e7o considera que o tra\u00e7ado apresentado pode colocar em causa a aposta que tem realizado na zona ribeirinha do concelho, ao longo dos \u00faltimos anos, e que \u00e9 estruturante no desenvolvimento econ\u00f3mico, nomeadamente no que respeita ao turismo e ao alvarinho, \u00e1reas que t\u00eam despertado o interesse junto de empreendedores e de turistas<\/strong>&#8220;.<\/p>\n<p>Para a autarquia &#8220;a proposta de linha dupla de Ponte de Lima &#8211; Fonte Fria atravessa a Rede Natura 2000 &#8211; zona especial de conserva\u00e7\u00e3o do rio Minho e a Reserva da Biosfera Transfronteiri\u00e7a Ger\u00eas-Xur\u00eas onde est\u00e3o identificadas 25 esp\u00e9cies da fauna listadas no anexo II da diretiva &#8220;Habitats&#8221;.<\/p>\n<p>A autarquia &#8220;salienta que a constru\u00e7\u00e3o da linha causaria danos irrepar\u00e1veis nas esp\u00e9cies e habitats desta \u00e1rea&#8221;.<\/p>\n<p>Na nota, o munic\u00edpio adiantou que, em junho, em reuni\u00e3o da Assembleia Municipal, foi apresentada uma mo\u00e7\u00e3o de censura que real\u00e7a que a implanta\u00e7\u00e3o daquela linha, no terreno, &#8220;<strong>trar\u00e1 impactes negativos que importa, em tempo \u00fatil, equacionar, ponderar, minimizar e, se poss\u00edvel, colmatar<\/strong>&#8220;.<\/p>\n<p>O documento alerta ser &#8220;premente garantir que a implementa\u00e7\u00e3o do projeto n\u00e3o prejudica nem compromete a vida das popula\u00e7\u00f5es destas zonas&#8221;.<\/p>\n<p>Em causa est\u00e1 a constru\u00e7\u00e3o de uma linha el\u00e9trica de 400 kV desde Fonte Fria, em territ\u00f3rio galego, Espanha, at\u00e9 \u00e0 fronteira portuguesa, com o seu prolongamento \u00e0 rede el\u00e9trica nacional, no \u00e2mbito da Rede Nacional de Transporte operada pela empresa REN.<\/p>\n<p>Em 2015, o projeto foi &#8220;recalendarizado&#8221; para ser submetido a novos estudos.<br \/>\nDe acordo com o Estudo de Impacto Ambiental, o tro\u00e7o nacional deste projeto prev\u00ea a constru\u00e7\u00e3o de duas novas linhas duplas trif\u00e1sicas de 400 kV, atravessando, potencialmente, 121 freguesias.<\/p>\n<p>O projeto esteve em consulta p\u00fablica entre 15 de junho e 24 de julho.<\/p>\n<p>A proximidade desta linha, a\u00e9rea, \u00e0s casas, as consequ\u00eancias dos campos eletromagn\u00e9ticos gerados na sa\u00fade humana ou o impacto visual de torres 75 metros com margens de seguran\u00e7a de 45 metros para cada lado s\u00e3o as principais preocupa\u00e7\u00f5es das popula\u00e7\u00f5es de ambos os lados da fronteira.<\/p>\n<p>Recorde-se que os munic\u00edpios de <a href=\"\/\/www.altominho.tv\/site\/2020\/07\/30\/moncao-vai-lutar-com-todas-as-armas-contra-instalacao-de-linha-de-alta-tensao\/\">Mon\u00e7\u00e3o<\/a>, <a href=\"\/\/www.altominho.tv\/site\/2020\/07\/24\/municipio-de-arcos-de-valdevez-pronuncia-se-contra-a-proposta-da-linha-de-muita-alta-tensao-no-concelho\/\">Arcos de Valdevez<\/a> e <a href=\"\/\/www.altominho.tv\/site\/2020\/07\/27\/ponte-de-lima-rejeita-linha-de-alta-tensao-que-atravessa-concelho-ate-a-galiza\/\">Ponte de Lima<\/a> j\u00e1 tinham manifestado o desacordo em rela\u00e7\u00e3o \u00e0 instala\u00e7\u00e3o desta linha dupla de muito alta tens\u00e3o.<\/p>\n","protected":false},"excerpt":{"rendered":"<p>A C\u00e2mara de Melga\u00e7o rejeitou, por unanimidade, a passagem de uma linha de muito alta tens\u00e3o na freguesia de Penso, com liga\u00e7\u00e3o \u00e0 Galiza, por considerar que &#8220;causaria danos irrepar\u00e1veis&#8221; no ambiente, informou hoje a autarquia. O projeto visa a constru\u00e7\u00e3o de uma nova linha dupla trif\u00e1sica, de muito alta tens\u00e3o, entre a subesta\u00e7\u00e3o de [&hellip;]<\/p>\n","protected":false},"author":1,"featured_media":49665,"comment_status":"closed","ping_status":"closed","sticky":false,"template":"","format":"standard","meta":{"_exactmetrics_skip_tracking":false,"_exactmetrics_sitenote_active":false,"_exactmetrics_sitenote_note":"","_exactmetrics_sitenote_category":0,"footnotes":""},"categories":[8],"tags":[27],"class_list":["post-50266","post","type-post","status-publish","format-standard","has-post-thumbnail","hentry","category-melgaco","tag-sociedade"],"yoast_head":"<!-- This site is optimized with the Yoast SEO Premium plugin v27.4 (Yoast SEO v27.4) - https:\/\/yoast.com\/product\/yoast-seo-premium-wordpress\/ -->\n<title>Executivo Melgacense contra instala\u00e7\u00e3o da linha dupla de alta tens\u00e3o no concelho<\/title>\n<meta name=\"robots\" content=\"index, follow, max-snippet:-1, max-image-preview:large, max-video-preview:-1\" \/>\n<link rel=\"canonical\" href=\"https:\/\/www.altominho.tv\/site\/2020\/08\/05\/executivo-melgacense-contra-instalacao-da-linha-dupla-de-alta-tensao-no-concelho\/\" \/>\n<meta property=\"og:locale\" content=\"pt_PT\" \/>\n<meta property=\"og:type\" content=\"article\" \/>\n<meta property=\"og:title\" content=\"Executivo Melgacense contra instala\u00e7\u00e3o da linha dupla de alta tens\u00e3o no concelho\" \/>\n<meta property=\"og:description\" content=\"A C\u00e2mara de Melga\u00e7o rejeitou, por unanimidade, a passagem de uma linha de muito alta tens\u00e3o na freguesia de Penso, com liga\u00e7\u00e3o \u00e0 Galiza, por considerar que &#8220;causaria danos irrepar\u00e1veis&#8221; no ambiente, informou hoje a autarquia. O projeto visa a constru\u00e7\u00e3o de uma nova linha dupla trif\u00e1sica, de muito alta tens\u00e3o, entre a subesta\u00e7\u00e3o de [&hellip;]\" \/>\n<meta property=\"og:url\" content=\"https:\/\/www.altominho.tv\/site\/2020\/08\/05\/executivo-melgacense-contra-instalacao-da-linha-dupla-de-alta-tensao-no-concelho\/\" \/>\n<meta property=\"og:site_name\" content=\"Altominho.tv\" \/>\n<meta property=\"article:publisher\" content=\"https:\/\/www.facebook.com\/altominhotv\" \/>\n<meta property=\"article:published_time\" content=\"2020-08-05T16:59:49+00:00\" \/>\n<meta property=\"article:modified_time\" content=\"2020-08-05T21:30:27+00:00\" \/>\n<meta property=\"og:image\" content=\"https:\/\/www.altominho.tv\/site\/wp-content\/uploads\/2020\/07\/Muitoaltatensa\u0303o.jpg\" \/>\n\t<meta property=\"og:image:width\" content=\"1920\" \/>\n\t<meta property=\"og:image:height\" content=\"1080\" \/>\n\t<meta property=\"og:image:type\" content=\"image\/jpeg\" \/>\n<meta name=\"author\" content=\"Altominho.tv\" \/>\n<meta name=\"twitter:card\" content=\"summary_large_image\" \/>\n<meta name=\"twitter:creator\" content=\"@altominhoTV\" \/>\n<meta name=\"twitter:site\" content=\"@altominhoTV\" \/>\n<meta name=\"twitter:label1\" content=\"Escrito por\" \/>\n\t<meta name=\"twitter:data1\" content=\"Altominho.tv\" \/>\n\t<meta name=\"twitter:label2\" content=\"Tempo estimado de leitura\" \/>\n\t<meta name=\"twitter:data2\" content=\"3 minutos\" \/>\n<script type=\"application\/ld+json\" class=\"yoast-schema-graph\">{\"@context\":\"https:\\\/\\\/schema.org\",\"@graph\":[{\"@type\":\"Article\",\"@id\":\"https:\\\/\\\/www.altominho.tv\\\/site\\\/2020\\\/08\\\/05\\\/executivo-melgacense-contra-instalacao-da-linha-dupla-de-alta-tensao-no-concelho\\\/#article\",\"isPartOf\":{\"@id\":\"https:\\\/\\\/www.altominho.tv\\\/site\\\/2020\\\/08\\\/05\\\/executivo-melgacense-contra-instalacao-da-linha-dupla-de-alta-tensao-no-concelho\\\/\"},\"author\":{\"name\":\"Altominho.tv\",\"@id\":\"https:\\\/\\\/www.altominho.tv\\\/site\\\/#\\\/schema\\\/person\\\/4e536851627d7914baf3dac752b6af22\"},\"headline\":\"Executivo Melgacense contra instala\u00e7\u00e3o da linha dupla de alta tens\u00e3o no concelho\",\"datePublished\":\"2020-08-05T16:59:49+00:00\",\"dateModified\":\"2020-08-05T21:30:27+00:00\",\"mainEntityOfPage\":{\"@id\":\"https:\\\/\\\/www.altominho.tv\\\/site\\\/2020\\\/08\\\/05\\\/executivo-melgacense-contra-instalacao-da-linha-dupla-de-alta-tensao-no-concelho\\\/\"},\"wordCount\":599,\"image\":{\"@id\":\"https:\\\/\\\/www.altominho.tv\\\/site\\\/2020\\\/08\\\/05\\\/executivo-melgacense-contra-instalacao-da-linha-dupla-de-alta-tensao-no-concelho\\\/#primaryimage\"},\"thumbnailUrl\":\"https:\\\/\\\/www.altominho.tv\\\/site\\\/wp-content\\\/uploads\\\/2020\\\/07\\\/Muitoaltatensa\u0303o.jpg\",\"keywords\":[\"Sociedade\"],\"articleSection\":[\"Melga\u00e7o\"],\"inLanguage\":\"pt-PT\",\"copyrightYear\":\"2020\",\"copyrightHolder\":{\"@id\":\"https:\\\/\\\/www.altominho.tv\\\/site\\\/#organization\"}},{\"@type\":\"WebPage\",\"@id\":\"https:\\\/\\\/www.altominho.tv\\\/site\\\/2020\\\/08\\\/05\\\/executivo-melgacense-contra-instalacao-da-linha-dupla-de-alta-tensao-no-concelho\\\/\",\"url\":\"https:\\\/\\\/www.altominho.tv\\\/site\\\/2020\\\/08\\\/05\\\/executivo-melgacense-contra-instalacao-da-linha-dupla-de-alta-tensao-no-concelho\\\/\",\"name\":\"Executivo Melgacense contra instala\u00e7\u00e3o da linha dupla de alta tens\u00e3o no concelho\",\"isPartOf\":{\"@id\":\"https:\\\/\\\/www.altominho.tv\\\/site\\\/#website\"},\"primaryImageOfPage\":{\"@id\":\"https:\\\/\\\/www.altominho.tv\\\/site\\\/2020\\\/08\\\/05\\\/executivo-melgacense-contra-instalacao-da-linha-dupla-de-alta-tensao-no-concelho\\\/#primaryimage\"},\"image\":{\"@id\":\"https:\\\/\\\/www.altominho.tv\\\/site\\\/2020\\\/08\\\/05\\\/executivo-melgacense-contra-instalacao-da-linha-dupla-de-alta-tensao-no-concelho\\\/#primaryimage\"},\"thumbnailUrl\":\"https:\\\/\\\/www.altominho.tv\\\/site\\\/wp-content\\\/uploads\\\/2020\\\/07\\\/Muitoaltatensa\u0303o.jpg\",\"datePublished\":\"2020-08-05T16:59:49+00:00\",\"dateModified\":\"2020-08-05T21:30:27+00:00\",\"author\":{\"@id\":\"https:\\\/\\\/www.altominho.tv\\\/site\\\/#\\\/schema\\\/person\\\/4e536851627d7914baf3dac752b6af22\"},\"breadcrumb\":{\"@id\":\"https:\\\/\\\/www.altominho.tv\\\/site\\\/2020\\\/08\\\/05\\\/executivo-melgacense-contra-instalacao-da-linha-dupla-de-alta-tensao-no-concelho\\\/#breadcrumb\"},\"inLanguage\":\"pt-PT\",\"potentialAction\":[{\"@type\":\"ReadAction\",\"target\":[\"https:\\\/\\\/www.altominho.tv\\\/site\\\/2020\\\/08\\\/05\\\/executivo-melgacense-contra-instalacao-da-linha-dupla-de-alta-tensao-no-concelho\\\/\"]}]},{\"@type\":\"ImageObject\",\"inLanguage\":\"pt-PT\",\"@id\":\"https:\\\/\\\/www.altominho.tv\\\/site\\\/2020\\\/08\\\/05\\\/executivo-melgacense-contra-instalacao-da-linha-dupla-de-alta-tensao-no-concelho\\\/#primaryimage\",\"url\":\"https:\\\/\\\/www.altominho.tv\\\/site\\\/wp-content\\\/uploads\\\/2020\\\/07\\\/Muitoaltatensa\u0303o.jpg\",\"contentUrl\":\"https:\\\/\\\/www.altominho.tv\\\/site\\\/wp-content\\\/uploads\\\/2020\\\/07\\\/Muitoaltatensa\u0303o.jpg\",\"width\":1920,\"height\":1080},{\"@type\":\"BreadcrumbList\",\"@id\":\"https:\\\/\\\/www.altominho.tv\\\/site\\\/2020\\\/08\\\/05\\\/executivo-melgacense-contra-instalacao-da-linha-dupla-de-alta-tensao-no-concelho\\\/#breadcrumb\",\"itemListElement\":[{\"@type\":\"ListItem\",\"position\":1,\"name\":\"In\u00edcio\",\"item\":\"https:\\\/\\\/www.altominho.tv\\\/site\\\/\"},{\"@type\":\"ListItem\",\"position\":2,\"name\":\"Executivo Melgacense contra instala\u00e7\u00e3o da linha dupla de alta tens\u00e3o no concelho\"}]},{\"@type\":\"WebSite\",\"@id\":\"https:\\\/\\\/www.altominho.tv\\\/site\\\/#website\",\"url\":\"https:\\\/\\\/www.altominho.tv\\\/site\\\/\",\"name\":\"Altominho.tv\",\"description\":\"A sua regi\u00e3o \u00e0 dist\u00e2ncia de um clique...\",\"potentialAction\":[{\"@type\":\"SearchAction\",\"target\":{\"@type\":\"EntryPoint\",\"urlTemplate\":\"https:\\\/\\\/www.altominho.tv\\\/site\\\/?s={search_term_string}\"},\"query-input\":{\"@type\":\"PropertyValueSpecification\",\"valueRequired\":true,\"valueName\":\"search_term_string\"}}],\"inLanguage\":\"pt-PT\"},{\"@type\":\"Person\",\"@id\":\"https:\\\/\\\/www.altominho.tv\\\/site\\\/#\\\/schema\\\/person\\\/4e536851627d7914baf3dac752b6af22\",\"name\":\"Altominho.tv\",\"image\":{\"@type\":\"ImageObject\",\"inLanguage\":\"pt-PT\",\"@id\":\"https:\\\/\\\/www.altominho.tv\\\/site\\\/wp-content\\\/uploads\\\/2019\\\/11\\\/Logo_Avatar_2-150x150.jpg\",\"url\":\"https:\\\/\\\/www.altominho.tv\\\/site\\\/wp-content\\\/uploads\\\/2019\\\/11\\\/Logo_Avatar_2-150x150.jpg\",\"contentUrl\":\"https:\\\/\\\/www.altominho.tv\\\/site\\\/wp-content\\\/uploads\\\/2019\\\/11\\\/Logo_Avatar_2-150x150.jpg\",\"caption\":\"Altominho.tv\"},\"url\":\"https:\\\/\\\/www.altominho.tv\\\/site\\\/author\\\/altominhotv-tecnico\\\/\"}]}<\/script>\n<!-- \/ Yoast SEO Premium plugin. -->","yoast_head_json":{"title":"Executivo Melgacense contra instala\u00e7\u00e3o da linha dupla de alta tens\u00e3o no concelho","robots":{"index":"index","follow":"follow","max-snippet":"max-snippet:-1","max-image-preview":"max-image-preview:large","max-video-preview":"max-video-preview:-1"},"canonical":"https:\/\/www.altominho.tv\/site\/2020\/08\/05\/executivo-melgacense-contra-instalacao-da-linha-dupla-de-alta-tensao-no-concelho\/","og_locale":"pt_PT","og_type":"article","og_title":"Executivo Melgacense contra instala\u00e7\u00e3o da linha dupla de alta tens\u00e3o no concelho","og_description":"A C\u00e2mara de Melga\u00e7o rejeitou, por unanimidade, a passagem de uma linha de muito alta tens\u00e3o na freguesia de Penso, com liga\u00e7\u00e3o \u00e0 Galiza, por considerar que &#8220;causaria danos irrepar\u00e1veis&#8221; no ambiente, informou hoje a autarquia. O projeto visa a constru\u00e7\u00e3o de uma nova linha dupla trif\u00e1sica, de muito alta tens\u00e3o, entre a subesta\u00e7\u00e3o de [&hellip;]","og_url":"https:\/\/www.altominho.tv\/site\/2020\/08\/05\/executivo-melgacense-contra-instalacao-da-linha-dupla-de-alta-tensao-no-concelho\/","og_site_name":"Altominho.tv","article_publisher":"https:\/\/www.facebook.com\/altominhotv","article_published_time":"2020-08-05T16:59:49+00:00","article_modified_time":"2020-08-05T21:30:27+00:00","og_image":[{"width":1920,"height":1080,"url":"https:\/\/www.altominho.tv\/site\/wp-content\/uploads\/2020\/07\/Muitoaltatensa\u0303o.jpg","type":"image\/jpeg"}],"author":"Altominho.tv","twitter_card":"summary_large_image","twitter_creator":"@altominhoTV","twitter_site":"@altominhoTV","twitter_misc":{"Escrito por":"Altominho.tv","Tempo estimado de leitura":"3 minutos"},"schema":{"@context":"https:\/\/schema.org","@graph":[{"@type":"Article","@id":"https:\/\/www.altominho.tv\/site\/2020\/08\/05\/executivo-melgacense-contra-instalacao-da-linha-dupla-de-alta-tensao-no-concelho\/#article","isPartOf":{"@id":"https:\/\/www.altominho.tv\/site\/2020\/08\/05\/executivo-melgacense-contra-instalacao-da-linha-dupla-de-alta-tensao-no-concelho\/"},"author":{"name":"Altominho.tv","@id":"https:\/\/www.altominho.tv\/site\/#\/schema\/person\/4e536851627d7914baf3dac752b6af22"},"headline":"Executivo Melgacense contra instala\u00e7\u00e3o da linha dupla de alta tens\u00e3o no concelho","datePublished":"2020-08-05T16:59:49+00:00","dateModified":"2020-08-05T21:30:27+00:00","mainEntityOfPage":{"@id":"https:\/\/www.altominho.tv\/site\/2020\/08\/05\/executivo-melgacense-contra-instalacao-da-linha-dupla-de-alta-tensao-no-concelho\/"},"wordCount":599,"image":{"@id":"https:\/\/www.altominho.tv\/site\/2020\/08\/05\/executivo-melgacense-contra-instalacao-da-linha-dupla-de-alta-tensao-no-concelho\/#primaryimage"},"thumbnailUrl":"https:\/\/www.altominho.tv\/site\/wp-content\/uploads\/2020\/07\/Muitoaltatensa\u0303o.jpg","keywords":["Sociedade"],"articleSection":["Melga\u00e7o"],"inLanguage":"pt-PT","copyrightYear":"2020","copyrightHolder":{"@id":"https:\/\/www.altominho.tv\/site\/#organization"}},{"@type":"WebPage","@id":"https:\/\/www.altominho.tv\/site\/2020\/08\/05\/executivo-melgacense-contra-instalacao-da-linha-dupla-de-alta-tensao-no-concelho\/","url":"https:\/\/www.altominho.tv\/site\/2020\/08\/05\/executivo-melgacense-contra-instalacao-da-linha-dupla-de-alta-tensao-no-concelho\/","name":"Executivo Melgacense contra instala\u00e7\u00e3o da linha dupla de alta tens\u00e3o no concelho","isPartOf":{"@id":"https:\/\/www.altominho.tv\/site\/#website"},"primaryImageOfPage":{"@id":"https:\/\/www.altominho.tv\/site\/2020\/08\/05\/executivo-melgacense-contra-instalacao-da-linha-dupla-de-alta-tensao-no-concelho\/#primaryimage"},"image":{"@id":"https:\/\/www.altominho.tv\/site\/2020\/08\/05\/executivo-melgacense-contra-instalacao-da-linha-dupla-de-alta-tensao-no-concelho\/#primaryimage"},"thumbnailUrl":"https:\/\/www.altominho.tv\/site\/wp-content\/uploads\/2020\/07\/Muitoaltatensa\u0303o.jpg","datePublished":"2020-08-05T16:59:49+00:00","dateModified":"2020-08-05T21:30:27+00:00","author":{"@id":"https:\/\/www.altominho.tv\/site\/#\/schema\/person\/4e536851627d7914baf3dac752b6af22"},"breadcrumb":{"@id":"https:\/\/www.altominho.tv\/site\/2020\/08\/05\/executivo-melgacense-contra-instalacao-da-linha-dupla-de-alta-tensao-no-concelho\/#breadcrumb"},"inLanguage":"pt-PT","potentialAction":[{"@type":"ReadAction","target":["https:\/\/www.altominho.tv\/site\/2020\/08\/05\/executivo-melgacense-contra-instalacao-da-linha-dupla-de-alta-tensao-no-concelho\/"]}]},{"@type":"ImageObject","inLanguage":"pt-PT","@id":"https:\/\/www.altominho.tv\/site\/2020\/08\/05\/executivo-melgacense-contra-instalacao-da-linha-dupla-de-alta-tensao-no-concelho\/#primaryimage","url":"https:\/\/www.altominho.tv\/site\/wp-content\/uploads\/2020\/07\/Muitoaltatensa\u0303o.jpg","contentUrl":"https:\/\/www.altominho.tv\/site\/wp-content\/uploads\/2020\/07\/Muitoaltatensa\u0303o.jpg","width":1920,"height":1080},{"@type":"BreadcrumbList","@id":"https:\/\/www.altominho.tv\/site\/2020\/08\/05\/executivo-melgacense-contra-instalacao-da-linha-dupla-de-alta-tensao-no-concelho\/#breadcrumb","itemListElement":[{"@type":"ListItem","position":1,"name":"In\u00edcio","item":"https:\/\/www.altominho.tv\/site\/"},{"@type":"ListItem","position":2,"name":"Executivo Melgacense contra instala\u00e7\u00e3o da linha dupla de alta tens\u00e3o no concelho"}]},{"@type":"WebSite","@id":"https:\/\/www.altominho.tv\/site\/#website","url":"https:\/\/www.altominho.tv\/site\/","name":"Altominho.tv","description":"A sua regi\u00e3o \u00e0 dist\u00e2ncia de um clique...","potentialAction":[{"@type":"SearchAction","target":{"@type":"EntryPoint","urlTemplate":"https:\/\/www.altominho.tv\/site\/?s={search_term_string}"},"query-input":{"@type":"PropertyValueSpecification","valueRequired":true,"valueName":"search_term_string"}}],"inLanguage":"pt-PT"},{"@type":"Person","@id":"https:\/\/www.altominho.tv\/site\/#\/schema\/person\/4e536851627d7914baf3dac752b6af22","name":"Altominho.tv","image":{"@type":"ImageObject","inLanguage":"pt-PT","@id":"https:\/\/www.altominho.tv\/site\/wp-content\/uploads\/2019\/11\/Logo_Avatar_2-150x150.jpg","url":"https:\/\/www.altominho.tv\/site\/wp-content\/uploads\/2019\/11\/Logo_Avatar_2-150x150.jpg","contentUrl":"https:\/\/www.altominho.tv\/site\/wp-content\/uploads\/2019\/11\/Logo_Avatar_2-150x150.jpg","caption":"Altominho.tv"},"url":"https:\/\/www.altominho.tv\/site\/author\/altominhotv-tecnico\/"}]}},"_links":{"self":[{"href":"https:\/\/www.altominho.tv\/site\/wp-json\/wp\/v2\/posts\/50266","targetHints":{"allow":["GET"]}}],"collection":[{"href":"https:\/\/www.altominho.tv\/site\/wp-json\/wp\/v2\/posts"}],"about":[{"href":"https:\/\/www.altominho.tv\/site\/wp-json\/wp\/v2\/types\/post"}],"author":[{"embeddable":true,"href":"https:\/\/www.altominho.tv\/site\/wp-json\/wp\/v2\/users\/1"}],"replies":[{"embeddable":true,"href":"https:\/\/www.altominho.tv\/site\/wp-json\/wp\/v2\/comments?post=50266"}],"version-history":[{"count":0,"href":"https:\/\/www.altominho.tv\/site\/wp-json\/wp\/v2\/posts\/50266\/revisions"}],"wp:featuredmedia":[{"embeddable":true,"href":"https:\/\/www.altominho.tv\/site\/wp-json\/wp\/v2\/media\/49665"}],"wp:attachment":[{"href":"https:\/\/www.altominho.tv\/site\/wp-json\/wp\/v2\/media?parent=50266"}],"wp:term":[{"taxonomy":"category","embeddable":true,"href":"https:\/\/www.altominho.tv\/site\/wp-json\/wp\/v2\/categories?post=50266"},{"taxonomy":"post_tag","embeddable":true,"href":"https:\/\/www.altominho.tv\/site\/wp-json\/wp\/v2\/tags?post=50266"}],"curies":[{"name":"wp","href":"https:\/\/api.w.org\/{rel}","templated":true}]}}