{"id":50258,"date":"2020-08-05T17:20:32","date_gmt":"2020-08-05T16:20:32","guid":{"rendered":"http:\/\/www.altominho.tv\/site\/?p=50258"},"modified":"2020-08-05T17:22:27","modified_gmt":"2020-08-05T16:22:27","slug":"homem-de-52-anos-detido-por-trafico-de-droga-em-valenca","status":"publish","type":"post","link":"https:\/\/www.altominho.tv\/site\/2020\/08\/05\/homem-de-52-anos-detido-por-trafico-de-droga-em-valenca\/","title":{"rendered":"Homem de 52 anos detido por tr\u00e1fico de droga em Valen\u00e7a"},"content":{"rendered":"<p>GNR deteve um homem de 52 anos, por tr\u00e1fico de estupefacientes, no concelho de Valen\u00e7a, tendo apreendido plantas de cannabis que corresponderiam a 3.300 doses de droga, informou hoje aquela for\u00e7a policial.<\/p>\n<p>O Comando Territorial da GNR Viana do Castelo, explicou em comunicado, que a dete\u00e7\u00e3o resultou de &#8220;uma den\u00fancia sobre o cultivo de plantas de cannabis localizadas numa moradia&#8221;.<\/p>\n<p>&#8220;Os militares da Guarda apuraram que havia uma planta\u00e7\u00e3o dissimulada na propriedade. No decorrer das dilig\u00eancias policiais, foram apreendidas cinco plantas de cannabis que, ap\u00f3s secagem e transforma\u00e7\u00e3o, corresponderiam a mais de 3.300 doses de droga&#8221;, especifica a nota.<\/p>\n<p>O propriet\u00e1rio do terreno foi constitu\u00eddo arguido e os factos remetidos para o Tribunal Judicial de Valen\u00e7a.<\/p>\n","protected":false},"excerpt":{"rendered":"<p>GNR deteve um homem de 52 anos, por tr\u00e1fico de estupefacientes, no concelho de Valen\u00e7a, tendo apreendido plantas de cannabis que corresponderiam a 3.300 doses de droga, informou hoje aquela for\u00e7a policial. O Comando Territorial da GNR Viana do Castelo, explicou em comunicado, que a dete\u00e7\u00e3o resultou de &#8220;uma den\u00fancia sobre o cultivo de plantas [&hellip;]<\/p>\n","protected":false},"author":13,"featured_media":50260,"comment_status":"closed","ping_status":"closed","sticky":false,"template":"","format":"standard","meta":{"_exactmetrics_skip_tracking":false,"_exactmetrics_sitenote_active":false,"_exactmetrics_sitenote_note":"","_exactmetrics_sitenote_category":0,"footnotes":""},"categories":[13],"tags":[27],"class_list":["post-50258","post","type-post","status-publish","format-standard","has-post-thumbnail","hentry","category-valenca","tag-sociedade"],"yoast_head":"<!-- This site is optimized with the Yoast SEO Premium plugin v27.4 (Yoast SEO v27.4) - https:\/\/yoast.com\/product\/yoast-seo-premium-wordpress\/ -->\n<title>Homem de 52 anos detido por tr\u00e1fico de droga em Valen\u00e7a<\/title>\n<meta name=\"robots\" content=\"index, follow, max-snippet:-1, max-image-preview:large, max-video-preview:-1\" \/>\n<link rel=\"canonical\" href=\"https:\/\/www.altominho.tv\/site\/2020\/08\/05\/homem-de-52-anos-detido-por-trafico-de-droga-em-valenca\/\" \/>\n<meta property=\"og:locale\" content=\"pt_PT\" \/>\n<meta property=\"og:type\" content=\"article\" \/>\n<meta property=\"og:title\" content=\"Homem de 52 anos detido por tr\u00e1fico de droga em Valen\u00e7a\" \/>\n<meta property=\"og:description\" content=\"GNR deteve um homem de 52 anos, por tr\u00e1fico de estupefacientes, no concelho de Valen\u00e7a, tendo apreendido plantas de cannabis que corresponderiam a 3.300 doses de droga, informou hoje aquela for\u00e7a policial. O Comando Territorial da GNR Viana do Castelo, explicou em comunicado, que a dete\u00e7\u00e3o resultou de &#8220;uma den\u00fancia sobre o cultivo de plantas [&hellip;]\" \/>\n<meta property=\"og:url\" content=\"https:\/\/www.altominho.tv\/site\/2020\/08\/05\/homem-de-52-anos-detido-por-trafico-de-droga-em-valenca\/\" \/>\n<meta property=\"og:site_name\" content=\"Altominho.tv\" \/>\n<meta property=\"article:publisher\" content=\"https:\/\/www.facebook.com\/altominhotv\" \/>\n<meta property=\"article:published_time\" content=\"2020-08-05T16:20:32+00:00\" \/>\n<meta property=\"article:modified_time\" content=\"2020-08-05T16:22:27+00:00\" \/>\n<meta property=\"og:image\" content=\"https:\/\/www.altominho.tv\/site\/wp-content\/uploads\/2020\/08\/Cultivo_cannabis_moradia.jpg\" \/>\n\t<meta property=\"og:image:width\" content=\"900\" \/>\n\t<meta property=\"og:image:height\" content=\"471\" \/>\n\t<meta property=\"og:image:type\" content=\"image\/jpeg\" \/>\n<meta name=\"author\" content=\"Lusa\" \/>\n<meta name=\"twitter:card\" content=\"summary_large_image\" \/>\n<meta name=\"twitter:creator\" content=\"@altominhoTV\" \/>\n<meta name=\"twitter:site\" content=\"@altominhoTV\" \/>\n<meta name=\"twitter:label1\" content=\"Escrito por\" \/>\n\t<meta name=\"twitter:data1\" content=\"Lusa\" \/>\n\t<meta name=\"twitter:label2\" content=\"Tempo estimado de leitura\" \/>\n\t<meta name=\"twitter:data2\" content=\"1 minuto\" \/>\n<script type=\"application\/ld+json\" class=\"yoast-schema-graph\">{\"@context\":\"https:\\\/\\\/schema.org\",\"@graph\":[{\"@type\":\"Article\",\"@id\":\"https:\\\/\\\/www.altominho.tv\\\/site\\\/2020\\\/08\\\/05\\\/homem-de-52-anos-detido-por-trafico-de-droga-em-valenca\\\/#article\",\"isPartOf\":{\"@id\":\"https:\\\/\\\/www.altominho.tv\\\/site\\\/2020\\\/08\\\/05\\\/homem-de-52-anos-detido-por-trafico-de-droga-em-valenca\\\/\"},\"author\":{\"name\":\"Lusa\",\"@id\":\"https:\\\/\\\/www.altominho.tv\\\/site\\\/#\\\/schema\\\/person\\\/63f693da3e1899361cbe955c46f3232e\"},\"headline\":\"Homem de 52 anos detido por tr\u00e1fico de droga em Valen\u00e7a\",\"datePublished\":\"2020-08-05T16:20:32+00:00\",\"dateModified\":\"2020-08-05T16:22:27+00:00\",\"mainEntityOfPage\":{\"@id\":\"https:\\\/\\\/www.altominho.tv\\\/site\\\/2020\\\/08\\\/05\\\/homem-de-52-anos-detido-por-trafico-de-droga-em-valenca\\\/\"},\"wordCount\":137,\"image\":{\"@id\":\"https:\\\/\\\/www.altominho.tv\\\/site\\\/2020\\\/08\\\/05\\\/homem-de-52-anos-detido-por-trafico-de-droga-em-valenca\\\/#primaryimage\"},\"thumbnailUrl\":\"https:\\\/\\\/www.altominho.tv\\\/site\\\/wp-content\\\/uploads\\\/2020\\\/08\\\/Cultivo_cannabis_moradia.jpg\",\"keywords\":[\"Sociedade\"],\"articleSection\":[\"Valen\u00e7a\"],\"inLanguage\":\"pt-PT\",\"copyrightYear\":\"2020\",\"copyrightHolder\":{\"@id\":\"https:\\\/\\\/www.altominho.tv\\\/site\\\/#organization\"}},{\"@type\":\"WebPage\",\"@id\":\"https:\\\/\\\/www.altominho.tv\\\/site\\\/2020\\\/08\\\/05\\\/homem-de-52-anos-detido-por-trafico-de-droga-em-valenca\\\/\",\"url\":\"https:\\\/\\\/www.altominho.tv\\\/site\\\/2020\\\/08\\\/05\\\/homem-de-52-anos-detido-por-trafico-de-droga-em-valenca\\\/\",\"name\":\"Homem de 52 anos detido por tr\u00e1fico de droga em Valen\u00e7a\",\"isPartOf\":{\"@id\":\"https:\\\/\\\/www.altominho.tv\\\/site\\\/#website\"},\"primaryImageOfPage\":{\"@id\":\"https:\\\/\\\/www.altominho.tv\\\/site\\\/2020\\\/08\\\/05\\\/homem-de-52-anos-detido-por-trafico-de-droga-em-valenca\\\/#primaryimage\"},\"image\":{\"@id\":\"https:\\\/\\\/www.altominho.tv\\\/site\\\/2020\\\/08\\\/05\\\/homem-de-52-anos-detido-por-trafico-de-droga-em-valenca\\\/#primaryimage\"},\"thumbnailUrl\":\"https:\\\/\\\/www.altominho.tv\\\/site\\\/wp-content\\\/uploads\\\/2020\\\/08\\\/Cultivo_cannabis_moradia.jpg\",\"datePublished\":\"2020-08-05T16:20:32+00:00\",\"dateModified\":\"2020-08-05T16:22:27+00:00\",\"author\":{\"@id\":\"https:\\\/\\\/www.altominho.tv\\\/site\\\/#\\\/schema\\\/person\\\/63f693da3e1899361cbe955c46f3232e\"},\"breadcrumb\":{\"@id\":\"https:\\\/\\\/www.altominho.tv\\\/site\\\/2020\\\/08\\\/05\\\/homem-de-52-anos-detido-por-trafico-de-droga-em-valenca\\\/#breadcrumb\"},\"inLanguage\":\"pt-PT\",\"potentialAction\":[{\"@type\":\"ReadAction\",\"target\":[\"https:\\\/\\\/www.altominho.tv\\\/site\\\/2020\\\/08\\\/05\\\/homem-de-52-anos-detido-por-trafico-de-droga-em-valenca\\\/\"]}]},{\"@type\":\"ImageObject\",\"inLanguage\":\"pt-PT\",\"@id\":\"https:\\\/\\\/www.altominho.tv\\\/site\\\/2020\\\/08\\\/05\\\/homem-de-52-anos-detido-por-trafico-de-droga-em-valenca\\\/#primaryimage\",\"url\":\"https:\\\/\\\/www.altominho.tv\\\/site\\\/wp-content\\\/uploads\\\/2020\\\/08\\\/Cultivo_cannabis_moradia.jpg\",\"contentUrl\":\"https:\\\/\\\/www.altominho.tv\\\/site\\\/wp-content\\\/uploads\\\/2020\\\/08\\\/Cultivo_cannabis_moradia.jpg\",\"width\":900,\"height\":471,\"caption\":\"D.R.\"},{\"@type\":\"BreadcrumbList\",\"@id\":\"https:\\\/\\\/www.altominho.tv\\\/site\\\/2020\\\/08\\\/05\\\/homem-de-52-anos-detido-por-trafico-de-droga-em-valenca\\\/#breadcrumb\",\"itemListElement\":[{\"@type\":\"ListItem\",\"position\":1,\"name\":\"In\u00edcio\",\"item\":\"https:\\\/\\\/www.altominho.tv\\\/site\\\/\"},{\"@type\":\"ListItem\",\"position\":2,\"name\":\"Homem de 52 anos detido por tr\u00e1fico de droga em Valen\u00e7a\"}]},{\"@type\":\"WebSite\",\"@id\":\"https:\\\/\\\/www.altominho.tv\\\/site\\\/#website\",\"url\":\"https:\\\/\\\/www.altominho.tv\\\/site\\\/\",\"name\":\"Altominho.tv\",\"description\":\"A sua regi\u00e3o \u00e0 dist\u00e2ncia de um clique...\",\"potentialAction\":[{\"@type\":\"SearchAction\",\"target\":{\"@type\":\"EntryPoint\",\"urlTemplate\":\"https:\\\/\\\/www.altominho.tv\\\/site\\\/?s={search_term_string}\"},\"query-input\":{\"@type\":\"PropertyValueSpecification\",\"valueRequired\":true,\"valueName\":\"search_term_string\"}}],\"inLanguage\":\"pt-PT\"},{\"@type\":\"Person\",\"@id\":\"https:\\\/\\\/www.altominho.tv\\\/site\\\/#\\\/schema\\\/person\\\/63f693da3e1899361cbe955c46f3232e\",\"name\":\"Lusa\",\"image\":{\"@type\":\"ImageObject\",\"inLanguage\":\"pt-PT\",\"@id\":\"https:\\\/\\\/www.altominho.tv\\\/site\\\/wp-content\\\/uploads\\\/2019\\\/08\\\/LUSA_Logo.gif\",\"url\":\"https:\\\/\\\/www.altominho.tv\\\/site\\\/wp-content\\\/uploads\\\/2019\\\/08\\\/LUSA_Logo.gif\",\"contentUrl\":\"https:\\\/\\\/www.altominho.tv\\\/site\\\/wp-content\\\/uploads\\\/2019\\\/08\\\/LUSA_Logo.gif\",\"caption\":\"Lusa\"},\"sameAs\":[\"http:\\\/\\\/\\\/\\\/www.altominho.tv\\\/site\"],\"url\":\"https:\\\/\\\/www.altominho.tv\\\/site\\\/author\\\/lusa\\\/\"}]}<\/script>\n<!-- \/ Yoast SEO Premium plugin. -->","yoast_head_json":{"title":"Homem de 52 anos detido por tr\u00e1fico de droga em Valen\u00e7a","robots":{"index":"index","follow":"follow","max-snippet":"max-snippet:-1","max-image-preview":"max-image-preview:large","max-video-preview":"max-video-preview:-1"},"canonical":"https:\/\/www.altominho.tv\/site\/2020\/08\/05\/homem-de-52-anos-detido-por-trafico-de-droga-em-valenca\/","og_locale":"pt_PT","og_type":"article","og_title":"Homem de 52 anos detido por tr\u00e1fico de droga em Valen\u00e7a","og_description":"GNR deteve um homem de 52 anos, por tr\u00e1fico de estupefacientes, no concelho de Valen\u00e7a, tendo apreendido plantas de cannabis que corresponderiam a 3.300 doses de droga, informou hoje aquela for\u00e7a policial. O Comando Territorial da GNR Viana do Castelo, explicou em comunicado, que a dete\u00e7\u00e3o resultou de &#8220;uma den\u00fancia sobre o cultivo de plantas [&hellip;]","og_url":"https:\/\/www.altominho.tv\/site\/2020\/08\/05\/homem-de-52-anos-detido-por-trafico-de-droga-em-valenca\/","og_site_name":"Altominho.tv","article_publisher":"https:\/\/www.facebook.com\/altominhotv","article_published_time":"2020-08-05T16:20:32+00:00","article_modified_time":"2020-08-05T16:22:27+00:00","og_image":[{"width":900,"height":471,"url":"https:\/\/www.altominho.tv\/site\/wp-content\/uploads\/2020\/08\/Cultivo_cannabis_moradia.jpg","type":"image\/jpeg"}],"author":"Lusa","twitter_card":"summary_large_image","twitter_creator":"@altominhoTV","twitter_site":"@altominhoTV","twitter_misc":{"Escrito por":"Lusa","Tempo estimado de leitura":"1 minuto"},"schema":{"@context":"https:\/\/schema.org","@graph":[{"@type":"Article","@id":"https:\/\/www.altominho.tv\/site\/2020\/08\/05\/homem-de-52-anos-detido-por-trafico-de-droga-em-valenca\/#article","isPartOf":{"@id":"https:\/\/www.altominho.tv\/site\/2020\/08\/05\/homem-de-52-anos-detido-por-trafico-de-droga-em-valenca\/"},"author":{"name":"Lusa","@id":"https:\/\/www.altominho.tv\/site\/#\/schema\/person\/63f693da3e1899361cbe955c46f3232e"},"headline":"Homem de 52 anos detido por tr\u00e1fico de droga em Valen\u00e7a","datePublished":"2020-08-05T16:20:32+00:00","dateModified":"2020-08-05T16:22:27+00:00","mainEntityOfPage":{"@id":"https:\/\/www.altominho.tv\/site\/2020\/08\/05\/homem-de-52-anos-detido-por-trafico-de-droga-em-valenca\/"},"wordCount":137,"image":{"@id":"https:\/\/www.altominho.tv\/site\/2020\/08\/05\/homem-de-52-anos-detido-por-trafico-de-droga-em-valenca\/#primaryimage"},"thumbnailUrl":"https:\/\/www.altominho.tv\/site\/wp-content\/uploads\/2020\/08\/Cultivo_cannabis_moradia.jpg","keywords":["Sociedade"],"articleSection":["Valen\u00e7a"],"inLanguage":"pt-PT","copyrightYear":"2020","copyrightHolder":{"@id":"https:\/\/www.altominho.tv\/site\/#organization"}},{"@type":"WebPage","@id":"https:\/\/www.altominho.tv\/site\/2020\/08\/05\/homem-de-52-anos-detido-por-trafico-de-droga-em-valenca\/","url":"https:\/\/www.altominho.tv\/site\/2020\/08\/05\/homem-de-52-anos-detido-por-trafico-de-droga-em-valenca\/","name":"Homem de 52 anos detido por tr\u00e1fico de droga em Valen\u00e7a","isPartOf":{"@id":"https:\/\/www.altominho.tv\/site\/#website"},"primaryImageOfPage":{"@id":"https:\/\/www.altominho.tv\/site\/2020\/08\/05\/homem-de-52-anos-detido-por-trafico-de-droga-em-valenca\/#primaryimage"},"image":{"@id":"https:\/\/www.altominho.tv\/site\/2020\/08\/05\/homem-de-52-anos-detido-por-trafico-de-droga-em-valenca\/#primaryimage"},"thumbnailUrl":"https:\/\/www.altominho.tv\/site\/wp-content\/uploads\/2020\/08\/Cultivo_cannabis_moradia.jpg","datePublished":"2020-08-05T16:20:32+00:00","dateModified":"2020-08-05T16:22:27+00:00","author":{"@id":"https:\/\/www.altominho.tv\/site\/#\/schema\/person\/63f693da3e1899361cbe955c46f3232e"},"breadcrumb":{"@id":"https:\/\/www.altominho.tv\/site\/2020\/08\/05\/homem-de-52-anos-detido-por-trafico-de-droga-em-valenca\/#breadcrumb"},"inLanguage":"pt-PT","potentialAction":[{"@type":"ReadAction","target":["https:\/\/www.altominho.tv\/site\/2020\/08\/05\/homem-de-52-anos-detido-por-trafico-de-droga-em-valenca\/"]}]},{"@type":"ImageObject","inLanguage":"pt-PT","@id":"https:\/\/www.altominho.tv\/site\/2020\/08\/05\/homem-de-52-anos-detido-por-trafico-de-droga-em-valenca\/#primaryimage","url":"https:\/\/www.altominho.tv\/site\/wp-content\/uploads\/2020\/08\/Cultivo_cannabis_moradia.jpg","contentUrl":"https:\/\/www.altominho.tv\/site\/wp-content\/uploads\/2020\/08\/Cultivo_cannabis_moradia.jpg","width":900,"height":471,"caption":"D.R."},{"@type":"BreadcrumbList","@id":"https:\/\/www.altominho.tv\/site\/2020\/08\/05\/homem-de-52-anos-detido-por-trafico-de-droga-em-valenca\/#breadcrumb","itemListElement":[{"@type":"ListItem","position":1,"name":"In\u00edcio","item":"https:\/\/www.altominho.tv\/site\/"},{"@type":"ListItem","position":2,"name":"Homem de 52 anos detido por tr\u00e1fico de droga em Valen\u00e7a"}]},{"@type":"WebSite","@id":"https:\/\/www.altominho.tv\/site\/#website","url":"https:\/\/www.altominho.tv\/site\/","name":"Altominho.tv","description":"A sua regi\u00e3o \u00e0 dist\u00e2ncia de um clique...","potentialAction":[{"@type":"SearchAction","target":{"@type":"EntryPoint","urlTemplate":"https:\/\/www.altominho.tv\/site\/?s={search_term_string}"},"query-input":{"@type":"PropertyValueSpecification","valueRequired":true,"valueName":"search_term_string"}}],"inLanguage":"pt-PT"},{"@type":"Person","@id":"https:\/\/www.altominho.tv\/site\/#\/schema\/person\/63f693da3e1899361cbe955c46f3232e","name":"Lusa","image":{"@type":"ImageObject","inLanguage":"pt-PT","@id":"https:\/\/www.altominho.tv\/site\/wp-content\/uploads\/2019\/08\/LUSA_Logo.gif","url":"https:\/\/www.altominho.tv\/site\/wp-content\/uploads\/2019\/08\/LUSA_Logo.gif","contentUrl":"https:\/\/www.altominho.tv\/site\/wp-content\/uploads\/2019\/08\/LUSA_Logo.gif","caption":"Lusa"},"sameAs":["http:\/\/\/\/www.altominho.tv\/site"],"url":"https:\/\/www.altominho.tv\/site\/author\/lusa\/"}]}},"_links":{"self":[{"href":"https:\/\/www.altominho.tv\/site\/wp-json\/wp\/v2\/posts\/50258","targetHints":{"allow":["GET"]}}],"collection":[{"href":"https:\/\/www.altominho.tv\/site\/wp-json\/wp\/v2\/posts"}],"about":[{"href":"https:\/\/www.altominho.tv\/site\/wp-json\/wp\/v2\/types\/post"}],"author":[{"embeddable":true,"href":"https:\/\/www.altominho.tv\/site\/wp-json\/wp\/v2\/users\/13"}],"replies":[{"embeddable":true,"href":"https:\/\/www.altominho.tv\/site\/wp-json\/wp\/v2\/comments?post=50258"}],"version-history":[{"count":0,"href":"https:\/\/www.altominho.tv\/site\/wp-json\/wp\/v2\/posts\/50258\/revisions"}],"wp:featuredmedia":[{"embeddable":true,"href":"https:\/\/www.altominho.tv\/site\/wp-json\/wp\/v2\/media\/50260"}],"wp:attachment":[{"href":"https:\/\/www.altominho.tv\/site\/wp-json\/wp\/v2\/media?parent=50258"}],"wp:term":[{"taxonomy":"category","embeddable":true,"href":"https:\/\/www.altominho.tv\/site\/wp-json\/wp\/v2\/categories?post=50258"},{"taxonomy":"post_tag","embeddable":true,"href":"https:\/\/www.altominho.tv\/site\/wp-json\/wp\/v2\/tags?post=50258"}],"curies":[{"name":"wp","href":"https:\/\/api.w.org\/{rel}","templated":true}]}}