{"id":50244,"date":"2020-08-05T12:04:57","date_gmt":"2020-08-05T11:04:57","guid":{"rendered":"http:\/\/www.altominho.tv\/site\/?p=50244"},"modified":"2020-08-05T12:05:02","modified_gmt":"2020-08-05T11:05:02","slug":"governo-abre-435-vagas-para-contratar-medicos-de-familia","status":"publish","type":"post","link":"https:\/\/www.altominho.tv\/site\/2020\/08\/05\/governo-abre-435-vagas-para-contratar-medicos-de-familia\/","title":{"rendered":"Governo abre 435 vagas para contratar m\u00e9dicos de fam\u00edlia"},"content":{"rendered":"<p>O Minist\u00e9rio da Sa\u00fade abriu 435 vagas para a contrata\u00e7\u00e3o de rec\u00e9m-especialistas em Medicina Geral e Familiar, metade das quais na regi\u00e3o de Lisboa e Vale do Tejo.<\/p>\n<p class=\"text-paragraph\">Segundo um despacho publicado em Di\u00e1rio da Rep\u00fablica, est\u00e3o autorizadas 435 vagas para Medicina Geral e Familiar, 216 das quais na regi\u00e3o de Lisboa e Vale do Tejo, 86 no Norte, 64 no Centro, 34 no Alentejo e 35 no Algarve.<\/p>\n<p class=\"text-paragraph\">\u201cNunca como hoje foi t\u00e3o necess\u00e1rio que o SNS estivesse \u00e0 altura dos desafios assistenciais como nesta \u00e9poca em que vivemos sob a amea\u00e7a da covid-19. T\u00eam sido v\u00e1rias as medidas, designadamente de refor\u00e7o dos recursos humanos, que t\u00eam vindo a ser tomadas para fazer face a esta pandemia, \u00e0s quais se deve, em grande medida, o sucesso alcan\u00e7ado, at\u00e9 aqui, no seu combate\u201d, destaca o despacho conjunto dos minist\u00e9rios da Sa\u00fade, Finan\u00e7as e da Moderniza\u00e7\u00e3o do Estado e da Administra\u00e7\u00e3o P\u00fablica.<\/p>\n<p class=\"text-paragraph\">Foi igualmente publicado em Di\u00e1rio da Rep\u00fablica o despacho que fixa os postos de trabalho m\u00e9dico (185 vagas) nas zonas geogr\u00e1ficas do pa\u00eds e especialidades definidas como carenciadas.<\/p>\n<p class=\"text-paragraph\">O documento apresenta a distribui\u00e7\u00e3o das vagas e as maiores necessidades est\u00e3o identificadas em zonas como o Algarve, Alentejo, nordeste transmontano e as beiras alta e interior.<\/p>\n<p class=\"text-paragraph\">Das vagas que d\u00e3o direito a incentivos aos cl\u00ednicos que se fixem nestas unidades com maiores necessidades de determinadas especialidades, 41 referem-se a Medicina Geral e Familiar, 140 a especialidades hospitalares e quatro a Sa\u00fade P\u00fablica.<\/p>\n<p class=\"text-paragraph\">Em rela\u00e7\u00e3o \u00e0 distribui\u00e7\u00e3o destas vagas, no caso de Medicina Geral e Familiar, 14 v\u00e3o para a regi\u00e3o de Lisboa e Vale do Tejo, oito para o Alentejo, sete para o Algarve, seis para o Norte e cinco para o Centro.<\/p>\n<p class=\"text-paragraph\">Na \u00e1rea da Sa\u00fade P\u00fablica, os postos de trabalho com direito a incentivos s\u00e3o todos para o Alentejo: Unidade Local de Sa\u00fade Baixo Alentejo, Unidade Local de Sa\u00fade Norte Alentejano, Administra\u00e7\u00e3o Regional de Sa\u00fade do Alentejo e Agrupamento de Centros de Sa\u00fade do Alentejo Central (uma vaga cada unidade).<\/p>\n<p class=\"text-paragraph\">Na \u00e1rea hospitalar, o Centro Hospitalar Universit\u00e1rio Cova da Beira \u00e9 o que mais postos de trabalho (vagas) com incentivo pecuni\u00e1rio apresenta (10).<\/p>\n<p class=\"text-paragraph\">Com nove vagas cada aparecem o Centro Hospitalar de Tr\u00e1s-os -Montes e Alto Douro, o Centro Hospitalar Universit\u00e1rio do Algarve, o Hospital do Esp\u00edrito Santo de \u00c9vora, e as unidades locais de sa\u00fade do Baixo Alentejo, Castelo Branco, Guarda, Litoral Alentejano, Nordeste e Norte Alentejano.<\/p>\n<p class=\"text-paragraph\">Com oito vagas com direito a incentivo surge o Centro Hospitalar de Leiria, com sete aparece o Hospital Distrital de Santar\u00e9m e o Centro Hospitalar do Oeste, com cinco o Centro Hospitalar Barreiro Montijo, com quatro o Centro Hospitalar de Set\u00fabal, o Centro Hospitalar Tondela-Viseu e o Hospital Garcia de Orta e, com apenas uma vaga o Hospital Distrital da Figueira da Foz e o Centro Hospitalar do Baixo Vouga.<\/p>\n<p class=\"text-paragraph\">No total, estas 140 vagas para a \u00e1rea hospitalar com direito a incentivos est\u00e3o distribu\u00eddas por dezenas de entidades de sa\u00fade e 31 especialidades. Entre elas est\u00e3o, por exemplo, anestesiologia, ginecologia\/obstetr\u00edcia, gastrenterologia, cardiologia, cirurgia geral, medicina f\u00edsica e de reabilita\u00e7\u00e3o, neurologia, oftalmologia, oncologia m\u00e9dica, ortopedia, otorrinolaringologia e pediatria.<\/p>\n<p class=\"text-paragraph\">Estas necessidades foram identificadas \u201cde acordo com os crit\u00e9rios definidos na lei \u2013 n\u00edveis de desempenho assistencial, n\u00famero de m\u00e9dicos face \u00e0 densidade populacional da \u00e1rea abrangida pela unidade de sa\u00fade, a dist\u00e2ncia geogr\u00e1fica relativamente a outras unidades de sa\u00fade e a capacidade formativa dos servi\u00e7os e estabelecimentos de sa\u00fade\u201d, refere o Minist\u00e9rio da Sa\u00fade, em comunicado.<\/p>\n<p class=\"text-paragraph\">Reconhecendo a assimetria geogr\u00e1fica na distribui\u00e7\u00e3o do pessoal m\u00e9dico, o Governo atribui um conjunto de incentivos aos profissionais que se candidatem a estes postos de trabalho, quer pela via da mobilidade, quer atrav\u00e9s da celebra\u00e7\u00e3o de novos contratos, como o \u201cacr\u00e9scimo da remunera\u00e7\u00e3o base de 40%, um refor\u00e7o de dois dias de f\u00e9rias, a possibilidade de participa\u00e7\u00e3o em atividades de investiga\u00e7\u00e3o cl\u00ednica e maior facilidade de mobilidade tamb\u00e9m para os c\u00f4njuges\u201d, sublinha.<\/p>\n","protected":false},"excerpt":{"rendered":"<p>O Minist\u00e9rio da Sa\u00fade abriu 435 vagas para a contrata\u00e7\u00e3o de rec\u00e9m-especialistas em Medicina Geral e Familiar, metade das quais na regi\u00e3o de Lisboa e Vale do Tejo. Segundo um despacho publicado em Di\u00e1rio da Rep\u00fablica, est\u00e3o autorizadas 435 vagas para Medicina Geral e Familiar, 216 das quais na regi\u00e3o de Lisboa e Vale do [&hellip;]<\/p>\n","protected":false},"author":13,"featured_media":50245,"comment_status":"closed","ping_status":"closed","sticky":false,"template":"","format":"standard","meta":{"_exactmetrics_skip_tracking":false,"_exactmetrics_sitenote_active":false,"_exactmetrics_sitenote_note":"","_exactmetrics_sitenote_category":0,"footnotes":""},"categories":[42722],"tags":[26,27],"class_list":["post-50244","post","type-post","status-publish","format-standard","has-post-thumbnail","hentry","category-covid-19","tag-saude","tag-sociedade"],"yoast_head":"<!-- This site is optimized with the Yoast SEO Premium plugin v27.4 (Yoast SEO v27.4) - https:\/\/yoast.com\/product\/yoast-seo-premium-wordpress\/ -->\n<title>Governo abre 435 vagas para contratar m\u00e9dicos de fam\u00edlia<\/title>\n<meta name=\"robots\" content=\"index, follow, max-snippet:-1, max-image-preview:large, max-video-preview:-1\" \/>\n<link rel=\"canonical\" href=\"https:\/\/www.altominho.tv\/site\/2020\/08\/05\/governo-abre-435-vagas-para-contratar-medicos-de-familia\/\" \/>\n<meta property=\"og:locale\" content=\"pt_PT\" \/>\n<meta property=\"og:type\" content=\"article\" \/>\n<meta property=\"og:title\" content=\"Governo abre 435 vagas para contratar m\u00e9dicos de fam\u00edlia\" \/>\n<meta property=\"og:description\" content=\"O Minist\u00e9rio da Sa\u00fade abriu 435 vagas para a contrata\u00e7\u00e3o de rec\u00e9m-especialistas em Medicina Geral e Familiar, metade das quais na regi\u00e3o de Lisboa e Vale do Tejo. Segundo um despacho publicado em Di\u00e1rio da Rep\u00fablica, est\u00e3o autorizadas 435 vagas para Medicina Geral e Familiar, 216 das quais na regi\u00e3o de Lisboa e Vale do [&hellip;]\" \/>\n<meta property=\"og:url\" content=\"https:\/\/www.altominho.tv\/site\/2020\/08\/05\/governo-abre-435-vagas-para-contratar-medicos-de-familia\/\" \/>\n<meta property=\"og:site_name\" content=\"Altominho.tv\" \/>\n<meta property=\"article:publisher\" content=\"https:\/\/www.facebook.com\/altominhotv\" \/>\n<meta property=\"article:published_time\" content=\"2020-08-05T11:04:57+00:00\" \/>\n<meta property=\"article:modified_time\" content=\"2020-08-05T11:05:02+00:00\" \/>\n<meta property=\"og:image\" content=\"https:\/\/www.altominho.tv\/site\/wp-content\/uploads\/2020\/08\/026aa2c8777b5271d542e44100d5c627-754x394-1.jpg\" \/>\n\t<meta property=\"og:image:width\" content=\"754\" \/>\n\t<meta property=\"og:image:height\" content=\"394\" \/>\n\t<meta property=\"og:image:type\" content=\"image\/jpeg\" \/>\n<meta name=\"author\" content=\"Lusa\" \/>\n<meta name=\"twitter:card\" content=\"summary_large_image\" \/>\n<meta name=\"twitter:creator\" content=\"@altominhoTV\" \/>\n<meta name=\"twitter:site\" content=\"@altominhoTV\" \/>\n<meta name=\"twitter:label1\" content=\"Escrito por\" \/>\n\t<meta name=\"twitter:data1\" content=\"Lusa\" \/>\n\t<meta name=\"twitter:label2\" content=\"Tempo estimado de leitura\" \/>\n\t<meta name=\"twitter:data2\" content=\"4 minutos\" \/>\n<script type=\"application\/ld+json\" class=\"yoast-schema-graph\">{\"@context\":\"https:\\\/\\\/schema.org\",\"@graph\":[{\"@type\":\"Article\",\"@id\":\"https:\\\/\\\/www.altominho.tv\\\/site\\\/2020\\\/08\\\/05\\\/governo-abre-435-vagas-para-contratar-medicos-de-familia\\\/#article\",\"isPartOf\":{\"@id\":\"https:\\\/\\\/www.altominho.tv\\\/site\\\/2020\\\/08\\\/05\\\/governo-abre-435-vagas-para-contratar-medicos-de-familia\\\/\"},\"author\":{\"name\":\"Lusa\",\"@id\":\"https:\\\/\\\/www.altominho.tv\\\/site\\\/#\\\/schema\\\/person\\\/63f693da3e1899361cbe955c46f3232e\"},\"headline\":\"Governo abre 435 vagas para contratar m\u00e9dicos de fam\u00edlia\",\"datePublished\":\"2020-08-05T11:04:57+00:00\",\"dateModified\":\"2020-08-05T11:05:02+00:00\",\"mainEntityOfPage\":{\"@id\":\"https:\\\/\\\/www.altominho.tv\\\/site\\\/2020\\\/08\\\/05\\\/governo-abre-435-vagas-para-contratar-medicos-de-familia\\\/\"},\"wordCount\":726,\"image\":{\"@id\":\"https:\\\/\\\/www.altominho.tv\\\/site\\\/2020\\\/08\\\/05\\\/governo-abre-435-vagas-para-contratar-medicos-de-familia\\\/#primaryimage\"},\"thumbnailUrl\":\"https:\\\/\\\/www.altominho.tv\\\/site\\\/wp-content\\\/uploads\\\/2020\\\/08\\\/026aa2c8777b5271d542e44100d5c627-754x394-1.jpg\",\"keywords\":[\"Sa\u00fade\",\"Sociedade\"],\"articleSection\":[\"Coronav\u00edrus\"],\"inLanguage\":\"pt-PT\",\"copyrightYear\":\"2020\",\"copyrightHolder\":{\"@id\":\"https:\\\/\\\/www.altominho.tv\\\/site\\\/#organization\"}},{\"@type\":\"WebPage\",\"@id\":\"https:\\\/\\\/www.altominho.tv\\\/site\\\/2020\\\/08\\\/05\\\/governo-abre-435-vagas-para-contratar-medicos-de-familia\\\/\",\"url\":\"https:\\\/\\\/www.altominho.tv\\\/site\\\/2020\\\/08\\\/05\\\/governo-abre-435-vagas-para-contratar-medicos-de-familia\\\/\",\"name\":\"Governo abre 435 vagas para contratar m\u00e9dicos de fam\u00edlia\",\"isPartOf\":{\"@id\":\"https:\\\/\\\/www.altominho.tv\\\/site\\\/#website\"},\"primaryImageOfPage\":{\"@id\":\"https:\\\/\\\/www.altominho.tv\\\/site\\\/2020\\\/08\\\/05\\\/governo-abre-435-vagas-para-contratar-medicos-de-familia\\\/#primaryimage\"},\"image\":{\"@id\":\"https:\\\/\\\/www.altominho.tv\\\/site\\\/2020\\\/08\\\/05\\\/governo-abre-435-vagas-para-contratar-medicos-de-familia\\\/#primaryimage\"},\"thumbnailUrl\":\"https:\\\/\\\/www.altominho.tv\\\/site\\\/wp-content\\\/uploads\\\/2020\\\/08\\\/026aa2c8777b5271d542e44100d5c627-754x394-1.jpg\",\"datePublished\":\"2020-08-05T11:04:57+00:00\",\"dateModified\":\"2020-08-05T11:05:02+00:00\",\"author\":{\"@id\":\"https:\\\/\\\/www.altominho.tv\\\/site\\\/#\\\/schema\\\/person\\\/63f693da3e1899361cbe955c46f3232e\"},\"breadcrumb\":{\"@id\":\"https:\\\/\\\/www.altominho.tv\\\/site\\\/2020\\\/08\\\/05\\\/governo-abre-435-vagas-para-contratar-medicos-de-familia\\\/#breadcrumb\"},\"inLanguage\":\"pt-PT\",\"potentialAction\":[{\"@type\":\"ReadAction\",\"target\":[\"https:\\\/\\\/www.altominho.tv\\\/site\\\/2020\\\/08\\\/05\\\/governo-abre-435-vagas-para-contratar-medicos-de-familia\\\/\"]}]},{\"@type\":\"ImageObject\",\"inLanguage\":\"pt-PT\",\"@id\":\"https:\\\/\\\/www.altominho.tv\\\/site\\\/2020\\\/08\\\/05\\\/governo-abre-435-vagas-para-contratar-medicos-de-familia\\\/#primaryimage\",\"url\":\"https:\\\/\\\/www.altominho.tv\\\/site\\\/wp-content\\\/uploads\\\/2020\\\/08\\\/026aa2c8777b5271d542e44100d5c627-754x394-1.jpg\",\"contentUrl\":\"https:\\\/\\\/www.altominho.tv\\\/site\\\/wp-content\\\/uploads\\\/2020\\\/08\\\/026aa2c8777b5271d542e44100d5c627-754x394-1.jpg\",\"width\":754,\"height\":394,\"caption\":\"Male Doctor In The Hospital Or Doctor Office. Concept Of Medical Technology And Doctor Career.\"},{\"@type\":\"BreadcrumbList\",\"@id\":\"https:\\\/\\\/www.altominho.tv\\\/site\\\/2020\\\/08\\\/05\\\/governo-abre-435-vagas-para-contratar-medicos-de-familia\\\/#breadcrumb\",\"itemListElement\":[{\"@type\":\"ListItem\",\"position\":1,\"name\":\"In\u00edcio\",\"item\":\"https:\\\/\\\/www.altominho.tv\\\/site\\\/\"},{\"@type\":\"ListItem\",\"position\":2,\"name\":\"Governo abre 435 vagas para contratar m\u00e9dicos de fam\u00edlia\"}]},{\"@type\":\"WebSite\",\"@id\":\"https:\\\/\\\/www.altominho.tv\\\/site\\\/#website\",\"url\":\"https:\\\/\\\/www.altominho.tv\\\/site\\\/\",\"name\":\"Altominho.tv\",\"description\":\"A sua regi\u00e3o \u00e0 dist\u00e2ncia de um clique...\",\"potentialAction\":[{\"@type\":\"SearchAction\",\"target\":{\"@type\":\"EntryPoint\",\"urlTemplate\":\"https:\\\/\\\/www.altominho.tv\\\/site\\\/?s={search_term_string}\"},\"query-input\":{\"@type\":\"PropertyValueSpecification\",\"valueRequired\":true,\"valueName\":\"search_term_string\"}}],\"inLanguage\":\"pt-PT\"},{\"@type\":\"Person\",\"@id\":\"https:\\\/\\\/www.altominho.tv\\\/site\\\/#\\\/schema\\\/person\\\/63f693da3e1899361cbe955c46f3232e\",\"name\":\"Lusa\",\"image\":{\"@type\":\"ImageObject\",\"inLanguage\":\"pt-PT\",\"@id\":\"https:\\\/\\\/www.altominho.tv\\\/site\\\/wp-content\\\/uploads\\\/2019\\\/08\\\/LUSA_Logo.gif\",\"url\":\"https:\\\/\\\/www.altominho.tv\\\/site\\\/wp-content\\\/uploads\\\/2019\\\/08\\\/LUSA_Logo.gif\",\"contentUrl\":\"https:\\\/\\\/www.altominho.tv\\\/site\\\/wp-content\\\/uploads\\\/2019\\\/08\\\/LUSA_Logo.gif\",\"caption\":\"Lusa\"},\"sameAs\":[\"http:\\\/\\\/\\\/\\\/www.altominho.tv\\\/site\"],\"url\":\"https:\\\/\\\/www.altominho.tv\\\/site\\\/author\\\/lusa\\\/\"}]}<\/script>\n<!-- \/ Yoast SEO Premium plugin. -->","yoast_head_json":{"title":"Governo abre 435 vagas para contratar m\u00e9dicos de fam\u00edlia","robots":{"index":"index","follow":"follow","max-snippet":"max-snippet:-1","max-image-preview":"max-image-preview:large","max-video-preview":"max-video-preview:-1"},"canonical":"https:\/\/www.altominho.tv\/site\/2020\/08\/05\/governo-abre-435-vagas-para-contratar-medicos-de-familia\/","og_locale":"pt_PT","og_type":"article","og_title":"Governo abre 435 vagas para contratar m\u00e9dicos de fam\u00edlia","og_description":"O Minist\u00e9rio da Sa\u00fade abriu 435 vagas para a contrata\u00e7\u00e3o de rec\u00e9m-especialistas em Medicina Geral e Familiar, metade das quais na regi\u00e3o de Lisboa e Vale do Tejo. Segundo um despacho publicado em Di\u00e1rio da Rep\u00fablica, est\u00e3o autorizadas 435 vagas para Medicina Geral e Familiar, 216 das quais na regi\u00e3o de Lisboa e Vale do [&hellip;]","og_url":"https:\/\/www.altominho.tv\/site\/2020\/08\/05\/governo-abre-435-vagas-para-contratar-medicos-de-familia\/","og_site_name":"Altominho.tv","article_publisher":"https:\/\/www.facebook.com\/altominhotv","article_published_time":"2020-08-05T11:04:57+00:00","article_modified_time":"2020-08-05T11:05:02+00:00","og_image":[{"width":754,"height":394,"url":"https:\/\/www.altominho.tv\/site\/wp-content\/uploads\/2020\/08\/026aa2c8777b5271d542e44100d5c627-754x394-1.jpg","type":"image\/jpeg"}],"author":"Lusa","twitter_card":"summary_large_image","twitter_creator":"@altominhoTV","twitter_site":"@altominhoTV","twitter_misc":{"Escrito por":"Lusa","Tempo estimado de leitura":"4 minutos"},"schema":{"@context":"https:\/\/schema.org","@graph":[{"@type":"Article","@id":"https:\/\/www.altominho.tv\/site\/2020\/08\/05\/governo-abre-435-vagas-para-contratar-medicos-de-familia\/#article","isPartOf":{"@id":"https:\/\/www.altominho.tv\/site\/2020\/08\/05\/governo-abre-435-vagas-para-contratar-medicos-de-familia\/"},"author":{"name":"Lusa","@id":"https:\/\/www.altominho.tv\/site\/#\/schema\/person\/63f693da3e1899361cbe955c46f3232e"},"headline":"Governo abre 435 vagas para contratar m\u00e9dicos de fam\u00edlia","datePublished":"2020-08-05T11:04:57+00:00","dateModified":"2020-08-05T11:05:02+00:00","mainEntityOfPage":{"@id":"https:\/\/www.altominho.tv\/site\/2020\/08\/05\/governo-abre-435-vagas-para-contratar-medicos-de-familia\/"},"wordCount":726,"image":{"@id":"https:\/\/www.altominho.tv\/site\/2020\/08\/05\/governo-abre-435-vagas-para-contratar-medicos-de-familia\/#primaryimage"},"thumbnailUrl":"https:\/\/www.altominho.tv\/site\/wp-content\/uploads\/2020\/08\/026aa2c8777b5271d542e44100d5c627-754x394-1.jpg","keywords":["Sa\u00fade","Sociedade"],"articleSection":["Coronav\u00edrus"],"inLanguage":"pt-PT","copyrightYear":"2020","copyrightHolder":{"@id":"https:\/\/www.altominho.tv\/site\/#organization"}},{"@type":"WebPage","@id":"https:\/\/www.altominho.tv\/site\/2020\/08\/05\/governo-abre-435-vagas-para-contratar-medicos-de-familia\/","url":"https:\/\/www.altominho.tv\/site\/2020\/08\/05\/governo-abre-435-vagas-para-contratar-medicos-de-familia\/","name":"Governo abre 435 vagas para contratar m\u00e9dicos de fam\u00edlia","isPartOf":{"@id":"https:\/\/www.altominho.tv\/site\/#website"},"primaryImageOfPage":{"@id":"https:\/\/www.altominho.tv\/site\/2020\/08\/05\/governo-abre-435-vagas-para-contratar-medicos-de-familia\/#primaryimage"},"image":{"@id":"https:\/\/www.altominho.tv\/site\/2020\/08\/05\/governo-abre-435-vagas-para-contratar-medicos-de-familia\/#primaryimage"},"thumbnailUrl":"https:\/\/www.altominho.tv\/site\/wp-content\/uploads\/2020\/08\/026aa2c8777b5271d542e44100d5c627-754x394-1.jpg","datePublished":"2020-08-05T11:04:57+00:00","dateModified":"2020-08-05T11:05:02+00:00","author":{"@id":"https:\/\/www.altominho.tv\/site\/#\/schema\/person\/63f693da3e1899361cbe955c46f3232e"},"breadcrumb":{"@id":"https:\/\/www.altominho.tv\/site\/2020\/08\/05\/governo-abre-435-vagas-para-contratar-medicos-de-familia\/#breadcrumb"},"inLanguage":"pt-PT","potentialAction":[{"@type":"ReadAction","target":["https:\/\/www.altominho.tv\/site\/2020\/08\/05\/governo-abre-435-vagas-para-contratar-medicos-de-familia\/"]}]},{"@type":"ImageObject","inLanguage":"pt-PT","@id":"https:\/\/www.altominho.tv\/site\/2020\/08\/05\/governo-abre-435-vagas-para-contratar-medicos-de-familia\/#primaryimage","url":"https:\/\/www.altominho.tv\/site\/wp-content\/uploads\/2020\/08\/026aa2c8777b5271d542e44100d5c627-754x394-1.jpg","contentUrl":"https:\/\/www.altominho.tv\/site\/wp-content\/uploads\/2020\/08\/026aa2c8777b5271d542e44100d5c627-754x394-1.jpg","width":754,"height":394,"caption":"Male Doctor In The Hospital Or Doctor Office. Concept Of Medical Technology And Doctor Career."},{"@type":"BreadcrumbList","@id":"https:\/\/www.altominho.tv\/site\/2020\/08\/05\/governo-abre-435-vagas-para-contratar-medicos-de-familia\/#breadcrumb","itemListElement":[{"@type":"ListItem","position":1,"name":"In\u00edcio","item":"https:\/\/www.altominho.tv\/site\/"},{"@type":"ListItem","position":2,"name":"Governo abre 435 vagas para contratar m\u00e9dicos de fam\u00edlia"}]},{"@type":"WebSite","@id":"https:\/\/www.altominho.tv\/site\/#website","url":"https:\/\/www.altominho.tv\/site\/","name":"Altominho.tv","description":"A sua regi\u00e3o \u00e0 dist\u00e2ncia de um clique...","potentialAction":[{"@type":"SearchAction","target":{"@type":"EntryPoint","urlTemplate":"https:\/\/www.altominho.tv\/site\/?s={search_term_string}"},"query-input":{"@type":"PropertyValueSpecification","valueRequired":true,"valueName":"search_term_string"}}],"inLanguage":"pt-PT"},{"@type":"Person","@id":"https:\/\/www.altominho.tv\/site\/#\/schema\/person\/63f693da3e1899361cbe955c46f3232e","name":"Lusa","image":{"@type":"ImageObject","inLanguage":"pt-PT","@id":"https:\/\/www.altominho.tv\/site\/wp-content\/uploads\/2019\/08\/LUSA_Logo.gif","url":"https:\/\/www.altominho.tv\/site\/wp-content\/uploads\/2019\/08\/LUSA_Logo.gif","contentUrl":"https:\/\/www.altominho.tv\/site\/wp-content\/uploads\/2019\/08\/LUSA_Logo.gif","caption":"Lusa"},"sameAs":["http:\/\/\/\/www.altominho.tv\/site"],"url":"https:\/\/www.altominho.tv\/site\/author\/lusa\/"}]}},"_links":{"self":[{"href":"https:\/\/www.altominho.tv\/site\/wp-json\/wp\/v2\/posts\/50244","targetHints":{"allow":["GET"]}}],"collection":[{"href":"https:\/\/www.altominho.tv\/site\/wp-json\/wp\/v2\/posts"}],"about":[{"href":"https:\/\/www.altominho.tv\/site\/wp-json\/wp\/v2\/types\/post"}],"author":[{"embeddable":true,"href":"https:\/\/www.altominho.tv\/site\/wp-json\/wp\/v2\/users\/13"}],"replies":[{"embeddable":true,"href":"https:\/\/www.altominho.tv\/site\/wp-json\/wp\/v2\/comments?post=50244"}],"version-history":[{"count":0,"href":"https:\/\/www.altominho.tv\/site\/wp-json\/wp\/v2\/posts\/50244\/revisions"}],"wp:featuredmedia":[{"embeddable":true,"href":"https:\/\/www.altominho.tv\/site\/wp-json\/wp\/v2\/media\/50245"}],"wp:attachment":[{"href":"https:\/\/www.altominho.tv\/site\/wp-json\/wp\/v2\/media?parent=50244"}],"wp:term":[{"taxonomy":"category","embeddable":true,"href":"https:\/\/www.altominho.tv\/site\/wp-json\/wp\/v2\/categories?post=50244"},{"taxonomy":"post_tag","embeddable":true,"href":"https:\/\/www.altominho.tv\/site\/wp-json\/wp\/v2\/tags?post=50244"}],"curies":[{"name":"wp","href":"https:\/\/api.w.org\/{rel}","templated":true}]}}