{"id":50241,"date":"2020-08-05T12:00:00","date_gmt":"2020-08-05T11:00:00","guid":{"rendered":"http:\/\/www.altominho.tv\/site\/?p=50241"},"modified":"2020-08-05T11:42:33","modified_gmt":"2020-08-05T10:42:33","slug":"mais-de-um-milhao-de-pessoas-em-teletrabalho-no-2-o-trimestre","status":"publish","type":"post","link":"https:\/\/www.altominho.tv\/site\/2020\/08\/05\/mais-de-um-milhao-de-pessoas-em-teletrabalho-no-2-o-trimestre\/","title":{"rendered":"Mais de um milh\u00e3o de pessoas em teletrabalho no 2.\u00ba trimestre"},"content":{"rendered":"<p>Um milh\u00e3o de pessoas esteve em teletrabalho no segundo trimestre sobretudo devido covid-19, o equivalente a 23,1% da popula\u00e7\u00e3o empregada, enquanto mais de 600 mil n\u00e3o trabalharam nem no emprego nem em casa, segundo o INE.<\/p>\n<p class=\"text-paragraph\">De acordo com o Instituto Nacional de Estat\u00edstica (INE), entre abril e junho, \u201ca popula\u00e7\u00e3o empregada que indicou ter exercido a sua profiss\u00e3o sempre ou quase sempre em casa na semana de refer\u00eancia ou nas tr\u00eas semanas anteriores foi estimada em 1.094,4 mil pessoas&#8221;, o equivalente a menos de um quarto da popula\u00e7\u00e3o empregada (23,1%).<\/p>\n<p class=\"text-paragraph\">Do mais de um milh\u00e3o de trabalhadores em teletrabalho, 998,5 mil pessoas (91,2% em termos relativos) deram como raz\u00e3o principal para terem trabalhado a partir de casa a pandemia de covid-19.<\/p>\n<p class=\"text-paragraph\">J\u00e1 comparando as horas trabalhadas, diz o INE que \u201cn\u00e3o h\u00e1 grande diferen\u00e7a entre trabalhar em casa ou fora de casa\u201d, uma vez que quem trabalhou em casa trabalhou, em m\u00e9dia, 35 horas semanais, enquanto quem trabalhou fora de casa trabalhou, em m\u00e9dia, 36 horas.<\/p>\n<p class=\"text-paragraph\">J\u00e1 643,8 mil pessoas empregadas n\u00e3o trabalharam nem no emprego principal nem em casa ou em outro local durante o per\u00edodo de refer\u00eancia, das quais 76,3% (491,5 mil) devido \u00e0 covid-19.<\/p>\n<p class=\"text-paragraph\">Os resultados hoje divulgados fazem parte do m\u00f3dulo sobre &#8216;Trabalho a partir de casa&#8217; do Inqu\u00e9rito ao Emprego. A popula\u00e7\u00e3o-alvo deste m\u00f3dulo \u00e9 composta pela popula\u00e7\u00e3o empregada, estimada em 4,731 milh\u00f5es de pessoas, segundo o INE.<\/p>\n","protected":false},"excerpt":{"rendered":"<p>Um milh\u00e3o de pessoas esteve em teletrabalho no segundo trimestre sobretudo devido covid-19, o equivalente a 23,1% da popula\u00e7\u00e3o empregada, enquanto mais de 600 mil n\u00e3o trabalharam nem no emprego nem em casa, segundo o INE. De acordo com o Instituto Nacional de Estat\u00edstica (INE), entre abril e junho, \u201ca popula\u00e7\u00e3o empregada que indicou ter [&hellip;]<\/p>\n","protected":false},"author":13,"featured_media":50242,"comment_status":"closed","ping_status":"closed","sticky":false,"template":"","format":"standard","meta":{"_exactmetrics_skip_tracking":false,"_exactmetrics_sitenote_active":false,"_exactmetrics_sitenote_note":"","_exactmetrics_sitenote_category":0,"footnotes":""},"categories":[42722],"tags":[27],"class_list":["post-50241","post","type-post","status-publish","format-standard","has-post-thumbnail","hentry","category-covid-19","tag-sociedade"],"yoast_head":"<!-- This site is optimized with the Yoast SEO Premium plugin v27.4 (Yoast SEO v27.4) - https:\/\/yoast.com\/product\/yoast-seo-premium-wordpress\/ -->\n<title>Mais de um milh\u00e3o de pessoas em teletrabalho no 2.\u00ba trimestre<\/title>\n<meta name=\"robots\" content=\"index, follow, max-snippet:-1, max-image-preview:large, max-video-preview:-1\" \/>\n<link rel=\"canonical\" href=\"https:\/\/www.altominho.tv\/site\/2020\/08\/05\/mais-de-um-milhao-de-pessoas-em-teletrabalho-no-2-o-trimestre\/\" \/>\n<meta property=\"og:locale\" content=\"pt_PT\" \/>\n<meta property=\"og:type\" content=\"article\" \/>\n<meta property=\"og:title\" content=\"Mais de um milh\u00e3o de pessoas em teletrabalho no 2.\u00ba trimestre\" \/>\n<meta property=\"og:description\" content=\"Um milh\u00e3o de pessoas esteve em teletrabalho no segundo trimestre sobretudo devido covid-19, o equivalente a 23,1% da popula\u00e7\u00e3o empregada, enquanto mais de 600 mil n\u00e3o trabalharam nem no emprego nem em casa, segundo o INE. De acordo com o Instituto Nacional de Estat\u00edstica (INE), entre abril e junho, \u201ca popula\u00e7\u00e3o empregada que indicou ter [&hellip;]\" \/>\n<meta property=\"og:url\" content=\"https:\/\/www.altominho.tv\/site\/2020\/08\/05\/mais-de-um-milhao-de-pessoas-em-teletrabalho-no-2-o-trimestre\/\" \/>\n<meta property=\"og:site_name\" content=\"Altominho.tv\" \/>\n<meta property=\"article:publisher\" content=\"https:\/\/www.facebook.com\/altominhotv\" \/>\n<meta property=\"article:published_time\" content=\"2020-08-05T11:00:00+00:00\" \/>\n<meta property=\"og:image\" content=\"https:\/\/www.altominho.tv\/site\/wp-content\/uploads\/2020\/08\/2f4d2fc2e7e28c7bd37bc4b9c9b1e7a6-783x450-1.jpg\" \/>\n\t<meta property=\"og:image:width\" content=\"783\" \/>\n\t<meta property=\"og:image:height\" content=\"450\" \/>\n\t<meta property=\"og:image:type\" content=\"image\/jpeg\" \/>\n<meta name=\"author\" content=\"Lusa\" \/>\n<meta name=\"twitter:card\" content=\"summary_large_image\" \/>\n<meta name=\"twitter:creator\" content=\"@altominhoTV\" \/>\n<meta name=\"twitter:site\" content=\"@altominhoTV\" \/>\n<meta name=\"twitter:label1\" content=\"Escrito por\" \/>\n\t<meta name=\"twitter:data1\" content=\"Lusa\" \/>\n\t<meta name=\"twitter:label2\" content=\"Tempo estimado de leitura\" \/>\n\t<meta name=\"twitter:data2\" content=\"1 minuto\" \/>\n<script type=\"application\/ld+json\" class=\"yoast-schema-graph\">{\"@context\":\"https:\\\/\\\/schema.org\",\"@graph\":[{\"@type\":\"Article\",\"@id\":\"https:\\\/\\\/www.altominho.tv\\\/site\\\/2020\\\/08\\\/05\\\/mais-de-um-milhao-de-pessoas-em-teletrabalho-no-2-o-trimestre\\\/#article\",\"isPartOf\":{\"@id\":\"https:\\\/\\\/www.altominho.tv\\\/site\\\/2020\\\/08\\\/05\\\/mais-de-um-milhao-de-pessoas-em-teletrabalho-no-2-o-trimestre\\\/\"},\"author\":{\"name\":\"Lusa\",\"@id\":\"https:\\\/\\\/www.altominho.tv\\\/site\\\/#\\\/schema\\\/person\\\/63f693da3e1899361cbe955c46f3232e\"},\"headline\":\"Mais de um milh\u00e3o de pessoas em teletrabalho no 2.\u00ba trimestre\",\"datePublished\":\"2020-08-05T11:00:00+00:00\",\"mainEntityOfPage\":{\"@id\":\"https:\\\/\\\/www.altominho.tv\\\/site\\\/2020\\\/08\\\/05\\\/mais-de-um-milhao-de-pessoas-em-teletrabalho-no-2-o-trimestre\\\/\"},\"wordCount\":255,\"image\":{\"@id\":\"https:\\\/\\\/www.altominho.tv\\\/site\\\/2020\\\/08\\\/05\\\/mais-de-um-milhao-de-pessoas-em-teletrabalho-no-2-o-trimestre\\\/#primaryimage\"},\"thumbnailUrl\":\"https:\\\/\\\/www.altominho.tv\\\/site\\\/wp-content\\\/uploads\\\/2020\\\/08\\\/2f4d2fc2e7e28c7bd37bc4b9c9b1e7a6-783x450-1.jpg\",\"keywords\":[\"Sociedade\"],\"articleSection\":[\"Coronav\u00edrus\"],\"inLanguage\":\"pt-PT\",\"copyrightYear\":\"2020\",\"copyrightHolder\":{\"@id\":\"https:\\\/\\\/www.altominho.tv\\\/site\\\/#organization\"}},{\"@type\":\"WebPage\",\"@id\":\"https:\\\/\\\/www.altominho.tv\\\/site\\\/2020\\\/08\\\/05\\\/mais-de-um-milhao-de-pessoas-em-teletrabalho-no-2-o-trimestre\\\/\",\"url\":\"https:\\\/\\\/www.altominho.tv\\\/site\\\/2020\\\/08\\\/05\\\/mais-de-um-milhao-de-pessoas-em-teletrabalho-no-2-o-trimestre\\\/\",\"name\":\"Mais de um milh\u00e3o de pessoas em teletrabalho no 2.\u00ba trimestre\",\"isPartOf\":{\"@id\":\"https:\\\/\\\/www.altominho.tv\\\/site\\\/#website\"},\"primaryImageOfPage\":{\"@id\":\"https:\\\/\\\/www.altominho.tv\\\/site\\\/2020\\\/08\\\/05\\\/mais-de-um-milhao-de-pessoas-em-teletrabalho-no-2-o-trimestre\\\/#primaryimage\"},\"image\":{\"@id\":\"https:\\\/\\\/www.altominho.tv\\\/site\\\/2020\\\/08\\\/05\\\/mais-de-um-milhao-de-pessoas-em-teletrabalho-no-2-o-trimestre\\\/#primaryimage\"},\"thumbnailUrl\":\"https:\\\/\\\/www.altominho.tv\\\/site\\\/wp-content\\\/uploads\\\/2020\\\/08\\\/2f4d2fc2e7e28c7bd37bc4b9c9b1e7a6-783x450-1.jpg\",\"datePublished\":\"2020-08-05T11:00:00+00:00\",\"author\":{\"@id\":\"https:\\\/\\\/www.altominho.tv\\\/site\\\/#\\\/schema\\\/person\\\/63f693da3e1899361cbe955c46f3232e\"},\"breadcrumb\":{\"@id\":\"https:\\\/\\\/www.altominho.tv\\\/site\\\/2020\\\/08\\\/05\\\/mais-de-um-milhao-de-pessoas-em-teletrabalho-no-2-o-trimestre\\\/#breadcrumb\"},\"inLanguage\":\"pt-PT\",\"potentialAction\":[{\"@type\":\"ReadAction\",\"target\":[\"https:\\\/\\\/www.altominho.tv\\\/site\\\/2020\\\/08\\\/05\\\/mais-de-um-milhao-de-pessoas-em-teletrabalho-no-2-o-trimestre\\\/\"]}]},{\"@type\":\"ImageObject\",\"inLanguage\":\"pt-PT\",\"@id\":\"https:\\\/\\\/www.altominho.tv\\\/site\\\/2020\\\/08\\\/05\\\/mais-de-um-milhao-de-pessoas-em-teletrabalho-no-2-o-trimestre\\\/#primaryimage\",\"url\":\"https:\\\/\\\/www.altominho.tv\\\/site\\\/wp-content\\\/uploads\\\/2020\\\/08\\\/2f4d2fc2e7e28c7bd37bc4b9c9b1e7a6-783x450-1.jpg\",\"contentUrl\":\"https:\\\/\\\/www.altominho.tv\\\/site\\\/wp-content\\\/uploads\\\/2020\\\/08\\\/2f4d2fc2e7e28c7bd37bc4b9c9b1e7a6-783x450-1.jpg\",\"width\":783,\"height\":450},{\"@type\":\"BreadcrumbList\",\"@id\":\"https:\\\/\\\/www.altominho.tv\\\/site\\\/2020\\\/08\\\/05\\\/mais-de-um-milhao-de-pessoas-em-teletrabalho-no-2-o-trimestre\\\/#breadcrumb\",\"itemListElement\":[{\"@type\":\"ListItem\",\"position\":1,\"name\":\"In\u00edcio\",\"item\":\"https:\\\/\\\/www.altominho.tv\\\/site\\\/\"},{\"@type\":\"ListItem\",\"position\":2,\"name\":\"Mais de um milh\u00e3o de pessoas em teletrabalho no 2.\u00ba trimestre\"}]},{\"@type\":\"WebSite\",\"@id\":\"https:\\\/\\\/www.altominho.tv\\\/site\\\/#website\",\"url\":\"https:\\\/\\\/www.altominho.tv\\\/site\\\/\",\"name\":\"Altominho.tv\",\"description\":\"A sua regi\u00e3o \u00e0 dist\u00e2ncia de um clique...\",\"potentialAction\":[{\"@type\":\"SearchAction\",\"target\":{\"@type\":\"EntryPoint\",\"urlTemplate\":\"https:\\\/\\\/www.altominho.tv\\\/site\\\/?s={search_term_string}\"},\"query-input\":{\"@type\":\"PropertyValueSpecification\",\"valueRequired\":true,\"valueName\":\"search_term_string\"}}],\"inLanguage\":\"pt-PT\"},{\"@type\":\"Person\",\"@id\":\"https:\\\/\\\/www.altominho.tv\\\/site\\\/#\\\/schema\\\/person\\\/63f693da3e1899361cbe955c46f3232e\",\"name\":\"Lusa\",\"image\":{\"@type\":\"ImageObject\",\"inLanguage\":\"pt-PT\",\"@id\":\"https:\\\/\\\/www.altominho.tv\\\/site\\\/wp-content\\\/uploads\\\/2019\\\/08\\\/LUSA_Logo.gif\",\"url\":\"https:\\\/\\\/www.altominho.tv\\\/site\\\/wp-content\\\/uploads\\\/2019\\\/08\\\/LUSA_Logo.gif\",\"contentUrl\":\"https:\\\/\\\/www.altominho.tv\\\/site\\\/wp-content\\\/uploads\\\/2019\\\/08\\\/LUSA_Logo.gif\",\"caption\":\"Lusa\"},\"sameAs\":[\"http:\\\/\\\/\\\/\\\/www.altominho.tv\\\/site\"],\"url\":\"https:\\\/\\\/www.altominho.tv\\\/site\\\/author\\\/lusa\\\/\"}]}<\/script>\n<!-- \/ Yoast SEO Premium plugin. -->","yoast_head_json":{"title":"Mais de um milh\u00e3o de pessoas em teletrabalho no 2.\u00ba trimestre","robots":{"index":"index","follow":"follow","max-snippet":"max-snippet:-1","max-image-preview":"max-image-preview:large","max-video-preview":"max-video-preview:-1"},"canonical":"https:\/\/www.altominho.tv\/site\/2020\/08\/05\/mais-de-um-milhao-de-pessoas-em-teletrabalho-no-2-o-trimestre\/","og_locale":"pt_PT","og_type":"article","og_title":"Mais de um milh\u00e3o de pessoas em teletrabalho no 2.\u00ba trimestre","og_description":"Um milh\u00e3o de pessoas esteve em teletrabalho no segundo trimestre sobretudo devido covid-19, o equivalente a 23,1% da popula\u00e7\u00e3o empregada, enquanto mais de 600 mil n\u00e3o trabalharam nem no emprego nem em casa, segundo o INE. De acordo com o Instituto Nacional de Estat\u00edstica (INE), entre abril e junho, \u201ca popula\u00e7\u00e3o empregada que indicou ter [&hellip;]","og_url":"https:\/\/www.altominho.tv\/site\/2020\/08\/05\/mais-de-um-milhao-de-pessoas-em-teletrabalho-no-2-o-trimestre\/","og_site_name":"Altominho.tv","article_publisher":"https:\/\/www.facebook.com\/altominhotv","article_published_time":"2020-08-05T11:00:00+00:00","og_image":[{"width":783,"height":450,"url":"https:\/\/www.altominho.tv\/site\/wp-content\/uploads\/2020\/08\/2f4d2fc2e7e28c7bd37bc4b9c9b1e7a6-783x450-1.jpg","type":"image\/jpeg"}],"author":"Lusa","twitter_card":"summary_large_image","twitter_creator":"@altominhoTV","twitter_site":"@altominhoTV","twitter_misc":{"Escrito por":"Lusa","Tempo estimado de leitura":"1 minuto"},"schema":{"@context":"https:\/\/schema.org","@graph":[{"@type":"Article","@id":"https:\/\/www.altominho.tv\/site\/2020\/08\/05\/mais-de-um-milhao-de-pessoas-em-teletrabalho-no-2-o-trimestre\/#article","isPartOf":{"@id":"https:\/\/www.altominho.tv\/site\/2020\/08\/05\/mais-de-um-milhao-de-pessoas-em-teletrabalho-no-2-o-trimestre\/"},"author":{"name":"Lusa","@id":"https:\/\/www.altominho.tv\/site\/#\/schema\/person\/63f693da3e1899361cbe955c46f3232e"},"headline":"Mais de um milh\u00e3o de pessoas em teletrabalho no 2.\u00ba trimestre","datePublished":"2020-08-05T11:00:00+00:00","mainEntityOfPage":{"@id":"https:\/\/www.altominho.tv\/site\/2020\/08\/05\/mais-de-um-milhao-de-pessoas-em-teletrabalho-no-2-o-trimestre\/"},"wordCount":255,"image":{"@id":"https:\/\/www.altominho.tv\/site\/2020\/08\/05\/mais-de-um-milhao-de-pessoas-em-teletrabalho-no-2-o-trimestre\/#primaryimage"},"thumbnailUrl":"https:\/\/www.altominho.tv\/site\/wp-content\/uploads\/2020\/08\/2f4d2fc2e7e28c7bd37bc4b9c9b1e7a6-783x450-1.jpg","keywords":["Sociedade"],"articleSection":["Coronav\u00edrus"],"inLanguage":"pt-PT","copyrightYear":"2020","copyrightHolder":{"@id":"https:\/\/www.altominho.tv\/site\/#organization"}},{"@type":"WebPage","@id":"https:\/\/www.altominho.tv\/site\/2020\/08\/05\/mais-de-um-milhao-de-pessoas-em-teletrabalho-no-2-o-trimestre\/","url":"https:\/\/www.altominho.tv\/site\/2020\/08\/05\/mais-de-um-milhao-de-pessoas-em-teletrabalho-no-2-o-trimestre\/","name":"Mais de um milh\u00e3o de pessoas em teletrabalho no 2.\u00ba trimestre","isPartOf":{"@id":"https:\/\/www.altominho.tv\/site\/#website"},"primaryImageOfPage":{"@id":"https:\/\/www.altominho.tv\/site\/2020\/08\/05\/mais-de-um-milhao-de-pessoas-em-teletrabalho-no-2-o-trimestre\/#primaryimage"},"image":{"@id":"https:\/\/www.altominho.tv\/site\/2020\/08\/05\/mais-de-um-milhao-de-pessoas-em-teletrabalho-no-2-o-trimestre\/#primaryimage"},"thumbnailUrl":"https:\/\/www.altominho.tv\/site\/wp-content\/uploads\/2020\/08\/2f4d2fc2e7e28c7bd37bc4b9c9b1e7a6-783x450-1.jpg","datePublished":"2020-08-05T11:00:00+00:00","author":{"@id":"https:\/\/www.altominho.tv\/site\/#\/schema\/person\/63f693da3e1899361cbe955c46f3232e"},"breadcrumb":{"@id":"https:\/\/www.altominho.tv\/site\/2020\/08\/05\/mais-de-um-milhao-de-pessoas-em-teletrabalho-no-2-o-trimestre\/#breadcrumb"},"inLanguage":"pt-PT","potentialAction":[{"@type":"ReadAction","target":["https:\/\/www.altominho.tv\/site\/2020\/08\/05\/mais-de-um-milhao-de-pessoas-em-teletrabalho-no-2-o-trimestre\/"]}]},{"@type":"ImageObject","inLanguage":"pt-PT","@id":"https:\/\/www.altominho.tv\/site\/2020\/08\/05\/mais-de-um-milhao-de-pessoas-em-teletrabalho-no-2-o-trimestre\/#primaryimage","url":"https:\/\/www.altominho.tv\/site\/wp-content\/uploads\/2020\/08\/2f4d2fc2e7e28c7bd37bc4b9c9b1e7a6-783x450-1.jpg","contentUrl":"https:\/\/www.altominho.tv\/site\/wp-content\/uploads\/2020\/08\/2f4d2fc2e7e28c7bd37bc4b9c9b1e7a6-783x450-1.jpg","width":783,"height":450},{"@type":"BreadcrumbList","@id":"https:\/\/www.altominho.tv\/site\/2020\/08\/05\/mais-de-um-milhao-de-pessoas-em-teletrabalho-no-2-o-trimestre\/#breadcrumb","itemListElement":[{"@type":"ListItem","position":1,"name":"In\u00edcio","item":"https:\/\/www.altominho.tv\/site\/"},{"@type":"ListItem","position":2,"name":"Mais de um milh\u00e3o de pessoas em teletrabalho no 2.\u00ba trimestre"}]},{"@type":"WebSite","@id":"https:\/\/www.altominho.tv\/site\/#website","url":"https:\/\/www.altominho.tv\/site\/","name":"Altominho.tv","description":"A sua regi\u00e3o \u00e0 dist\u00e2ncia de um clique...","potentialAction":[{"@type":"SearchAction","target":{"@type":"EntryPoint","urlTemplate":"https:\/\/www.altominho.tv\/site\/?s={search_term_string}"},"query-input":{"@type":"PropertyValueSpecification","valueRequired":true,"valueName":"search_term_string"}}],"inLanguage":"pt-PT"},{"@type":"Person","@id":"https:\/\/www.altominho.tv\/site\/#\/schema\/person\/63f693da3e1899361cbe955c46f3232e","name":"Lusa","image":{"@type":"ImageObject","inLanguage":"pt-PT","@id":"https:\/\/www.altominho.tv\/site\/wp-content\/uploads\/2019\/08\/LUSA_Logo.gif","url":"https:\/\/www.altominho.tv\/site\/wp-content\/uploads\/2019\/08\/LUSA_Logo.gif","contentUrl":"https:\/\/www.altominho.tv\/site\/wp-content\/uploads\/2019\/08\/LUSA_Logo.gif","caption":"Lusa"},"sameAs":["http:\/\/\/\/www.altominho.tv\/site"],"url":"https:\/\/www.altominho.tv\/site\/author\/lusa\/"}]}},"_links":{"self":[{"href":"https:\/\/www.altominho.tv\/site\/wp-json\/wp\/v2\/posts\/50241","targetHints":{"allow":["GET"]}}],"collection":[{"href":"https:\/\/www.altominho.tv\/site\/wp-json\/wp\/v2\/posts"}],"about":[{"href":"https:\/\/www.altominho.tv\/site\/wp-json\/wp\/v2\/types\/post"}],"author":[{"embeddable":true,"href":"https:\/\/www.altominho.tv\/site\/wp-json\/wp\/v2\/users\/13"}],"replies":[{"embeddable":true,"href":"https:\/\/www.altominho.tv\/site\/wp-json\/wp\/v2\/comments?post=50241"}],"version-history":[{"count":0,"href":"https:\/\/www.altominho.tv\/site\/wp-json\/wp\/v2\/posts\/50241\/revisions"}],"wp:featuredmedia":[{"embeddable":true,"href":"https:\/\/www.altominho.tv\/site\/wp-json\/wp\/v2\/media\/50242"}],"wp:attachment":[{"href":"https:\/\/www.altominho.tv\/site\/wp-json\/wp\/v2\/media?parent=50241"}],"wp:term":[{"taxonomy":"category","embeddable":true,"href":"https:\/\/www.altominho.tv\/site\/wp-json\/wp\/v2\/categories?post=50241"},{"taxonomy":"post_tag","embeddable":true,"href":"https:\/\/www.altominho.tv\/site\/wp-json\/wp\/v2\/tags?post=50241"}],"curies":[{"name":"wp","href":"https:\/\/api.w.org\/{rel}","templated":true}]}}