{"id":50238,"date":"2020-08-05T11:30:48","date_gmt":"2020-08-05T10:30:48","guid":{"rendered":"http:\/\/www.altominho.tv\/site\/?p=50238"},"modified":"2020-08-05T11:30:50","modified_gmt":"2020-08-05T10:30:50","slug":"mais-mortes-devido-ao-calor-preocupam-mas-nao-sao-novidade-dgs","status":"publish","type":"post","link":"https:\/\/www.altominho.tv\/site\/2020\/08\/05\/mais-mortes-devido-ao-calor-preocupam-mas-nao-sao-novidade-dgs\/","title":{"rendered":"Mais mortes devido ao calor preocupam mas n\u00e3o s\u00e3o novidade &#8211; DGS"},"content":{"rendered":"<div class=\"container m-top20\">\n<div class=\"row\">\n<div class=\"col-md-8 main-area\">\n<div id=\"MIDDLE\">\n<div class=\"row\">\n<div class=\"article col-md-12 m-bottom20\">\n<div class=\"article-content\">\n<div class=\"lt-text\">\n<p>Portugal teve em julho duas semanas com um n\u00famero excecionalmente elevado de mortes, independentemente da pandemia da covid-19, mas a Dire\u00e7\u00e3o-Geral da Sa\u00fade (DGS) diz ser um fen\u00f3meno \u201cque n\u00e3o \u00e9 novidade\u201d e se deve ao calor.<\/p>\n<p class=\"text-paragraph\">\u201cPensamos, \u00e0 semelhan\u00e7a do que tem sido a regra, que esta varia\u00e7\u00e3o de mortalidade se relaciona com a meteorologia\u201d, disse \u00e0 Lusa a diretora da Dire\u00e7\u00e3o de Informa\u00e7\u00e3o e An\u00e1lise da DGS, In\u00eas Fronteira, acrescentando: \u201c\u00c9 um fen\u00f3meno que preocupa mas n\u00e3o \u00e9 novidade, nem ao n\u00edvel do pa\u00eds nem ao n\u00edvel do que se passa noutros pa\u00edses\u201d.<\/p>\n<p class=\"text-paragraph\">A Lusa questionou a respons\u00e1vel a prop\u00f3sito de uma not\u00edcia de hoje do jornal P\u00fablico, que d\u00e1 conta que o m\u00eas passado foi o julho com mais mortes em 12 anos, sendo que a covid-19 s\u00f3 explica 1,5% destes \u00f3bitos.<\/p>\n<p class=\"text-paragraph\">\u201cNo m\u00eas passado morreram em Portugal 10.390 pessoas, o valor mais alto registado nos meses de julho em 12 anos\u201d, tendo morrido mais 2.137 pessoas do que no mesmo m\u00eas do ano passado, cerca de 26% mais, diz o jornal, citando ainda especialistas que apontam como poss\u00edveis causas a falta de acesso ao Servi\u00e7o Nacional de Sa\u00fade (SNS) devido \u00e0s restri\u00e7\u00f5es causadas pela pandemia de covid-19.<\/p>\n<p class=\"text-paragraph\">In\u00eas Fronteira, nas declara\u00e7\u00f5es \u00e0 Lusa, admitiu que a covid-19 possa ter alguma influ\u00eancia indireta, n\u00e3o por falta de acesso a cuidados de sa\u00fade, mas por poder provocar, como qualquer outra infe\u00e7\u00e3o, um desequil\u00edbrio em pessoas que j\u00e1 sofrem de alguma doen\u00e7a.<\/p>\n<p class=\"text-paragraph\">\u201cQuando a pessoa tem um problema de sa\u00fade subjacente, como a diabetes, pode acontecer que quando esteja exposta a outra patologia haja uma descompensa\u00e7\u00e3o do seu estado de sa\u00fade. E isto \u00e9 verdade para qualquer outro tipo de doen\u00e7a aguda\u201d, disse.<\/p>\n<p class=\"text-paragraph\">Ainda assim, afirmou a In\u00eas Fronteira, ser\u00e3o as ondas de calor de julho que explicam o aumento de mortes em pessoas mais idosas. \u00c9 comum aumentos de mortalidade nas ondas de calor e nas ondas de frio, n\u00e3o s\u00f3 em Portugal como no resto do mundo, e por isso \u00e9 que s\u00e3o feitas comunica\u00e7\u00f5es \u00e0 popula\u00e7\u00e3o quando elas acontecem, frisou a respons\u00e1vel.<\/p>\n<p class=\"text-paragraph\">No m\u00eas de julho, disse, as semanas com mais mortes coincidiram com as semanas em que as temperaturas foram mais elevadas.<\/p>\n<p class=\"text-paragraph\">De resto, acrescentou, \u201cestes fen\u00f3menos precisam de algum tempo para serem analisados\u201d, porque os \u201cdados brutos, ao minuto, carecem de todo um tratamento\u201d.<\/p>\n<p class=\"text-paragraph\">Questionada se caso haja uma nova vaga de calor o n\u00famero de mortes tender\u00e1 a aumentar, In\u00eas Fronteira diz ser normal que sim, porque j\u00e1 aconteceu em Portugal e tamb\u00e9m acontece noutros pa\u00edses. E especialmente junto de popula\u00e7\u00f5es como crian\u00e7as, idosos e pessoas vulner\u00e1veis em termos de sa\u00fade.<\/p>\n<p class=\"text-paragraph\">A DGS explica que nas semanas de 06 a 12 de julho e 20 a 26 de julho \u201cforam observados valores de mortalidade por todas as causas acima do esperado para a \u00e9poca do ano\u201d.<\/p>\n<p class=\"text-paragraph\">\u201cEstes valores foram observados em todas as regi\u00f5es de sa\u00fade de Portugal, \u00e0 exce\u00e7\u00e3o das regi\u00f5es aut\u00f3nomas, e nos grupos et\u00e1rios acima dos 75 anos de idade, sendo coincidentes com um per\u00edodo de temperaturas elevadas registadas em Portugal Continental\u201d, diz tamb\u00e9m a DGS.<\/p>\n<p class=\"text-paragraph\">E conclui, num comunicado enviado \u00e0 Lusa: \u201cNeste per\u00edodo, foram emitidos alertas do sistema de vigil\u00e2ncia de calor (Boletim \u00cdcaro), o que parece confirmar que o calor extremo \u00e9 a causa mais prov\u00e1vel do aumento da mortalidade nos grupos et\u00e1rios acima dos 65 anos de idade\u201d.<\/p>\n<\/div>\n<\/div>\n<\/div>\n<\/div>\n<\/div>\n<\/div>\n<\/div>\n<\/div>\n<div id=\"cookieconsent\" class=\"cc-window cc-banner cc-type-info cc-theme-classic cc-bottom cc-color-override-395626119\"><\/div>\n","protected":false},"excerpt":{"rendered":"<p>Portugal teve em julho duas semanas com um n\u00famero excecionalmente elevado de mortes, independentemente da pandemia da covid-19, mas a Dire\u00e7\u00e3o-Geral da Sa\u00fade (DGS) diz ser um fen\u00f3meno \u201cque n\u00e3o \u00e9 novidade\u201d e se deve ao calor. \u201cPensamos, \u00e0 semelhan\u00e7a do que tem sido a regra, que esta varia\u00e7\u00e3o de mortalidade se relaciona com a [&hellip;]<\/p>\n","protected":false},"author":13,"featured_media":50239,"comment_status":"closed","ping_status":"closed","sticky":false,"template":"","format":"standard","meta":{"_exactmetrics_skip_tracking":false,"_exactmetrics_sitenote_active":false,"_exactmetrics_sitenote_note":"","_exactmetrics_sitenote_category":0,"footnotes":""},"categories":[42722],"tags":[27],"class_list":["post-50238","post","type-post","status-publish","format-standard","has-post-thumbnail","hentry","category-covid-19","tag-sociedade"],"yoast_head":"<!-- This site is optimized with the Yoast SEO Premium plugin v27.4 (Yoast SEO v27.4) - https:\/\/yoast.com\/product\/yoast-seo-premium-wordpress\/ -->\n<title>Mais mortes devido ao calor preocupam mas n\u00e3o s\u00e3o novidade - DGS<\/title>\n<meta name=\"robots\" content=\"index, follow, max-snippet:-1, max-image-preview:large, max-video-preview:-1\" \/>\n<link rel=\"canonical\" href=\"https:\/\/www.altominho.tv\/site\/2020\/08\/05\/mais-mortes-devido-ao-calor-preocupam-mas-nao-sao-novidade-dgs\/\" \/>\n<meta property=\"og:locale\" content=\"pt_PT\" \/>\n<meta property=\"og:type\" content=\"article\" \/>\n<meta property=\"og:title\" content=\"Mais mortes devido ao calor preocupam mas n\u00e3o s\u00e3o novidade - DGS\" \/>\n<meta property=\"og:description\" content=\"Portugal teve em julho duas semanas com um n\u00famero excecionalmente elevado de mortes, independentemente da pandemia da covid-19, mas a Dire\u00e7\u00e3o-Geral da Sa\u00fade (DGS) diz ser um fen\u00f3meno \u201cque n\u00e3o \u00e9 novidade\u201d e se deve ao calor. \u201cPensamos, \u00e0 semelhan\u00e7a do que tem sido a regra, que esta varia\u00e7\u00e3o de mortalidade se relaciona com a [&hellip;]\" \/>\n<meta property=\"og:url\" content=\"https:\/\/www.altominho.tv\/site\/2020\/08\/05\/mais-mortes-devido-ao-calor-preocupam-mas-nao-sao-novidade-dgs\/\" \/>\n<meta property=\"og:site_name\" content=\"Altominho.tv\" \/>\n<meta property=\"article:publisher\" content=\"https:\/\/www.facebook.com\/altominhotv\" \/>\n<meta property=\"article:published_time\" content=\"2020-08-05T10:30:48+00:00\" \/>\n<meta property=\"article:modified_time\" content=\"2020-08-05T10:30:50+00:00\" \/>\n<meta property=\"og:image\" content=\"https:\/\/www.altominho.tv\/site\/wp-content\/uploads\/2020\/08\/thumbs.web_.sapo_.io_.jpg\" \/>\n\t<meta property=\"og:image:width\" content=\"800\" \/>\n\t<meta property=\"og:image:height\" content=\"533\" \/>\n\t<meta property=\"og:image:type\" content=\"image\/jpeg\" \/>\n<meta name=\"author\" content=\"Lusa\" \/>\n<meta name=\"twitter:card\" content=\"summary_large_image\" \/>\n<meta name=\"twitter:creator\" content=\"@altominhoTV\" \/>\n<meta name=\"twitter:site\" content=\"@altominhoTV\" \/>\n<meta name=\"twitter:label1\" content=\"Escrito por\" \/>\n\t<meta name=\"twitter:data1\" content=\"Lusa\" \/>\n\t<meta name=\"twitter:label2\" content=\"Tempo estimado de leitura\" \/>\n\t<meta name=\"twitter:data2\" content=\"3 minutos\" \/>\n<script type=\"application\/ld+json\" class=\"yoast-schema-graph\">{\"@context\":\"https:\\\/\\\/schema.org\",\"@graph\":[{\"@type\":\"Article\",\"@id\":\"https:\\\/\\\/www.altominho.tv\\\/site\\\/2020\\\/08\\\/05\\\/mais-mortes-devido-ao-calor-preocupam-mas-nao-sao-novidade-dgs\\\/#article\",\"isPartOf\":{\"@id\":\"https:\\\/\\\/www.altominho.tv\\\/site\\\/2020\\\/08\\\/05\\\/mais-mortes-devido-ao-calor-preocupam-mas-nao-sao-novidade-dgs\\\/\"},\"author\":{\"name\":\"Lusa\",\"@id\":\"https:\\\/\\\/www.altominho.tv\\\/site\\\/#\\\/schema\\\/person\\\/63f693da3e1899361cbe955c46f3232e\"},\"headline\":\"Mais mortes devido ao calor preocupam mas n\u00e3o s\u00e3o novidade &#8211; DGS\",\"datePublished\":\"2020-08-05T10:30:48+00:00\",\"dateModified\":\"2020-08-05T10:30:50+00:00\",\"mainEntityOfPage\":{\"@id\":\"https:\\\/\\\/www.altominho.tv\\\/site\\\/2020\\\/08\\\/05\\\/mais-mortes-devido-ao-calor-preocupam-mas-nao-sao-novidade-dgs\\\/\"},\"wordCount\":620,\"image\":{\"@id\":\"https:\\\/\\\/www.altominho.tv\\\/site\\\/2020\\\/08\\\/05\\\/mais-mortes-devido-ao-calor-preocupam-mas-nao-sao-novidade-dgs\\\/#primaryimage\"},\"thumbnailUrl\":\"https:\\\/\\\/www.altominho.tv\\\/site\\\/wp-content\\\/uploads\\\/2020\\\/08\\\/thumbs.web_.sapo_.io_.jpg\",\"keywords\":[\"Sociedade\"],\"articleSection\":[\"Coronav\u00edrus\"],\"inLanguage\":\"pt-PT\",\"copyrightYear\":\"2020\",\"copyrightHolder\":{\"@id\":\"https:\\\/\\\/www.altominho.tv\\\/site\\\/#organization\"}},{\"@type\":\"WebPage\",\"@id\":\"https:\\\/\\\/www.altominho.tv\\\/site\\\/2020\\\/08\\\/05\\\/mais-mortes-devido-ao-calor-preocupam-mas-nao-sao-novidade-dgs\\\/\",\"url\":\"https:\\\/\\\/www.altominho.tv\\\/site\\\/2020\\\/08\\\/05\\\/mais-mortes-devido-ao-calor-preocupam-mas-nao-sao-novidade-dgs\\\/\",\"name\":\"Mais mortes devido ao calor preocupam mas n\u00e3o s\u00e3o novidade - DGS\",\"isPartOf\":{\"@id\":\"https:\\\/\\\/www.altominho.tv\\\/site\\\/#website\"},\"primaryImageOfPage\":{\"@id\":\"https:\\\/\\\/www.altominho.tv\\\/site\\\/2020\\\/08\\\/05\\\/mais-mortes-devido-ao-calor-preocupam-mas-nao-sao-novidade-dgs\\\/#primaryimage\"},\"image\":{\"@id\":\"https:\\\/\\\/www.altominho.tv\\\/site\\\/2020\\\/08\\\/05\\\/mais-mortes-devido-ao-calor-preocupam-mas-nao-sao-novidade-dgs\\\/#primaryimage\"},\"thumbnailUrl\":\"https:\\\/\\\/www.altominho.tv\\\/site\\\/wp-content\\\/uploads\\\/2020\\\/08\\\/thumbs.web_.sapo_.io_.jpg\",\"datePublished\":\"2020-08-05T10:30:48+00:00\",\"dateModified\":\"2020-08-05T10:30:50+00:00\",\"author\":{\"@id\":\"https:\\\/\\\/www.altominho.tv\\\/site\\\/#\\\/schema\\\/person\\\/63f693da3e1899361cbe955c46f3232e\"},\"breadcrumb\":{\"@id\":\"https:\\\/\\\/www.altominho.tv\\\/site\\\/2020\\\/08\\\/05\\\/mais-mortes-devido-ao-calor-preocupam-mas-nao-sao-novidade-dgs\\\/#breadcrumb\"},\"inLanguage\":\"pt-PT\",\"potentialAction\":[{\"@type\":\"ReadAction\",\"target\":[\"https:\\\/\\\/www.altominho.tv\\\/site\\\/2020\\\/08\\\/05\\\/mais-mortes-devido-ao-calor-preocupam-mas-nao-sao-novidade-dgs\\\/\"]}]},{\"@type\":\"ImageObject\",\"inLanguage\":\"pt-PT\",\"@id\":\"https:\\\/\\\/www.altominho.tv\\\/site\\\/2020\\\/08\\\/05\\\/mais-mortes-devido-ao-calor-preocupam-mas-nao-sao-novidade-dgs\\\/#primaryimage\",\"url\":\"https:\\\/\\\/www.altominho.tv\\\/site\\\/wp-content\\\/uploads\\\/2020\\\/08\\\/thumbs.web_.sapo_.io_.jpg\",\"contentUrl\":\"https:\\\/\\\/www.altominho.tv\\\/site\\\/wp-content\\\/uploads\\\/2020\\\/08\\\/thumbs.web_.sapo_.io_.jpg\",\"width\":800,\"height\":533},{\"@type\":\"BreadcrumbList\",\"@id\":\"https:\\\/\\\/www.altominho.tv\\\/site\\\/2020\\\/08\\\/05\\\/mais-mortes-devido-ao-calor-preocupam-mas-nao-sao-novidade-dgs\\\/#breadcrumb\",\"itemListElement\":[{\"@type\":\"ListItem\",\"position\":1,\"name\":\"In\u00edcio\",\"item\":\"https:\\\/\\\/www.altominho.tv\\\/site\\\/\"},{\"@type\":\"ListItem\",\"position\":2,\"name\":\"Mais mortes devido ao calor preocupam mas n\u00e3o s\u00e3o novidade &#8211; DGS\"}]},{\"@type\":\"WebSite\",\"@id\":\"https:\\\/\\\/www.altominho.tv\\\/site\\\/#website\",\"url\":\"https:\\\/\\\/www.altominho.tv\\\/site\\\/\",\"name\":\"Altominho.tv\",\"description\":\"A sua regi\u00e3o \u00e0 dist\u00e2ncia de um clique...\",\"potentialAction\":[{\"@type\":\"SearchAction\",\"target\":{\"@type\":\"EntryPoint\",\"urlTemplate\":\"https:\\\/\\\/www.altominho.tv\\\/site\\\/?s={search_term_string}\"},\"query-input\":{\"@type\":\"PropertyValueSpecification\",\"valueRequired\":true,\"valueName\":\"search_term_string\"}}],\"inLanguage\":\"pt-PT\"},{\"@type\":\"Person\",\"@id\":\"https:\\\/\\\/www.altominho.tv\\\/site\\\/#\\\/schema\\\/person\\\/63f693da3e1899361cbe955c46f3232e\",\"name\":\"Lusa\",\"image\":{\"@type\":\"ImageObject\",\"inLanguage\":\"pt-PT\",\"@id\":\"https:\\\/\\\/www.altominho.tv\\\/site\\\/wp-content\\\/uploads\\\/2019\\\/08\\\/LUSA_Logo.gif\",\"url\":\"https:\\\/\\\/www.altominho.tv\\\/site\\\/wp-content\\\/uploads\\\/2019\\\/08\\\/LUSA_Logo.gif\",\"contentUrl\":\"https:\\\/\\\/www.altominho.tv\\\/site\\\/wp-content\\\/uploads\\\/2019\\\/08\\\/LUSA_Logo.gif\",\"caption\":\"Lusa\"},\"sameAs\":[\"http:\\\/\\\/\\\/\\\/www.altominho.tv\\\/site\"],\"url\":\"https:\\\/\\\/www.altominho.tv\\\/site\\\/author\\\/lusa\\\/\"}]}<\/script>\n<!-- \/ Yoast SEO Premium plugin. -->","yoast_head_json":{"title":"Mais mortes devido ao calor preocupam mas n\u00e3o s\u00e3o novidade - DGS","robots":{"index":"index","follow":"follow","max-snippet":"max-snippet:-1","max-image-preview":"max-image-preview:large","max-video-preview":"max-video-preview:-1"},"canonical":"https:\/\/www.altominho.tv\/site\/2020\/08\/05\/mais-mortes-devido-ao-calor-preocupam-mas-nao-sao-novidade-dgs\/","og_locale":"pt_PT","og_type":"article","og_title":"Mais mortes devido ao calor preocupam mas n\u00e3o s\u00e3o novidade - DGS","og_description":"Portugal teve em julho duas semanas com um n\u00famero excecionalmente elevado de mortes, independentemente da pandemia da covid-19, mas a Dire\u00e7\u00e3o-Geral da Sa\u00fade (DGS) diz ser um fen\u00f3meno \u201cque n\u00e3o \u00e9 novidade\u201d e se deve ao calor. \u201cPensamos, \u00e0 semelhan\u00e7a do que tem sido a regra, que esta varia\u00e7\u00e3o de mortalidade se relaciona com a [&hellip;]","og_url":"https:\/\/www.altominho.tv\/site\/2020\/08\/05\/mais-mortes-devido-ao-calor-preocupam-mas-nao-sao-novidade-dgs\/","og_site_name":"Altominho.tv","article_publisher":"https:\/\/www.facebook.com\/altominhotv","article_published_time":"2020-08-05T10:30:48+00:00","article_modified_time":"2020-08-05T10:30:50+00:00","og_image":[{"width":800,"height":533,"url":"https:\/\/www.altominho.tv\/site\/wp-content\/uploads\/2020\/08\/thumbs.web_.sapo_.io_.jpg","type":"image\/jpeg"}],"author":"Lusa","twitter_card":"summary_large_image","twitter_creator":"@altominhoTV","twitter_site":"@altominhoTV","twitter_misc":{"Escrito por":"Lusa","Tempo estimado de leitura":"3 minutos"},"schema":{"@context":"https:\/\/schema.org","@graph":[{"@type":"Article","@id":"https:\/\/www.altominho.tv\/site\/2020\/08\/05\/mais-mortes-devido-ao-calor-preocupam-mas-nao-sao-novidade-dgs\/#article","isPartOf":{"@id":"https:\/\/www.altominho.tv\/site\/2020\/08\/05\/mais-mortes-devido-ao-calor-preocupam-mas-nao-sao-novidade-dgs\/"},"author":{"name":"Lusa","@id":"https:\/\/www.altominho.tv\/site\/#\/schema\/person\/63f693da3e1899361cbe955c46f3232e"},"headline":"Mais mortes devido ao calor preocupam mas n\u00e3o s\u00e3o novidade &#8211; DGS","datePublished":"2020-08-05T10:30:48+00:00","dateModified":"2020-08-05T10:30:50+00:00","mainEntityOfPage":{"@id":"https:\/\/www.altominho.tv\/site\/2020\/08\/05\/mais-mortes-devido-ao-calor-preocupam-mas-nao-sao-novidade-dgs\/"},"wordCount":620,"image":{"@id":"https:\/\/www.altominho.tv\/site\/2020\/08\/05\/mais-mortes-devido-ao-calor-preocupam-mas-nao-sao-novidade-dgs\/#primaryimage"},"thumbnailUrl":"https:\/\/www.altominho.tv\/site\/wp-content\/uploads\/2020\/08\/thumbs.web_.sapo_.io_.jpg","keywords":["Sociedade"],"articleSection":["Coronav\u00edrus"],"inLanguage":"pt-PT","copyrightYear":"2020","copyrightHolder":{"@id":"https:\/\/www.altominho.tv\/site\/#organization"}},{"@type":"WebPage","@id":"https:\/\/www.altominho.tv\/site\/2020\/08\/05\/mais-mortes-devido-ao-calor-preocupam-mas-nao-sao-novidade-dgs\/","url":"https:\/\/www.altominho.tv\/site\/2020\/08\/05\/mais-mortes-devido-ao-calor-preocupam-mas-nao-sao-novidade-dgs\/","name":"Mais mortes devido ao calor preocupam mas n\u00e3o s\u00e3o novidade - DGS","isPartOf":{"@id":"https:\/\/www.altominho.tv\/site\/#website"},"primaryImageOfPage":{"@id":"https:\/\/www.altominho.tv\/site\/2020\/08\/05\/mais-mortes-devido-ao-calor-preocupam-mas-nao-sao-novidade-dgs\/#primaryimage"},"image":{"@id":"https:\/\/www.altominho.tv\/site\/2020\/08\/05\/mais-mortes-devido-ao-calor-preocupam-mas-nao-sao-novidade-dgs\/#primaryimage"},"thumbnailUrl":"https:\/\/www.altominho.tv\/site\/wp-content\/uploads\/2020\/08\/thumbs.web_.sapo_.io_.jpg","datePublished":"2020-08-05T10:30:48+00:00","dateModified":"2020-08-05T10:30:50+00:00","author":{"@id":"https:\/\/www.altominho.tv\/site\/#\/schema\/person\/63f693da3e1899361cbe955c46f3232e"},"breadcrumb":{"@id":"https:\/\/www.altominho.tv\/site\/2020\/08\/05\/mais-mortes-devido-ao-calor-preocupam-mas-nao-sao-novidade-dgs\/#breadcrumb"},"inLanguage":"pt-PT","potentialAction":[{"@type":"ReadAction","target":["https:\/\/www.altominho.tv\/site\/2020\/08\/05\/mais-mortes-devido-ao-calor-preocupam-mas-nao-sao-novidade-dgs\/"]}]},{"@type":"ImageObject","inLanguage":"pt-PT","@id":"https:\/\/www.altominho.tv\/site\/2020\/08\/05\/mais-mortes-devido-ao-calor-preocupam-mas-nao-sao-novidade-dgs\/#primaryimage","url":"https:\/\/www.altominho.tv\/site\/wp-content\/uploads\/2020\/08\/thumbs.web_.sapo_.io_.jpg","contentUrl":"https:\/\/www.altominho.tv\/site\/wp-content\/uploads\/2020\/08\/thumbs.web_.sapo_.io_.jpg","width":800,"height":533},{"@type":"BreadcrumbList","@id":"https:\/\/www.altominho.tv\/site\/2020\/08\/05\/mais-mortes-devido-ao-calor-preocupam-mas-nao-sao-novidade-dgs\/#breadcrumb","itemListElement":[{"@type":"ListItem","position":1,"name":"In\u00edcio","item":"https:\/\/www.altominho.tv\/site\/"},{"@type":"ListItem","position":2,"name":"Mais mortes devido ao calor preocupam mas n\u00e3o s\u00e3o novidade &#8211; DGS"}]},{"@type":"WebSite","@id":"https:\/\/www.altominho.tv\/site\/#website","url":"https:\/\/www.altominho.tv\/site\/","name":"Altominho.tv","description":"A sua regi\u00e3o \u00e0 dist\u00e2ncia de um clique...","potentialAction":[{"@type":"SearchAction","target":{"@type":"EntryPoint","urlTemplate":"https:\/\/www.altominho.tv\/site\/?s={search_term_string}"},"query-input":{"@type":"PropertyValueSpecification","valueRequired":true,"valueName":"search_term_string"}}],"inLanguage":"pt-PT"},{"@type":"Person","@id":"https:\/\/www.altominho.tv\/site\/#\/schema\/person\/63f693da3e1899361cbe955c46f3232e","name":"Lusa","image":{"@type":"ImageObject","inLanguage":"pt-PT","@id":"https:\/\/www.altominho.tv\/site\/wp-content\/uploads\/2019\/08\/LUSA_Logo.gif","url":"https:\/\/www.altominho.tv\/site\/wp-content\/uploads\/2019\/08\/LUSA_Logo.gif","contentUrl":"https:\/\/www.altominho.tv\/site\/wp-content\/uploads\/2019\/08\/LUSA_Logo.gif","caption":"Lusa"},"sameAs":["http:\/\/\/\/www.altominho.tv\/site"],"url":"https:\/\/www.altominho.tv\/site\/author\/lusa\/"}]}},"_links":{"self":[{"href":"https:\/\/www.altominho.tv\/site\/wp-json\/wp\/v2\/posts\/50238","targetHints":{"allow":["GET"]}}],"collection":[{"href":"https:\/\/www.altominho.tv\/site\/wp-json\/wp\/v2\/posts"}],"about":[{"href":"https:\/\/www.altominho.tv\/site\/wp-json\/wp\/v2\/types\/post"}],"author":[{"embeddable":true,"href":"https:\/\/www.altominho.tv\/site\/wp-json\/wp\/v2\/users\/13"}],"replies":[{"embeddable":true,"href":"https:\/\/www.altominho.tv\/site\/wp-json\/wp\/v2\/comments?post=50238"}],"version-history":[{"count":0,"href":"https:\/\/www.altominho.tv\/site\/wp-json\/wp\/v2\/posts\/50238\/revisions"}],"wp:featuredmedia":[{"embeddable":true,"href":"https:\/\/www.altominho.tv\/site\/wp-json\/wp\/v2\/media\/50239"}],"wp:attachment":[{"href":"https:\/\/www.altominho.tv\/site\/wp-json\/wp\/v2\/media?parent=50238"}],"wp:term":[{"taxonomy":"category","embeddable":true,"href":"https:\/\/www.altominho.tv\/site\/wp-json\/wp\/v2\/categories?post=50238"},{"taxonomy":"post_tag","embeddable":true,"href":"https:\/\/www.altominho.tv\/site\/wp-json\/wp\/v2\/tags?post=50238"}],"curies":[{"name":"wp","href":"https:\/\/api.w.org\/{rel}","templated":true}]}}