{"id":50211,"date":"2020-08-04T12:35:55","date_gmt":"2020-08-04T11:35:55","guid":{"rendered":"http:\/\/www.altominho.tv\/site\/?p=50211"},"modified":"2020-08-04T12:35:59","modified_gmt":"2020-08-04T11:35:59","slug":"zonas-raianas-do-alto-minho-com-mais-20-de-clientes-desde-reabertura-de-fronteira","status":"publish","type":"post","link":"https:\/\/www.altominho.tv\/site\/2020\/08\/04\/zonas-raianas-do-alto-minho-com-mais-20-de-clientes-desde-reabertura-de-fronteira\/","title":{"rendered":"Zonas raianas do Alto Minho com mais 20% de clientes desde reabertura de fronteira"},"content":{"rendered":"\n<p>O volume de clientes em 108 empresas de com\u00e9rcio, restaura\u00e7\u00e3o e hotelaria de cinco concelhos raianos do Alto Minho &#8220;aumentou menos de 20%&#8221; ap\u00f3s a reabertura das fronteiras entre Portugal e Espanha a 01 de julho, foi hoje divulgado.<br><\/p>\n\n\n\n<p>Os dados constam das conclus\u00f5es do inqu\u00e9rito Impacto da reabertura das fronteiras no com\u00e9rcio, restaura\u00e7\u00e3o e hotelaria das regi\u00f5es raianas do Alto Minho, realizado pela Confedera\u00e7\u00e3o Empresarial do Alto Minho (CEVAL), entre os dias 15 e 30 de julho, atrav\u00e9s de um inqu\u00e9rito enviado a 400 empresas de Caminha, Melga\u00e7o, Mon\u00e7\u00e3o, Valen\u00e7a e Vila Nova de Cerveira, sendo que responderam 108.<br><\/p>\n\n\n\n<p>Segundo a CEVAL, o universo total de empresas instaladas naqueles cinco concelhos do Vale do Minho \u00e9 de cerca de 700 estabelecimentos comerciais daqueles setores de atividade.<br><\/p>\n\n\n\n<p>Na nota hoje enviada \u00e0 imprensa com os resultados do estudo, a CEVAL destaca que &#8220;quase metade dos empres\u00e1rios inquiridos afirmam que as vendas reduziram entre 40% e 60% face ao per\u00edodo hom\u00f3logo do ano anterior&#8221;.<br><\/p>\n\n\n\n<p>A CEVAL representa cerca de 5.000 empresas do distrito de Viana do Castelo, que empregam mais de 19.000 trabalhadores.<br><\/p>\n\n\n\n<p>O estudo revela ainda que &#8220;37,9% das empresas que retomaram a sua atividade antes da reabertura das fronteiras viram as suas expectativas decrescer durante este m\u00eas, afirmando que o volume de clientes pouco aumentou, sendo que o aumento de clientes foi de menos de 20%&#8221;.<br><\/p>\n\n\n\n<p>&#8220;Pela rela\u00e7\u00e3o comercial com a Galiza, 42,6% das empresas inquiridas afirmou que apenas reiniciou a sua atividade aquando da reabertura das fronteiras, no dia 01 de julho&#8221;, e quando questionados sobre as vendas, &#8220;75,5% indica que as vendas ainda n\u00e3o est\u00e3o em n\u00edveis pr\u00e9-crise e 70,7% afirmam mesmo que precisar\u00e3o de mais de um ano para igualar os n\u00edveis de vendas que tinham antes da crise causada pela pandemia de convid-19&#8221;, especifica a nota.<br><\/p>\n\n\n\n<p>Para &#8220;mitigar&#8221; o impacto da pandemia, e segundo o estudo da CEVAL, os empres\u00e1rios inquiridos defenderam &#8220;medidas como &#8216;lay-off&#8217;, morat\u00f3rias de cr\u00e9ditos, os apoios \u00e0 tesouraria, o diferimento de impostos e contribui\u00e7\u00f5es, a cria\u00e7\u00e3o de um cart\u00e3o de cidad\u00e3o da Eurorregi\u00e3o (Norte de Portugal\/Galiza) e uma campanha de promo\u00e7\u00e3o do territ\u00f3rio que estimule o turismo e atenue o sentimento de inseguran\u00e7a e medo associado \u00e0 doen\u00e7a causada pelo novo coronav\u00edrus&#8221;.<br><\/p>\n\n\n\n<p>A pandemia de covid-19 j\u00e1 provocou mais de 689 mil mortos e infetou mais de 18,1 milh\u00f5es de pessoas em 196 pa\u00edses e territ\u00f3rios, segundo um balan\u00e7o feito pela ag\u00eancia francesa AFP.<br><\/p>\n\n\n\n<p>Em Portugal, morreram 1.738 pessoas das 51.569 confirmadas como infetadas, de acordo com o boletim mais recente da Dire\u00e7\u00e3o-Geral da Sa\u00fade.<br><\/p>\n\n\n\n<p>A doen\u00e7a \u00e9 transmitida por um novo coronav\u00edrus detetado no final de dezembro, em Wuhan, uma cidade do centro da China.<br><\/p>\n\n\n\n<p>Depois de a Europa ter sucedido \u00e0 China como centro da pandemia em fevereiro, o continente americano \u00e9 agora o que tem mais casos confirmados e mais mortes.<\/p>\n","protected":false},"excerpt":{"rendered":"<p>O volume de clientes em 108 empresas de com\u00e9rcio, restaura\u00e7\u00e3o e hotelaria de cinco concelhos raianos do Alto Minho &#8220;aumentou menos de 20%&#8221; ap\u00f3s a reabertura das fronteiras entre Portugal e Espanha a 01 de julho, foi hoje divulgado. Os dados constam das conclus\u00f5es do inqu\u00e9rito Impacto da reabertura das fronteiras no com\u00e9rcio, restaura\u00e7\u00e3o e [&hellip;]<\/p>\n","protected":false},"author":16,"featured_media":50212,"comment_status":"closed","ping_status":"closed","sticky":false,"template":"","format":"standard","meta":{"_exactmetrics_skip_tracking":false,"_exactmetrics_sitenote_active":false,"_exactmetrics_sitenote_note":"","_exactmetrics_sitenote_category":0,"footnotes":""},"categories":[73],"tags":[21,27],"class_list":["post-50211","post","type-post","status-publish","format-standard","has-post-thumbnail","hentry","category-alto-minho","tag-economia","tag-sociedade"],"yoast_head":"<!-- This site is optimized with the Yoast SEO Premium plugin v27.4 (Yoast SEO v27.4) - https:\/\/yoast.com\/product\/yoast-seo-premium-wordpress\/ -->\n<title>Zonas raianas do Alto Minho com mais 20% de clientes desde reabertura de fronteira<\/title>\n<meta name=\"robots\" content=\"index, follow, max-snippet:-1, max-image-preview:large, max-video-preview:-1\" \/>\n<link rel=\"canonical\" href=\"https:\/\/www.altominho.tv\/site\/2020\/08\/04\/zonas-raianas-do-alto-minho-com-mais-20-de-clientes-desde-reabertura-de-fronteira\/\" \/>\n<meta property=\"og:locale\" content=\"pt_PT\" \/>\n<meta property=\"og:type\" content=\"article\" \/>\n<meta property=\"og:title\" content=\"Zonas raianas do Alto Minho com mais 20% de clientes desde reabertura de fronteira\" \/>\n<meta property=\"og:description\" content=\"O volume de clientes em 108 empresas de com\u00e9rcio, restaura\u00e7\u00e3o e hotelaria de cinco concelhos raianos do Alto Minho &#8220;aumentou menos de 20%&#8221; ap\u00f3s a reabertura das fronteiras entre Portugal e Espanha a 01 de julho, foi hoje divulgado. Os dados constam das conclus\u00f5es do inqu\u00e9rito Impacto da reabertura das fronteiras no com\u00e9rcio, restaura\u00e7\u00e3o e [&hellip;]\" \/>\n<meta property=\"og:url\" content=\"https:\/\/www.altominho.tv\/site\/2020\/08\/04\/zonas-raianas-do-alto-minho-com-mais-20-de-clientes-desde-reabertura-de-fronteira\/\" \/>\n<meta property=\"og:site_name\" content=\"Altominho.tv\" \/>\n<meta property=\"article:publisher\" content=\"https:\/\/www.facebook.com\/altominhotv\" \/>\n<meta property=\"article:published_time\" content=\"2020-08-04T11:35:55+00:00\" \/>\n<meta property=\"article:modified_time\" content=\"2020-08-04T11:35:59+00:00\" \/>\n<meta property=\"og:image\" content=\"https:\/\/www.altominho.tv\/site\/wp-content\/uploads\/2020\/08\/Valenc\u0327a-muralha.png\" \/>\n\t<meta property=\"og:image:width\" content=\"800\" \/>\n\t<meta property=\"og:image:height\" content=\"460\" \/>\n\t<meta property=\"og:image:type\" content=\"image\/png\" \/>\n<meta name=\"author\" content=\"Andreia Cunha | Lusa\" \/>\n<meta name=\"twitter:card\" content=\"summary_large_image\" \/>\n<meta name=\"twitter:creator\" content=\"@altominhoTV\" \/>\n<meta name=\"twitter:site\" content=\"@altominhoTV\" \/>\n<meta name=\"twitter:label1\" content=\"Escrito por\" \/>\n\t<meta name=\"twitter:data1\" content=\"Andreia Cunha | Lusa\" \/>\n\t<meta name=\"twitter:label2\" content=\"Tempo estimado de leitura\" \/>\n\t<meta name=\"twitter:data2\" content=\"2 minutos\" \/>\n<script type=\"application\/ld+json\" class=\"yoast-schema-graph\">{\"@context\":\"https:\\\/\\\/schema.org\",\"@graph\":[{\"@type\":\"Article\",\"@id\":\"https:\\\/\\\/www.altominho.tv\\\/site\\\/2020\\\/08\\\/04\\\/zonas-raianas-do-alto-minho-com-mais-20-de-clientes-desde-reabertura-de-fronteira\\\/#article\",\"isPartOf\":{\"@id\":\"https:\\\/\\\/www.altominho.tv\\\/site\\\/2020\\\/08\\\/04\\\/zonas-raianas-do-alto-minho-com-mais-20-de-clientes-desde-reabertura-de-fronteira\\\/\"},\"author\":{\"name\":\"Andreia Cunha | Lusa\",\"@id\":\"https:\\\/\\\/www.altominho.tv\\\/site\\\/#\\\/schema\\\/person\\\/dbaf181c01b51ff40c9f461a905d321e\"},\"headline\":\"Zonas raianas do Alto Minho com mais 20% de clientes desde reabertura de fronteira\",\"datePublished\":\"2020-08-04T11:35:55+00:00\",\"dateModified\":\"2020-08-04T11:35:59+00:00\",\"mainEntityOfPage\":{\"@id\":\"https:\\\/\\\/www.altominho.tv\\\/site\\\/2020\\\/08\\\/04\\\/zonas-raianas-do-alto-minho-com-mais-20-de-clientes-desde-reabertura-de-fronteira\\\/\"},\"wordCount\":504,\"image\":{\"@id\":\"https:\\\/\\\/www.altominho.tv\\\/site\\\/2020\\\/08\\\/04\\\/zonas-raianas-do-alto-minho-com-mais-20-de-clientes-desde-reabertura-de-fronteira\\\/#primaryimage\"},\"thumbnailUrl\":\"https:\\\/\\\/www.altominho.tv\\\/site\\\/wp-content\\\/uploads\\\/2020\\\/08\\\/Valenc\u0327a-muralha.png\",\"keywords\":[\"Economia\",\"Sociedade\"],\"articleSection\":[\"Alto Minho\"],\"inLanguage\":\"pt-PT\",\"copyrightYear\":\"2020\",\"copyrightHolder\":{\"@id\":\"https:\\\/\\\/www.altominho.tv\\\/site\\\/#organization\"}},{\"@type\":\"WebPage\",\"@id\":\"https:\\\/\\\/www.altominho.tv\\\/site\\\/2020\\\/08\\\/04\\\/zonas-raianas-do-alto-minho-com-mais-20-de-clientes-desde-reabertura-de-fronteira\\\/\",\"url\":\"https:\\\/\\\/www.altominho.tv\\\/site\\\/2020\\\/08\\\/04\\\/zonas-raianas-do-alto-minho-com-mais-20-de-clientes-desde-reabertura-de-fronteira\\\/\",\"name\":\"Zonas raianas do Alto Minho com mais 20% de clientes desde reabertura de fronteira\",\"isPartOf\":{\"@id\":\"https:\\\/\\\/www.altominho.tv\\\/site\\\/#website\"},\"primaryImageOfPage\":{\"@id\":\"https:\\\/\\\/www.altominho.tv\\\/site\\\/2020\\\/08\\\/04\\\/zonas-raianas-do-alto-minho-com-mais-20-de-clientes-desde-reabertura-de-fronteira\\\/#primaryimage\"},\"image\":{\"@id\":\"https:\\\/\\\/www.altominho.tv\\\/site\\\/2020\\\/08\\\/04\\\/zonas-raianas-do-alto-minho-com-mais-20-de-clientes-desde-reabertura-de-fronteira\\\/#primaryimage\"},\"thumbnailUrl\":\"https:\\\/\\\/www.altominho.tv\\\/site\\\/wp-content\\\/uploads\\\/2020\\\/08\\\/Valenc\u0327a-muralha.png\",\"datePublished\":\"2020-08-04T11:35:55+00:00\",\"dateModified\":\"2020-08-04T11:35:59+00:00\",\"author\":{\"@id\":\"https:\\\/\\\/www.altominho.tv\\\/site\\\/#\\\/schema\\\/person\\\/dbaf181c01b51ff40c9f461a905d321e\"},\"breadcrumb\":{\"@id\":\"https:\\\/\\\/www.altominho.tv\\\/site\\\/2020\\\/08\\\/04\\\/zonas-raianas-do-alto-minho-com-mais-20-de-clientes-desde-reabertura-de-fronteira\\\/#breadcrumb\"},\"inLanguage\":\"pt-PT\",\"potentialAction\":[{\"@type\":\"ReadAction\",\"target\":[\"https:\\\/\\\/www.altominho.tv\\\/site\\\/2020\\\/08\\\/04\\\/zonas-raianas-do-alto-minho-com-mais-20-de-clientes-desde-reabertura-de-fronteira\\\/\"]}]},{\"@type\":\"ImageObject\",\"inLanguage\":\"pt-PT\",\"@id\":\"https:\\\/\\\/www.altominho.tv\\\/site\\\/2020\\\/08\\\/04\\\/zonas-raianas-do-alto-minho-com-mais-20-de-clientes-desde-reabertura-de-fronteira\\\/#primaryimage\",\"url\":\"https:\\\/\\\/www.altominho.tv\\\/site\\\/wp-content\\\/uploads\\\/2020\\\/08\\\/Valenc\u0327a-muralha.png\",\"contentUrl\":\"https:\\\/\\\/www.altominho.tv\\\/site\\\/wp-content\\\/uploads\\\/2020\\\/08\\\/Valenc\u0327a-muralha.png\",\"width\":800,\"height\":460},{\"@type\":\"BreadcrumbList\",\"@id\":\"https:\\\/\\\/www.altominho.tv\\\/site\\\/2020\\\/08\\\/04\\\/zonas-raianas-do-alto-minho-com-mais-20-de-clientes-desde-reabertura-de-fronteira\\\/#breadcrumb\",\"itemListElement\":[{\"@type\":\"ListItem\",\"position\":1,\"name\":\"In\u00edcio\",\"item\":\"https:\\\/\\\/www.altominho.tv\\\/site\\\/\"},{\"@type\":\"ListItem\",\"position\":2,\"name\":\"Zonas raianas do Alto Minho com mais 20% de clientes desde reabertura de fronteira\"}]},{\"@type\":\"WebSite\",\"@id\":\"https:\\\/\\\/www.altominho.tv\\\/site\\\/#website\",\"url\":\"https:\\\/\\\/www.altominho.tv\\\/site\\\/\",\"name\":\"Altominho.tv\",\"description\":\"A sua regi\u00e3o \u00e0 dist\u00e2ncia de um clique...\",\"potentialAction\":[{\"@type\":\"SearchAction\",\"target\":{\"@type\":\"EntryPoint\",\"urlTemplate\":\"https:\\\/\\\/www.altominho.tv\\\/site\\\/?s={search_term_string}\"},\"query-input\":{\"@type\":\"PropertyValueSpecification\",\"valueRequired\":true,\"valueName\":\"search_term_string\"}}],\"inLanguage\":\"pt-PT\"},{\"@type\":\"Person\",\"@id\":\"https:\\\/\\\/www.altominho.tv\\\/site\\\/#\\\/schema\\\/person\\\/dbaf181c01b51ff40c9f461a905d321e\",\"name\":\"Andreia Cunha | Lusa\",\"image\":{\"@type\":\"ImageObject\",\"inLanguage\":\"pt-PT\",\"@id\":\"https:\\\/\\\/www.altominho.tv\\\/site\\\/wp-content\\\/uploads\\\/2017\\\/11\\\/Andreia_Cunha-1-150x150.jpg\",\"url\":\"https:\\\/\\\/www.altominho.tv\\\/site\\\/wp-content\\\/uploads\\\/2017\\\/11\\\/Andreia_Cunha-1-150x150.jpg\",\"contentUrl\":\"https:\\\/\\\/www.altominho.tv\\\/site\\\/wp-content\\\/uploads\\\/2017\\\/11\\\/Andreia_Cunha-1-150x150.jpg\",\"caption\":\"Andreia Cunha | Lusa\"},\"sameAs\":[\"https:\\\/\\\/www.altominho.tv\\\/site\"],\"url\":\"https:\\\/\\\/www.altominho.tv\\\/site\\\/author\\\/andreiacunhalusa\\\/\"}]}<\/script>\n<!-- \/ Yoast SEO Premium plugin. -->","yoast_head_json":{"title":"Zonas raianas do Alto Minho com mais 20% de clientes desde reabertura de fronteira","robots":{"index":"index","follow":"follow","max-snippet":"max-snippet:-1","max-image-preview":"max-image-preview:large","max-video-preview":"max-video-preview:-1"},"canonical":"https:\/\/www.altominho.tv\/site\/2020\/08\/04\/zonas-raianas-do-alto-minho-com-mais-20-de-clientes-desde-reabertura-de-fronteira\/","og_locale":"pt_PT","og_type":"article","og_title":"Zonas raianas do Alto Minho com mais 20% de clientes desde reabertura de fronteira","og_description":"O volume de clientes em 108 empresas de com\u00e9rcio, restaura\u00e7\u00e3o e hotelaria de cinco concelhos raianos do Alto Minho &#8220;aumentou menos de 20%&#8221; ap\u00f3s a reabertura das fronteiras entre Portugal e Espanha a 01 de julho, foi hoje divulgado. Os dados constam das conclus\u00f5es do inqu\u00e9rito Impacto da reabertura das fronteiras no com\u00e9rcio, restaura\u00e7\u00e3o e [&hellip;]","og_url":"https:\/\/www.altominho.tv\/site\/2020\/08\/04\/zonas-raianas-do-alto-minho-com-mais-20-de-clientes-desde-reabertura-de-fronteira\/","og_site_name":"Altominho.tv","article_publisher":"https:\/\/www.facebook.com\/altominhotv","article_published_time":"2020-08-04T11:35:55+00:00","article_modified_time":"2020-08-04T11:35:59+00:00","og_image":[{"width":800,"height":460,"url":"https:\/\/www.altominho.tv\/site\/wp-content\/uploads\/2020\/08\/Valenc\u0327a-muralha.png","type":"image\/png"}],"author":"Andreia Cunha | Lusa","twitter_card":"summary_large_image","twitter_creator":"@altominhoTV","twitter_site":"@altominhoTV","twitter_misc":{"Escrito por":"Andreia Cunha | Lusa","Tempo estimado de leitura":"2 minutos"},"schema":{"@context":"https:\/\/schema.org","@graph":[{"@type":"Article","@id":"https:\/\/www.altominho.tv\/site\/2020\/08\/04\/zonas-raianas-do-alto-minho-com-mais-20-de-clientes-desde-reabertura-de-fronteira\/#article","isPartOf":{"@id":"https:\/\/www.altominho.tv\/site\/2020\/08\/04\/zonas-raianas-do-alto-minho-com-mais-20-de-clientes-desde-reabertura-de-fronteira\/"},"author":{"name":"Andreia Cunha | Lusa","@id":"https:\/\/www.altominho.tv\/site\/#\/schema\/person\/dbaf181c01b51ff40c9f461a905d321e"},"headline":"Zonas raianas do Alto Minho com mais 20% de clientes desde reabertura de fronteira","datePublished":"2020-08-04T11:35:55+00:00","dateModified":"2020-08-04T11:35:59+00:00","mainEntityOfPage":{"@id":"https:\/\/www.altominho.tv\/site\/2020\/08\/04\/zonas-raianas-do-alto-minho-com-mais-20-de-clientes-desde-reabertura-de-fronteira\/"},"wordCount":504,"image":{"@id":"https:\/\/www.altominho.tv\/site\/2020\/08\/04\/zonas-raianas-do-alto-minho-com-mais-20-de-clientes-desde-reabertura-de-fronteira\/#primaryimage"},"thumbnailUrl":"https:\/\/www.altominho.tv\/site\/wp-content\/uploads\/2020\/08\/Valenc\u0327a-muralha.png","keywords":["Economia","Sociedade"],"articleSection":["Alto Minho"],"inLanguage":"pt-PT","copyrightYear":"2020","copyrightHolder":{"@id":"https:\/\/www.altominho.tv\/site\/#organization"}},{"@type":"WebPage","@id":"https:\/\/www.altominho.tv\/site\/2020\/08\/04\/zonas-raianas-do-alto-minho-com-mais-20-de-clientes-desde-reabertura-de-fronteira\/","url":"https:\/\/www.altominho.tv\/site\/2020\/08\/04\/zonas-raianas-do-alto-minho-com-mais-20-de-clientes-desde-reabertura-de-fronteira\/","name":"Zonas raianas do Alto Minho com mais 20% de clientes desde reabertura de fronteira","isPartOf":{"@id":"https:\/\/www.altominho.tv\/site\/#website"},"primaryImageOfPage":{"@id":"https:\/\/www.altominho.tv\/site\/2020\/08\/04\/zonas-raianas-do-alto-minho-com-mais-20-de-clientes-desde-reabertura-de-fronteira\/#primaryimage"},"image":{"@id":"https:\/\/www.altominho.tv\/site\/2020\/08\/04\/zonas-raianas-do-alto-minho-com-mais-20-de-clientes-desde-reabertura-de-fronteira\/#primaryimage"},"thumbnailUrl":"https:\/\/www.altominho.tv\/site\/wp-content\/uploads\/2020\/08\/Valenc\u0327a-muralha.png","datePublished":"2020-08-04T11:35:55+00:00","dateModified":"2020-08-04T11:35:59+00:00","author":{"@id":"https:\/\/www.altominho.tv\/site\/#\/schema\/person\/dbaf181c01b51ff40c9f461a905d321e"},"breadcrumb":{"@id":"https:\/\/www.altominho.tv\/site\/2020\/08\/04\/zonas-raianas-do-alto-minho-com-mais-20-de-clientes-desde-reabertura-de-fronteira\/#breadcrumb"},"inLanguage":"pt-PT","potentialAction":[{"@type":"ReadAction","target":["https:\/\/www.altominho.tv\/site\/2020\/08\/04\/zonas-raianas-do-alto-minho-com-mais-20-de-clientes-desde-reabertura-de-fronteira\/"]}]},{"@type":"ImageObject","inLanguage":"pt-PT","@id":"https:\/\/www.altominho.tv\/site\/2020\/08\/04\/zonas-raianas-do-alto-minho-com-mais-20-de-clientes-desde-reabertura-de-fronteira\/#primaryimage","url":"https:\/\/www.altominho.tv\/site\/wp-content\/uploads\/2020\/08\/Valenc\u0327a-muralha.png","contentUrl":"https:\/\/www.altominho.tv\/site\/wp-content\/uploads\/2020\/08\/Valenc\u0327a-muralha.png","width":800,"height":460},{"@type":"BreadcrumbList","@id":"https:\/\/www.altominho.tv\/site\/2020\/08\/04\/zonas-raianas-do-alto-minho-com-mais-20-de-clientes-desde-reabertura-de-fronteira\/#breadcrumb","itemListElement":[{"@type":"ListItem","position":1,"name":"In\u00edcio","item":"https:\/\/www.altominho.tv\/site\/"},{"@type":"ListItem","position":2,"name":"Zonas raianas do Alto Minho com mais 20% de clientes desde reabertura de fronteira"}]},{"@type":"WebSite","@id":"https:\/\/www.altominho.tv\/site\/#website","url":"https:\/\/www.altominho.tv\/site\/","name":"Altominho.tv","description":"A sua regi\u00e3o \u00e0 dist\u00e2ncia de um clique...","potentialAction":[{"@type":"SearchAction","target":{"@type":"EntryPoint","urlTemplate":"https:\/\/www.altominho.tv\/site\/?s={search_term_string}"},"query-input":{"@type":"PropertyValueSpecification","valueRequired":true,"valueName":"search_term_string"}}],"inLanguage":"pt-PT"},{"@type":"Person","@id":"https:\/\/www.altominho.tv\/site\/#\/schema\/person\/dbaf181c01b51ff40c9f461a905d321e","name":"Andreia Cunha | Lusa","image":{"@type":"ImageObject","inLanguage":"pt-PT","@id":"https:\/\/www.altominho.tv\/site\/wp-content\/uploads\/2017\/11\/Andreia_Cunha-1-150x150.jpg","url":"https:\/\/www.altominho.tv\/site\/wp-content\/uploads\/2017\/11\/Andreia_Cunha-1-150x150.jpg","contentUrl":"https:\/\/www.altominho.tv\/site\/wp-content\/uploads\/2017\/11\/Andreia_Cunha-1-150x150.jpg","caption":"Andreia Cunha | Lusa"},"sameAs":["https:\/\/www.altominho.tv\/site"],"url":"https:\/\/www.altominho.tv\/site\/author\/andreiacunhalusa\/"}]}},"_links":{"self":[{"href":"https:\/\/www.altominho.tv\/site\/wp-json\/wp\/v2\/posts\/50211","targetHints":{"allow":["GET"]}}],"collection":[{"href":"https:\/\/www.altominho.tv\/site\/wp-json\/wp\/v2\/posts"}],"about":[{"href":"https:\/\/www.altominho.tv\/site\/wp-json\/wp\/v2\/types\/post"}],"author":[{"embeddable":true,"href":"https:\/\/www.altominho.tv\/site\/wp-json\/wp\/v2\/users\/16"}],"replies":[{"embeddable":true,"href":"https:\/\/www.altominho.tv\/site\/wp-json\/wp\/v2\/comments?post=50211"}],"version-history":[{"count":0,"href":"https:\/\/www.altominho.tv\/site\/wp-json\/wp\/v2\/posts\/50211\/revisions"}],"wp:featuredmedia":[{"embeddable":true,"href":"https:\/\/www.altominho.tv\/site\/wp-json\/wp\/v2\/media\/50212"}],"wp:attachment":[{"href":"https:\/\/www.altominho.tv\/site\/wp-json\/wp\/v2\/media?parent=50211"}],"wp:term":[{"taxonomy":"category","embeddable":true,"href":"https:\/\/www.altominho.tv\/site\/wp-json\/wp\/v2\/categories?post=50211"},{"taxonomy":"post_tag","embeddable":true,"href":"https:\/\/www.altominho.tv\/site\/wp-json\/wp\/v2\/tags?post=50211"}],"curies":[{"name":"wp","href":"https:\/\/api.w.org\/{rel}","templated":true}]}}