{"id":50207,"date":"2020-08-04T09:59:22","date_gmt":"2020-08-04T08:59:22","guid":{"rendered":"http:\/\/www.altominho.tv\/site\/?p=50207"},"modified":"2020-08-04T09:59:26","modified_gmt":"2020-08-04T08:59:26","slug":"hospitais-privados-dizem-que-episodios-de-urgencia-cairam-para-metade","status":"publish","type":"post","link":"https:\/\/www.altominho.tv\/site\/2020\/08\/04\/hospitais-privados-dizem-que-episodios-de-urgencia-cairam-para-metade\/","title":{"rendered":"Hospitais privados dizem que epis\u00f3dios de urg\u00eancia ca\u00edram para metade"},"content":{"rendered":"<p>Os hospitais privados dizem ter sentido uma quebra para metade nos epis\u00f3dios de urg\u00eancia por causa da pandemia de covid-19, mas que no final de julho houve uma \u201crecupera\u00e7\u00e3o muito significativa\u201d nas consultas de especialidade.<\/p>\n<p class=\"text-paragraph\">Os dados da Associa\u00e7\u00e3o Portuguesa de Hospitaliza\u00e7\u00e3o Privada (APHP) indicam que nas cirurgias os valores que se verificavam em fevereiro (cerca de 17.000) foram recuperados em julho (extrapolando a partir de dados obtidos at\u00e9 ao dia 22), depois de em abril n\u00e3o terem chegado \u00e0s 3.000.<\/p>\n<p class=\"text-paragraph\">A APHP lembra que, com o decreto do estado de emerg\u00eancia, \u201chouve uma quebra abrupta na atividade de todos os hospitais portugueses a partir da segunda quinzena de mar\u00e7o, que se agravou em abril\u201d.<\/p>\n<p class=\"text-paragraph\">No caso dos hospitais privados, \u201ca atividade chegou a cair cerca de 67% em abril, face ao mesmo m\u00eas do per\u00edodo hom\u00f3logo\u201d, uma situa\u00e7\u00e3o que foi transversal ao setor da sa\u00fade, quer no setor p\u00fablico quer no privado ou social, por causa da pandemia.<\/p>\n<p class=\"text-paragraph\">Nas consultas de especialidade, os privados dizem ter passado de cerca de 700.000 em fevereiro para menos de 400.000 em mar\u00e7o e cerca de 150.000 em abril, valores que come\u00e7aram a inverter em maio.<\/p>\n<p class=\"text-paragraph\">Em julho, extrapolando para o total do m\u00eas a partir dos dados obtidos at\u00e9 dia 22, os privados conseguiram recuperar nas consultas de especialidade para um valor pr\u00f3ximo das 650.000.<\/p>\n<p class=\"text-paragraph\">\u201cNota-se, no entanto, ainda uma quebra da ordem dos 50% nos epis\u00f3dios de urg\u00eancia\u201d, reconhece a APHP.<\/p>\n<p class=\"text-paragraph\">Os hospitais privados explicam que ao n\u00edvel das cirurgias tem sido feito um \u201cesfor\u00e7o suplementar\u201d para recuperar a atividade que n\u00e3o p\u00f4de ser realizada, recordando as orienta\u00e7\u00f5es emitidas pela Dire\u00e7\u00e3o-Geral da Sa\u00fade aquando do estado de emerg\u00eancia para adiar consultas de especialidade e cirurgias n\u00e3o urgentes.<\/p>\n<p class=\"text-paragraph\">\u201cCom uma correta gest\u00e3o das equipas e otimiza\u00e7\u00e3o dos blocos, mesmo aos fins de semana, tem havido uma forte recupera\u00e7\u00e3o da atividade cir\u00fargica, ao n\u00edvel do que existia em 2019\u201d, lembra o presidente da APHP, \u00d3scar Gaspar, sublinhando que os hospitais privados est\u00e3o j\u00e1 a funcionar em pleno.<\/p>\n<p class=\"text-paragraph\">\u201c\u00c9 fundamental que as pessoas continuem a cuidar da sua sa\u00fade, que n\u00e3o tenham receio de ir ao hospital\u201d, acrescenta.<\/p>\n<p class=\"text-paragraph\">A quebra na presta\u00e7\u00e3o de cuidados de sa\u00fade a partir do m\u00eas de mar\u00e7o \u2013 quando se registou o primeiro caso de covid-19 em Portugal e em que um despacho do governo determinou a quebra da atividade assistencial \u2013 ocorreu tamb\u00e9m no servi\u00e7o p\u00fablico.<\/p>\n<p class=\"text-paragraph\">Os \u00faltimos dados divulgados pela Associa\u00e7\u00e3o Portuguesa de Administradores Hospitalares indicam que a pandemia fez adiar milhares de cirurgias e mais de um milh\u00e3o de consultas.<\/p>\n","protected":false},"excerpt":{"rendered":"<p>Os hospitais privados dizem ter sentido uma quebra para metade nos epis\u00f3dios de urg\u00eancia por causa da pandemia de covid-19, mas que no final de julho houve uma \u201crecupera\u00e7\u00e3o muito significativa\u201d nas consultas de especialidade. Os dados da Associa\u00e7\u00e3o Portuguesa de Hospitaliza\u00e7\u00e3o Privada (APHP) indicam que nas cirurgias os valores que se verificavam em fevereiro [&hellip;]<\/p>\n","protected":false},"author":13,"featured_media":50208,"comment_status":"closed","ping_status":"closed","sticky":false,"template":"","format":"standard","meta":{"_exactmetrics_skip_tracking":false,"_exactmetrics_sitenote_active":false,"_exactmetrics_sitenote_note":"","_exactmetrics_sitenote_category":0,"footnotes":""},"categories":[42722],"tags":[27],"class_list":["post-50207","post","type-post","status-publish","format-standard","has-post-thumbnail","hentry","category-covid-19","tag-sociedade"],"yoast_head":"<!-- This site is optimized with the Yoast SEO Premium plugin v27.4 (Yoast SEO v27.4) - https:\/\/yoast.com\/product\/yoast-seo-premium-wordpress\/ -->\n<title>Hospitais privados dizem que epis\u00f3dios de urg\u00eancia ca\u00edram para metade<\/title>\n<meta name=\"robots\" content=\"index, follow, max-snippet:-1, max-image-preview:large, max-video-preview:-1\" \/>\n<link rel=\"canonical\" href=\"https:\/\/www.altominho.tv\/site\/2020\/08\/04\/hospitais-privados-dizem-que-episodios-de-urgencia-cairam-para-metade\/\" \/>\n<meta property=\"og:locale\" content=\"pt_PT\" \/>\n<meta property=\"og:type\" content=\"article\" \/>\n<meta property=\"og:title\" content=\"Hospitais privados dizem que epis\u00f3dios de urg\u00eancia ca\u00edram para metade\" \/>\n<meta property=\"og:description\" content=\"Os hospitais privados dizem ter sentido uma quebra para metade nos epis\u00f3dios de urg\u00eancia por causa da pandemia de covid-19, mas que no final de julho houve uma \u201crecupera\u00e7\u00e3o muito significativa\u201d nas consultas de especialidade. Os dados da Associa\u00e7\u00e3o Portuguesa de Hospitaliza\u00e7\u00e3o Privada (APHP) indicam que nas cirurgias os valores que se verificavam em fevereiro [&hellip;]\" \/>\n<meta property=\"og:url\" content=\"https:\/\/www.altominho.tv\/site\/2020\/08\/04\/hospitais-privados-dizem-que-episodios-de-urgencia-cairam-para-metade\/\" \/>\n<meta property=\"og:site_name\" content=\"Altominho.tv\" \/>\n<meta property=\"article:publisher\" content=\"https:\/\/www.facebook.com\/altominhotv\" \/>\n<meta property=\"article:published_time\" content=\"2020-08-04T08:59:22+00:00\" \/>\n<meta property=\"article:modified_time\" content=\"2020-08-04T08:59:26+00:00\" \/>\n<meta property=\"og:image\" content=\"https:\/\/www.altominho.tv\/site\/wp-content\/uploads\/2020\/08\/hospital-saude.jpg\" \/>\n\t<meta property=\"og:image:width\" content=\"960\" \/>\n\t<meta property=\"og:image:height\" content=\"600\" \/>\n\t<meta property=\"og:image:type\" content=\"image\/jpeg\" \/>\n<meta name=\"author\" content=\"Lusa\" \/>\n<meta name=\"twitter:card\" content=\"summary_large_image\" \/>\n<meta name=\"twitter:creator\" content=\"@altominhoTV\" \/>\n<meta name=\"twitter:site\" content=\"@altominhoTV\" \/>\n<meta name=\"twitter:label1\" content=\"Escrito por\" \/>\n\t<meta name=\"twitter:data1\" content=\"Lusa\" \/>\n\t<meta name=\"twitter:label2\" content=\"Tempo estimado de leitura\" \/>\n\t<meta name=\"twitter:data2\" content=\"2 minutos\" \/>\n<script type=\"application\/ld+json\" class=\"yoast-schema-graph\">{\"@context\":\"https:\\\/\\\/schema.org\",\"@graph\":[{\"@type\":\"Article\",\"@id\":\"https:\\\/\\\/www.altominho.tv\\\/site\\\/2020\\\/08\\\/04\\\/hospitais-privados-dizem-que-episodios-de-urgencia-cairam-para-metade\\\/#article\",\"isPartOf\":{\"@id\":\"https:\\\/\\\/www.altominho.tv\\\/site\\\/2020\\\/08\\\/04\\\/hospitais-privados-dizem-que-episodios-de-urgencia-cairam-para-metade\\\/\"},\"author\":{\"name\":\"Lusa\",\"@id\":\"https:\\\/\\\/www.altominho.tv\\\/site\\\/#\\\/schema\\\/person\\\/63f693da3e1899361cbe955c46f3232e\"},\"headline\":\"Hospitais privados dizem que epis\u00f3dios de urg\u00eancia ca\u00edram para metade\",\"datePublished\":\"2020-08-04T08:59:22+00:00\",\"dateModified\":\"2020-08-04T08:59:26+00:00\",\"mainEntityOfPage\":{\"@id\":\"https:\\\/\\\/www.altominho.tv\\\/site\\\/2020\\\/08\\\/04\\\/hospitais-privados-dizem-que-episodios-de-urgencia-cairam-para-metade\\\/\"},\"wordCount\":469,\"image\":{\"@id\":\"https:\\\/\\\/www.altominho.tv\\\/site\\\/2020\\\/08\\\/04\\\/hospitais-privados-dizem-que-episodios-de-urgencia-cairam-para-metade\\\/#primaryimage\"},\"thumbnailUrl\":\"https:\\\/\\\/www.altominho.tv\\\/site\\\/wp-content\\\/uploads\\\/2020\\\/08\\\/hospital-saude.jpg\",\"keywords\":[\"Sociedade\"],\"articleSection\":[\"Coronav\u00edrus\"],\"inLanguage\":\"pt-PT\",\"copyrightYear\":\"2020\",\"copyrightHolder\":{\"@id\":\"https:\\\/\\\/www.altominho.tv\\\/site\\\/#organization\"}},{\"@type\":\"WebPage\",\"@id\":\"https:\\\/\\\/www.altominho.tv\\\/site\\\/2020\\\/08\\\/04\\\/hospitais-privados-dizem-que-episodios-de-urgencia-cairam-para-metade\\\/\",\"url\":\"https:\\\/\\\/www.altominho.tv\\\/site\\\/2020\\\/08\\\/04\\\/hospitais-privados-dizem-que-episodios-de-urgencia-cairam-para-metade\\\/\",\"name\":\"Hospitais privados dizem que epis\u00f3dios de urg\u00eancia ca\u00edram para metade\",\"isPartOf\":{\"@id\":\"https:\\\/\\\/www.altominho.tv\\\/site\\\/#website\"},\"primaryImageOfPage\":{\"@id\":\"https:\\\/\\\/www.altominho.tv\\\/site\\\/2020\\\/08\\\/04\\\/hospitais-privados-dizem-que-episodios-de-urgencia-cairam-para-metade\\\/#primaryimage\"},\"image\":{\"@id\":\"https:\\\/\\\/www.altominho.tv\\\/site\\\/2020\\\/08\\\/04\\\/hospitais-privados-dizem-que-episodios-de-urgencia-cairam-para-metade\\\/#primaryimage\"},\"thumbnailUrl\":\"https:\\\/\\\/www.altominho.tv\\\/site\\\/wp-content\\\/uploads\\\/2020\\\/08\\\/hospital-saude.jpg\",\"datePublished\":\"2020-08-04T08:59:22+00:00\",\"dateModified\":\"2020-08-04T08:59:26+00:00\",\"author\":{\"@id\":\"https:\\\/\\\/www.altominho.tv\\\/site\\\/#\\\/schema\\\/person\\\/63f693da3e1899361cbe955c46f3232e\"},\"breadcrumb\":{\"@id\":\"https:\\\/\\\/www.altominho.tv\\\/site\\\/2020\\\/08\\\/04\\\/hospitais-privados-dizem-que-episodios-de-urgencia-cairam-para-metade\\\/#breadcrumb\"},\"inLanguage\":\"pt-PT\",\"potentialAction\":[{\"@type\":\"ReadAction\",\"target\":[\"https:\\\/\\\/www.altominho.tv\\\/site\\\/2020\\\/08\\\/04\\\/hospitais-privados-dizem-que-episodios-de-urgencia-cairam-para-metade\\\/\"]}]},{\"@type\":\"ImageObject\",\"inLanguage\":\"pt-PT\",\"@id\":\"https:\\\/\\\/www.altominho.tv\\\/site\\\/2020\\\/08\\\/04\\\/hospitais-privados-dizem-que-episodios-de-urgencia-cairam-para-metade\\\/#primaryimage\",\"url\":\"https:\\\/\\\/www.altominho.tv\\\/site\\\/wp-content\\\/uploads\\\/2020\\\/08\\\/hospital-saude.jpg\",\"contentUrl\":\"https:\\\/\\\/www.altominho.tv\\\/site\\\/wp-content\\\/uploads\\\/2020\\\/08\\\/hospital-saude.jpg\",\"width\":960,\"height\":600},{\"@type\":\"BreadcrumbList\",\"@id\":\"https:\\\/\\\/www.altominho.tv\\\/site\\\/2020\\\/08\\\/04\\\/hospitais-privados-dizem-que-episodios-de-urgencia-cairam-para-metade\\\/#breadcrumb\",\"itemListElement\":[{\"@type\":\"ListItem\",\"position\":1,\"name\":\"In\u00edcio\",\"item\":\"https:\\\/\\\/www.altominho.tv\\\/site\\\/\"},{\"@type\":\"ListItem\",\"position\":2,\"name\":\"Hospitais privados dizem que epis\u00f3dios de urg\u00eancia ca\u00edram para metade\"}]},{\"@type\":\"WebSite\",\"@id\":\"https:\\\/\\\/www.altominho.tv\\\/site\\\/#website\",\"url\":\"https:\\\/\\\/www.altominho.tv\\\/site\\\/\",\"name\":\"Altominho.tv\",\"description\":\"A sua regi\u00e3o \u00e0 dist\u00e2ncia de um clique...\",\"potentialAction\":[{\"@type\":\"SearchAction\",\"target\":{\"@type\":\"EntryPoint\",\"urlTemplate\":\"https:\\\/\\\/www.altominho.tv\\\/site\\\/?s={search_term_string}\"},\"query-input\":{\"@type\":\"PropertyValueSpecification\",\"valueRequired\":true,\"valueName\":\"search_term_string\"}}],\"inLanguage\":\"pt-PT\"},{\"@type\":\"Person\",\"@id\":\"https:\\\/\\\/www.altominho.tv\\\/site\\\/#\\\/schema\\\/person\\\/63f693da3e1899361cbe955c46f3232e\",\"name\":\"Lusa\",\"image\":{\"@type\":\"ImageObject\",\"inLanguage\":\"pt-PT\",\"@id\":\"https:\\\/\\\/www.altominho.tv\\\/site\\\/wp-content\\\/uploads\\\/2019\\\/08\\\/LUSA_Logo.gif\",\"url\":\"https:\\\/\\\/www.altominho.tv\\\/site\\\/wp-content\\\/uploads\\\/2019\\\/08\\\/LUSA_Logo.gif\",\"contentUrl\":\"https:\\\/\\\/www.altominho.tv\\\/site\\\/wp-content\\\/uploads\\\/2019\\\/08\\\/LUSA_Logo.gif\",\"caption\":\"Lusa\"},\"sameAs\":[\"http:\\\/\\\/\\\/\\\/www.altominho.tv\\\/site\"],\"url\":\"https:\\\/\\\/www.altominho.tv\\\/site\\\/author\\\/lusa\\\/\"}]}<\/script>\n<!-- \/ Yoast SEO Premium plugin. -->","yoast_head_json":{"title":"Hospitais privados dizem que epis\u00f3dios de urg\u00eancia ca\u00edram para metade","robots":{"index":"index","follow":"follow","max-snippet":"max-snippet:-1","max-image-preview":"max-image-preview:large","max-video-preview":"max-video-preview:-1"},"canonical":"https:\/\/www.altominho.tv\/site\/2020\/08\/04\/hospitais-privados-dizem-que-episodios-de-urgencia-cairam-para-metade\/","og_locale":"pt_PT","og_type":"article","og_title":"Hospitais privados dizem que epis\u00f3dios de urg\u00eancia ca\u00edram para metade","og_description":"Os hospitais privados dizem ter sentido uma quebra para metade nos epis\u00f3dios de urg\u00eancia por causa da pandemia de covid-19, mas que no final de julho houve uma \u201crecupera\u00e7\u00e3o muito significativa\u201d nas consultas de especialidade. Os dados da Associa\u00e7\u00e3o Portuguesa de Hospitaliza\u00e7\u00e3o Privada (APHP) indicam que nas cirurgias os valores que se verificavam em fevereiro [&hellip;]","og_url":"https:\/\/www.altominho.tv\/site\/2020\/08\/04\/hospitais-privados-dizem-que-episodios-de-urgencia-cairam-para-metade\/","og_site_name":"Altominho.tv","article_publisher":"https:\/\/www.facebook.com\/altominhotv","article_published_time":"2020-08-04T08:59:22+00:00","article_modified_time":"2020-08-04T08:59:26+00:00","og_image":[{"width":960,"height":600,"url":"https:\/\/www.altominho.tv\/site\/wp-content\/uploads\/2020\/08\/hospital-saude.jpg","type":"image\/jpeg"}],"author":"Lusa","twitter_card":"summary_large_image","twitter_creator":"@altominhoTV","twitter_site":"@altominhoTV","twitter_misc":{"Escrito por":"Lusa","Tempo estimado de leitura":"2 minutos"},"schema":{"@context":"https:\/\/schema.org","@graph":[{"@type":"Article","@id":"https:\/\/www.altominho.tv\/site\/2020\/08\/04\/hospitais-privados-dizem-que-episodios-de-urgencia-cairam-para-metade\/#article","isPartOf":{"@id":"https:\/\/www.altominho.tv\/site\/2020\/08\/04\/hospitais-privados-dizem-que-episodios-de-urgencia-cairam-para-metade\/"},"author":{"name":"Lusa","@id":"https:\/\/www.altominho.tv\/site\/#\/schema\/person\/63f693da3e1899361cbe955c46f3232e"},"headline":"Hospitais privados dizem que epis\u00f3dios de urg\u00eancia ca\u00edram para metade","datePublished":"2020-08-04T08:59:22+00:00","dateModified":"2020-08-04T08:59:26+00:00","mainEntityOfPage":{"@id":"https:\/\/www.altominho.tv\/site\/2020\/08\/04\/hospitais-privados-dizem-que-episodios-de-urgencia-cairam-para-metade\/"},"wordCount":469,"image":{"@id":"https:\/\/www.altominho.tv\/site\/2020\/08\/04\/hospitais-privados-dizem-que-episodios-de-urgencia-cairam-para-metade\/#primaryimage"},"thumbnailUrl":"https:\/\/www.altominho.tv\/site\/wp-content\/uploads\/2020\/08\/hospital-saude.jpg","keywords":["Sociedade"],"articleSection":["Coronav\u00edrus"],"inLanguage":"pt-PT","copyrightYear":"2020","copyrightHolder":{"@id":"https:\/\/www.altominho.tv\/site\/#organization"}},{"@type":"WebPage","@id":"https:\/\/www.altominho.tv\/site\/2020\/08\/04\/hospitais-privados-dizem-que-episodios-de-urgencia-cairam-para-metade\/","url":"https:\/\/www.altominho.tv\/site\/2020\/08\/04\/hospitais-privados-dizem-que-episodios-de-urgencia-cairam-para-metade\/","name":"Hospitais privados dizem que epis\u00f3dios de urg\u00eancia ca\u00edram para metade","isPartOf":{"@id":"https:\/\/www.altominho.tv\/site\/#website"},"primaryImageOfPage":{"@id":"https:\/\/www.altominho.tv\/site\/2020\/08\/04\/hospitais-privados-dizem-que-episodios-de-urgencia-cairam-para-metade\/#primaryimage"},"image":{"@id":"https:\/\/www.altominho.tv\/site\/2020\/08\/04\/hospitais-privados-dizem-que-episodios-de-urgencia-cairam-para-metade\/#primaryimage"},"thumbnailUrl":"https:\/\/www.altominho.tv\/site\/wp-content\/uploads\/2020\/08\/hospital-saude.jpg","datePublished":"2020-08-04T08:59:22+00:00","dateModified":"2020-08-04T08:59:26+00:00","author":{"@id":"https:\/\/www.altominho.tv\/site\/#\/schema\/person\/63f693da3e1899361cbe955c46f3232e"},"breadcrumb":{"@id":"https:\/\/www.altominho.tv\/site\/2020\/08\/04\/hospitais-privados-dizem-que-episodios-de-urgencia-cairam-para-metade\/#breadcrumb"},"inLanguage":"pt-PT","potentialAction":[{"@type":"ReadAction","target":["https:\/\/www.altominho.tv\/site\/2020\/08\/04\/hospitais-privados-dizem-que-episodios-de-urgencia-cairam-para-metade\/"]}]},{"@type":"ImageObject","inLanguage":"pt-PT","@id":"https:\/\/www.altominho.tv\/site\/2020\/08\/04\/hospitais-privados-dizem-que-episodios-de-urgencia-cairam-para-metade\/#primaryimage","url":"https:\/\/www.altominho.tv\/site\/wp-content\/uploads\/2020\/08\/hospital-saude.jpg","contentUrl":"https:\/\/www.altominho.tv\/site\/wp-content\/uploads\/2020\/08\/hospital-saude.jpg","width":960,"height":600},{"@type":"BreadcrumbList","@id":"https:\/\/www.altominho.tv\/site\/2020\/08\/04\/hospitais-privados-dizem-que-episodios-de-urgencia-cairam-para-metade\/#breadcrumb","itemListElement":[{"@type":"ListItem","position":1,"name":"In\u00edcio","item":"https:\/\/www.altominho.tv\/site\/"},{"@type":"ListItem","position":2,"name":"Hospitais privados dizem que epis\u00f3dios de urg\u00eancia ca\u00edram para metade"}]},{"@type":"WebSite","@id":"https:\/\/www.altominho.tv\/site\/#website","url":"https:\/\/www.altominho.tv\/site\/","name":"Altominho.tv","description":"A sua regi\u00e3o \u00e0 dist\u00e2ncia de um clique...","potentialAction":[{"@type":"SearchAction","target":{"@type":"EntryPoint","urlTemplate":"https:\/\/www.altominho.tv\/site\/?s={search_term_string}"},"query-input":{"@type":"PropertyValueSpecification","valueRequired":true,"valueName":"search_term_string"}}],"inLanguage":"pt-PT"},{"@type":"Person","@id":"https:\/\/www.altominho.tv\/site\/#\/schema\/person\/63f693da3e1899361cbe955c46f3232e","name":"Lusa","image":{"@type":"ImageObject","inLanguage":"pt-PT","@id":"https:\/\/www.altominho.tv\/site\/wp-content\/uploads\/2019\/08\/LUSA_Logo.gif","url":"https:\/\/www.altominho.tv\/site\/wp-content\/uploads\/2019\/08\/LUSA_Logo.gif","contentUrl":"https:\/\/www.altominho.tv\/site\/wp-content\/uploads\/2019\/08\/LUSA_Logo.gif","caption":"Lusa"},"sameAs":["http:\/\/\/\/www.altominho.tv\/site"],"url":"https:\/\/www.altominho.tv\/site\/author\/lusa\/"}]}},"_links":{"self":[{"href":"https:\/\/www.altominho.tv\/site\/wp-json\/wp\/v2\/posts\/50207","targetHints":{"allow":["GET"]}}],"collection":[{"href":"https:\/\/www.altominho.tv\/site\/wp-json\/wp\/v2\/posts"}],"about":[{"href":"https:\/\/www.altominho.tv\/site\/wp-json\/wp\/v2\/types\/post"}],"author":[{"embeddable":true,"href":"https:\/\/www.altominho.tv\/site\/wp-json\/wp\/v2\/users\/13"}],"replies":[{"embeddable":true,"href":"https:\/\/www.altominho.tv\/site\/wp-json\/wp\/v2\/comments?post=50207"}],"version-history":[{"count":0,"href":"https:\/\/www.altominho.tv\/site\/wp-json\/wp\/v2\/posts\/50207\/revisions"}],"wp:featuredmedia":[{"embeddable":true,"href":"https:\/\/www.altominho.tv\/site\/wp-json\/wp\/v2\/media\/50208"}],"wp:attachment":[{"href":"https:\/\/www.altominho.tv\/site\/wp-json\/wp\/v2\/media?parent=50207"}],"wp:term":[{"taxonomy":"category","embeddable":true,"href":"https:\/\/www.altominho.tv\/site\/wp-json\/wp\/v2\/categories?post=50207"},{"taxonomy":"post_tag","embeddable":true,"href":"https:\/\/www.altominho.tv\/site\/wp-json\/wp\/v2\/tags?post=50207"}],"curies":[{"name":"wp","href":"https:\/\/api.w.org\/{rel}","templated":true}]}}