{"id":50205,"date":"2020-08-04T10:42:42","date_gmt":"2020-08-04T09:42:42","guid":{"rendered":"http:\/\/www.altominho.tv\/site\/?p=50205"},"modified":"2020-08-04T10:42:46","modified_gmt":"2020-08-04T09:42:46","slug":"pos-pandemia-regista-menos-acidentes-mas-mais-mortos-seguranca-rodoviaria","status":"publish","type":"post","link":"https:\/\/www.altominho.tv\/site\/2020\/08\/04\/pos-pandemia-regista-menos-acidentes-mas-mais-mortos-seguranca-rodoviaria\/","title":{"rendered":"P\u00f3s-pandemia regista menos acidentes mas mais mortos &#8211; Seguran\u00e7a Rodovi\u00e1ria"},"content":{"rendered":"<p>O n\u00famero de acidentes com v\u00edtimas mortais baixou no primeiro semestre de 2020 face ao per\u00edodo hom\u00f3logo, mas o p\u00f3s-pandemia de covid-19 revela que os acidentes se est\u00e3o a tornar mais mortais, uma tend\u00eancia preocupante, defendem as autoridades.<\/p>\n<p class=\"text-paragraph\">Segundo os dados do relat\u00f3rio da sinistralidade rodovi\u00e1ria referente ao primeiro semestre de 2020, todos os indicadores de sinistralidade registaram uma redu\u00e7\u00e3o face ao per\u00edodo hom\u00f3logo de 2019.<\/p>\n<p class=\"text-paragraph\">Os n\u00fameros oficiais registam 11.501 acidentes com v\u00edtimas no primeiro semestre de 2020, menos 5.167 (-31%) do que em 2019; um total de 167 v\u00edtimas mortais, que representam menos 59 do que as 226 no primeiro semestre de 2019 (-26,1%); um decr\u00e9scimo nos feridos graves, com os 779 casos de 2020 a representarem menos 269 registos do que 1.048 de 2019 (-25,7%); e cerca de menos um ter\u00e7o de feridos leves, com 13.352 casos em 2020, que representam menos 6.734 feridos leves do que os 20.086 registados em 2019 (-33,5%).<\/p>\n<p class=\"text-paragraph\">A pandemia e os estados de emerg\u00eancia e calamidade explicam, em grande parte, e de forma esperada, a redu\u00e7\u00e3o global no semestre, afirmaram hoje em confer\u00eancia de imprensa o presidente da Autoridade Nacional de Seguran\u00e7a Rodovi\u00e1ria (ANSR), Rui Ribeiro, e os representantes da Pol\u00edcia de Seguran\u00e7a P\u00fablica (PSP), intendente Nuno Carocha, e da Guarda Nacional Republicana (GNR), major Jos\u00e9 Beleza, que se mostraram sobretudo preocupados com os dados relativos ao p\u00f3s-pandemia.<\/p>\n<p class=\"text-paragraph\">Se os primeiros meses do ano, janeiro e fevereiro, mostravam uma tend\u00eancia de decr\u00e9scimo nos indicadores de sinistralidade, e que se acentuou durante o per\u00edodo de confinamento devido a uma quebra dr\u00e1stica na circula\u00e7\u00e3o rodovi\u00e1ria, essa tend\u00eancia come\u00e7ou a inverter-se no que diz respeito ao \u00edndice de gravidade dos acidentes com v\u00edtimas, com menos acidentes, mas mais v\u00edtimas mortais.<\/p>\n<p class=\"text-paragraph\">A tend\u00eancia revelou-se mais preocupante a partir de junho, sendo que os dados preliminares de julho, o primeiro m\u00eas do segundo semestre, apontam para um agravamento ainda maior, adiantou Rui Ribeiro, admitindo preocupa\u00e7\u00e3o.<\/p>\n<p class=\"text-paragraph\">\u201cEste \u00e9 o problema que n\u00f3s estamos a enfrentar hoje. O in\u00edcio do ano come\u00e7ou com uma tend\u00eancia em melhoria do que se passou no ano de 2019. Com a crise pand\u00e9mica, naturalmente, havendo menos ve\u00edculos a circular, todos os indicadores de sinistralidade diminu\u00edram de intensidade e com a retoma no m\u00eas de junho, e j\u00e1 no m\u00eas de maio, pass\u00e1mos a ter menos acidentes com v\u00edtimas, menos feridos leves, menos feridos graves, mas comparativamente a 2019 pass\u00e1mos a ter um n\u00famero crescente de v\u00edtimas mortais\u201d, disse o presidente da ANSR.<\/p>\n<p class=\"text-paragraph\">\u201cOs acidentes t\u00eam um \u00edndice de gravidade maior, ou seja, o n\u00famero de acidentes com v\u00edtimas mortais por n\u00famero de acidentes com v\u00edtimas \u00e9 maior e isso \u00e9 uma coisa que nos preocupa e essa \u00e9 a mensagem que quer\u00edamos deixar para todos os condutores. Neste ver\u00e3o as coisas est\u00e3o a mudar novamente e o \u00edndice de gravidade e sobretudo o n\u00famero de acidentes com v\u00edtimas graves, das quais resultam v\u00edtimas mortais, est\u00e1 a aumentar\u201d, acrescentou, apontando o excesso de velocidade, os despistes e o peso crescente das distra\u00e7\u00f5es e infra\u00e7\u00f5es por uso do telem\u00f3vel ao volante como explica\u00e7\u00f5es.<\/p>\n<p class=\"text-paragraph\">Os menos cerca de 800 acidentes com v\u00edtimas registados em junho face a 2019 traduziram-se em 36 v\u00edtimas mortais, mais quatro do que as 32 registadas em 2019.<\/p>\n<p class=\"text-paragraph\">Pelo lado da PSP, o intendente Nuno Carocha revelou preocupa\u00e7\u00e3o com a retoma de atividade esperada para setembro, sobretudo no que isso implica para a taxa de ocupa\u00e7\u00e3o da rodovia e, potencialmente, para a sinistralidade.<\/p>\n<p class=\"text-paragraph\">\u201cA taxa de ocupa\u00e7\u00e3o da via rodovi\u00e1ria tem aumentado de forma gradual, mas a frequ\u00eancia dos acidentes est\u00e1 a aumentar a uma taxa superior. Isso deixa-nos preocupados porque em setembro, com o retomar da normalidade da vida econ\u00f3mica, da vida acad\u00e9mica, com o retomar das aulas presenciais, da din\u00e2mica das fam\u00edlias mais pr\u00f3xima do que \u00e9 o nosso normal em termos de sociedade portuguesa vamos ter uma maior ocupa\u00e7\u00e3o da rodovia e a manter-se este crescendo poderemos ter aqui um agravamento que queremos de todo garantir que n\u00e3o aconte\u00e7a\u201d, disse.<\/p>\n<p class=\"text-paragraph\">A PSP apontou ainda que a idade m\u00e9dia dos condutores envolvidos em acidentes \u00e9 de 42 anos, uma idade relativamente baixa e bastante coberta pelas campanhas de preven\u00e7\u00e3o da ANSR nas duas \u00faltimas d\u00e9cadas com o objetivo de mudar comportamentos ao volante.<\/p>\n<p class=\"text-paragraph\">Questionado sobre esse facto, o presidente da ANSR disse que as campanhas \u201cs\u00f3 por si n\u00e3o resolvem a sinistralidade rodovi\u00e1ria\u201d.<\/p>\n","protected":false},"excerpt":{"rendered":"<p>O n\u00famero de acidentes com v\u00edtimas mortais baixou no primeiro semestre de 2020 face ao per\u00edodo hom\u00f3logo, mas o p\u00f3s-pandemia de covid-19 revela que os acidentes se est\u00e3o a tornar mais mortais, uma tend\u00eancia preocupante, defendem as autoridades. Segundo os dados do relat\u00f3rio da sinistralidade rodovi\u00e1ria referente ao primeiro semestre de 2020, todos os indicadores [&hellip;]<\/p>\n","protected":false},"author":13,"featured_media":49449,"comment_status":"closed","ping_status":"closed","sticky":false,"template":"","format":"standard","meta":{"_exactmetrics_skip_tracking":false,"_exactmetrics_sitenote_active":false,"_exactmetrics_sitenote_note":"","_exactmetrics_sitenote_category":0,"footnotes":""},"categories":[42722],"tags":[27],"class_list":["post-50205","post","type-post","status-publish","format-standard","has-post-thumbnail","hentry","category-covid-19","tag-sociedade"],"yoast_head":"<!-- This site is optimized with the Yoast SEO Premium plugin v27.4 (Yoast SEO v27.4) - https:\/\/yoast.com\/product\/yoast-seo-premium-wordpress\/ -->\n<title>P\u00f3s-pandemia regista menos acidentes mas mais mortos - Seguran\u00e7a Rodovi\u00e1ria<\/title>\n<meta name=\"robots\" content=\"index, follow, max-snippet:-1, max-image-preview:large, max-video-preview:-1\" \/>\n<link rel=\"canonical\" href=\"https:\/\/www.altominho.tv\/site\/2020\/08\/04\/pos-pandemia-regista-menos-acidentes-mas-mais-mortos-seguranca-rodoviaria\/\" \/>\n<meta property=\"og:locale\" content=\"pt_PT\" \/>\n<meta property=\"og:type\" content=\"article\" \/>\n<meta property=\"og:title\" content=\"P\u00f3s-pandemia regista menos acidentes mas mais mortos - Seguran\u00e7a Rodovi\u00e1ria\" \/>\n<meta property=\"og:description\" content=\"O n\u00famero de acidentes com v\u00edtimas mortais baixou no primeiro semestre de 2020 face ao per\u00edodo hom\u00f3logo, mas o p\u00f3s-pandemia de covid-19 revela que os acidentes se est\u00e3o a tornar mais mortais, uma tend\u00eancia preocupante, defendem as autoridades. Segundo os dados do relat\u00f3rio da sinistralidade rodovi\u00e1ria referente ao primeiro semestre de 2020, todos os indicadores [&hellip;]\" \/>\n<meta property=\"og:url\" content=\"https:\/\/www.altominho.tv\/site\/2020\/08\/04\/pos-pandemia-regista-menos-acidentes-mas-mais-mortos-seguranca-rodoviaria\/\" \/>\n<meta property=\"og:site_name\" content=\"Altominho.tv\" \/>\n<meta property=\"article:publisher\" content=\"https:\/\/www.facebook.com\/altominhotv\" \/>\n<meta property=\"article:published_time\" content=\"2020-08-04T09:42:42+00:00\" \/>\n<meta property=\"article:modified_time\" content=\"2020-08-04T09:42:46+00:00\" \/>\n<meta property=\"og:image\" content=\"https:\/\/www.altominho.tv\/site\/wp-content\/uploads\/2020\/07\/image_content_1244219_20180110165444-740x416-740x416-1.jpg\" \/>\n\t<meta property=\"og:image:width\" content=\"740\" \/>\n\t<meta property=\"og:image:height\" content=\"416\" \/>\n\t<meta property=\"og:image:type\" content=\"image\/jpeg\" \/>\n<meta name=\"author\" content=\"Lusa\" \/>\n<meta name=\"twitter:card\" content=\"summary_large_image\" \/>\n<meta name=\"twitter:creator\" content=\"@altominhoTV\" \/>\n<meta name=\"twitter:site\" content=\"@altominhoTV\" \/>\n<meta name=\"twitter:label1\" content=\"Escrito por\" \/>\n\t<meta name=\"twitter:data1\" content=\"Lusa\" \/>\n\t<meta name=\"twitter:label2\" content=\"Tempo estimado de leitura\" \/>\n\t<meta name=\"twitter:data2\" content=\"4 minutos\" \/>\n<script type=\"application\/ld+json\" class=\"yoast-schema-graph\">{\"@context\":\"https:\\\/\\\/schema.org\",\"@graph\":[{\"@type\":\"Article\",\"@id\":\"https:\\\/\\\/www.altominho.tv\\\/site\\\/2020\\\/08\\\/04\\\/pos-pandemia-regista-menos-acidentes-mas-mais-mortos-seguranca-rodoviaria\\\/#article\",\"isPartOf\":{\"@id\":\"https:\\\/\\\/www.altominho.tv\\\/site\\\/2020\\\/08\\\/04\\\/pos-pandemia-regista-menos-acidentes-mas-mais-mortos-seguranca-rodoviaria\\\/\"},\"author\":{\"name\":\"Lusa\",\"@id\":\"https:\\\/\\\/www.altominho.tv\\\/site\\\/#\\\/schema\\\/person\\\/63f693da3e1899361cbe955c46f3232e\"},\"headline\":\"P\u00f3s-pandemia regista menos acidentes mas mais mortos &#8211; Seguran\u00e7a Rodovi\u00e1ria\",\"datePublished\":\"2020-08-04T09:42:42+00:00\",\"dateModified\":\"2020-08-04T09:42:46+00:00\",\"mainEntityOfPage\":{\"@id\":\"https:\\\/\\\/www.altominho.tv\\\/site\\\/2020\\\/08\\\/04\\\/pos-pandemia-regista-menos-acidentes-mas-mais-mortos-seguranca-rodoviaria\\\/\"},\"wordCount\":790,\"image\":{\"@id\":\"https:\\\/\\\/www.altominho.tv\\\/site\\\/2020\\\/08\\\/04\\\/pos-pandemia-regista-menos-acidentes-mas-mais-mortos-seguranca-rodoviaria\\\/#primaryimage\"},\"thumbnailUrl\":\"https:\\\/\\\/www.altominho.tv\\\/site\\\/wp-content\\\/uploads\\\/2020\\\/07\\\/image_content_1244219_20180110165444-740x416-740x416-1.jpg\",\"keywords\":[\"Sociedade\"],\"articleSection\":[\"Coronav\u00edrus\"],\"inLanguage\":\"pt-PT\",\"copyrightYear\":\"2020\",\"copyrightHolder\":{\"@id\":\"https:\\\/\\\/www.altominho.tv\\\/site\\\/#organization\"}},{\"@type\":\"WebPage\",\"@id\":\"https:\\\/\\\/www.altominho.tv\\\/site\\\/2020\\\/08\\\/04\\\/pos-pandemia-regista-menos-acidentes-mas-mais-mortos-seguranca-rodoviaria\\\/\",\"url\":\"https:\\\/\\\/www.altominho.tv\\\/site\\\/2020\\\/08\\\/04\\\/pos-pandemia-regista-menos-acidentes-mas-mais-mortos-seguranca-rodoviaria\\\/\",\"name\":\"P\u00f3s-pandemia regista menos acidentes mas mais mortos - Seguran\u00e7a Rodovi\u00e1ria\",\"isPartOf\":{\"@id\":\"https:\\\/\\\/www.altominho.tv\\\/site\\\/#website\"},\"primaryImageOfPage\":{\"@id\":\"https:\\\/\\\/www.altominho.tv\\\/site\\\/2020\\\/08\\\/04\\\/pos-pandemia-regista-menos-acidentes-mas-mais-mortos-seguranca-rodoviaria\\\/#primaryimage\"},\"image\":{\"@id\":\"https:\\\/\\\/www.altominho.tv\\\/site\\\/2020\\\/08\\\/04\\\/pos-pandemia-regista-menos-acidentes-mas-mais-mortos-seguranca-rodoviaria\\\/#primaryimage\"},\"thumbnailUrl\":\"https:\\\/\\\/www.altominho.tv\\\/site\\\/wp-content\\\/uploads\\\/2020\\\/07\\\/image_content_1244219_20180110165444-740x416-740x416-1.jpg\",\"datePublished\":\"2020-08-04T09:42:42+00:00\",\"dateModified\":\"2020-08-04T09:42:46+00:00\",\"author\":{\"@id\":\"https:\\\/\\\/www.altominho.tv\\\/site\\\/#\\\/schema\\\/person\\\/63f693da3e1899361cbe955c46f3232e\"},\"breadcrumb\":{\"@id\":\"https:\\\/\\\/www.altominho.tv\\\/site\\\/2020\\\/08\\\/04\\\/pos-pandemia-regista-menos-acidentes-mas-mais-mortos-seguranca-rodoviaria\\\/#breadcrumb\"},\"inLanguage\":\"pt-PT\",\"potentialAction\":[{\"@type\":\"ReadAction\",\"target\":[\"https:\\\/\\\/www.altominho.tv\\\/site\\\/2020\\\/08\\\/04\\\/pos-pandemia-regista-menos-acidentes-mas-mais-mortos-seguranca-rodoviaria\\\/\"]}]},{\"@type\":\"ImageObject\",\"inLanguage\":\"pt-PT\",\"@id\":\"https:\\\/\\\/www.altominho.tv\\\/site\\\/2020\\\/08\\\/04\\\/pos-pandemia-regista-menos-acidentes-mas-mais-mortos-seguranca-rodoviaria\\\/#primaryimage\",\"url\":\"https:\\\/\\\/www.altominho.tv\\\/site\\\/wp-content\\\/uploads\\\/2020\\\/07\\\/image_content_1244219_20180110165444-740x416-740x416-1.jpg\",\"contentUrl\":\"https:\\\/\\\/www.altominho.tv\\\/site\\\/wp-content\\\/uploads\\\/2020\\\/07\\\/image_content_1244219_20180110165444-740x416-740x416-1.jpg\",\"width\":740,\"height\":416},{\"@type\":\"BreadcrumbList\",\"@id\":\"https:\\\/\\\/www.altominho.tv\\\/site\\\/2020\\\/08\\\/04\\\/pos-pandemia-regista-menos-acidentes-mas-mais-mortos-seguranca-rodoviaria\\\/#breadcrumb\",\"itemListElement\":[{\"@type\":\"ListItem\",\"position\":1,\"name\":\"In\u00edcio\",\"item\":\"https:\\\/\\\/www.altominho.tv\\\/site\\\/\"},{\"@type\":\"ListItem\",\"position\":2,\"name\":\"P\u00f3s-pandemia regista menos acidentes mas mais mortos &#8211; Seguran\u00e7a Rodovi\u00e1ria\"}]},{\"@type\":\"WebSite\",\"@id\":\"https:\\\/\\\/www.altominho.tv\\\/site\\\/#website\",\"url\":\"https:\\\/\\\/www.altominho.tv\\\/site\\\/\",\"name\":\"Altominho.tv\",\"description\":\"A sua regi\u00e3o \u00e0 dist\u00e2ncia de um clique...\",\"potentialAction\":[{\"@type\":\"SearchAction\",\"target\":{\"@type\":\"EntryPoint\",\"urlTemplate\":\"https:\\\/\\\/www.altominho.tv\\\/site\\\/?s={search_term_string}\"},\"query-input\":{\"@type\":\"PropertyValueSpecification\",\"valueRequired\":true,\"valueName\":\"search_term_string\"}}],\"inLanguage\":\"pt-PT\"},{\"@type\":\"Person\",\"@id\":\"https:\\\/\\\/www.altominho.tv\\\/site\\\/#\\\/schema\\\/person\\\/63f693da3e1899361cbe955c46f3232e\",\"name\":\"Lusa\",\"image\":{\"@type\":\"ImageObject\",\"inLanguage\":\"pt-PT\",\"@id\":\"https:\\\/\\\/www.altominho.tv\\\/site\\\/wp-content\\\/uploads\\\/2019\\\/08\\\/LUSA_Logo.gif\",\"url\":\"https:\\\/\\\/www.altominho.tv\\\/site\\\/wp-content\\\/uploads\\\/2019\\\/08\\\/LUSA_Logo.gif\",\"contentUrl\":\"https:\\\/\\\/www.altominho.tv\\\/site\\\/wp-content\\\/uploads\\\/2019\\\/08\\\/LUSA_Logo.gif\",\"caption\":\"Lusa\"},\"sameAs\":[\"http:\\\/\\\/\\\/\\\/www.altominho.tv\\\/site\"],\"url\":\"https:\\\/\\\/www.altominho.tv\\\/site\\\/author\\\/lusa\\\/\"}]}<\/script>\n<!-- \/ Yoast SEO Premium plugin. -->","yoast_head_json":{"title":"P\u00f3s-pandemia regista menos acidentes mas mais mortos - Seguran\u00e7a Rodovi\u00e1ria","robots":{"index":"index","follow":"follow","max-snippet":"max-snippet:-1","max-image-preview":"max-image-preview:large","max-video-preview":"max-video-preview:-1"},"canonical":"https:\/\/www.altominho.tv\/site\/2020\/08\/04\/pos-pandemia-regista-menos-acidentes-mas-mais-mortos-seguranca-rodoviaria\/","og_locale":"pt_PT","og_type":"article","og_title":"P\u00f3s-pandemia regista menos acidentes mas mais mortos - Seguran\u00e7a Rodovi\u00e1ria","og_description":"O n\u00famero de acidentes com v\u00edtimas mortais baixou no primeiro semestre de 2020 face ao per\u00edodo hom\u00f3logo, mas o p\u00f3s-pandemia de covid-19 revela que os acidentes se est\u00e3o a tornar mais mortais, uma tend\u00eancia preocupante, defendem as autoridades. Segundo os dados do relat\u00f3rio da sinistralidade rodovi\u00e1ria referente ao primeiro semestre de 2020, todos os indicadores [&hellip;]","og_url":"https:\/\/www.altominho.tv\/site\/2020\/08\/04\/pos-pandemia-regista-menos-acidentes-mas-mais-mortos-seguranca-rodoviaria\/","og_site_name":"Altominho.tv","article_publisher":"https:\/\/www.facebook.com\/altominhotv","article_published_time":"2020-08-04T09:42:42+00:00","article_modified_time":"2020-08-04T09:42:46+00:00","og_image":[{"width":740,"height":416,"url":"https:\/\/www.altominho.tv\/site\/wp-content\/uploads\/2020\/07\/image_content_1244219_20180110165444-740x416-740x416-1.jpg","type":"image\/jpeg"}],"author":"Lusa","twitter_card":"summary_large_image","twitter_creator":"@altominhoTV","twitter_site":"@altominhoTV","twitter_misc":{"Escrito por":"Lusa","Tempo estimado de leitura":"4 minutos"},"schema":{"@context":"https:\/\/schema.org","@graph":[{"@type":"Article","@id":"https:\/\/www.altominho.tv\/site\/2020\/08\/04\/pos-pandemia-regista-menos-acidentes-mas-mais-mortos-seguranca-rodoviaria\/#article","isPartOf":{"@id":"https:\/\/www.altominho.tv\/site\/2020\/08\/04\/pos-pandemia-regista-menos-acidentes-mas-mais-mortos-seguranca-rodoviaria\/"},"author":{"name":"Lusa","@id":"https:\/\/www.altominho.tv\/site\/#\/schema\/person\/63f693da3e1899361cbe955c46f3232e"},"headline":"P\u00f3s-pandemia regista menos acidentes mas mais mortos &#8211; Seguran\u00e7a Rodovi\u00e1ria","datePublished":"2020-08-04T09:42:42+00:00","dateModified":"2020-08-04T09:42:46+00:00","mainEntityOfPage":{"@id":"https:\/\/www.altominho.tv\/site\/2020\/08\/04\/pos-pandemia-regista-menos-acidentes-mas-mais-mortos-seguranca-rodoviaria\/"},"wordCount":790,"image":{"@id":"https:\/\/www.altominho.tv\/site\/2020\/08\/04\/pos-pandemia-regista-menos-acidentes-mas-mais-mortos-seguranca-rodoviaria\/#primaryimage"},"thumbnailUrl":"https:\/\/www.altominho.tv\/site\/wp-content\/uploads\/2020\/07\/image_content_1244219_20180110165444-740x416-740x416-1.jpg","keywords":["Sociedade"],"articleSection":["Coronav\u00edrus"],"inLanguage":"pt-PT","copyrightYear":"2020","copyrightHolder":{"@id":"https:\/\/www.altominho.tv\/site\/#organization"}},{"@type":"WebPage","@id":"https:\/\/www.altominho.tv\/site\/2020\/08\/04\/pos-pandemia-regista-menos-acidentes-mas-mais-mortos-seguranca-rodoviaria\/","url":"https:\/\/www.altominho.tv\/site\/2020\/08\/04\/pos-pandemia-regista-menos-acidentes-mas-mais-mortos-seguranca-rodoviaria\/","name":"P\u00f3s-pandemia regista menos acidentes mas mais mortos - Seguran\u00e7a Rodovi\u00e1ria","isPartOf":{"@id":"https:\/\/www.altominho.tv\/site\/#website"},"primaryImageOfPage":{"@id":"https:\/\/www.altominho.tv\/site\/2020\/08\/04\/pos-pandemia-regista-menos-acidentes-mas-mais-mortos-seguranca-rodoviaria\/#primaryimage"},"image":{"@id":"https:\/\/www.altominho.tv\/site\/2020\/08\/04\/pos-pandemia-regista-menos-acidentes-mas-mais-mortos-seguranca-rodoviaria\/#primaryimage"},"thumbnailUrl":"https:\/\/www.altominho.tv\/site\/wp-content\/uploads\/2020\/07\/image_content_1244219_20180110165444-740x416-740x416-1.jpg","datePublished":"2020-08-04T09:42:42+00:00","dateModified":"2020-08-04T09:42:46+00:00","author":{"@id":"https:\/\/www.altominho.tv\/site\/#\/schema\/person\/63f693da3e1899361cbe955c46f3232e"},"breadcrumb":{"@id":"https:\/\/www.altominho.tv\/site\/2020\/08\/04\/pos-pandemia-regista-menos-acidentes-mas-mais-mortos-seguranca-rodoviaria\/#breadcrumb"},"inLanguage":"pt-PT","potentialAction":[{"@type":"ReadAction","target":["https:\/\/www.altominho.tv\/site\/2020\/08\/04\/pos-pandemia-regista-menos-acidentes-mas-mais-mortos-seguranca-rodoviaria\/"]}]},{"@type":"ImageObject","inLanguage":"pt-PT","@id":"https:\/\/www.altominho.tv\/site\/2020\/08\/04\/pos-pandemia-regista-menos-acidentes-mas-mais-mortos-seguranca-rodoviaria\/#primaryimage","url":"https:\/\/www.altominho.tv\/site\/wp-content\/uploads\/2020\/07\/image_content_1244219_20180110165444-740x416-740x416-1.jpg","contentUrl":"https:\/\/www.altominho.tv\/site\/wp-content\/uploads\/2020\/07\/image_content_1244219_20180110165444-740x416-740x416-1.jpg","width":740,"height":416},{"@type":"BreadcrumbList","@id":"https:\/\/www.altominho.tv\/site\/2020\/08\/04\/pos-pandemia-regista-menos-acidentes-mas-mais-mortos-seguranca-rodoviaria\/#breadcrumb","itemListElement":[{"@type":"ListItem","position":1,"name":"In\u00edcio","item":"https:\/\/www.altominho.tv\/site\/"},{"@type":"ListItem","position":2,"name":"P\u00f3s-pandemia regista menos acidentes mas mais mortos &#8211; Seguran\u00e7a Rodovi\u00e1ria"}]},{"@type":"WebSite","@id":"https:\/\/www.altominho.tv\/site\/#website","url":"https:\/\/www.altominho.tv\/site\/","name":"Altominho.tv","description":"A sua regi\u00e3o \u00e0 dist\u00e2ncia de um clique...","potentialAction":[{"@type":"SearchAction","target":{"@type":"EntryPoint","urlTemplate":"https:\/\/www.altominho.tv\/site\/?s={search_term_string}"},"query-input":{"@type":"PropertyValueSpecification","valueRequired":true,"valueName":"search_term_string"}}],"inLanguage":"pt-PT"},{"@type":"Person","@id":"https:\/\/www.altominho.tv\/site\/#\/schema\/person\/63f693da3e1899361cbe955c46f3232e","name":"Lusa","image":{"@type":"ImageObject","inLanguage":"pt-PT","@id":"https:\/\/www.altominho.tv\/site\/wp-content\/uploads\/2019\/08\/LUSA_Logo.gif","url":"https:\/\/www.altominho.tv\/site\/wp-content\/uploads\/2019\/08\/LUSA_Logo.gif","contentUrl":"https:\/\/www.altominho.tv\/site\/wp-content\/uploads\/2019\/08\/LUSA_Logo.gif","caption":"Lusa"},"sameAs":["http:\/\/\/\/www.altominho.tv\/site"],"url":"https:\/\/www.altominho.tv\/site\/author\/lusa\/"}]}},"_links":{"self":[{"href":"https:\/\/www.altominho.tv\/site\/wp-json\/wp\/v2\/posts\/50205","targetHints":{"allow":["GET"]}}],"collection":[{"href":"https:\/\/www.altominho.tv\/site\/wp-json\/wp\/v2\/posts"}],"about":[{"href":"https:\/\/www.altominho.tv\/site\/wp-json\/wp\/v2\/types\/post"}],"author":[{"embeddable":true,"href":"https:\/\/www.altominho.tv\/site\/wp-json\/wp\/v2\/users\/13"}],"replies":[{"embeddable":true,"href":"https:\/\/www.altominho.tv\/site\/wp-json\/wp\/v2\/comments?post=50205"}],"version-history":[{"count":0,"href":"https:\/\/www.altominho.tv\/site\/wp-json\/wp\/v2\/posts\/50205\/revisions"}],"wp:featuredmedia":[{"embeddable":true,"href":"https:\/\/www.altominho.tv\/site\/wp-json\/wp\/v2\/media\/49449"}],"wp:attachment":[{"href":"https:\/\/www.altominho.tv\/site\/wp-json\/wp\/v2\/media?parent=50205"}],"wp:term":[{"taxonomy":"category","embeddable":true,"href":"https:\/\/www.altominho.tv\/site\/wp-json\/wp\/v2\/categories?post=50205"},{"taxonomy":"post_tag","embeddable":true,"href":"https:\/\/www.altominho.tv\/site\/wp-json\/wp\/v2\/tags?post=50205"}],"curies":[{"name":"wp","href":"https:\/\/api.w.org\/{rel}","templated":true}]}}