{"id":50202,"date":"2020-08-04T09:23:56","date_gmt":"2020-08-04T08:23:56","guid":{"rendered":"http:\/\/www.altominho.tv\/site\/?p=50202"},"modified":"2020-08-04T09:24:00","modified_gmt":"2020-08-04T08:24:00","slug":"pme-dizem-que-novas-medidas-do-governo-sao-de-bradar-aos-ceus","status":"publish","type":"post","link":"https:\/\/www.altominho.tv\/site\/2020\/08\/04\/pme-dizem-que-novas-medidas-do-governo-sao-de-bradar-aos-ceus\/","title":{"rendered":"PME dizem que novas medidas do Governo &#8220;s\u00e3o de bradar aos c\u00e9us&#8221;"},"content":{"rendered":"\n<p>A Confedera\u00e7\u00e3o Portuguesa das Micro, Pequenas e M\u00e9dias Empresas (CPPME) considerou que as recentes medidas anunciadas pelo Governo para combater o impacto da pandemia de covid-19 \u201cs\u00e3o de bradar aos c\u00e9us\u201d.<\/p>\n\n\n\n<p>\u201cAs \u00faltimas medidas anunciadas pelo Governo para as Micro, Pequenas e M\u00e9dias Empresas s\u00e3o de bradar aos c\u00e9us\u201d, afirma em comunicado a CPPME, acrescentando que \u201ca permiss\u00e3o para os bares noturnos e as discotecas poderem abrir das 08:00 \u00e0s 20:00, em servi\u00e7o de pastelaria, s\u00f3 pode ser uma brincadeira de mau gosto\u201d.<\/p>\n\n\n\n<p>Por sua vez, para a confedera\u00e7\u00e3o, \u201cas tr\u00eas novas modalidades de \u2018lay-off\u2019, n\u00e3o s\u00f3 v\u00eam complicar ainda mais o que foi o \u2018lay-off\u2019 simplificado, como parecem estar desenhadas para que s\u00f3 muito poucas empresas possam ter acesso, com inevit\u00e1veis redu\u00e7\u00f5es no poder de compra e acentuada quebra do mercado interno\u201d.<\/p>\n\n\n\n<p>A CPPME lamenta ainda a \u201cdemora\u201d do Governo \u201cem colocar em pr\u00e1tica a medida compensat\u00f3ria para os s\u00f3cios gerentes com carreira contributiva para a Seguran\u00e7a Social, aprovada no Or\u00e7amento Suplementar\u201d, o que por sua vez considera ser \u201cuma medida de justi\u00e7a\u201d, mas \u201creiteradamente adiada\u201d.<\/p>\n\n\n\n<p>Al\u00e9m disso, o Governo \u201cteima em n\u00e3o criar um fundo de tesouraria para as Micro e Pequenas Empresas (\u00e1gil, r\u00e1pido, eficaz e sem burocracias excessivas), com juros zero e per\u00edodo de car\u00eancia alargado\u201d, sublinha a confedera\u00e7\u00e3o.<\/p>\n\n\n\n<p>\u201cO reiterado an\u00fancio de mil milh\u00f5es de euros para as microempresas e pequenas, que a banca continua a gerir \u00e0 sua maneira, n\u00e3o responde ao real problema\u201d destas empresas, defende ainda a CPPME.<\/p>\n\n\n\n<p>A confedera\u00e7\u00e3o refere que, ap\u00f3s uma concentra\u00e7\u00e3o em 22 de julho com outras estruturas empresariais, junto \u00e0 escadaria da Assembleia da Rep\u00fablica, em Lisboa, entregou um conjunto de propostas ao presidente da Assembleia da Rep\u00fablica, aos grupos parlamentares, ao primeiro-ministro e ao ministro da Economia que considera \u201cjustas\u201d e que acredita que \u201cmais tarde ou mais cedo\u201d o Governo ter\u00e1 de lhes dar aten\u00e7\u00e3o.<\/p>\n","protected":false},"excerpt":{"rendered":"<p>A Confedera\u00e7\u00e3o Portuguesa das Micro, Pequenas e M\u00e9dias Empresas (CPPME) considerou que as recentes medidas anunciadas pelo Governo para combater o impacto da pandemia de covid-19 \u201cs\u00e3o de bradar aos c\u00e9us\u201d. \u201cAs \u00faltimas medidas anunciadas pelo Governo para as Micro, Pequenas e M\u00e9dias Empresas s\u00e3o de bradar aos c\u00e9us\u201d, afirma em comunicado a CPPME, acrescentando [&hellip;]<\/p>\n","protected":false},"author":16,"featured_media":50203,"comment_status":"closed","ping_status":"closed","sticky":false,"template":"","format":"standard","meta":{"_exactmetrics_skip_tracking":false,"_exactmetrics_sitenote_active":false,"_exactmetrics_sitenote_note":"","_exactmetrics_sitenote_category":0,"footnotes":""},"categories":[42722],"tags":[21,26],"class_list":["post-50202","post","type-post","status-publish","format-standard","has-post-thumbnail","hentry","category-covid-19","tag-economia","tag-saude"],"yoast_head":"<!-- This site is optimized with the Yoast SEO Premium plugin v27.4 (Yoast SEO v27.4) - https:\/\/yoast.com\/product\/yoast-seo-premium-wordpress\/ -->\n<title>PME dizem que novas medidas do Governo &quot;s\u00e3o de bradar aos c\u00e9us&quot;<\/title>\n<meta name=\"robots\" content=\"index, follow, max-snippet:-1, max-image-preview:large, max-video-preview:-1\" \/>\n<link rel=\"canonical\" href=\"https:\/\/www.altominho.tv\/site\/2020\/08\/04\/pme-dizem-que-novas-medidas-do-governo-sao-de-bradar-aos-ceus\/\" \/>\n<meta property=\"og:locale\" content=\"pt_PT\" \/>\n<meta property=\"og:type\" content=\"article\" \/>\n<meta property=\"og:title\" content=\"PME dizem que novas medidas do Governo &quot;s\u00e3o de bradar aos c\u00e9us&quot;\" \/>\n<meta property=\"og:description\" content=\"A Confedera\u00e7\u00e3o Portuguesa das Micro, Pequenas e M\u00e9dias Empresas (CPPME) considerou que as recentes medidas anunciadas pelo Governo para combater o impacto da pandemia de covid-19 \u201cs\u00e3o de bradar aos c\u00e9us\u201d. \u201cAs \u00faltimas medidas anunciadas pelo Governo para as Micro, Pequenas e M\u00e9dias Empresas s\u00e3o de bradar aos c\u00e9us\u201d, afirma em comunicado a CPPME, acrescentando [&hellip;]\" \/>\n<meta property=\"og:url\" content=\"https:\/\/www.altominho.tv\/site\/2020\/08\/04\/pme-dizem-que-novas-medidas-do-governo-sao-de-bradar-aos-ceus\/\" \/>\n<meta property=\"og:site_name\" content=\"Altominho.tv\" \/>\n<meta property=\"article:publisher\" content=\"https:\/\/www.facebook.com\/altominhotv\" \/>\n<meta property=\"article:published_time\" content=\"2020-08-04T08:23:56+00:00\" \/>\n<meta property=\"article:modified_time\" content=\"2020-08-04T08:24:00+00:00\" \/>\n<meta property=\"og:image\" content=\"https:\/\/www.altominho.tv\/site\/wp-content\/uploads\/2020\/08\/bares.jpg\" \/>\n\t<meta property=\"og:image:width\" content=\"1920\" \/>\n\t<meta property=\"og:image:height\" content=\"1080\" \/>\n\t<meta property=\"og:image:type\" content=\"image\/jpeg\" \/>\n<meta name=\"author\" content=\"Andreia Cunha | Lusa\" \/>\n<meta name=\"twitter:card\" content=\"summary_large_image\" \/>\n<meta name=\"twitter:creator\" content=\"@altominhoTV\" \/>\n<meta name=\"twitter:site\" content=\"@altominhoTV\" \/>\n<meta name=\"twitter:label1\" content=\"Escrito por\" \/>\n\t<meta name=\"twitter:data1\" content=\"Andreia Cunha | Lusa\" \/>\n\t<meta name=\"twitter:label2\" content=\"Tempo estimado de leitura\" \/>\n\t<meta name=\"twitter:data2\" content=\"2 minutos\" \/>\n<script type=\"application\/ld+json\" class=\"yoast-schema-graph\">{\"@context\":\"https:\\\/\\\/schema.org\",\"@graph\":[{\"@type\":\"Article\",\"@id\":\"https:\\\/\\\/www.altominho.tv\\\/site\\\/2020\\\/08\\\/04\\\/pme-dizem-que-novas-medidas-do-governo-sao-de-bradar-aos-ceus\\\/#article\",\"isPartOf\":{\"@id\":\"https:\\\/\\\/www.altominho.tv\\\/site\\\/2020\\\/08\\\/04\\\/pme-dizem-que-novas-medidas-do-governo-sao-de-bradar-aos-ceus\\\/\"},\"author\":{\"name\":\"Andreia Cunha | Lusa\",\"@id\":\"https:\\\/\\\/www.altominho.tv\\\/site\\\/#\\\/schema\\\/person\\\/dbaf181c01b51ff40c9f461a905d321e\"},\"headline\":\"PME dizem que novas medidas do Governo &#8220;s\u00e3o de bradar aos c\u00e9us&#8221;\",\"datePublished\":\"2020-08-04T08:23:56+00:00\",\"dateModified\":\"2020-08-04T08:24:00+00:00\",\"mainEntityOfPage\":{\"@id\":\"https:\\\/\\\/www.altominho.tv\\\/site\\\/2020\\\/08\\\/04\\\/pme-dizem-que-novas-medidas-do-governo-sao-de-bradar-aos-ceus\\\/\"},\"wordCount\":355,\"image\":{\"@id\":\"https:\\\/\\\/www.altominho.tv\\\/site\\\/2020\\\/08\\\/04\\\/pme-dizem-que-novas-medidas-do-governo-sao-de-bradar-aos-ceus\\\/#primaryimage\"},\"thumbnailUrl\":\"https:\\\/\\\/www.altominho.tv\\\/site\\\/wp-content\\\/uploads\\\/2020\\\/08\\\/bares.jpg\",\"keywords\":[\"Economia\",\"Sa\u00fade\"],\"articleSection\":[\"Coronav\u00edrus\"],\"inLanguage\":\"pt-PT\",\"copyrightYear\":\"2020\",\"copyrightHolder\":{\"@id\":\"https:\\\/\\\/www.altominho.tv\\\/site\\\/#organization\"}},{\"@type\":\"WebPage\",\"@id\":\"https:\\\/\\\/www.altominho.tv\\\/site\\\/2020\\\/08\\\/04\\\/pme-dizem-que-novas-medidas-do-governo-sao-de-bradar-aos-ceus\\\/\",\"url\":\"https:\\\/\\\/www.altominho.tv\\\/site\\\/2020\\\/08\\\/04\\\/pme-dizem-que-novas-medidas-do-governo-sao-de-bradar-aos-ceus\\\/\",\"name\":\"PME dizem que novas medidas do Governo \\\"s\u00e3o de bradar aos c\u00e9us\\\"\",\"isPartOf\":{\"@id\":\"https:\\\/\\\/www.altominho.tv\\\/site\\\/#website\"},\"primaryImageOfPage\":{\"@id\":\"https:\\\/\\\/www.altominho.tv\\\/site\\\/2020\\\/08\\\/04\\\/pme-dizem-que-novas-medidas-do-governo-sao-de-bradar-aos-ceus\\\/#primaryimage\"},\"image\":{\"@id\":\"https:\\\/\\\/www.altominho.tv\\\/site\\\/2020\\\/08\\\/04\\\/pme-dizem-que-novas-medidas-do-governo-sao-de-bradar-aos-ceus\\\/#primaryimage\"},\"thumbnailUrl\":\"https:\\\/\\\/www.altominho.tv\\\/site\\\/wp-content\\\/uploads\\\/2020\\\/08\\\/bares.jpg\",\"datePublished\":\"2020-08-04T08:23:56+00:00\",\"dateModified\":\"2020-08-04T08:24:00+00:00\",\"author\":{\"@id\":\"https:\\\/\\\/www.altominho.tv\\\/site\\\/#\\\/schema\\\/person\\\/dbaf181c01b51ff40c9f461a905d321e\"},\"breadcrumb\":{\"@id\":\"https:\\\/\\\/www.altominho.tv\\\/site\\\/2020\\\/08\\\/04\\\/pme-dizem-que-novas-medidas-do-governo-sao-de-bradar-aos-ceus\\\/#breadcrumb\"},\"inLanguage\":\"pt-PT\",\"potentialAction\":[{\"@type\":\"ReadAction\",\"target\":[\"https:\\\/\\\/www.altominho.tv\\\/site\\\/2020\\\/08\\\/04\\\/pme-dizem-que-novas-medidas-do-governo-sao-de-bradar-aos-ceus\\\/\"]}]},{\"@type\":\"ImageObject\",\"inLanguage\":\"pt-PT\",\"@id\":\"https:\\\/\\\/www.altominho.tv\\\/site\\\/2020\\\/08\\\/04\\\/pme-dizem-que-novas-medidas-do-governo-sao-de-bradar-aos-ceus\\\/#primaryimage\",\"url\":\"https:\\\/\\\/www.altominho.tv\\\/site\\\/wp-content\\\/uploads\\\/2020\\\/08\\\/bares.jpg\",\"contentUrl\":\"https:\\\/\\\/www.altominho.tv\\\/site\\\/wp-content\\\/uploads\\\/2020\\\/08\\\/bares.jpg\",\"width\":1920,\"height\":1080},{\"@type\":\"BreadcrumbList\",\"@id\":\"https:\\\/\\\/www.altominho.tv\\\/site\\\/2020\\\/08\\\/04\\\/pme-dizem-que-novas-medidas-do-governo-sao-de-bradar-aos-ceus\\\/#breadcrumb\",\"itemListElement\":[{\"@type\":\"ListItem\",\"position\":1,\"name\":\"In\u00edcio\",\"item\":\"https:\\\/\\\/www.altominho.tv\\\/site\\\/\"},{\"@type\":\"ListItem\",\"position\":2,\"name\":\"PME dizem que novas medidas do Governo &#8220;s\u00e3o de bradar aos c\u00e9us&#8221;\"}]},{\"@type\":\"WebSite\",\"@id\":\"https:\\\/\\\/www.altominho.tv\\\/site\\\/#website\",\"url\":\"https:\\\/\\\/www.altominho.tv\\\/site\\\/\",\"name\":\"Altominho.tv\",\"description\":\"A sua regi\u00e3o \u00e0 dist\u00e2ncia de um clique...\",\"potentialAction\":[{\"@type\":\"SearchAction\",\"target\":{\"@type\":\"EntryPoint\",\"urlTemplate\":\"https:\\\/\\\/www.altominho.tv\\\/site\\\/?s={search_term_string}\"},\"query-input\":{\"@type\":\"PropertyValueSpecification\",\"valueRequired\":true,\"valueName\":\"search_term_string\"}}],\"inLanguage\":\"pt-PT\"},{\"@type\":\"Person\",\"@id\":\"https:\\\/\\\/www.altominho.tv\\\/site\\\/#\\\/schema\\\/person\\\/dbaf181c01b51ff40c9f461a905d321e\",\"name\":\"Andreia Cunha | Lusa\",\"image\":{\"@type\":\"ImageObject\",\"inLanguage\":\"pt-PT\",\"@id\":\"https:\\\/\\\/www.altominho.tv\\\/site\\\/wp-content\\\/uploads\\\/2017\\\/11\\\/Andreia_Cunha-1-150x150.jpg\",\"url\":\"https:\\\/\\\/www.altominho.tv\\\/site\\\/wp-content\\\/uploads\\\/2017\\\/11\\\/Andreia_Cunha-1-150x150.jpg\",\"contentUrl\":\"https:\\\/\\\/www.altominho.tv\\\/site\\\/wp-content\\\/uploads\\\/2017\\\/11\\\/Andreia_Cunha-1-150x150.jpg\",\"caption\":\"Andreia Cunha | Lusa\"},\"sameAs\":[\"https:\\\/\\\/www.altominho.tv\\\/site\"],\"url\":\"https:\\\/\\\/www.altominho.tv\\\/site\\\/author\\\/andreiacunhalusa\\\/\"}]}<\/script>\n<!-- \/ Yoast SEO Premium plugin. -->","yoast_head_json":{"title":"PME dizem que novas medidas do Governo \"s\u00e3o de bradar aos c\u00e9us\"","robots":{"index":"index","follow":"follow","max-snippet":"max-snippet:-1","max-image-preview":"max-image-preview:large","max-video-preview":"max-video-preview:-1"},"canonical":"https:\/\/www.altominho.tv\/site\/2020\/08\/04\/pme-dizem-que-novas-medidas-do-governo-sao-de-bradar-aos-ceus\/","og_locale":"pt_PT","og_type":"article","og_title":"PME dizem que novas medidas do Governo \"s\u00e3o de bradar aos c\u00e9us\"","og_description":"A Confedera\u00e7\u00e3o Portuguesa das Micro, Pequenas e M\u00e9dias Empresas (CPPME) considerou que as recentes medidas anunciadas pelo Governo para combater o impacto da pandemia de covid-19 \u201cs\u00e3o de bradar aos c\u00e9us\u201d. \u201cAs \u00faltimas medidas anunciadas pelo Governo para as Micro, Pequenas e M\u00e9dias Empresas s\u00e3o de bradar aos c\u00e9us\u201d, afirma em comunicado a CPPME, acrescentando [&hellip;]","og_url":"https:\/\/www.altominho.tv\/site\/2020\/08\/04\/pme-dizem-que-novas-medidas-do-governo-sao-de-bradar-aos-ceus\/","og_site_name":"Altominho.tv","article_publisher":"https:\/\/www.facebook.com\/altominhotv","article_published_time":"2020-08-04T08:23:56+00:00","article_modified_time":"2020-08-04T08:24:00+00:00","og_image":[{"width":1920,"height":1080,"url":"https:\/\/www.altominho.tv\/site\/wp-content\/uploads\/2020\/08\/bares.jpg","type":"image\/jpeg"}],"author":"Andreia Cunha | Lusa","twitter_card":"summary_large_image","twitter_creator":"@altominhoTV","twitter_site":"@altominhoTV","twitter_misc":{"Escrito por":"Andreia Cunha | Lusa","Tempo estimado de leitura":"2 minutos"},"schema":{"@context":"https:\/\/schema.org","@graph":[{"@type":"Article","@id":"https:\/\/www.altominho.tv\/site\/2020\/08\/04\/pme-dizem-que-novas-medidas-do-governo-sao-de-bradar-aos-ceus\/#article","isPartOf":{"@id":"https:\/\/www.altominho.tv\/site\/2020\/08\/04\/pme-dizem-que-novas-medidas-do-governo-sao-de-bradar-aos-ceus\/"},"author":{"name":"Andreia Cunha | Lusa","@id":"https:\/\/www.altominho.tv\/site\/#\/schema\/person\/dbaf181c01b51ff40c9f461a905d321e"},"headline":"PME dizem que novas medidas do Governo &#8220;s\u00e3o de bradar aos c\u00e9us&#8221;","datePublished":"2020-08-04T08:23:56+00:00","dateModified":"2020-08-04T08:24:00+00:00","mainEntityOfPage":{"@id":"https:\/\/www.altominho.tv\/site\/2020\/08\/04\/pme-dizem-que-novas-medidas-do-governo-sao-de-bradar-aos-ceus\/"},"wordCount":355,"image":{"@id":"https:\/\/www.altominho.tv\/site\/2020\/08\/04\/pme-dizem-que-novas-medidas-do-governo-sao-de-bradar-aos-ceus\/#primaryimage"},"thumbnailUrl":"https:\/\/www.altominho.tv\/site\/wp-content\/uploads\/2020\/08\/bares.jpg","keywords":["Economia","Sa\u00fade"],"articleSection":["Coronav\u00edrus"],"inLanguage":"pt-PT","copyrightYear":"2020","copyrightHolder":{"@id":"https:\/\/www.altominho.tv\/site\/#organization"}},{"@type":"WebPage","@id":"https:\/\/www.altominho.tv\/site\/2020\/08\/04\/pme-dizem-que-novas-medidas-do-governo-sao-de-bradar-aos-ceus\/","url":"https:\/\/www.altominho.tv\/site\/2020\/08\/04\/pme-dizem-que-novas-medidas-do-governo-sao-de-bradar-aos-ceus\/","name":"PME dizem que novas medidas do Governo \"s\u00e3o de bradar aos c\u00e9us\"","isPartOf":{"@id":"https:\/\/www.altominho.tv\/site\/#website"},"primaryImageOfPage":{"@id":"https:\/\/www.altominho.tv\/site\/2020\/08\/04\/pme-dizem-que-novas-medidas-do-governo-sao-de-bradar-aos-ceus\/#primaryimage"},"image":{"@id":"https:\/\/www.altominho.tv\/site\/2020\/08\/04\/pme-dizem-que-novas-medidas-do-governo-sao-de-bradar-aos-ceus\/#primaryimage"},"thumbnailUrl":"https:\/\/www.altominho.tv\/site\/wp-content\/uploads\/2020\/08\/bares.jpg","datePublished":"2020-08-04T08:23:56+00:00","dateModified":"2020-08-04T08:24:00+00:00","author":{"@id":"https:\/\/www.altominho.tv\/site\/#\/schema\/person\/dbaf181c01b51ff40c9f461a905d321e"},"breadcrumb":{"@id":"https:\/\/www.altominho.tv\/site\/2020\/08\/04\/pme-dizem-que-novas-medidas-do-governo-sao-de-bradar-aos-ceus\/#breadcrumb"},"inLanguage":"pt-PT","potentialAction":[{"@type":"ReadAction","target":["https:\/\/www.altominho.tv\/site\/2020\/08\/04\/pme-dizem-que-novas-medidas-do-governo-sao-de-bradar-aos-ceus\/"]}]},{"@type":"ImageObject","inLanguage":"pt-PT","@id":"https:\/\/www.altominho.tv\/site\/2020\/08\/04\/pme-dizem-que-novas-medidas-do-governo-sao-de-bradar-aos-ceus\/#primaryimage","url":"https:\/\/www.altominho.tv\/site\/wp-content\/uploads\/2020\/08\/bares.jpg","contentUrl":"https:\/\/www.altominho.tv\/site\/wp-content\/uploads\/2020\/08\/bares.jpg","width":1920,"height":1080},{"@type":"BreadcrumbList","@id":"https:\/\/www.altominho.tv\/site\/2020\/08\/04\/pme-dizem-que-novas-medidas-do-governo-sao-de-bradar-aos-ceus\/#breadcrumb","itemListElement":[{"@type":"ListItem","position":1,"name":"In\u00edcio","item":"https:\/\/www.altominho.tv\/site\/"},{"@type":"ListItem","position":2,"name":"PME dizem que novas medidas do Governo &#8220;s\u00e3o de bradar aos c\u00e9us&#8221;"}]},{"@type":"WebSite","@id":"https:\/\/www.altominho.tv\/site\/#website","url":"https:\/\/www.altominho.tv\/site\/","name":"Altominho.tv","description":"A sua regi\u00e3o \u00e0 dist\u00e2ncia de um clique...","potentialAction":[{"@type":"SearchAction","target":{"@type":"EntryPoint","urlTemplate":"https:\/\/www.altominho.tv\/site\/?s={search_term_string}"},"query-input":{"@type":"PropertyValueSpecification","valueRequired":true,"valueName":"search_term_string"}}],"inLanguage":"pt-PT"},{"@type":"Person","@id":"https:\/\/www.altominho.tv\/site\/#\/schema\/person\/dbaf181c01b51ff40c9f461a905d321e","name":"Andreia Cunha | Lusa","image":{"@type":"ImageObject","inLanguage":"pt-PT","@id":"https:\/\/www.altominho.tv\/site\/wp-content\/uploads\/2017\/11\/Andreia_Cunha-1-150x150.jpg","url":"https:\/\/www.altominho.tv\/site\/wp-content\/uploads\/2017\/11\/Andreia_Cunha-1-150x150.jpg","contentUrl":"https:\/\/www.altominho.tv\/site\/wp-content\/uploads\/2017\/11\/Andreia_Cunha-1-150x150.jpg","caption":"Andreia Cunha | Lusa"},"sameAs":["https:\/\/www.altominho.tv\/site"],"url":"https:\/\/www.altominho.tv\/site\/author\/andreiacunhalusa\/"}]}},"_links":{"self":[{"href":"https:\/\/www.altominho.tv\/site\/wp-json\/wp\/v2\/posts\/50202","targetHints":{"allow":["GET"]}}],"collection":[{"href":"https:\/\/www.altominho.tv\/site\/wp-json\/wp\/v2\/posts"}],"about":[{"href":"https:\/\/www.altominho.tv\/site\/wp-json\/wp\/v2\/types\/post"}],"author":[{"embeddable":true,"href":"https:\/\/www.altominho.tv\/site\/wp-json\/wp\/v2\/users\/16"}],"replies":[{"embeddable":true,"href":"https:\/\/www.altominho.tv\/site\/wp-json\/wp\/v2\/comments?post=50202"}],"version-history":[{"count":0,"href":"https:\/\/www.altominho.tv\/site\/wp-json\/wp\/v2\/posts\/50202\/revisions"}],"wp:featuredmedia":[{"embeddable":true,"href":"https:\/\/www.altominho.tv\/site\/wp-json\/wp\/v2\/media\/50203"}],"wp:attachment":[{"href":"https:\/\/www.altominho.tv\/site\/wp-json\/wp\/v2\/media?parent=50202"}],"wp:term":[{"taxonomy":"category","embeddable":true,"href":"https:\/\/www.altominho.tv\/site\/wp-json\/wp\/v2\/categories?post=50202"},{"taxonomy":"post_tag","embeddable":true,"href":"https:\/\/www.altominho.tv\/site\/wp-json\/wp\/v2\/tags?post=50202"}],"curies":[{"name":"wp","href":"https:\/\/api.w.org\/{rel}","templated":true}]}}