{"id":50199,"date":"2020-08-04T09:16:23","date_gmt":"2020-08-04T08:16:23","guid":{"rendered":"http:\/\/www.altominho.tv\/site\/?p=50199"},"modified":"2020-08-04T09:16:28","modified_gmt":"2020-08-04T08:16:28","slug":"onu-pede-aos-paises-medidas-para-a-reabertura-das-escolas","status":"publish","type":"post","link":"https:\/\/www.altominho.tv\/site\/2020\/08\/04\/onu-pede-aos-paises-medidas-para-a-reabertura-das-escolas\/","title":{"rendered":"ONU pede aos pa\u00edses medidas para a reabertura das escolas"},"content":{"rendered":"\n<p>As Na\u00e7\u00f5es Unidas pediram\u00a0a todos pa\u00edses para que seja dada prioridade \u00e0 reabertura das escolas sempre que haja controlo da transmiss\u00e3o local dos cont\u00e1gios de covid-19, alertando que o encerramento prolongado pode provocar uma &#8220;cat\u00e1strofe geracional&#8221;.\u00a0<\/p>\n\n\n\n<p>&#8220;Vivemos um momento decisivo para as crian\u00e7as e jovens de todo o mundo. As decis\u00f5es que os governos venham a tomar agora v\u00e3o ter um efeito duradouro em centenas de milh\u00f5es de jovens, assim como nas perspetivas de desenvolvimento dos pa\u00edses, durante d\u00e9cadas&#8221;, assinalou o secret\u00e1rio-geral da ONU, Ant\u00f3nio Guterres, atrav\u00e9s de uma mensagem em v\u00eddeo.<\/p>\n\n\n\n<p>Guterres apresentou um relat\u00f3rio elaborado pela organiza\u00e7\u00e3o para analisar o impacto do encerramento das escolas, institutos e universidades e prop\u00f5e recomenda\u00e7\u00f5es aos respons\u00e1veis pol\u00edticos.<\/p>\n\n\n\n<p>De acordo com o relat\u00f3rio, j\u00e1 se verificava&nbsp;uma &#8220;crise na educa\u00e7\u00e3o&#8221; no mundo, antes da pandemia de SARS CoV-2, com mais de 250 milh\u00f5es de crian\u00e7as que n\u00e3o estavam escolarizadas e, nos pa\u00edses em desenvolvimento, apenas uma quarta parte dos alunos do ensino secund\u00e1rio tinham terminado os estudos&nbsp;com &#8220;compet\u00eancias b\u00e1sicas&#8221;.<\/p>\n\n\n\n<p>&#8220;Agora enfrentamos uma cat\u00e1strofe geracional que pode vir a desperdi\u00e7ar um potencial humano incalcul\u00e1vel, minar d\u00e9cadas de progresso e exacerbar desigualdades instaladas&#8221;, disse Guterres.<\/p>\n\n\n\n<p>A pandemia, sublinhou Guterres, causou &#8220;a maior disrup\u00e7\u00e3o de sempre na educa\u00e7\u00e3o&#8221;.<\/p>\n\n\n\n<p>Segundo dados da ONU, em meados de julho as escolas permaneciam encerradas em mais de 160 pa\u00edses, o que afeta mais de mil milh\u00f5es de estudantes sendo que&nbsp;mais de uma centena de pa\u00edses&nbsp;ainda n\u00e3o anunciaram as datas de reabertura.<\/p>\n\n\n\n<p>Entre os aspetos que mais preocupam as Na\u00e7\u00f5es Unidas destacam-se o tempo perdido por milh\u00f5es de crian\u00e7as do pr\u00e9-escolar, uma etapa considerada essencial, disse em confer\u00eancia de imprensa a diretora geral adjunto para a Educa\u00e7\u00e3o da UNESCO, Stefnia Giannini.<\/p>\n\n\n\n<p>A educa\u00e7\u00e3o \u00e0 dist\u00e2ncia, com aulas atrav\u00e9s da r\u00e1dio, televis\u00e3o ou internet, &#8220;deixa muitos alunos para tr\u00e1s&#8221;, avisa a ONU que destaca em especial o risco daqueles que sofrem defici\u00eancias, de comunidades minorit\u00e1rias ou desfavorecidas, os deslocados, refugiados e aqueles que vivem em zonas remotas.<\/p>\n\n\n\n<p>Assim, a pandemia est\u00e1 a aumentar as desigualdades na educa\u00e7\u00e3o e amea\u00e7a desfazer rapidamente os progressos alcan\u00e7ados nas \u00faltimas d\u00e9cadas.<\/p>\n\n\n\n<p>Perante esta situa\u00e7\u00e3o, a ONU pede a aplica\u00e7\u00e3o de medidas, come\u00e7ando pela reabertura das escolas o mais r\u00e1pido poss\u00edvel, uma quest\u00e3o que est\u00e1 a gerar amplos debates em v\u00e1rios pa\u00edses.<\/p>\n\n\n\n<p>&#8220;Assim que a transmiss\u00e3o local de covid-19 esteja controlada \u00e9 preciso devolver os alunos \u00e0s escolas e aos estabelecimentos de ensino de forma segura: esta deve ser uma das prioridades fundamentais&#8221;, afirmou Guterres.<\/p>\n\n\n\n<p>Para a ONU &#8220;\u00e9 essencial encontrar um equil\u00edbrio entre os riscos para a sa\u00fade e os riscos para a educa\u00e7\u00e3o e prote\u00e7\u00e3o das crian\u00e7as e ter em conta tamb\u00e9m a repercuss\u00e3o da situa\u00e7\u00e3o na participa\u00e7\u00e3o das mulheres na for\u00e7a do trabalho&#8221;.&nbsp;<\/p>\n\n\n\n<p>Segundo o relat\u00f3rio, em todo este processo \u00e9 fundamental consultar os pais, cuidadores, docentes e os pr\u00f3prios alunos.<\/p>\n\n\n\n<p>As Na\u00e7\u00f5es Unidas pedem para que seja dada prioridade \u00e0 educa\u00e7\u00e3o na distribui\u00e7\u00e3o de fundos, protegendo e aumentando os or\u00e7amentos para a educa\u00e7\u00e3o nas contas p\u00fablicas dos respetivos pa\u00edses e reclama que a quest\u00e3o passe a estar no centro dos &#8220;esfor\u00e7os internacionais de solidariedade&#8221;.<\/p>\n\n\n\n<p>A ONU pede tamb\u00e9m especial aten\u00e7\u00e3o aos estudantes em situa\u00e7\u00e3o mais vulner\u00e1vel e pede para que seja &#8220;aproveitada&#8221; a pandemia para se transformar os sistemas educativos atrav\u00e9s de infraestruturas digitais, revitalizando a aprendizagem ou usando m\u00e9todos de ensino mais flex\u00edveis.<\/p>\n\n\n\n<p>&#8220;Temos uma oportunidade geracional de recriar a educa\u00e7\u00e3o e o ensino. Podemos dar um salto e avan\u00e7ar para sistemas progressistas que consigam educa\u00e7\u00e3o de qualidade para todos, como um &#8216;trampolim&#8217; para alcan\u00e7ar os Objetivos de Desenvolvimento Sustent\u00e1vel&#8221;, disse Guterres.<\/p>\n","protected":false},"excerpt":{"rendered":"<p>As Na\u00e7\u00f5es Unidas pediram\u00a0a todos pa\u00edses para que seja dada prioridade \u00e0 reabertura das escolas sempre que haja controlo da transmiss\u00e3o local dos cont\u00e1gios de covid-19, alertando que o encerramento prolongado pode provocar uma &#8220;cat\u00e1strofe geracional&#8221;.\u00a0 &#8220;Vivemos um momento decisivo para as crian\u00e7as e jovens de todo o mundo. As decis\u00f5es que os governos venham [&hellip;]<\/p>\n","protected":false},"author":16,"featured_media":50200,"comment_status":"closed","ping_status":"closed","sticky":false,"template":"","format":"standard","meta":{"_exactmetrics_skip_tracking":false,"_exactmetrics_sitenote_active":false,"_exactmetrics_sitenote_note":"","_exactmetrics_sitenote_category":0,"footnotes":""},"categories":[42722],"tags":[26,27],"class_list":["post-50199","post","type-post","status-publish","format-standard","has-post-thumbnail","hentry","category-covid-19","tag-saude","tag-sociedade"],"yoast_head":"<!-- This site is optimized with the Yoast SEO Premium plugin v27.4 (Yoast SEO v27.4) - https:\/\/yoast.com\/product\/yoast-seo-premium-wordpress\/ -->\n<title>ONU pede aos pa\u00edses medidas para a reabertura das escolas<\/title>\n<meta name=\"robots\" content=\"index, follow, max-snippet:-1, max-image-preview:large, max-video-preview:-1\" \/>\n<link rel=\"canonical\" href=\"https:\/\/www.altominho.tv\/site\/2020\/08\/04\/onu-pede-aos-paises-medidas-para-a-reabertura-das-escolas\/\" \/>\n<meta property=\"og:locale\" content=\"pt_PT\" \/>\n<meta property=\"og:type\" content=\"article\" \/>\n<meta property=\"og:title\" content=\"ONU pede aos pa\u00edses medidas para a reabertura das escolas\" \/>\n<meta property=\"og:description\" content=\"As Na\u00e7\u00f5es Unidas pediram\u00a0a todos pa\u00edses para que seja dada prioridade \u00e0 reabertura das escolas sempre que haja controlo da transmiss\u00e3o local dos cont\u00e1gios de covid-19, alertando que o encerramento prolongado pode provocar uma &#8220;cat\u00e1strofe geracional&#8221;.\u00a0 &#8220;Vivemos um momento decisivo para as crian\u00e7as e jovens de todo o mundo. As decis\u00f5es que os governos venham [&hellip;]\" \/>\n<meta property=\"og:url\" content=\"https:\/\/www.altominho.tv\/site\/2020\/08\/04\/onu-pede-aos-paises-medidas-para-a-reabertura-das-escolas\/\" \/>\n<meta property=\"og:site_name\" content=\"Altominho.tv\" \/>\n<meta property=\"article:publisher\" content=\"https:\/\/www.facebook.com\/altominhotv\" \/>\n<meta property=\"article:published_time\" content=\"2020-08-04T08:16:23+00:00\" \/>\n<meta property=\"article:modified_time\" content=\"2020-08-04T08:16:28+00:00\" \/>\n<meta property=\"og:image\" content=\"https:\/\/www.altominho.tv\/site\/wp-content\/uploads\/2020\/08\/esco-1024x675-1.jpg\" \/>\n\t<meta property=\"og:image:width\" content=\"1024\" \/>\n\t<meta property=\"og:image:height\" content=\"675\" \/>\n\t<meta property=\"og:image:type\" content=\"image\/jpeg\" \/>\n<meta name=\"author\" content=\"Andreia Cunha | Lusa\" \/>\n<meta name=\"twitter:card\" content=\"summary_large_image\" \/>\n<meta name=\"twitter:creator\" content=\"@altominhoTV\" \/>\n<meta name=\"twitter:site\" content=\"@altominhoTV\" \/>\n<meta name=\"twitter:label1\" content=\"Escrito por\" \/>\n\t<meta name=\"twitter:data1\" content=\"Andreia Cunha | Lusa\" \/>\n\t<meta name=\"twitter:label2\" content=\"Tempo estimado de leitura\" \/>\n\t<meta name=\"twitter:data2\" content=\"3 minutos\" \/>\n<script type=\"application\/ld+json\" class=\"yoast-schema-graph\">{\"@context\":\"https:\\\/\\\/schema.org\",\"@graph\":[{\"@type\":\"Article\",\"@id\":\"https:\\\/\\\/www.altominho.tv\\\/site\\\/2020\\\/08\\\/04\\\/onu-pede-aos-paises-medidas-para-a-reabertura-das-escolas\\\/#article\",\"isPartOf\":{\"@id\":\"https:\\\/\\\/www.altominho.tv\\\/site\\\/2020\\\/08\\\/04\\\/onu-pede-aos-paises-medidas-para-a-reabertura-das-escolas\\\/\"},\"author\":{\"name\":\"Andreia Cunha | Lusa\",\"@id\":\"https:\\\/\\\/www.altominho.tv\\\/site\\\/#\\\/schema\\\/person\\\/dbaf181c01b51ff40c9f461a905d321e\"},\"headline\":\"ONU pede aos pa\u00edses medidas para a reabertura das escolas\",\"datePublished\":\"2020-08-04T08:16:23+00:00\",\"dateModified\":\"2020-08-04T08:16:28+00:00\",\"mainEntityOfPage\":{\"@id\":\"https:\\\/\\\/www.altominho.tv\\\/site\\\/2020\\\/08\\\/04\\\/onu-pede-aos-paises-medidas-para-a-reabertura-das-escolas\\\/\"},\"wordCount\":703,\"image\":{\"@id\":\"https:\\\/\\\/www.altominho.tv\\\/site\\\/2020\\\/08\\\/04\\\/onu-pede-aos-paises-medidas-para-a-reabertura-das-escolas\\\/#primaryimage\"},\"thumbnailUrl\":\"https:\\\/\\\/www.altominho.tv\\\/site\\\/wp-content\\\/uploads\\\/2020\\\/08\\\/esco-1024x675-1.jpg\",\"keywords\":[\"Sa\u00fade\",\"Sociedade\"],\"articleSection\":[\"Coronav\u00edrus\"],\"inLanguage\":\"pt-PT\",\"copyrightYear\":\"2020\",\"copyrightHolder\":{\"@id\":\"https:\\\/\\\/www.altominho.tv\\\/site\\\/#organization\"}},{\"@type\":\"WebPage\",\"@id\":\"https:\\\/\\\/www.altominho.tv\\\/site\\\/2020\\\/08\\\/04\\\/onu-pede-aos-paises-medidas-para-a-reabertura-das-escolas\\\/\",\"url\":\"https:\\\/\\\/www.altominho.tv\\\/site\\\/2020\\\/08\\\/04\\\/onu-pede-aos-paises-medidas-para-a-reabertura-das-escolas\\\/\",\"name\":\"ONU pede aos pa\u00edses medidas para a reabertura das escolas\",\"isPartOf\":{\"@id\":\"https:\\\/\\\/www.altominho.tv\\\/site\\\/#website\"},\"primaryImageOfPage\":{\"@id\":\"https:\\\/\\\/www.altominho.tv\\\/site\\\/2020\\\/08\\\/04\\\/onu-pede-aos-paises-medidas-para-a-reabertura-das-escolas\\\/#primaryimage\"},\"image\":{\"@id\":\"https:\\\/\\\/www.altominho.tv\\\/site\\\/2020\\\/08\\\/04\\\/onu-pede-aos-paises-medidas-para-a-reabertura-das-escolas\\\/#primaryimage\"},\"thumbnailUrl\":\"https:\\\/\\\/www.altominho.tv\\\/site\\\/wp-content\\\/uploads\\\/2020\\\/08\\\/esco-1024x675-1.jpg\",\"datePublished\":\"2020-08-04T08:16:23+00:00\",\"dateModified\":\"2020-08-04T08:16:28+00:00\",\"author\":{\"@id\":\"https:\\\/\\\/www.altominho.tv\\\/site\\\/#\\\/schema\\\/person\\\/dbaf181c01b51ff40c9f461a905d321e\"},\"breadcrumb\":{\"@id\":\"https:\\\/\\\/www.altominho.tv\\\/site\\\/2020\\\/08\\\/04\\\/onu-pede-aos-paises-medidas-para-a-reabertura-das-escolas\\\/#breadcrumb\"},\"inLanguage\":\"pt-PT\",\"potentialAction\":[{\"@type\":\"ReadAction\",\"target\":[\"https:\\\/\\\/www.altominho.tv\\\/site\\\/2020\\\/08\\\/04\\\/onu-pede-aos-paises-medidas-para-a-reabertura-das-escolas\\\/\"]}]},{\"@type\":\"ImageObject\",\"inLanguage\":\"pt-PT\",\"@id\":\"https:\\\/\\\/www.altominho.tv\\\/site\\\/2020\\\/08\\\/04\\\/onu-pede-aos-paises-medidas-para-a-reabertura-das-escolas\\\/#primaryimage\",\"url\":\"https:\\\/\\\/www.altominho.tv\\\/site\\\/wp-content\\\/uploads\\\/2020\\\/08\\\/esco-1024x675-1.jpg\",\"contentUrl\":\"https:\\\/\\\/www.altominho.tv\\\/site\\\/wp-content\\\/uploads\\\/2020\\\/08\\\/esco-1024x675-1.jpg\",\"width\":1024,\"height\":675},{\"@type\":\"BreadcrumbList\",\"@id\":\"https:\\\/\\\/www.altominho.tv\\\/site\\\/2020\\\/08\\\/04\\\/onu-pede-aos-paises-medidas-para-a-reabertura-das-escolas\\\/#breadcrumb\",\"itemListElement\":[{\"@type\":\"ListItem\",\"position\":1,\"name\":\"In\u00edcio\",\"item\":\"https:\\\/\\\/www.altominho.tv\\\/site\\\/\"},{\"@type\":\"ListItem\",\"position\":2,\"name\":\"ONU pede aos pa\u00edses medidas para a reabertura das escolas\"}]},{\"@type\":\"WebSite\",\"@id\":\"https:\\\/\\\/www.altominho.tv\\\/site\\\/#website\",\"url\":\"https:\\\/\\\/www.altominho.tv\\\/site\\\/\",\"name\":\"Altominho.tv\",\"description\":\"A sua regi\u00e3o \u00e0 dist\u00e2ncia de um clique...\",\"potentialAction\":[{\"@type\":\"SearchAction\",\"target\":{\"@type\":\"EntryPoint\",\"urlTemplate\":\"https:\\\/\\\/www.altominho.tv\\\/site\\\/?s={search_term_string}\"},\"query-input\":{\"@type\":\"PropertyValueSpecification\",\"valueRequired\":true,\"valueName\":\"search_term_string\"}}],\"inLanguage\":\"pt-PT\"},{\"@type\":\"Person\",\"@id\":\"https:\\\/\\\/www.altominho.tv\\\/site\\\/#\\\/schema\\\/person\\\/dbaf181c01b51ff40c9f461a905d321e\",\"name\":\"Andreia Cunha | Lusa\",\"image\":{\"@type\":\"ImageObject\",\"inLanguage\":\"pt-PT\",\"@id\":\"https:\\\/\\\/www.altominho.tv\\\/site\\\/wp-content\\\/uploads\\\/2017\\\/11\\\/Andreia_Cunha-1-150x150.jpg\",\"url\":\"https:\\\/\\\/www.altominho.tv\\\/site\\\/wp-content\\\/uploads\\\/2017\\\/11\\\/Andreia_Cunha-1-150x150.jpg\",\"contentUrl\":\"https:\\\/\\\/www.altominho.tv\\\/site\\\/wp-content\\\/uploads\\\/2017\\\/11\\\/Andreia_Cunha-1-150x150.jpg\",\"caption\":\"Andreia Cunha | Lusa\"},\"sameAs\":[\"https:\\\/\\\/www.altominho.tv\\\/site\"],\"url\":\"https:\\\/\\\/www.altominho.tv\\\/site\\\/author\\\/andreiacunhalusa\\\/\"}]}<\/script>\n<!-- \/ Yoast SEO Premium plugin. -->","yoast_head_json":{"title":"ONU pede aos pa\u00edses medidas para a reabertura das escolas","robots":{"index":"index","follow":"follow","max-snippet":"max-snippet:-1","max-image-preview":"max-image-preview:large","max-video-preview":"max-video-preview:-1"},"canonical":"https:\/\/www.altominho.tv\/site\/2020\/08\/04\/onu-pede-aos-paises-medidas-para-a-reabertura-das-escolas\/","og_locale":"pt_PT","og_type":"article","og_title":"ONU pede aos pa\u00edses medidas para a reabertura das escolas","og_description":"As Na\u00e7\u00f5es Unidas pediram\u00a0a todos pa\u00edses para que seja dada prioridade \u00e0 reabertura das escolas sempre que haja controlo da transmiss\u00e3o local dos cont\u00e1gios de covid-19, alertando que o encerramento prolongado pode provocar uma &#8220;cat\u00e1strofe geracional&#8221;.\u00a0 &#8220;Vivemos um momento decisivo para as crian\u00e7as e jovens de todo o mundo. As decis\u00f5es que os governos venham [&hellip;]","og_url":"https:\/\/www.altominho.tv\/site\/2020\/08\/04\/onu-pede-aos-paises-medidas-para-a-reabertura-das-escolas\/","og_site_name":"Altominho.tv","article_publisher":"https:\/\/www.facebook.com\/altominhotv","article_published_time":"2020-08-04T08:16:23+00:00","article_modified_time":"2020-08-04T08:16:28+00:00","og_image":[{"width":1024,"height":675,"url":"https:\/\/www.altominho.tv\/site\/wp-content\/uploads\/2020\/08\/esco-1024x675-1.jpg","type":"image\/jpeg"}],"author":"Andreia Cunha | Lusa","twitter_card":"summary_large_image","twitter_creator":"@altominhoTV","twitter_site":"@altominhoTV","twitter_misc":{"Escrito por":"Andreia Cunha | Lusa","Tempo estimado de leitura":"3 minutos"},"schema":{"@context":"https:\/\/schema.org","@graph":[{"@type":"Article","@id":"https:\/\/www.altominho.tv\/site\/2020\/08\/04\/onu-pede-aos-paises-medidas-para-a-reabertura-das-escolas\/#article","isPartOf":{"@id":"https:\/\/www.altominho.tv\/site\/2020\/08\/04\/onu-pede-aos-paises-medidas-para-a-reabertura-das-escolas\/"},"author":{"name":"Andreia Cunha | Lusa","@id":"https:\/\/www.altominho.tv\/site\/#\/schema\/person\/dbaf181c01b51ff40c9f461a905d321e"},"headline":"ONU pede aos pa\u00edses medidas para a reabertura das escolas","datePublished":"2020-08-04T08:16:23+00:00","dateModified":"2020-08-04T08:16:28+00:00","mainEntityOfPage":{"@id":"https:\/\/www.altominho.tv\/site\/2020\/08\/04\/onu-pede-aos-paises-medidas-para-a-reabertura-das-escolas\/"},"wordCount":703,"image":{"@id":"https:\/\/www.altominho.tv\/site\/2020\/08\/04\/onu-pede-aos-paises-medidas-para-a-reabertura-das-escolas\/#primaryimage"},"thumbnailUrl":"https:\/\/www.altominho.tv\/site\/wp-content\/uploads\/2020\/08\/esco-1024x675-1.jpg","keywords":["Sa\u00fade","Sociedade"],"articleSection":["Coronav\u00edrus"],"inLanguage":"pt-PT","copyrightYear":"2020","copyrightHolder":{"@id":"https:\/\/www.altominho.tv\/site\/#organization"}},{"@type":"WebPage","@id":"https:\/\/www.altominho.tv\/site\/2020\/08\/04\/onu-pede-aos-paises-medidas-para-a-reabertura-das-escolas\/","url":"https:\/\/www.altominho.tv\/site\/2020\/08\/04\/onu-pede-aos-paises-medidas-para-a-reabertura-das-escolas\/","name":"ONU pede aos pa\u00edses medidas para a reabertura das escolas","isPartOf":{"@id":"https:\/\/www.altominho.tv\/site\/#website"},"primaryImageOfPage":{"@id":"https:\/\/www.altominho.tv\/site\/2020\/08\/04\/onu-pede-aos-paises-medidas-para-a-reabertura-das-escolas\/#primaryimage"},"image":{"@id":"https:\/\/www.altominho.tv\/site\/2020\/08\/04\/onu-pede-aos-paises-medidas-para-a-reabertura-das-escolas\/#primaryimage"},"thumbnailUrl":"https:\/\/www.altominho.tv\/site\/wp-content\/uploads\/2020\/08\/esco-1024x675-1.jpg","datePublished":"2020-08-04T08:16:23+00:00","dateModified":"2020-08-04T08:16:28+00:00","author":{"@id":"https:\/\/www.altominho.tv\/site\/#\/schema\/person\/dbaf181c01b51ff40c9f461a905d321e"},"breadcrumb":{"@id":"https:\/\/www.altominho.tv\/site\/2020\/08\/04\/onu-pede-aos-paises-medidas-para-a-reabertura-das-escolas\/#breadcrumb"},"inLanguage":"pt-PT","potentialAction":[{"@type":"ReadAction","target":["https:\/\/www.altominho.tv\/site\/2020\/08\/04\/onu-pede-aos-paises-medidas-para-a-reabertura-das-escolas\/"]}]},{"@type":"ImageObject","inLanguage":"pt-PT","@id":"https:\/\/www.altominho.tv\/site\/2020\/08\/04\/onu-pede-aos-paises-medidas-para-a-reabertura-das-escolas\/#primaryimage","url":"https:\/\/www.altominho.tv\/site\/wp-content\/uploads\/2020\/08\/esco-1024x675-1.jpg","contentUrl":"https:\/\/www.altominho.tv\/site\/wp-content\/uploads\/2020\/08\/esco-1024x675-1.jpg","width":1024,"height":675},{"@type":"BreadcrumbList","@id":"https:\/\/www.altominho.tv\/site\/2020\/08\/04\/onu-pede-aos-paises-medidas-para-a-reabertura-das-escolas\/#breadcrumb","itemListElement":[{"@type":"ListItem","position":1,"name":"In\u00edcio","item":"https:\/\/www.altominho.tv\/site\/"},{"@type":"ListItem","position":2,"name":"ONU pede aos pa\u00edses medidas para a reabertura das escolas"}]},{"@type":"WebSite","@id":"https:\/\/www.altominho.tv\/site\/#website","url":"https:\/\/www.altominho.tv\/site\/","name":"Altominho.tv","description":"A sua regi\u00e3o \u00e0 dist\u00e2ncia de um clique...","potentialAction":[{"@type":"SearchAction","target":{"@type":"EntryPoint","urlTemplate":"https:\/\/www.altominho.tv\/site\/?s={search_term_string}"},"query-input":{"@type":"PropertyValueSpecification","valueRequired":true,"valueName":"search_term_string"}}],"inLanguage":"pt-PT"},{"@type":"Person","@id":"https:\/\/www.altominho.tv\/site\/#\/schema\/person\/dbaf181c01b51ff40c9f461a905d321e","name":"Andreia Cunha | Lusa","image":{"@type":"ImageObject","inLanguage":"pt-PT","@id":"https:\/\/www.altominho.tv\/site\/wp-content\/uploads\/2017\/11\/Andreia_Cunha-1-150x150.jpg","url":"https:\/\/www.altominho.tv\/site\/wp-content\/uploads\/2017\/11\/Andreia_Cunha-1-150x150.jpg","contentUrl":"https:\/\/www.altominho.tv\/site\/wp-content\/uploads\/2017\/11\/Andreia_Cunha-1-150x150.jpg","caption":"Andreia Cunha | Lusa"},"sameAs":["https:\/\/www.altominho.tv\/site"],"url":"https:\/\/www.altominho.tv\/site\/author\/andreiacunhalusa\/"}]}},"_links":{"self":[{"href":"https:\/\/www.altominho.tv\/site\/wp-json\/wp\/v2\/posts\/50199","targetHints":{"allow":["GET"]}}],"collection":[{"href":"https:\/\/www.altominho.tv\/site\/wp-json\/wp\/v2\/posts"}],"about":[{"href":"https:\/\/www.altominho.tv\/site\/wp-json\/wp\/v2\/types\/post"}],"author":[{"embeddable":true,"href":"https:\/\/www.altominho.tv\/site\/wp-json\/wp\/v2\/users\/16"}],"replies":[{"embeddable":true,"href":"https:\/\/www.altominho.tv\/site\/wp-json\/wp\/v2\/comments?post=50199"}],"version-history":[{"count":0,"href":"https:\/\/www.altominho.tv\/site\/wp-json\/wp\/v2\/posts\/50199\/revisions"}],"wp:featuredmedia":[{"embeddable":true,"href":"https:\/\/www.altominho.tv\/site\/wp-json\/wp\/v2\/media\/50200"}],"wp:attachment":[{"href":"https:\/\/www.altominho.tv\/site\/wp-json\/wp\/v2\/media?parent=50199"}],"wp:term":[{"taxonomy":"category","embeddable":true,"href":"https:\/\/www.altominho.tv\/site\/wp-json\/wp\/v2\/categories?post=50199"},{"taxonomy":"post_tag","embeddable":true,"href":"https:\/\/www.altominho.tv\/site\/wp-json\/wp\/v2\/tags?post=50199"}],"curies":[{"name":"wp","href":"https:\/\/api.w.org\/{rel}","templated":true}]}}