{"id":50192,"date":"2020-08-03T17:56:56","date_gmt":"2020-08-03T16:56:56","guid":{"rendered":"http:\/\/www.altominho.tv\/site\/?p=50192"},"modified":"2020-08-03T17:56:58","modified_gmt":"2020-08-03T16:56:58","slug":"gnr-deteta-mais-de-100-condutores-em-excesso-de-velocidade-na-ultima-semana","status":"publish","type":"post","link":"https:\/\/www.altominho.tv\/site\/2020\/08\/03\/gnr-deteta-mais-de-100-condutores-em-excesso-de-velocidade-na-ultima-semana\/","title":{"rendered":"GNR deteta mais de 100 condutores em excesso de velocidade na \u00faltima semana"},"content":{"rendered":"<p>A GNR detetou, na \u00faltima semana, no distrito de Viana do Castelo, 300 infra\u00e7\u00f5es de tr\u00e2nsito, 107 das quais por excesso de velocidade.<\/p>\n<p>Em comunicado, com o balan\u00e7o da atividade operacional da semana entre 27 de julho e 2 de agosto, o Comando Territorial da GNR de Viana do Castelo adiantou que o uso indevido do telem\u00f3vel no exerc\u00edcio da condu\u00e7\u00e3o (17), a falta ou incorreta utiliza\u00e7\u00e3o do cinto de seguran\u00e7a e\/ou sistema de reten\u00e7\u00e3o para crian\u00e7as (14) e a condu\u00e7\u00e3o com taxa de \u00e1lcool no sangue superior ao permitido por lei (12) s\u00e3o outras das principais infra\u00e7\u00f5es registadas.<\/p>\n<p>A for\u00e7a policial revelou ainda ter efetuado 11 deten\u00e7\u00f5es em flagrante delito, destacando quatro por condu\u00e7\u00e3o sob efeito do \u00e1lcool, duas por deten\u00e7\u00e3o ou tr\u00e1fico de armas proibidas, uma por condu\u00e7\u00e3o sem habilita\u00e7\u00e3o legal e uma por tr\u00e1fico de estupefacientes, e apreendido uma arma de fogo, uma espingarda de press\u00e3o de ar, cinco armas brancas, um bast\u00e3o extens\u00edvel, cinco doses de liamba e quatro doses de haxixe.<u><\/u><u><\/u><\/p>\n<p><span style=\"font-size: inherit\">Naquele per\u00edodo, os militares registaram ainda <\/span><span style=\"font-size: inherit\">50 acidentes, dos quais resultaram tr\u00eas feridos graves e 19 ligeiros.<\/span><\/p>\n","protected":false},"excerpt":{"rendered":"<p>A GNR detetou, na \u00faltima semana, no distrito de Viana do Castelo, 300 infra\u00e7\u00f5es de tr\u00e2nsito, 107 das quais por excesso de velocidade. Em comunicado, com o balan\u00e7o da atividade operacional da semana entre 27 de julho e 2 de agosto, o Comando Territorial da GNR de Viana do Castelo adiantou que o uso indevido [&hellip;]<\/p>\n","protected":false},"author":12,"featured_media":50193,"comment_status":"closed","ping_status":"closed","sticky":false,"template":"","format":"standard","meta":{"_exactmetrics_skip_tracking":false,"_exactmetrics_sitenote_active":false,"_exactmetrics_sitenote_note":"","_exactmetrics_sitenote_category":0,"footnotes":""},"categories":[73],"tags":[27],"class_list":["post-50192","post","type-post","status-publish","format-standard","has-post-thumbnail","hentry","category-alto-minho","tag-sociedade"],"yoast_head":"<!-- This site is optimized with the Yoast SEO Premium plugin v27.4 (Yoast SEO v27.4) - https:\/\/yoast.com\/product\/yoast-seo-premium-wordpress\/ -->\n<title>GNR deteta mais de 100 condutores em excesso de velocidade na \u00faltima semana<\/title>\n<meta name=\"robots\" content=\"index, follow, max-snippet:-1, max-image-preview:large, max-video-preview:-1\" \/>\n<link rel=\"canonical\" href=\"https:\/\/www.altominho.tv\/site\/2020\/08\/03\/gnr-deteta-mais-de-100-condutores-em-excesso-de-velocidade-na-ultima-semana\/\" \/>\n<meta property=\"og:locale\" content=\"pt_PT\" \/>\n<meta property=\"og:type\" content=\"article\" \/>\n<meta property=\"og:title\" content=\"GNR deteta mais de 100 condutores em excesso de velocidade na \u00faltima semana\" \/>\n<meta property=\"og:description\" content=\"A GNR detetou, na \u00faltima semana, no distrito de Viana do Castelo, 300 infra\u00e7\u00f5es de tr\u00e2nsito, 107 das quais por excesso de velocidade. Em comunicado, com o balan\u00e7o da atividade operacional da semana entre 27 de julho e 2 de agosto, o Comando Territorial da GNR de Viana do Castelo adiantou que o uso indevido [&hellip;]\" \/>\n<meta property=\"og:url\" content=\"https:\/\/www.altominho.tv\/site\/2020\/08\/03\/gnr-deteta-mais-de-100-condutores-em-excesso-de-velocidade-na-ultima-semana\/\" \/>\n<meta property=\"og:site_name\" content=\"Altominho.tv\" \/>\n<meta property=\"article:publisher\" content=\"https:\/\/www.facebook.com\/altominhotv\" \/>\n<meta property=\"article:published_time\" content=\"2020-08-03T16:56:56+00:00\" \/>\n<meta property=\"article:modified_time\" content=\"2020-08-03T16:56:58+00:00\" \/>\n<meta property=\"og:image\" content=\"https:\/\/www.altominho.tv\/site\/wp-content\/uploads\/2020\/08\/velocimetro-740x417-1.jpg\" \/>\n\t<meta property=\"og:image:width\" content=\"740\" \/>\n\t<meta property=\"og:image:height\" content=\"417\" \/>\n\t<meta property=\"og:image:type\" content=\"image\/jpeg\" \/>\n<meta name=\"author\" content=\"Andreia Ferreira\" \/>\n<meta name=\"twitter:card\" content=\"summary_large_image\" \/>\n<meta name=\"twitter:creator\" content=\"@altominhoTV\" \/>\n<meta name=\"twitter:site\" content=\"@altominhoTV\" \/>\n<meta name=\"twitter:label1\" content=\"Escrito por\" \/>\n\t<meta name=\"twitter:data1\" content=\"Andreia Ferreira\" \/>\n\t<meta name=\"twitter:label2\" content=\"Tempo estimado de leitura\" \/>\n\t<meta name=\"twitter:data2\" content=\"1 minuto\" \/>\n<script type=\"application\/ld+json\" class=\"yoast-schema-graph\">{\"@context\":\"https:\\\/\\\/schema.org\",\"@graph\":[{\"@type\":\"Article\",\"@id\":\"https:\\\/\\\/www.altominho.tv\\\/site\\\/2020\\\/08\\\/03\\\/gnr-deteta-mais-de-100-condutores-em-excesso-de-velocidade-na-ultima-semana\\\/#article\",\"isPartOf\":{\"@id\":\"https:\\\/\\\/www.altominho.tv\\\/site\\\/2020\\\/08\\\/03\\\/gnr-deteta-mais-de-100-condutores-em-excesso-de-velocidade-na-ultima-semana\\\/\"},\"author\":{\"name\":\"Andreia Ferreira\",\"@id\":\"https:\\\/\\\/www.altominho.tv\\\/site\\\/#\\\/schema\\\/person\\\/d9be4265364723f14ea8e0d56a1d38cd\"},\"headline\":\"GNR deteta mais de 100 condutores em excesso de velocidade na \u00faltima semana\",\"datePublished\":\"2020-08-03T16:56:56+00:00\",\"dateModified\":\"2020-08-03T16:56:58+00:00\",\"mainEntityOfPage\":{\"@id\":\"https:\\\/\\\/www.altominho.tv\\\/site\\\/2020\\\/08\\\/03\\\/gnr-deteta-mais-de-100-condutores-em-excesso-de-velocidade-na-ultima-semana\\\/\"},\"wordCount\":212,\"image\":{\"@id\":\"https:\\\/\\\/www.altominho.tv\\\/site\\\/2020\\\/08\\\/03\\\/gnr-deteta-mais-de-100-condutores-em-excesso-de-velocidade-na-ultima-semana\\\/#primaryimage\"},\"thumbnailUrl\":\"https:\\\/\\\/www.altominho.tv\\\/site\\\/wp-content\\\/uploads\\\/2020\\\/08\\\/velocimetro-740x417-1.jpg\",\"keywords\":[\"Sociedade\"],\"articleSection\":[\"Alto Minho\"],\"inLanguage\":\"pt-PT\",\"copyrightYear\":\"2020\",\"copyrightHolder\":{\"@id\":\"https:\\\/\\\/www.altominho.tv\\\/site\\\/#organization\"}},{\"@type\":\"WebPage\",\"@id\":\"https:\\\/\\\/www.altominho.tv\\\/site\\\/2020\\\/08\\\/03\\\/gnr-deteta-mais-de-100-condutores-em-excesso-de-velocidade-na-ultima-semana\\\/\",\"url\":\"https:\\\/\\\/www.altominho.tv\\\/site\\\/2020\\\/08\\\/03\\\/gnr-deteta-mais-de-100-condutores-em-excesso-de-velocidade-na-ultima-semana\\\/\",\"name\":\"GNR deteta mais de 100 condutores em excesso de velocidade na \u00faltima semana\",\"isPartOf\":{\"@id\":\"https:\\\/\\\/www.altominho.tv\\\/site\\\/#website\"},\"primaryImageOfPage\":{\"@id\":\"https:\\\/\\\/www.altominho.tv\\\/site\\\/2020\\\/08\\\/03\\\/gnr-deteta-mais-de-100-condutores-em-excesso-de-velocidade-na-ultima-semana\\\/#primaryimage\"},\"image\":{\"@id\":\"https:\\\/\\\/www.altominho.tv\\\/site\\\/2020\\\/08\\\/03\\\/gnr-deteta-mais-de-100-condutores-em-excesso-de-velocidade-na-ultima-semana\\\/#primaryimage\"},\"thumbnailUrl\":\"https:\\\/\\\/www.altominho.tv\\\/site\\\/wp-content\\\/uploads\\\/2020\\\/08\\\/velocimetro-740x417-1.jpg\",\"datePublished\":\"2020-08-03T16:56:56+00:00\",\"dateModified\":\"2020-08-03T16:56:58+00:00\",\"author\":{\"@id\":\"https:\\\/\\\/www.altominho.tv\\\/site\\\/#\\\/schema\\\/person\\\/d9be4265364723f14ea8e0d56a1d38cd\"},\"breadcrumb\":{\"@id\":\"https:\\\/\\\/www.altominho.tv\\\/site\\\/2020\\\/08\\\/03\\\/gnr-deteta-mais-de-100-condutores-em-excesso-de-velocidade-na-ultima-semana\\\/#breadcrumb\"},\"inLanguage\":\"pt-PT\",\"potentialAction\":[{\"@type\":\"ReadAction\",\"target\":[\"https:\\\/\\\/www.altominho.tv\\\/site\\\/2020\\\/08\\\/03\\\/gnr-deteta-mais-de-100-condutores-em-excesso-de-velocidade-na-ultima-semana\\\/\"]}]},{\"@type\":\"ImageObject\",\"inLanguage\":\"pt-PT\",\"@id\":\"https:\\\/\\\/www.altominho.tv\\\/site\\\/2020\\\/08\\\/03\\\/gnr-deteta-mais-de-100-condutores-em-excesso-de-velocidade-na-ultima-semana\\\/#primaryimage\",\"url\":\"https:\\\/\\\/www.altominho.tv\\\/site\\\/wp-content\\\/uploads\\\/2020\\\/08\\\/velocimetro-740x417-1.jpg\",\"contentUrl\":\"https:\\\/\\\/www.altominho.tv\\\/site\\\/wp-content\\\/uploads\\\/2020\\\/08\\\/velocimetro-740x417-1.jpg\",\"width\":740,\"height\":417},{\"@type\":\"BreadcrumbList\",\"@id\":\"https:\\\/\\\/www.altominho.tv\\\/site\\\/2020\\\/08\\\/03\\\/gnr-deteta-mais-de-100-condutores-em-excesso-de-velocidade-na-ultima-semana\\\/#breadcrumb\",\"itemListElement\":[{\"@type\":\"ListItem\",\"position\":1,\"name\":\"In\u00edcio\",\"item\":\"https:\\\/\\\/www.altominho.tv\\\/site\\\/\"},{\"@type\":\"ListItem\",\"position\":2,\"name\":\"GNR deteta mais de 100 condutores em excesso de velocidade na \u00faltima semana\"}]},{\"@type\":\"WebSite\",\"@id\":\"https:\\\/\\\/www.altominho.tv\\\/site\\\/#website\",\"url\":\"https:\\\/\\\/www.altominho.tv\\\/site\\\/\",\"name\":\"Altominho.tv\",\"description\":\"A sua regi\u00e3o \u00e0 dist\u00e2ncia de um clique...\",\"potentialAction\":[{\"@type\":\"SearchAction\",\"target\":{\"@type\":\"EntryPoint\",\"urlTemplate\":\"https:\\\/\\\/www.altominho.tv\\\/site\\\/?s={search_term_string}\"},\"query-input\":{\"@type\":\"PropertyValueSpecification\",\"valueRequired\":true,\"valueName\":\"search_term_string\"}}],\"inLanguage\":\"pt-PT\"},{\"@type\":\"Person\",\"@id\":\"https:\\\/\\\/www.altominho.tv\\\/site\\\/#\\\/schema\\\/person\\\/d9be4265364723f14ea8e0d56a1d38cd\",\"name\":\"Andreia Ferreira\",\"image\":{\"@type\":\"ImageObject\",\"inLanguage\":\"pt-PT\",\"@id\":\"https:\\\/\\\/www.altominho.tv\\\/site\\\/wp-content\\\/uploads\\\/2021\\\/01\\\/AndreiaFerreira-150x150.jpg\",\"url\":\"https:\\\/\\\/www.altominho.tv\\\/site\\\/wp-content\\\/uploads\\\/2021\\\/01\\\/AndreiaFerreira-150x150.jpg\",\"contentUrl\":\"https:\\\/\\\/www.altominho.tv\\\/site\\\/wp-content\\\/uploads\\\/2021\\\/01\\\/AndreiaFerreira-150x150.jpg\",\"caption\":\"Andreia Ferreira\"},\"url\":\"https:\\\/\\\/www.altominho.tv\\\/site\\\/author\\\/andreiaferreira\\\/\"}]}<\/script>\n<!-- \/ Yoast SEO Premium plugin. -->","yoast_head_json":{"title":"GNR deteta mais de 100 condutores em excesso de velocidade na \u00faltima semana","robots":{"index":"index","follow":"follow","max-snippet":"max-snippet:-1","max-image-preview":"max-image-preview:large","max-video-preview":"max-video-preview:-1"},"canonical":"https:\/\/www.altominho.tv\/site\/2020\/08\/03\/gnr-deteta-mais-de-100-condutores-em-excesso-de-velocidade-na-ultima-semana\/","og_locale":"pt_PT","og_type":"article","og_title":"GNR deteta mais de 100 condutores em excesso de velocidade na \u00faltima semana","og_description":"A GNR detetou, na \u00faltima semana, no distrito de Viana do Castelo, 300 infra\u00e7\u00f5es de tr\u00e2nsito, 107 das quais por excesso de velocidade. Em comunicado, com o balan\u00e7o da atividade operacional da semana entre 27 de julho e 2 de agosto, o Comando Territorial da GNR de Viana do Castelo adiantou que o uso indevido [&hellip;]","og_url":"https:\/\/www.altominho.tv\/site\/2020\/08\/03\/gnr-deteta-mais-de-100-condutores-em-excesso-de-velocidade-na-ultima-semana\/","og_site_name":"Altominho.tv","article_publisher":"https:\/\/www.facebook.com\/altominhotv","article_published_time":"2020-08-03T16:56:56+00:00","article_modified_time":"2020-08-03T16:56:58+00:00","og_image":[{"width":740,"height":417,"url":"https:\/\/www.altominho.tv\/site\/wp-content\/uploads\/2020\/08\/velocimetro-740x417-1.jpg","type":"image\/jpeg"}],"author":"Andreia Ferreira","twitter_card":"summary_large_image","twitter_creator":"@altominhoTV","twitter_site":"@altominhoTV","twitter_misc":{"Escrito por":"Andreia Ferreira","Tempo estimado de leitura":"1 minuto"},"schema":{"@context":"https:\/\/schema.org","@graph":[{"@type":"Article","@id":"https:\/\/www.altominho.tv\/site\/2020\/08\/03\/gnr-deteta-mais-de-100-condutores-em-excesso-de-velocidade-na-ultima-semana\/#article","isPartOf":{"@id":"https:\/\/www.altominho.tv\/site\/2020\/08\/03\/gnr-deteta-mais-de-100-condutores-em-excesso-de-velocidade-na-ultima-semana\/"},"author":{"name":"Andreia Ferreira","@id":"https:\/\/www.altominho.tv\/site\/#\/schema\/person\/d9be4265364723f14ea8e0d56a1d38cd"},"headline":"GNR deteta mais de 100 condutores em excesso de velocidade na \u00faltima semana","datePublished":"2020-08-03T16:56:56+00:00","dateModified":"2020-08-03T16:56:58+00:00","mainEntityOfPage":{"@id":"https:\/\/www.altominho.tv\/site\/2020\/08\/03\/gnr-deteta-mais-de-100-condutores-em-excesso-de-velocidade-na-ultima-semana\/"},"wordCount":212,"image":{"@id":"https:\/\/www.altominho.tv\/site\/2020\/08\/03\/gnr-deteta-mais-de-100-condutores-em-excesso-de-velocidade-na-ultima-semana\/#primaryimage"},"thumbnailUrl":"https:\/\/www.altominho.tv\/site\/wp-content\/uploads\/2020\/08\/velocimetro-740x417-1.jpg","keywords":["Sociedade"],"articleSection":["Alto Minho"],"inLanguage":"pt-PT","copyrightYear":"2020","copyrightHolder":{"@id":"https:\/\/www.altominho.tv\/site\/#organization"}},{"@type":"WebPage","@id":"https:\/\/www.altominho.tv\/site\/2020\/08\/03\/gnr-deteta-mais-de-100-condutores-em-excesso-de-velocidade-na-ultima-semana\/","url":"https:\/\/www.altominho.tv\/site\/2020\/08\/03\/gnr-deteta-mais-de-100-condutores-em-excesso-de-velocidade-na-ultima-semana\/","name":"GNR deteta mais de 100 condutores em excesso de velocidade na \u00faltima semana","isPartOf":{"@id":"https:\/\/www.altominho.tv\/site\/#website"},"primaryImageOfPage":{"@id":"https:\/\/www.altominho.tv\/site\/2020\/08\/03\/gnr-deteta-mais-de-100-condutores-em-excesso-de-velocidade-na-ultima-semana\/#primaryimage"},"image":{"@id":"https:\/\/www.altominho.tv\/site\/2020\/08\/03\/gnr-deteta-mais-de-100-condutores-em-excesso-de-velocidade-na-ultima-semana\/#primaryimage"},"thumbnailUrl":"https:\/\/www.altominho.tv\/site\/wp-content\/uploads\/2020\/08\/velocimetro-740x417-1.jpg","datePublished":"2020-08-03T16:56:56+00:00","dateModified":"2020-08-03T16:56:58+00:00","author":{"@id":"https:\/\/www.altominho.tv\/site\/#\/schema\/person\/d9be4265364723f14ea8e0d56a1d38cd"},"breadcrumb":{"@id":"https:\/\/www.altominho.tv\/site\/2020\/08\/03\/gnr-deteta-mais-de-100-condutores-em-excesso-de-velocidade-na-ultima-semana\/#breadcrumb"},"inLanguage":"pt-PT","potentialAction":[{"@type":"ReadAction","target":["https:\/\/www.altominho.tv\/site\/2020\/08\/03\/gnr-deteta-mais-de-100-condutores-em-excesso-de-velocidade-na-ultima-semana\/"]}]},{"@type":"ImageObject","inLanguage":"pt-PT","@id":"https:\/\/www.altominho.tv\/site\/2020\/08\/03\/gnr-deteta-mais-de-100-condutores-em-excesso-de-velocidade-na-ultima-semana\/#primaryimage","url":"https:\/\/www.altominho.tv\/site\/wp-content\/uploads\/2020\/08\/velocimetro-740x417-1.jpg","contentUrl":"https:\/\/www.altominho.tv\/site\/wp-content\/uploads\/2020\/08\/velocimetro-740x417-1.jpg","width":740,"height":417},{"@type":"BreadcrumbList","@id":"https:\/\/www.altominho.tv\/site\/2020\/08\/03\/gnr-deteta-mais-de-100-condutores-em-excesso-de-velocidade-na-ultima-semana\/#breadcrumb","itemListElement":[{"@type":"ListItem","position":1,"name":"In\u00edcio","item":"https:\/\/www.altominho.tv\/site\/"},{"@type":"ListItem","position":2,"name":"GNR deteta mais de 100 condutores em excesso de velocidade na \u00faltima semana"}]},{"@type":"WebSite","@id":"https:\/\/www.altominho.tv\/site\/#website","url":"https:\/\/www.altominho.tv\/site\/","name":"Altominho.tv","description":"A sua regi\u00e3o \u00e0 dist\u00e2ncia de um clique...","potentialAction":[{"@type":"SearchAction","target":{"@type":"EntryPoint","urlTemplate":"https:\/\/www.altominho.tv\/site\/?s={search_term_string}"},"query-input":{"@type":"PropertyValueSpecification","valueRequired":true,"valueName":"search_term_string"}}],"inLanguage":"pt-PT"},{"@type":"Person","@id":"https:\/\/www.altominho.tv\/site\/#\/schema\/person\/d9be4265364723f14ea8e0d56a1d38cd","name":"Andreia Ferreira","image":{"@type":"ImageObject","inLanguage":"pt-PT","@id":"https:\/\/www.altominho.tv\/site\/wp-content\/uploads\/2021\/01\/AndreiaFerreira-150x150.jpg","url":"https:\/\/www.altominho.tv\/site\/wp-content\/uploads\/2021\/01\/AndreiaFerreira-150x150.jpg","contentUrl":"https:\/\/www.altominho.tv\/site\/wp-content\/uploads\/2021\/01\/AndreiaFerreira-150x150.jpg","caption":"Andreia Ferreira"},"url":"https:\/\/www.altominho.tv\/site\/author\/andreiaferreira\/"}]}},"_links":{"self":[{"href":"https:\/\/www.altominho.tv\/site\/wp-json\/wp\/v2\/posts\/50192","targetHints":{"allow":["GET"]}}],"collection":[{"href":"https:\/\/www.altominho.tv\/site\/wp-json\/wp\/v2\/posts"}],"about":[{"href":"https:\/\/www.altominho.tv\/site\/wp-json\/wp\/v2\/types\/post"}],"author":[{"embeddable":true,"href":"https:\/\/www.altominho.tv\/site\/wp-json\/wp\/v2\/users\/12"}],"replies":[{"embeddable":true,"href":"https:\/\/www.altominho.tv\/site\/wp-json\/wp\/v2\/comments?post=50192"}],"version-history":[{"count":0,"href":"https:\/\/www.altominho.tv\/site\/wp-json\/wp\/v2\/posts\/50192\/revisions"}],"wp:featuredmedia":[{"embeddable":true,"href":"https:\/\/www.altominho.tv\/site\/wp-json\/wp\/v2\/media\/50193"}],"wp:attachment":[{"href":"https:\/\/www.altominho.tv\/site\/wp-json\/wp\/v2\/media?parent=50192"}],"wp:term":[{"taxonomy":"category","embeddable":true,"href":"https:\/\/www.altominho.tv\/site\/wp-json\/wp\/v2\/categories?post=50192"},{"taxonomy":"post_tag","embeddable":true,"href":"https:\/\/www.altominho.tv\/site\/wp-json\/wp\/v2\/tags?post=50192"}],"curies":[{"name":"wp","href":"https:\/\/api.w.org\/{rel}","templated":true}]}}