{"id":50181,"date":"2020-08-03T16:41:49","date_gmt":"2020-08-03T15:41:49","guid":{"rendered":"http:\/\/www.altominho.tv\/site\/?p=50181"},"modified":"2020-08-03T17:08:29","modified_gmt":"2020-08-03T16:08:29","slug":"valenca-destruiu-464-ninhos-de-vespa-asiatica-em-19-meses","status":"publish","type":"post","link":"https:\/\/www.altominho.tv\/site\/2020\/08\/03\/valenca-destruiu-464-ninhos-de-vespa-asiatica-em-19-meses\/","title":{"rendered":"Valen\u00e7a destruiu 464 ninhos de vespa asi\u00e1tica em 19 meses"},"content":{"rendered":"<p><strong>Nos \u00faltimos 19 meses, foram destru\u00eddos 464 ninhos de vespas velutinas, ou asi\u00e1ticas, avan\u00e7ou esta segunda-feira a C\u00e2mara de Valen\u00e7a.<\/strong><\/p>\n<p>O munic\u00edpio adiantou, em comunicado, que &#8220;ao longo de 2019 foram eliminados 390 ninhos e, este ano, j\u00e1 foram retirados 74&#8221;.<\/p>\n<p>Em Valen\u00e7a, &#8220;a equipa de sapadores florestais est\u00e1 na linha da frente, capacitada com um conjunto de equipamentos, adequados para esta tarefa, de atenuar ou eliminar os efeitos nefastos da vespa asi\u00e1tica no concelho&#8221;.<\/p>\n<p>A&nbsp;<span class=\"il\">vespa<\/span>&nbsp;velutina \u00e9 uma esp\u00e9cie&nbsp;<span class=\"il\">asi\u00e1tica<\/span>&nbsp;com uma \u00e1rea de distribui\u00e7\u00e3o natural pelas regi\u00f5es tropicais e subtropicais do Norte da \u00cdndia ao leste da China, Indochina e ao arquip\u00e9lago da Indon\u00e9sia, sendo a sua exist\u00eancia reportada desde 2011 no distrito de Viana do Castelo.<\/p>\n<p>Os principais efeitos da presen\u00e7a desta esp\u00e9cie n\u00e3o ind\u00edgena manifestam-se n\u00e3o s\u00f3 na apicultura, por se tratar de uma esp\u00e9cie carn\u00edvora e predadora das abelhas, mas tamb\u00e9m para a sa\u00fade p\u00fablica, porque, embora n\u00e3o sendo mais agressivas do que a esp\u00e9cie europeia, reagem de modo mais agressivo se sentirem os ninhos amea\u00e7ados, podendo fazer persegui\u00e7\u00f5es at\u00e9 algumas centenas de metros.<\/p>\n","protected":false},"excerpt":{"rendered":"<p>Nos \u00faltimos 19 meses, foram destru\u00eddos 464 ninhos de vespas velutinas, ou asi\u00e1ticas, avan\u00e7ou esta segunda-feira a C\u00e2mara de Valen\u00e7a. O munic\u00edpio adiantou, em comunicado, que &#8220;ao longo de 2019 foram eliminados 390 ninhos e, este ano, j\u00e1 foram retirados 74&#8221;. Em Valen\u00e7a, &#8220;a equipa de sapadores florestais est\u00e1 na linha da frente, capacitada com [&hellip;]<\/p>\n","protected":false},"author":12,"featured_media":50182,"comment_status":"closed","ping_status":"closed","sticky":false,"template":"","format":"standard","meta":{"_exactmetrics_skip_tracking":false,"_exactmetrics_sitenote_active":false,"_exactmetrics_sitenote_note":"","_exactmetrics_sitenote_category":0,"footnotes":""},"categories":[13],"tags":[27],"class_list":["post-50181","post","type-post","status-publish","format-standard","has-post-thumbnail","hentry","category-valenca","tag-sociedade"],"yoast_head":"<!-- This site is optimized with the Yoast SEO Premium plugin v27.4 (Yoast SEO v27.4) - https:\/\/yoast.com\/product\/yoast-seo-premium-wordpress\/ -->\n<title>Valen\u00e7a destruiu 464 ninhos de vespa asi\u00e1tica em 19 meses<\/title>\n<meta name=\"robots\" content=\"index, follow, max-snippet:-1, max-image-preview:large, max-video-preview:-1\" \/>\n<link rel=\"canonical\" href=\"https:\/\/www.altominho.tv\/site\/2020\/08\/03\/valenca-destruiu-464-ninhos-de-vespa-asiatica-em-19-meses\/\" \/>\n<meta property=\"og:locale\" content=\"pt_PT\" \/>\n<meta property=\"og:type\" content=\"article\" \/>\n<meta property=\"og:title\" content=\"Valen\u00e7a destruiu 464 ninhos de vespa asi\u00e1tica em 19 meses\" \/>\n<meta property=\"og:description\" content=\"Nos \u00faltimos 19 meses, foram destru\u00eddos 464 ninhos de vespas velutinas, ou asi\u00e1ticas, avan\u00e7ou esta segunda-feira a C\u00e2mara de Valen\u00e7a. O munic\u00edpio adiantou, em comunicado, que &#8220;ao longo de 2019 foram eliminados 390 ninhos e, este ano, j\u00e1 foram retirados 74&#8221;. Em Valen\u00e7a, &#8220;a equipa de sapadores florestais est\u00e1 na linha da frente, capacitada com [&hellip;]\" \/>\n<meta property=\"og:url\" content=\"https:\/\/www.altominho.tv\/site\/2020\/08\/03\/valenca-destruiu-464-ninhos-de-vespa-asiatica-em-19-meses\/\" \/>\n<meta property=\"og:site_name\" content=\"Altominho.tv\" \/>\n<meta property=\"article:publisher\" content=\"https:\/\/www.facebook.com\/altominhotv\" \/>\n<meta property=\"article:published_time\" content=\"2020-08-03T15:41:49+00:00\" \/>\n<meta property=\"article:modified_time\" content=\"2020-08-03T16:08:29+00:00\" \/>\n<meta property=\"og:image\" content=\"https:\/\/www.altominho.tv\/site\/wp-content\/uploads\/2020\/08\/Vespa.png\" \/>\n\t<meta property=\"og:image:width\" content=\"728\" \/>\n\t<meta property=\"og:image:height\" content=\"436\" \/>\n\t<meta property=\"og:image:type\" content=\"image\/png\" \/>\n<meta name=\"author\" content=\"Andreia Ferreira\" \/>\n<meta name=\"twitter:card\" content=\"summary_large_image\" \/>\n<meta name=\"twitter:creator\" content=\"@altominhoTV\" \/>\n<meta name=\"twitter:site\" content=\"@altominhoTV\" \/>\n<meta name=\"twitter:label1\" content=\"Escrito por\" \/>\n\t<meta name=\"twitter:data1\" content=\"Andreia Ferreira\" \/>\n\t<meta name=\"twitter:label2\" content=\"Tempo estimado de leitura\" \/>\n\t<meta name=\"twitter:data2\" content=\"1 minuto\" \/>\n<script type=\"application\/ld+json\" class=\"yoast-schema-graph\">{\"@context\":\"https:\\\/\\\/schema.org\",\"@graph\":[{\"@type\":\"Article\",\"@id\":\"https:\\\/\\\/www.altominho.tv\\\/site\\\/2020\\\/08\\\/03\\\/valenca-destruiu-464-ninhos-de-vespa-asiatica-em-19-meses\\\/#article\",\"isPartOf\":{\"@id\":\"https:\\\/\\\/www.altominho.tv\\\/site\\\/2020\\\/08\\\/03\\\/valenca-destruiu-464-ninhos-de-vespa-asiatica-em-19-meses\\\/\"},\"author\":{\"name\":\"Andreia Ferreira\",\"@id\":\"https:\\\/\\\/www.altominho.tv\\\/site\\\/#\\\/schema\\\/person\\\/d9be4265364723f14ea8e0d56a1d38cd\"},\"headline\":\"Valen\u00e7a destruiu 464 ninhos de vespa asi\u00e1tica em 19 meses\",\"datePublished\":\"2020-08-03T15:41:49+00:00\",\"dateModified\":\"2020-08-03T16:08:29+00:00\",\"mainEntityOfPage\":{\"@id\":\"https:\\\/\\\/www.altominho.tv\\\/site\\\/2020\\\/08\\\/03\\\/valenca-destruiu-464-ninhos-de-vespa-asiatica-em-19-meses\\\/\"},\"wordCount\":216,\"image\":{\"@id\":\"https:\\\/\\\/www.altominho.tv\\\/site\\\/2020\\\/08\\\/03\\\/valenca-destruiu-464-ninhos-de-vespa-asiatica-em-19-meses\\\/#primaryimage\"},\"thumbnailUrl\":\"https:\\\/\\\/www.altominho.tv\\\/site\\\/wp-content\\\/uploads\\\/2020\\\/08\\\/Vespa.png\",\"keywords\":[\"Sociedade\"],\"articleSection\":[\"Valen\u00e7a\"],\"inLanguage\":\"pt-PT\",\"copyrightYear\":\"2020\",\"copyrightHolder\":{\"@id\":\"https:\\\/\\\/www.altominho.tv\\\/site\\\/#organization\"}},{\"@type\":\"WebPage\",\"@id\":\"https:\\\/\\\/www.altominho.tv\\\/site\\\/2020\\\/08\\\/03\\\/valenca-destruiu-464-ninhos-de-vespa-asiatica-em-19-meses\\\/\",\"url\":\"https:\\\/\\\/www.altominho.tv\\\/site\\\/2020\\\/08\\\/03\\\/valenca-destruiu-464-ninhos-de-vespa-asiatica-em-19-meses\\\/\",\"name\":\"Valen\u00e7a destruiu 464 ninhos de vespa asi\u00e1tica em 19 meses\",\"isPartOf\":{\"@id\":\"https:\\\/\\\/www.altominho.tv\\\/site\\\/#website\"},\"primaryImageOfPage\":{\"@id\":\"https:\\\/\\\/www.altominho.tv\\\/site\\\/2020\\\/08\\\/03\\\/valenca-destruiu-464-ninhos-de-vespa-asiatica-em-19-meses\\\/#primaryimage\"},\"image\":{\"@id\":\"https:\\\/\\\/www.altominho.tv\\\/site\\\/2020\\\/08\\\/03\\\/valenca-destruiu-464-ninhos-de-vespa-asiatica-em-19-meses\\\/#primaryimage\"},\"thumbnailUrl\":\"https:\\\/\\\/www.altominho.tv\\\/site\\\/wp-content\\\/uploads\\\/2020\\\/08\\\/Vespa.png\",\"datePublished\":\"2020-08-03T15:41:49+00:00\",\"dateModified\":\"2020-08-03T16:08:29+00:00\",\"author\":{\"@id\":\"https:\\\/\\\/www.altominho.tv\\\/site\\\/#\\\/schema\\\/person\\\/d9be4265364723f14ea8e0d56a1d38cd\"},\"breadcrumb\":{\"@id\":\"https:\\\/\\\/www.altominho.tv\\\/site\\\/2020\\\/08\\\/03\\\/valenca-destruiu-464-ninhos-de-vespa-asiatica-em-19-meses\\\/#breadcrumb\"},\"inLanguage\":\"pt-PT\",\"potentialAction\":[{\"@type\":\"ReadAction\",\"target\":[\"https:\\\/\\\/www.altominho.tv\\\/site\\\/2020\\\/08\\\/03\\\/valenca-destruiu-464-ninhos-de-vespa-asiatica-em-19-meses\\\/\"]}]},{\"@type\":\"ImageObject\",\"inLanguage\":\"pt-PT\",\"@id\":\"https:\\\/\\\/www.altominho.tv\\\/site\\\/2020\\\/08\\\/03\\\/valenca-destruiu-464-ninhos-de-vespa-asiatica-em-19-meses\\\/#primaryimage\",\"url\":\"https:\\\/\\\/www.altominho.tv\\\/site\\\/wp-content\\\/uploads\\\/2020\\\/08\\\/Vespa.png\",\"contentUrl\":\"https:\\\/\\\/www.altominho.tv\\\/site\\\/wp-content\\\/uploads\\\/2020\\\/08\\\/Vespa.png\",\"width\":728,\"height\":436},{\"@type\":\"BreadcrumbList\",\"@id\":\"https:\\\/\\\/www.altominho.tv\\\/site\\\/2020\\\/08\\\/03\\\/valenca-destruiu-464-ninhos-de-vespa-asiatica-em-19-meses\\\/#breadcrumb\",\"itemListElement\":[{\"@type\":\"ListItem\",\"position\":1,\"name\":\"In\u00edcio\",\"item\":\"https:\\\/\\\/www.altominho.tv\\\/site\\\/\"},{\"@type\":\"ListItem\",\"position\":2,\"name\":\"Valen\u00e7a destruiu 464 ninhos de vespa asi\u00e1tica em 19 meses\"}]},{\"@type\":\"WebSite\",\"@id\":\"https:\\\/\\\/www.altominho.tv\\\/site\\\/#website\",\"url\":\"https:\\\/\\\/www.altominho.tv\\\/site\\\/\",\"name\":\"Altominho.tv\",\"description\":\"A sua regi\u00e3o \u00e0 dist\u00e2ncia de um clique...\",\"potentialAction\":[{\"@type\":\"SearchAction\",\"target\":{\"@type\":\"EntryPoint\",\"urlTemplate\":\"https:\\\/\\\/www.altominho.tv\\\/site\\\/?s={search_term_string}\"},\"query-input\":{\"@type\":\"PropertyValueSpecification\",\"valueRequired\":true,\"valueName\":\"search_term_string\"}}],\"inLanguage\":\"pt-PT\"},{\"@type\":\"Person\",\"@id\":\"https:\\\/\\\/www.altominho.tv\\\/site\\\/#\\\/schema\\\/person\\\/d9be4265364723f14ea8e0d56a1d38cd\",\"name\":\"Andreia Ferreira\",\"image\":{\"@type\":\"ImageObject\",\"inLanguage\":\"pt-PT\",\"@id\":\"https:\\\/\\\/www.altominho.tv\\\/site\\\/wp-content\\\/uploads\\\/2021\\\/01\\\/AndreiaFerreira-150x150.jpg\",\"url\":\"https:\\\/\\\/www.altominho.tv\\\/site\\\/wp-content\\\/uploads\\\/2021\\\/01\\\/AndreiaFerreira-150x150.jpg\",\"contentUrl\":\"https:\\\/\\\/www.altominho.tv\\\/site\\\/wp-content\\\/uploads\\\/2021\\\/01\\\/AndreiaFerreira-150x150.jpg\",\"caption\":\"Andreia Ferreira\"},\"url\":\"https:\\\/\\\/www.altominho.tv\\\/site\\\/author\\\/andreiaferreira\\\/\"}]}<\/script>\n<!-- \/ Yoast SEO Premium plugin. -->","yoast_head_json":{"title":"Valen\u00e7a destruiu 464 ninhos de vespa asi\u00e1tica em 19 meses","robots":{"index":"index","follow":"follow","max-snippet":"max-snippet:-1","max-image-preview":"max-image-preview:large","max-video-preview":"max-video-preview:-1"},"canonical":"https:\/\/www.altominho.tv\/site\/2020\/08\/03\/valenca-destruiu-464-ninhos-de-vespa-asiatica-em-19-meses\/","og_locale":"pt_PT","og_type":"article","og_title":"Valen\u00e7a destruiu 464 ninhos de vespa asi\u00e1tica em 19 meses","og_description":"Nos \u00faltimos 19 meses, foram destru\u00eddos 464 ninhos de vespas velutinas, ou asi\u00e1ticas, avan\u00e7ou esta segunda-feira a C\u00e2mara de Valen\u00e7a. O munic\u00edpio adiantou, em comunicado, que &#8220;ao longo de 2019 foram eliminados 390 ninhos e, este ano, j\u00e1 foram retirados 74&#8221;. Em Valen\u00e7a, &#8220;a equipa de sapadores florestais est\u00e1 na linha da frente, capacitada com [&hellip;]","og_url":"https:\/\/www.altominho.tv\/site\/2020\/08\/03\/valenca-destruiu-464-ninhos-de-vespa-asiatica-em-19-meses\/","og_site_name":"Altominho.tv","article_publisher":"https:\/\/www.facebook.com\/altominhotv","article_published_time":"2020-08-03T15:41:49+00:00","article_modified_time":"2020-08-03T16:08:29+00:00","og_image":[{"width":728,"height":436,"url":"https:\/\/www.altominho.tv\/site\/wp-content\/uploads\/2020\/08\/Vespa.png","type":"image\/png"}],"author":"Andreia Ferreira","twitter_card":"summary_large_image","twitter_creator":"@altominhoTV","twitter_site":"@altominhoTV","twitter_misc":{"Escrito por":"Andreia Ferreira","Tempo estimado de leitura":"1 minuto"},"schema":{"@context":"https:\/\/schema.org","@graph":[{"@type":"Article","@id":"https:\/\/www.altominho.tv\/site\/2020\/08\/03\/valenca-destruiu-464-ninhos-de-vespa-asiatica-em-19-meses\/#article","isPartOf":{"@id":"https:\/\/www.altominho.tv\/site\/2020\/08\/03\/valenca-destruiu-464-ninhos-de-vespa-asiatica-em-19-meses\/"},"author":{"name":"Andreia Ferreira","@id":"https:\/\/www.altominho.tv\/site\/#\/schema\/person\/d9be4265364723f14ea8e0d56a1d38cd"},"headline":"Valen\u00e7a destruiu 464 ninhos de vespa asi\u00e1tica em 19 meses","datePublished":"2020-08-03T15:41:49+00:00","dateModified":"2020-08-03T16:08:29+00:00","mainEntityOfPage":{"@id":"https:\/\/www.altominho.tv\/site\/2020\/08\/03\/valenca-destruiu-464-ninhos-de-vespa-asiatica-em-19-meses\/"},"wordCount":216,"image":{"@id":"https:\/\/www.altominho.tv\/site\/2020\/08\/03\/valenca-destruiu-464-ninhos-de-vespa-asiatica-em-19-meses\/#primaryimage"},"thumbnailUrl":"https:\/\/www.altominho.tv\/site\/wp-content\/uploads\/2020\/08\/Vespa.png","keywords":["Sociedade"],"articleSection":["Valen\u00e7a"],"inLanguage":"pt-PT","copyrightYear":"2020","copyrightHolder":{"@id":"https:\/\/www.altominho.tv\/site\/#organization"}},{"@type":"WebPage","@id":"https:\/\/www.altominho.tv\/site\/2020\/08\/03\/valenca-destruiu-464-ninhos-de-vespa-asiatica-em-19-meses\/","url":"https:\/\/www.altominho.tv\/site\/2020\/08\/03\/valenca-destruiu-464-ninhos-de-vespa-asiatica-em-19-meses\/","name":"Valen\u00e7a destruiu 464 ninhos de vespa asi\u00e1tica em 19 meses","isPartOf":{"@id":"https:\/\/www.altominho.tv\/site\/#website"},"primaryImageOfPage":{"@id":"https:\/\/www.altominho.tv\/site\/2020\/08\/03\/valenca-destruiu-464-ninhos-de-vespa-asiatica-em-19-meses\/#primaryimage"},"image":{"@id":"https:\/\/www.altominho.tv\/site\/2020\/08\/03\/valenca-destruiu-464-ninhos-de-vespa-asiatica-em-19-meses\/#primaryimage"},"thumbnailUrl":"https:\/\/www.altominho.tv\/site\/wp-content\/uploads\/2020\/08\/Vespa.png","datePublished":"2020-08-03T15:41:49+00:00","dateModified":"2020-08-03T16:08:29+00:00","author":{"@id":"https:\/\/www.altominho.tv\/site\/#\/schema\/person\/d9be4265364723f14ea8e0d56a1d38cd"},"breadcrumb":{"@id":"https:\/\/www.altominho.tv\/site\/2020\/08\/03\/valenca-destruiu-464-ninhos-de-vespa-asiatica-em-19-meses\/#breadcrumb"},"inLanguage":"pt-PT","potentialAction":[{"@type":"ReadAction","target":["https:\/\/www.altominho.tv\/site\/2020\/08\/03\/valenca-destruiu-464-ninhos-de-vespa-asiatica-em-19-meses\/"]}]},{"@type":"ImageObject","inLanguage":"pt-PT","@id":"https:\/\/www.altominho.tv\/site\/2020\/08\/03\/valenca-destruiu-464-ninhos-de-vespa-asiatica-em-19-meses\/#primaryimage","url":"https:\/\/www.altominho.tv\/site\/wp-content\/uploads\/2020\/08\/Vespa.png","contentUrl":"https:\/\/www.altominho.tv\/site\/wp-content\/uploads\/2020\/08\/Vespa.png","width":728,"height":436},{"@type":"BreadcrumbList","@id":"https:\/\/www.altominho.tv\/site\/2020\/08\/03\/valenca-destruiu-464-ninhos-de-vespa-asiatica-em-19-meses\/#breadcrumb","itemListElement":[{"@type":"ListItem","position":1,"name":"In\u00edcio","item":"https:\/\/www.altominho.tv\/site\/"},{"@type":"ListItem","position":2,"name":"Valen\u00e7a destruiu 464 ninhos de vespa asi\u00e1tica em 19 meses"}]},{"@type":"WebSite","@id":"https:\/\/www.altominho.tv\/site\/#website","url":"https:\/\/www.altominho.tv\/site\/","name":"Altominho.tv","description":"A sua regi\u00e3o \u00e0 dist\u00e2ncia de um clique...","potentialAction":[{"@type":"SearchAction","target":{"@type":"EntryPoint","urlTemplate":"https:\/\/www.altominho.tv\/site\/?s={search_term_string}"},"query-input":{"@type":"PropertyValueSpecification","valueRequired":true,"valueName":"search_term_string"}}],"inLanguage":"pt-PT"},{"@type":"Person","@id":"https:\/\/www.altominho.tv\/site\/#\/schema\/person\/d9be4265364723f14ea8e0d56a1d38cd","name":"Andreia Ferreira","image":{"@type":"ImageObject","inLanguage":"pt-PT","@id":"https:\/\/www.altominho.tv\/site\/wp-content\/uploads\/2021\/01\/AndreiaFerreira-150x150.jpg","url":"https:\/\/www.altominho.tv\/site\/wp-content\/uploads\/2021\/01\/AndreiaFerreira-150x150.jpg","contentUrl":"https:\/\/www.altominho.tv\/site\/wp-content\/uploads\/2021\/01\/AndreiaFerreira-150x150.jpg","caption":"Andreia Ferreira"},"url":"https:\/\/www.altominho.tv\/site\/author\/andreiaferreira\/"}]}},"_links":{"self":[{"href":"https:\/\/www.altominho.tv\/site\/wp-json\/wp\/v2\/posts\/50181","targetHints":{"allow":["GET"]}}],"collection":[{"href":"https:\/\/www.altominho.tv\/site\/wp-json\/wp\/v2\/posts"}],"about":[{"href":"https:\/\/www.altominho.tv\/site\/wp-json\/wp\/v2\/types\/post"}],"author":[{"embeddable":true,"href":"https:\/\/www.altominho.tv\/site\/wp-json\/wp\/v2\/users\/12"}],"replies":[{"embeddable":true,"href":"https:\/\/www.altominho.tv\/site\/wp-json\/wp\/v2\/comments?post=50181"}],"version-history":[{"count":0,"href":"https:\/\/www.altominho.tv\/site\/wp-json\/wp\/v2\/posts\/50181\/revisions"}],"wp:featuredmedia":[{"embeddable":true,"href":"https:\/\/www.altominho.tv\/site\/wp-json\/wp\/v2\/media\/50182"}],"wp:attachment":[{"href":"https:\/\/www.altominho.tv\/site\/wp-json\/wp\/v2\/media?parent=50181"}],"wp:term":[{"taxonomy":"category","embeddable":true,"href":"https:\/\/www.altominho.tv\/site\/wp-json\/wp\/v2\/categories?post=50181"},{"taxonomy":"post_tag","embeddable":true,"href":"https:\/\/www.altominho.tv\/site\/wp-json\/wp\/v2\/tags?post=50181"}],"curies":[{"name":"wp","href":"https:\/\/api.w.org\/{rel}","templated":true}]}}