{"id":50110,"date":"2020-08-02T11:10:30","date_gmt":"2020-08-02T10:10:30","guid":{"rendered":"http:\/\/www.altominho.tv\/site\/?p=50110"},"modified":"2020-08-02T11:14:11","modified_gmt":"2020-08-02T10:14:11","slug":"incendio-destroi-habitacao-em-valenca","status":"publish","type":"post","link":"https:\/\/www.altominho.tv\/site\/2020\/08\/02\/incendio-destroi-habitacao-em-valenca\/","title":{"rendered":"Inc\u00eandio destr\u00f3i habita\u00e7\u00e3o em Valen\u00e7a"},"content":{"rendered":"<p class=\"t-article-content-intro-1 selectionShareable\"><strong>Um inc\u00eandio destruiu totalmente, esta madrugada, uma habita\u00e7\u00e3o em \u200b\u200b\u200b\u200b\u200b\u200b\u200bAr\u00e3o, Valen\u00e7a, que se encontrava ocupada por uma fam\u00edlia de emigrantes em Fran\u00e7a.<\/strong><\/p>\n<p class=\"selectionShareable\">Segundo fonte dos Bombeiros de Valen\u00e7a, tr\u00eas adultos e cinco crian\u00e7as foram realojados em casa de familiares na mesma freguesia. O fogo n\u00e3o afetou outras casas, j\u00e1 que se trata de uma habita\u00e7\u00e3o isolada.<\/p>\n<p>As chamas acabaram por consumir por completo a habita\u00e7\u00e3o, mas a fam\u00edlia conseguiu sair na fase inicial do inc\u00eandio, n\u00e3o havendo registo de feridos.<\/p>\n<p>De acordo com fonte dos bombeiros, a fam\u00edlia \u00e9 emigrante em Fran\u00e7a e encontra-se em Portugal de f\u00e9rias.<\/p>\n<p>O alerta foi dado \u00e0s 04h05, prestaram socorro dez operacionais com quatro viaturas dos Bombeiros de Valen\u00e7a e a GNR.<\/p>\n","protected":false},"excerpt":{"rendered":"<p>Um inc\u00eandio destruiu totalmente, esta madrugada, uma habita\u00e7\u00e3o em \u200b\u200b\u200b\u200b\u200b\u200b\u200bAr\u00e3o, Valen\u00e7a, que se encontrava ocupada por uma fam\u00edlia de emigrantes em Fran\u00e7a. Segundo fonte dos Bombeiros de Valen\u00e7a, tr\u00eas adultos e cinco crian\u00e7as foram realojados em casa de familiares na mesma freguesia. O fogo n\u00e3o afetou outras casas, j\u00e1 que se trata de uma habita\u00e7\u00e3o [&hellip;]<\/p>\n","protected":false},"author":1,"featured_media":48146,"comment_status":"closed","ping_status":"closed","sticky":false,"template":"","format":"standard","meta":{"_exactmetrics_skip_tracking":false,"_exactmetrics_sitenote_active":false,"_exactmetrics_sitenote_note":"","_exactmetrics_sitenote_category":0,"footnotes":""},"categories":[13],"tags":[27],"class_list":["post-50110","post","type-post","status-publish","format-standard","has-post-thumbnail","hentry","category-valenca","tag-sociedade"],"yoast_head":"<!-- This site is optimized with the Yoast SEO Premium plugin v27.4 (Yoast SEO v27.4) - https:\/\/yoast.com\/product\/yoast-seo-premium-wordpress\/ -->\n<title>Inc\u00eandio destr\u00f3i habita\u00e7\u00e3o em Valen\u00e7a<\/title>\n<meta name=\"robots\" content=\"index, follow, max-snippet:-1, max-image-preview:large, max-video-preview:-1\" \/>\n<link rel=\"canonical\" href=\"https:\/\/www.altominho.tv\/site\/2020\/08\/02\/incendio-destroi-habitacao-em-valenca\/\" \/>\n<meta property=\"og:locale\" content=\"pt_PT\" \/>\n<meta property=\"og:type\" content=\"article\" \/>\n<meta property=\"og:title\" content=\"Inc\u00eandio destr\u00f3i habita\u00e7\u00e3o em Valen\u00e7a\" \/>\n<meta property=\"og:description\" content=\"Um inc\u00eandio destruiu totalmente, esta madrugada, uma habita\u00e7\u00e3o em \u200b\u200b\u200b\u200b\u200b\u200b\u200bAr\u00e3o, Valen\u00e7a, que se encontrava ocupada por uma fam\u00edlia de emigrantes em Fran\u00e7a. Segundo fonte dos Bombeiros de Valen\u00e7a, tr\u00eas adultos e cinco crian\u00e7as foram realojados em casa de familiares na mesma freguesia. O fogo n\u00e3o afetou outras casas, j\u00e1 que se trata de uma habita\u00e7\u00e3o [&hellip;]\" \/>\n<meta property=\"og:url\" content=\"https:\/\/www.altominho.tv\/site\/2020\/08\/02\/incendio-destroi-habitacao-em-valenca\/\" \/>\n<meta property=\"og:site_name\" content=\"Altominho.tv\" \/>\n<meta property=\"article:publisher\" content=\"https:\/\/www.facebook.com\/altominhotv\" \/>\n<meta property=\"article:published_time\" content=\"2020-08-02T10:10:30+00:00\" \/>\n<meta property=\"article:modified_time\" content=\"2020-08-02T10:14:11+00:00\" \/>\n<meta property=\"og:image\" content=\"https:\/\/www.altominho.tv\/site\/wp-content\/uploads\/2020\/06\/noticia_00182219-580x464-740x417-1-e1594372711367.jpg\" \/>\n\t<meta property=\"og:image:width\" content=\"708\" \/>\n\t<meta property=\"og:image:height\" content=\"416\" \/>\n\t<meta property=\"og:image:type\" content=\"image\/jpeg\" \/>\n<meta name=\"author\" content=\"Altominho.tv\" \/>\n<meta name=\"twitter:card\" content=\"summary_large_image\" \/>\n<meta name=\"twitter:creator\" content=\"@altominhoTV\" \/>\n<meta name=\"twitter:site\" content=\"@altominhoTV\" \/>\n<meta name=\"twitter:label1\" content=\"Escrito por\" \/>\n\t<meta name=\"twitter:data1\" content=\"Altominho.tv\" \/>\n\t<meta name=\"twitter:label2\" content=\"Tempo estimado de leitura\" \/>\n\t<meta name=\"twitter:data2\" content=\"1 minuto\" \/>\n<script type=\"application\/ld+json\" class=\"yoast-schema-graph\">{\"@context\":\"https:\\\/\\\/schema.org\",\"@graph\":[{\"@type\":\"Article\",\"@id\":\"https:\\\/\\\/www.altominho.tv\\\/site\\\/2020\\\/08\\\/02\\\/incendio-destroi-habitacao-em-valenca\\\/#article\",\"isPartOf\":{\"@id\":\"https:\\\/\\\/www.altominho.tv\\\/site\\\/2020\\\/08\\\/02\\\/incendio-destroi-habitacao-em-valenca\\\/\"},\"author\":{\"name\":\"Altominho.tv\",\"@id\":\"https:\\\/\\\/www.altominho.tv\\\/site\\\/#\\\/schema\\\/person\\\/4e536851627d7914baf3dac752b6af22\"},\"headline\":\"Inc\u00eandio destr\u00f3i habita\u00e7\u00e3o em Valen\u00e7a\",\"datePublished\":\"2020-08-02T10:10:30+00:00\",\"dateModified\":\"2020-08-02T10:14:11+00:00\",\"mainEntityOfPage\":{\"@id\":\"https:\\\/\\\/www.altominho.tv\\\/site\\\/2020\\\/08\\\/02\\\/incendio-destroi-habitacao-em-valenca\\\/\"},\"wordCount\":145,\"image\":{\"@id\":\"https:\\\/\\\/www.altominho.tv\\\/site\\\/2020\\\/08\\\/02\\\/incendio-destroi-habitacao-em-valenca\\\/#primaryimage\"},\"thumbnailUrl\":\"https:\\\/\\\/www.altominho.tv\\\/site\\\/wp-content\\\/uploads\\\/2020\\\/06\\\/noticia_00182219-580x464-740x417-1-e1594372711367.jpg\",\"keywords\":[\"Sociedade\"],\"articleSection\":[\"Valen\u00e7a\"],\"inLanguage\":\"pt-PT\",\"copyrightYear\":\"2020\",\"copyrightHolder\":{\"@id\":\"https:\\\/\\\/www.altominho.tv\\\/site\\\/#organization\"}},{\"@type\":\"WebPage\",\"@id\":\"https:\\\/\\\/www.altominho.tv\\\/site\\\/2020\\\/08\\\/02\\\/incendio-destroi-habitacao-em-valenca\\\/\",\"url\":\"https:\\\/\\\/www.altominho.tv\\\/site\\\/2020\\\/08\\\/02\\\/incendio-destroi-habitacao-em-valenca\\\/\",\"name\":\"Inc\u00eandio destr\u00f3i habita\u00e7\u00e3o em Valen\u00e7a\",\"isPartOf\":{\"@id\":\"https:\\\/\\\/www.altominho.tv\\\/site\\\/#website\"},\"primaryImageOfPage\":{\"@id\":\"https:\\\/\\\/www.altominho.tv\\\/site\\\/2020\\\/08\\\/02\\\/incendio-destroi-habitacao-em-valenca\\\/#primaryimage\"},\"image\":{\"@id\":\"https:\\\/\\\/www.altominho.tv\\\/site\\\/2020\\\/08\\\/02\\\/incendio-destroi-habitacao-em-valenca\\\/#primaryimage\"},\"thumbnailUrl\":\"https:\\\/\\\/www.altominho.tv\\\/site\\\/wp-content\\\/uploads\\\/2020\\\/06\\\/noticia_00182219-580x464-740x417-1-e1594372711367.jpg\",\"datePublished\":\"2020-08-02T10:10:30+00:00\",\"dateModified\":\"2020-08-02T10:14:11+00:00\",\"author\":{\"@id\":\"https:\\\/\\\/www.altominho.tv\\\/site\\\/#\\\/schema\\\/person\\\/4e536851627d7914baf3dac752b6af22\"},\"breadcrumb\":{\"@id\":\"https:\\\/\\\/www.altominho.tv\\\/site\\\/2020\\\/08\\\/02\\\/incendio-destroi-habitacao-em-valenca\\\/#breadcrumb\"},\"inLanguage\":\"pt-PT\",\"potentialAction\":[{\"@type\":\"ReadAction\",\"target\":[\"https:\\\/\\\/www.altominho.tv\\\/site\\\/2020\\\/08\\\/02\\\/incendio-destroi-habitacao-em-valenca\\\/\"]}]},{\"@type\":\"ImageObject\",\"inLanguage\":\"pt-PT\",\"@id\":\"https:\\\/\\\/www.altominho.tv\\\/site\\\/2020\\\/08\\\/02\\\/incendio-destroi-habitacao-em-valenca\\\/#primaryimage\",\"url\":\"https:\\\/\\\/www.altominho.tv\\\/site\\\/wp-content\\\/uploads\\\/2020\\\/06\\\/noticia_00182219-580x464-740x417-1-e1594372711367.jpg\",\"contentUrl\":\"https:\\\/\\\/www.altominho.tv\\\/site\\\/wp-content\\\/uploads\\\/2020\\\/06\\\/noticia_00182219-580x464-740x417-1-e1594372711367.jpg\",\"width\":708,\"height\":416},{\"@type\":\"BreadcrumbList\",\"@id\":\"https:\\\/\\\/www.altominho.tv\\\/site\\\/2020\\\/08\\\/02\\\/incendio-destroi-habitacao-em-valenca\\\/#breadcrumb\",\"itemListElement\":[{\"@type\":\"ListItem\",\"position\":1,\"name\":\"In\u00edcio\",\"item\":\"https:\\\/\\\/www.altominho.tv\\\/site\\\/\"},{\"@type\":\"ListItem\",\"position\":2,\"name\":\"Inc\u00eandio destr\u00f3i habita\u00e7\u00e3o em Valen\u00e7a\"}]},{\"@type\":\"WebSite\",\"@id\":\"https:\\\/\\\/www.altominho.tv\\\/site\\\/#website\",\"url\":\"https:\\\/\\\/www.altominho.tv\\\/site\\\/\",\"name\":\"Altominho.tv\",\"description\":\"A sua regi\u00e3o \u00e0 dist\u00e2ncia de um clique...\",\"potentialAction\":[{\"@type\":\"SearchAction\",\"target\":{\"@type\":\"EntryPoint\",\"urlTemplate\":\"https:\\\/\\\/www.altominho.tv\\\/site\\\/?s={search_term_string}\"},\"query-input\":{\"@type\":\"PropertyValueSpecification\",\"valueRequired\":true,\"valueName\":\"search_term_string\"}}],\"inLanguage\":\"pt-PT\"},{\"@type\":\"Person\",\"@id\":\"https:\\\/\\\/www.altominho.tv\\\/site\\\/#\\\/schema\\\/person\\\/4e536851627d7914baf3dac752b6af22\",\"name\":\"Altominho.tv\",\"image\":{\"@type\":\"ImageObject\",\"inLanguage\":\"pt-PT\",\"@id\":\"https:\\\/\\\/www.altominho.tv\\\/site\\\/wp-content\\\/uploads\\\/2019\\\/11\\\/Logo_Avatar_2-150x150.jpg\",\"url\":\"https:\\\/\\\/www.altominho.tv\\\/site\\\/wp-content\\\/uploads\\\/2019\\\/11\\\/Logo_Avatar_2-150x150.jpg\",\"contentUrl\":\"https:\\\/\\\/www.altominho.tv\\\/site\\\/wp-content\\\/uploads\\\/2019\\\/11\\\/Logo_Avatar_2-150x150.jpg\",\"caption\":\"Altominho.tv\"},\"url\":\"https:\\\/\\\/www.altominho.tv\\\/site\\\/author\\\/altominhotv-tecnico\\\/\"}]}<\/script>\n<!-- \/ Yoast SEO Premium plugin. -->","yoast_head_json":{"title":"Inc\u00eandio destr\u00f3i habita\u00e7\u00e3o em Valen\u00e7a","robots":{"index":"index","follow":"follow","max-snippet":"max-snippet:-1","max-image-preview":"max-image-preview:large","max-video-preview":"max-video-preview:-1"},"canonical":"https:\/\/www.altominho.tv\/site\/2020\/08\/02\/incendio-destroi-habitacao-em-valenca\/","og_locale":"pt_PT","og_type":"article","og_title":"Inc\u00eandio destr\u00f3i habita\u00e7\u00e3o em Valen\u00e7a","og_description":"Um inc\u00eandio destruiu totalmente, esta madrugada, uma habita\u00e7\u00e3o em \u200b\u200b\u200b\u200b\u200b\u200b\u200bAr\u00e3o, Valen\u00e7a, que se encontrava ocupada por uma fam\u00edlia de emigrantes em Fran\u00e7a. Segundo fonte dos Bombeiros de Valen\u00e7a, tr\u00eas adultos e cinco crian\u00e7as foram realojados em casa de familiares na mesma freguesia. O fogo n\u00e3o afetou outras casas, j\u00e1 que se trata de uma habita\u00e7\u00e3o [&hellip;]","og_url":"https:\/\/www.altominho.tv\/site\/2020\/08\/02\/incendio-destroi-habitacao-em-valenca\/","og_site_name":"Altominho.tv","article_publisher":"https:\/\/www.facebook.com\/altominhotv","article_published_time":"2020-08-02T10:10:30+00:00","article_modified_time":"2020-08-02T10:14:11+00:00","og_image":[{"width":708,"height":416,"url":"https:\/\/www.altominho.tv\/site\/wp-content\/uploads\/2020\/06\/noticia_00182219-580x464-740x417-1-e1594372711367.jpg","type":"image\/jpeg"}],"author":"Altominho.tv","twitter_card":"summary_large_image","twitter_creator":"@altominhoTV","twitter_site":"@altominhoTV","twitter_misc":{"Escrito por":"Altominho.tv","Tempo estimado de leitura":"1 minuto"},"schema":{"@context":"https:\/\/schema.org","@graph":[{"@type":"Article","@id":"https:\/\/www.altominho.tv\/site\/2020\/08\/02\/incendio-destroi-habitacao-em-valenca\/#article","isPartOf":{"@id":"https:\/\/www.altominho.tv\/site\/2020\/08\/02\/incendio-destroi-habitacao-em-valenca\/"},"author":{"name":"Altominho.tv","@id":"https:\/\/www.altominho.tv\/site\/#\/schema\/person\/4e536851627d7914baf3dac752b6af22"},"headline":"Inc\u00eandio destr\u00f3i habita\u00e7\u00e3o em Valen\u00e7a","datePublished":"2020-08-02T10:10:30+00:00","dateModified":"2020-08-02T10:14:11+00:00","mainEntityOfPage":{"@id":"https:\/\/www.altominho.tv\/site\/2020\/08\/02\/incendio-destroi-habitacao-em-valenca\/"},"wordCount":145,"image":{"@id":"https:\/\/www.altominho.tv\/site\/2020\/08\/02\/incendio-destroi-habitacao-em-valenca\/#primaryimage"},"thumbnailUrl":"https:\/\/www.altominho.tv\/site\/wp-content\/uploads\/2020\/06\/noticia_00182219-580x464-740x417-1-e1594372711367.jpg","keywords":["Sociedade"],"articleSection":["Valen\u00e7a"],"inLanguage":"pt-PT","copyrightYear":"2020","copyrightHolder":{"@id":"https:\/\/www.altominho.tv\/site\/#organization"}},{"@type":"WebPage","@id":"https:\/\/www.altominho.tv\/site\/2020\/08\/02\/incendio-destroi-habitacao-em-valenca\/","url":"https:\/\/www.altominho.tv\/site\/2020\/08\/02\/incendio-destroi-habitacao-em-valenca\/","name":"Inc\u00eandio destr\u00f3i habita\u00e7\u00e3o em Valen\u00e7a","isPartOf":{"@id":"https:\/\/www.altominho.tv\/site\/#website"},"primaryImageOfPage":{"@id":"https:\/\/www.altominho.tv\/site\/2020\/08\/02\/incendio-destroi-habitacao-em-valenca\/#primaryimage"},"image":{"@id":"https:\/\/www.altominho.tv\/site\/2020\/08\/02\/incendio-destroi-habitacao-em-valenca\/#primaryimage"},"thumbnailUrl":"https:\/\/www.altominho.tv\/site\/wp-content\/uploads\/2020\/06\/noticia_00182219-580x464-740x417-1-e1594372711367.jpg","datePublished":"2020-08-02T10:10:30+00:00","dateModified":"2020-08-02T10:14:11+00:00","author":{"@id":"https:\/\/www.altominho.tv\/site\/#\/schema\/person\/4e536851627d7914baf3dac752b6af22"},"breadcrumb":{"@id":"https:\/\/www.altominho.tv\/site\/2020\/08\/02\/incendio-destroi-habitacao-em-valenca\/#breadcrumb"},"inLanguage":"pt-PT","potentialAction":[{"@type":"ReadAction","target":["https:\/\/www.altominho.tv\/site\/2020\/08\/02\/incendio-destroi-habitacao-em-valenca\/"]}]},{"@type":"ImageObject","inLanguage":"pt-PT","@id":"https:\/\/www.altominho.tv\/site\/2020\/08\/02\/incendio-destroi-habitacao-em-valenca\/#primaryimage","url":"https:\/\/www.altominho.tv\/site\/wp-content\/uploads\/2020\/06\/noticia_00182219-580x464-740x417-1-e1594372711367.jpg","contentUrl":"https:\/\/www.altominho.tv\/site\/wp-content\/uploads\/2020\/06\/noticia_00182219-580x464-740x417-1-e1594372711367.jpg","width":708,"height":416},{"@type":"BreadcrumbList","@id":"https:\/\/www.altominho.tv\/site\/2020\/08\/02\/incendio-destroi-habitacao-em-valenca\/#breadcrumb","itemListElement":[{"@type":"ListItem","position":1,"name":"In\u00edcio","item":"https:\/\/www.altominho.tv\/site\/"},{"@type":"ListItem","position":2,"name":"Inc\u00eandio destr\u00f3i habita\u00e7\u00e3o em Valen\u00e7a"}]},{"@type":"WebSite","@id":"https:\/\/www.altominho.tv\/site\/#website","url":"https:\/\/www.altominho.tv\/site\/","name":"Altominho.tv","description":"A sua regi\u00e3o \u00e0 dist\u00e2ncia de um clique...","potentialAction":[{"@type":"SearchAction","target":{"@type":"EntryPoint","urlTemplate":"https:\/\/www.altominho.tv\/site\/?s={search_term_string}"},"query-input":{"@type":"PropertyValueSpecification","valueRequired":true,"valueName":"search_term_string"}}],"inLanguage":"pt-PT"},{"@type":"Person","@id":"https:\/\/www.altominho.tv\/site\/#\/schema\/person\/4e536851627d7914baf3dac752b6af22","name":"Altominho.tv","image":{"@type":"ImageObject","inLanguage":"pt-PT","@id":"https:\/\/www.altominho.tv\/site\/wp-content\/uploads\/2019\/11\/Logo_Avatar_2-150x150.jpg","url":"https:\/\/www.altominho.tv\/site\/wp-content\/uploads\/2019\/11\/Logo_Avatar_2-150x150.jpg","contentUrl":"https:\/\/www.altominho.tv\/site\/wp-content\/uploads\/2019\/11\/Logo_Avatar_2-150x150.jpg","caption":"Altominho.tv"},"url":"https:\/\/www.altominho.tv\/site\/author\/altominhotv-tecnico\/"}]}},"_links":{"self":[{"href":"https:\/\/www.altominho.tv\/site\/wp-json\/wp\/v2\/posts\/50110","targetHints":{"allow":["GET"]}}],"collection":[{"href":"https:\/\/www.altominho.tv\/site\/wp-json\/wp\/v2\/posts"}],"about":[{"href":"https:\/\/www.altominho.tv\/site\/wp-json\/wp\/v2\/types\/post"}],"author":[{"embeddable":true,"href":"https:\/\/www.altominho.tv\/site\/wp-json\/wp\/v2\/users\/1"}],"replies":[{"embeddable":true,"href":"https:\/\/www.altominho.tv\/site\/wp-json\/wp\/v2\/comments?post=50110"}],"version-history":[{"count":0,"href":"https:\/\/www.altominho.tv\/site\/wp-json\/wp\/v2\/posts\/50110\/revisions"}],"wp:featuredmedia":[{"embeddable":true,"href":"https:\/\/www.altominho.tv\/site\/wp-json\/wp\/v2\/media\/48146"}],"wp:attachment":[{"href":"https:\/\/www.altominho.tv\/site\/wp-json\/wp\/v2\/media?parent=50110"}],"wp:term":[{"taxonomy":"category","embeddable":true,"href":"https:\/\/www.altominho.tv\/site\/wp-json\/wp\/v2\/categories?post=50110"},{"taxonomy":"post_tag","embeddable":true,"href":"https:\/\/www.altominho.tv\/site\/wp-json\/wp\/v2\/tags?post=50110"}],"curies":[{"name":"wp","href":"https:\/\/api.w.org\/{rel}","templated":true}]}}