{"id":49909,"date":"2020-07-29T09:54:33","date_gmt":"2020-07-29T08:54:33","guid":{"rendered":"http:\/\/www.altominho.tv\/site\/?p=49909"},"modified":"2020-07-29T09:54:37","modified_gmt":"2020-07-29T08:54:37","slug":"sistelo-em-destaque-na-revista-forbes-como-referencia-a-visitar-na-regiao","status":"publish","type":"post","link":"https:\/\/www.altominho.tv\/site\/2020\/07\/29\/sistelo-em-destaque-na-revista-forbes-como-referencia-a-visitar-na-regiao\/","title":{"rendered":"Sistelo em destaque na revista Forbes como refer\u00eancia a visitar na regi\u00e3o"},"content":{"rendered":"<p>O \u201cpequeno Tibete portugu\u00eas\u201d, como conhecido por muitos, volta a figurar nas listas dos mais atentos por esse mundo fora. Desta vez, foi a aldeia de Sistelo que foi destacada pela conceituada revista americana, Forbes.<\/p>\n<p>Sistelo, que atingiu o <a href=\"\/\/www.altominho.tv\/site\/2020\/07\/21\/sistelo-no-european-best-destinations\/\">5\u00ba lugar entre os 18 melhores destinos para viajar na Europa, de acordo com o European Best Destination<\/a>, mostra responder \u00e0 tend\u00eancia, p\u00f3s-confinamento, uma vez que a procura aumenta por locais onde predomina a \u201c<i>liberdade, natureza e espa\u00e7os ao ar livre<\/i>\u201d.<\/p>\n<p>A publica\u00e7\u00e3o refere os s\u00edtios de refer\u00eancia a visitar na regi\u00e3o e afirma que <i>\u201cSe voc\u00ea gosta de fazer caminhadas na natureza, Sistelo \u00e9 o destino para voc\u00ea\u201d.\u00a0<\/i><\/p>\n<p>Localizado perto do Parque Nacional da Peneda-Ger\u00eas, Sistelo est\u00e1 entre as melhores j\u00f3ias escondidas da Europa. Esta aldeia, considerada uma das sete maravilhas de Portugal, provoca no presidente da C\u00e2mara de Arcos de Valdevez um enorme orgulho, dado que <i>\u201c\u00c9 muito bom e gratificante ver o impacto que o nosso concelho est\u00e1 a ter na comunica\u00e7\u00e3o social\u201d, <\/i>referiu o autarca.<i>\u00a0<\/i><\/p>\n<p>O turismo \u00e9 uma das alavancas mais poderosas da economia de Arcos de Valdevez, e \u00e9 nesse sentido que a refer\u00eancia da Forbes deixa a junta de freguesia e o munic\u00edpio muito satisfeitos, uma vez que reflete o esfor\u00e7o realizado na promo\u00e7\u00e3o do concelho e das suas potencialidades.<\/p>\n","protected":false},"excerpt":{"rendered":"<p>O \u201cpequeno Tibete portugu\u00eas\u201d, como conhecido por muitos, volta a figurar nas listas dos mais atentos por esse mundo fora. Desta vez, foi a aldeia de Sistelo que foi destacada pela conceituada revista americana, Forbes. Sistelo, que atingiu o 5\u00ba lugar entre os 18 melhores destinos para viajar na Europa, de acordo com o European [&hellip;]<\/p>\n","protected":false},"author":1,"featured_media":49910,"comment_status":"closed","ping_status":"closed","sticky":false,"template":"","format":"standard","meta":{"_exactmetrics_skip_tracking":false,"_exactmetrics_sitenote_active":false,"_exactmetrics_sitenote_note":"","_exactmetrics_sitenote_category":0,"footnotes":""},"categories":[2],"tags":[24],"class_list":["post-49909","post","type-post","status-publish","format-standard","has-post-thumbnail","hentry","category-arcos-de-valdevez","tag-lazer"],"yoast_head":"<!-- This site is optimized with the Yoast SEO Premium plugin v27.5 (Yoast SEO v27.5) - https:\/\/yoast.com\/product\/yoast-seo-premium-wordpress\/ -->\n<title>Sistelo em destaque na revista Forbes como refer\u00eancia a visitar na regi\u00e3o<\/title>\n<meta name=\"robots\" content=\"index, follow, max-snippet:-1, max-image-preview:large, max-video-preview:-1\" \/>\n<link rel=\"canonical\" href=\"https:\/\/www.altominho.tv\/site\/2020\/07\/29\/sistelo-em-destaque-na-revista-forbes-como-referencia-a-visitar-na-regiao\/\" \/>\n<meta property=\"og:locale\" content=\"pt_PT\" \/>\n<meta property=\"og:type\" content=\"article\" \/>\n<meta property=\"og:title\" content=\"Sistelo em destaque na revista Forbes como refer\u00eancia a visitar na regi\u00e3o\" \/>\n<meta property=\"og:description\" content=\"O \u201cpequeno Tibete portugu\u00eas\u201d, como conhecido por muitos, volta a figurar nas listas dos mais atentos por esse mundo fora. Desta vez, foi a aldeia de Sistelo que foi destacada pela conceituada revista americana, Forbes. Sistelo, que atingiu o 5\u00ba lugar entre os 18 melhores destinos para viajar na Europa, de acordo com o European [&hellip;]\" \/>\n<meta property=\"og:url\" content=\"https:\/\/www.altominho.tv\/site\/2020\/07\/29\/sistelo-em-destaque-na-revista-forbes-como-referencia-a-visitar-na-regiao\/\" \/>\n<meta property=\"og:site_name\" content=\"Altominho.tv\" \/>\n<meta property=\"article:publisher\" content=\"https:\/\/www.facebook.com\/altominhotv\" \/>\n<meta property=\"article:published_time\" content=\"2020-07-29T08:54:33+00:00\" \/>\n<meta property=\"article:modified_time\" content=\"2020-07-29T08:54:37+00:00\" \/>\n<meta property=\"og:image\" content=\"https:\/\/www.altominho.tv\/site\/wp-content\/uploads\/2020\/07\/sistelo.jpg\" \/>\n\t<meta property=\"og:image:width\" content=\"773\" \/>\n\t<meta property=\"og:image:height\" content=\"368\" \/>\n\t<meta property=\"og:image:type\" content=\"image\/jpeg\" \/>\n<meta name=\"author\" content=\"Altominho.tv\" \/>\n<meta name=\"twitter:card\" content=\"summary_large_image\" \/>\n<meta name=\"twitter:creator\" content=\"@altominhoTV\" \/>\n<meta name=\"twitter:site\" content=\"@altominhoTV\" \/>\n<meta name=\"twitter:label1\" content=\"Escrito por\" \/>\n\t<meta name=\"twitter:data1\" content=\"Altominho.tv\" \/>\n\t<meta name=\"twitter:label2\" content=\"Tempo estimado de leitura\" \/>\n\t<meta name=\"twitter:data2\" content=\"1 minuto\" \/>\n<script type=\"application\/ld+json\" class=\"yoast-schema-graph\">{\"@context\":\"https:\\\/\\\/schema.org\",\"@graph\":[{\"@type\":\"Article\",\"@id\":\"https:\\\/\\\/www.altominho.tv\\\/site\\\/2020\\\/07\\\/29\\\/sistelo-em-destaque-na-revista-forbes-como-referencia-a-visitar-na-regiao\\\/#article\",\"isPartOf\":{\"@id\":\"https:\\\/\\\/www.altominho.tv\\\/site\\\/2020\\\/07\\\/29\\\/sistelo-em-destaque-na-revista-forbes-como-referencia-a-visitar-na-regiao\\\/\"},\"author\":{\"name\":\"Altominho.tv\",\"@id\":\"https:\\\/\\\/www.altominho.tv\\\/site\\\/#\\\/schema\\\/person\\\/4e536851627d7914baf3dac752b6af22\"},\"headline\":\"Sistelo em destaque na revista Forbes como refer\u00eancia a visitar na regi\u00e3o\",\"datePublished\":\"2020-07-29T08:54:33+00:00\",\"dateModified\":\"2020-07-29T08:54:37+00:00\",\"mainEntityOfPage\":{\"@id\":\"https:\\\/\\\/www.altominho.tv\\\/site\\\/2020\\\/07\\\/29\\\/sistelo-em-destaque-na-revista-forbes-como-referencia-a-visitar-na-regiao\\\/\"},\"wordCount\":239,\"image\":{\"@id\":\"https:\\\/\\\/www.altominho.tv\\\/site\\\/2020\\\/07\\\/29\\\/sistelo-em-destaque-na-revista-forbes-como-referencia-a-visitar-na-regiao\\\/#primaryimage\"},\"thumbnailUrl\":\"https:\\\/\\\/www.altominho.tv\\\/site\\\/wp-content\\\/uploads\\\/2020\\\/07\\\/sistelo.jpg\",\"keywords\":[\"Lazer\"],\"articleSection\":[\"Arcos de Valdevez\"],\"inLanguage\":\"pt-PT\",\"copyrightYear\":\"2020\",\"copyrightHolder\":{\"@id\":\"https:\\\/\\\/www.altominho.tv\\\/site\\\/#organization\"}},{\"@type\":\"WebPage\",\"@id\":\"https:\\\/\\\/www.altominho.tv\\\/site\\\/2020\\\/07\\\/29\\\/sistelo-em-destaque-na-revista-forbes-como-referencia-a-visitar-na-regiao\\\/\",\"url\":\"https:\\\/\\\/www.altominho.tv\\\/site\\\/2020\\\/07\\\/29\\\/sistelo-em-destaque-na-revista-forbes-como-referencia-a-visitar-na-regiao\\\/\",\"name\":\"Sistelo em destaque na revista Forbes como refer\u00eancia a visitar na regi\u00e3o\",\"isPartOf\":{\"@id\":\"https:\\\/\\\/www.altominho.tv\\\/site\\\/#website\"},\"primaryImageOfPage\":{\"@id\":\"https:\\\/\\\/www.altominho.tv\\\/site\\\/2020\\\/07\\\/29\\\/sistelo-em-destaque-na-revista-forbes-como-referencia-a-visitar-na-regiao\\\/#primaryimage\"},\"image\":{\"@id\":\"https:\\\/\\\/www.altominho.tv\\\/site\\\/2020\\\/07\\\/29\\\/sistelo-em-destaque-na-revista-forbes-como-referencia-a-visitar-na-regiao\\\/#primaryimage\"},\"thumbnailUrl\":\"https:\\\/\\\/www.altominho.tv\\\/site\\\/wp-content\\\/uploads\\\/2020\\\/07\\\/sistelo.jpg\",\"datePublished\":\"2020-07-29T08:54:33+00:00\",\"dateModified\":\"2020-07-29T08:54:37+00:00\",\"author\":{\"@id\":\"https:\\\/\\\/www.altominho.tv\\\/site\\\/#\\\/schema\\\/person\\\/4e536851627d7914baf3dac752b6af22\"},\"breadcrumb\":{\"@id\":\"https:\\\/\\\/www.altominho.tv\\\/site\\\/2020\\\/07\\\/29\\\/sistelo-em-destaque-na-revista-forbes-como-referencia-a-visitar-na-regiao\\\/#breadcrumb\"},\"inLanguage\":\"pt-PT\",\"potentialAction\":[{\"@type\":\"ReadAction\",\"target\":[\"https:\\\/\\\/www.altominho.tv\\\/site\\\/2020\\\/07\\\/29\\\/sistelo-em-destaque-na-revista-forbes-como-referencia-a-visitar-na-regiao\\\/\"]}]},{\"@type\":\"ImageObject\",\"inLanguage\":\"pt-PT\",\"@id\":\"https:\\\/\\\/www.altominho.tv\\\/site\\\/2020\\\/07\\\/29\\\/sistelo-em-destaque-na-revista-forbes-como-referencia-a-visitar-na-regiao\\\/#primaryimage\",\"url\":\"https:\\\/\\\/www.altominho.tv\\\/site\\\/wp-content\\\/uploads\\\/2020\\\/07\\\/sistelo.jpg\",\"contentUrl\":\"https:\\\/\\\/www.altominho.tv\\\/site\\\/wp-content\\\/uploads\\\/2020\\\/07\\\/sistelo.jpg\",\"width\":773,\"height\":368},{\"@type\":\"BreadcrumbList\",\"@id\":\"https:\\\/\\\/www.altominho.tv\\\/site\\\/2020\\\/07\\\/29\\\/sistelo-em-destaque-na-revista-forbes-como-referencia-a-visitar-na-regiao\\\/#breadcrumb\",\"itemListElement\":[{\"@type\":\"ListItem\",\"position\":1,\"name\":\"In\u00edcio\",\"item\":\"https:\\\/\\\/www.altominho.tv\\\/site\\\/\"},{\"@type\":\"ListItem\",\"position\":2,\"name\":\"Sistelo em destaque na revista Forbes como refer\u00eancia a visitar na regi\u00e3o\"}]},{\"@type\":\"WebSite\",\"@id\":\"https:\\\/\\\/www.altominho.tv\\\/site\\\/#website\",\"url\":\"https:\\\/\\\/www.altominho.tv\\\/site\\\/\",\"name\":\"Altominho.tv\",\"description\":\"A sua regi\u00e3o \u00e0 dist\u00e2ncia de um clique...\",\"potentialAction\":[{\"@type\":\"SearchAction\",\"target\":{\"@type\":\"EntryPoint\",\"urlTemplate\":\"https:\\\/\\\/www.altominho.tv\\\/site\\\/?s={search_term_string}\"},\"query-input\":{\"@type\":\"PropertyValueSpecification\",\"valueRequired\":true,\"valueName\":\"search_term_string\"}}],\"inLanguage\":\"pt-PT\"},{\"@type\":\"Person\",\"@id\":\"https:\\\/\\\/www.altominho.tv\\\/site\\\/#\\\/schema\\\/person\\\/4e536851627d7914baf3dac752b6af22\",\"name\":\"Altominho.tv\",\"image\":{\"@type\":\"ImageObject\",\"inLanguage\":\"pt-PT\",\"@id\":\"https:\\\/\\\/www.altominho.tv\\\/site\\\/wp-content\\\/uploads\\\/2019\\\/11\\\/Logo_Avatar_2-150x150.jpg\",\"url\":\"https:\\\/\\\/www.altominho.tv\\\/site\\\/wp-content\\\/uploads\\\/2019\\\/11\\\/Logo_Avatar_2-150x150.jpg\",\"contentUrl\":\"https:\\\/\\\/www.altominho.tv\\\/site\\\/wp-content\\\/uploads\\\/2019\\\/11\\\/Logo_Avatar_2-150x150.jpg\",\"caption\":\"Altominho.tv\"},\"url\":\"https:\\\/\\\/www.altominho.tv\\\/site\\\/author\\\/altominhotv-tecnico\\\/\"}]}<\/script>\n<!-- \/ Yoast SEO Premium plugin. -->","yoast_head_json":{"title":"Sistelo em destaque na revista Forbes como refer\u00eancia a visitar na regi\u00e3o","robots":{"index":"index","follow":"follow","max-snippet":"max-snippet:-1","max-image-preview":"max-image-preview:large","max-video-preview":"max-video-preview:-1"},"canonical":"https:\/\/www.altominho.tv\/site\/2020\/07\/29\/sistelo-em-destaque-na-revista-forbes-como-referencia-a-visitar-na-regiao\/","og_locale":"pt_PT","og_type":"article","og_title":"Sistelo em destaque na revista Forbes como refer\u00eancia a visitar na regi\u00e3o","og_description":"O \u201cpequeno Tibete portugu\u00eas\u201d, como conhecido por muitos, volta a figurar nas listas dos mais atentos por esse mundo fora. Desta vez, foi a aldeia de Sistelo que foi destacada pela conceituada revista americana, Forbes. Sistelo, que atingiu o 5\u00ba lugar entre os 18 melhores destinos para viajar na Europa, de acordo com o European [&hellip;]","og_url":"https:\/\/www.altominho.tv\/site\/2020\/07\/29\/sistelo-em-destaque-na-revista-forbes-como-referencia-a-visitar-na-regiao\/","og_site_name":"Altominho.tv","article_publisher":"https:\/\/www.facebook.com\/altominhotv","article_published_time":"2020-07-29T08:54:33+00:00","article_modified_time":"2020-07-29T08:54:37+00:00","og_image":[{"width":773,"height":368,"url":"https:\/\/www.altominho.tv\/site\/wp-content\/uploads\/2020\/07\/sistelo.jpg","type":"image\/jpeg"}],"author":"Altominho.tv","twitter_card":"summary_large_image","twitter_creator":"@altominhoTV","twitter_site":"@altominhoTV","twitter_misc":{"Escrito por":"Altominho.tv","Tempo estimado de leitura":"1 minuto"},"schema":{"@context":"https:\/\/schema.org","@graph":[{"@type":"Article","@id":"https:\/\/www.altominho.tv\/site\/2020\/07\/29\/sistelo-em-destaque-na-revista-forbes-como-referencia-a-visitar-na-regiao\/#article","isPartOf":{"@id":"https:\/\/www.altominho.tv\/site\/2020\/07\/29\/sistelo-em-destaque-na-revista-forbes-como-referencia-a-visitar-na-regiao\/"},"author":{"name":"Altominho.tv","@id":"https:\/\/www.altominho.tv\/site\/#\/schema\/person\/4e536851627d7914baf3dac752b6af22"},"headline":"Sistelo em destaque na revista Forbes como refer\u00eancia a visitar na regi\u00e3o","datePublished":"2020-07-29T08:54:33+00:00","dateModified":"2020-07-29T08:54:37+00:00","mainEntityOfPage":{"@id":"https:\/\/www.altominho.tv\/site\/2020\/07\/29\/sistelo-em-destaque-na-revista-forbes-como-referencia-a-visitar-na-regiao\/"},"wordCount":239,"image":{"@id":"https:\/\/www.altominho.tv\/site\/2020\/07\/29\/sistelo-em-destaque-na-revista-forbes-como-referencia-a-visitar-na-regiao\/#primaryimage"},"thumbnailUrl":"https:\/\/www.altominho.tv\/site\/wp-content\/uploads\/2020\/07\/sistelo.jpg","keywords":["Lazer"],"articleSection":["Arcos de Valdevez"],"inLanguage":"pt-PT","copyrightYear":"2020","copyrightHolder":{"@id":"https:\/\/www.altominho.tv\/site\/#organization"}},{"@type":"WebPage","@id":"https:\/\/www.altominho.tv\/site\/2020\/07\/29\/sistelo-em-destaque-na-revista-forbes-como-referencia-a-visitar-na-regiao\/","url":"https:\/\/www.altominho.tv\/site\/2020\/07\/29\/sistelo-em-destaque-na-revista-forbes-como-referencia-a-visitar-na-regiao\/","name":"Sistelo em destaque na revista Forbes como refer\u00eancia a visitar na regi\u00e3o","isPartOf":{"@id":"https:\/\/www.altominho.tv\/site\/#website"},"primaryImageOfPage":{"@id":"https:\/\/www.altominho.tv\/site\/2020\/07\/29\/sistelo-em-destaque-na-revista-forbes-como-referencia-a-visitar-na-regiao\/#primaryimage"},"image":{"@id":"https:\/\/www.altominho.tv\/site\/2020\/07\/29\/sistelo-em-destaque-na-revista-forbes-como-referencia-a-visitar-na-regiao\/#primaryimage"},"thumbnailUrl":"https:\/\/www.altominho.tv\/site\/wp-content\/uploads\/2020\/07\/sistelo.jpg","datePublished":"2020-07-29T08:54:33+00:00","dateModified":"2020-07-29T08:54:37+00:00","author":{"@id":"https:\/\/www.altominho.tv\/site\/#\/schema\/person\/4e536851627d7914baf3dac752b6af22"},"breadcrumb":{"@id":"https:\/\/www.altominho.tv\/site\/2020\/07\/29\/sistelo-em-destaque-na-revista-forbes-como-referencia-a-visitar-na-regiao\/#breadcrumb"},"inLanguage":"pt-PT","potentialAction":[{"@type":"ReadAction","target":["https:\/\/www.altominho.tv\/site\/2020\/07\/29\/sistelo-em-destaque-na-revista-forbes-como-referencia-a-visitar-na-regiao\/"]}]},{"@type":"ImageObject","inLanguage":"pt-PT","@id":"https:\/\/www.altominho.tv\/site\/2020\/07\/29\/sistelo-em-destaque-na-revista-forbes-como-referencia-a-visitar-na-regiao\/#primaryimage","url":"https:\/\/www.altominho.tv\/site\/wp-content\/uploads\/2020\/07\/sistelo.jpg","contentUrl":"https:\/\/www.altominho.tv\/site\/wp-content\/uploads\/2020\/07\/sistelo.jpg","width":773,"height":368},{"@type":"BreadcrumbList","@id":"https:\/\/www.altominho.tv\/site\/2020\/07\/29\/sistelo-em-destaque-na-revista-forbes-como-referencia-a-visitar-na-regiao\/#breadcrumb","itemListElement":[{"@type":"ListItem","position":1,"name":"In\u00edcio","item":"https:\/\/www.altominho.tv\/site\/"},{"@type":"ListItem","position":2,"name":"Sistelo em destaque na revista Forbes como refer\u00eancia a visitar na regi\u00e3o"}]},{"@type":"WebSite","@id":"https:\/\/www.altominho.tv\/site\/#website","url":"https:\/\/www.altominho.tv\/site\/","name":"Altominho.tv","description":"A sua regi\u00e3o \u00e0 dist\u00e2ncia de um clique...","potentialAction":[{"@type":"SearchAction","target":{"@type":"EntryPoint","urlTemplate":"https:\/\/www.altominho.tv\/site\/?s={search_term_string}"},"query-input":{"@type":"PropertyValueSpecification","valueRequired":true,"valueName":"search_term_string"}}],"inLanguage":"pt-PT"},{"@type":"Person","@id":"https:\/\/www.altominho.tv\/site\/#\/schema\/person\/4e536851627d7914baf3dac752b6af22","name":"Altominho.tv","image":{"@type":"ImageObject","inLanguage":"pt-PT","@id":"https:\/\/www.altominho.tv\/site\/wp-content\/uploads\/2019\/11\/Logo_Avatar_2-150x150.jpg","url":"https:\/\/www.altominho.tv\/site\/wp-content\/uploads\/2019\/11\/Logo_Avatar_2-150x150.jpg","contentUrl":"https:\/\/www.altominho.tv\/site\/wp-content\/uploads\/2019\/11\/Logo_Avatar_2-150x150.jpg","caption":"Altominho.tv"},"url":"https:\/\/www.altominho.tv\/site\/author\/altominhotv-tecnico\/"}]}},"_links":{"self":[{"href":"https:\/\/www.altominho.tv\/site\/wp-json\/wp\/v2\/posts\/49909","targetHints":{"allow":["GET"]}}],"collection":[{"href":"https:\/\/www.altominho.tv\/site\/wp-json\/wp\/v2\/posts"}],"about":[{"href":"https:\/\/www.altominho.tv\/site\/wp-json\/wp\/v2\/types\/post"}],"author":[{"embeddable":true,"href":"https:\/\/www.altominho.tv\/site\/wp-json\/wp\/v2\/users\/1"}],"replies":[{"embeddable":true,"href":"https:\/\/www.altominho.tv\/site\/wp-json\/wp\/v2\/comments?post=49909"}],"version-history":[{"count":0,"href":"https:\/\/www.altominho.tv\/site\/wp-json\/wp\/v2\/posts\/49909\/revisions"}],"wp:featuredmedia":[{"embeddable":true,"href":"https:\/\/www.altominho.tv\/site\/wp-json\/wp\/v2\/media\/49910"}],"wp:attachment":[{"href":"https:\/\/www.altominho.tv\/site\/wp-json\/wp\/v2\/media?parent=49909"}],"wp:term":[{"taxonomy":"category","embeddable":true,"href":"https:\/\/www.altominho.tv\/site\/wp-json\/wp\/v2\/categories?post=49909"},{"taxonomy":"post_tag","embeddable":true,"href":"https:\/\/www.altominho.tv\/site\/wp-json\/wp\/v2\/tags?post=49909"}],"curies":[{"name":"wp","href":"https:\/\/api.w.org\/{rel}","templated":true}]}}