{"id":49898,"date":"2020-07-28T17:38:46","date_gmt":"2020-07-28T16:38:46","guid":{"rendered":"http:\/\/www.altominho.tv\/site\/?p=49898"},"modified":"2020-07-28T17:40:24","modified_gmt":"2020-07-28T16:40:24","slug":"incendios-ponte-de-lima-instala-videovigilancia-face-aumento-de-fogos-com-origem-humana","status":"publish","type":"post","link":"https:\/\/www.altominho.tv\/site\/2020\/07\/28\/incendios-ponte-de-lima-instala-videovigilancia-face-aumento-de-fogos-com-origem-humana\/","title":{"rendered":"Inc\u00eandios: Ponte de Lima instala videovigil\u00e2ncia face ao aumento de fogos com origem humana"},"content":{"rendered":"\n<p>A C\u00e2mara de Ponte de Lima, em parceria com a Pol\u00edcia Judici\u00e1ria, vai instalar sistemas de videovigil\u00e2ncia de dete\u00e7\u00e3o de inc\u00eandios, ap\u00f3s o &#8220;aumento significativo&#8221; de igni\u00e7\u00f5es registadas este m\u00eas, a &#8220;maioria com origem em comportamentos humanos&#8221;.<br><\/p>\n\n\n\n<p>&#8220;O sistema de videovigil\u00e2ncia para dete\u00e7\u00e3o de inc\u00eandios vai come\u00e7ar a ser instalado na pr\u00f3xima semana em todos os acessos florestais do concelho, para prevenir a ocorr\u00eancia de novos inc\u00eandios. Quem vai operar esse sistema de videovigil\u00e2ncia \u00e9 a Pol\u00edcia Judiciaria (PJ)&#8221;, disse \u00e0 ag\u00eancia Lusa o vereador da prote\u00e7\u00e3o civil da C\u00e2mara de Ponte de Lima (CDS), Vasco Ferraz.<br><\/p>\n\n\n\n<p>Contactado pela Lusa, a prop\u00f3sito de uma nota de imprensa hoje emitida pela comiss\u00e3o distrital de prote\u00e7\u00e3o civil de Viana do Castelo, Vasco Ferraz adiantou que, &#8220;s\u00f3 este m\u00eas, foram registados em Ponte de Lima mais de 40 igni\u00e7\u00f5es&#8221;, e estimando a \u00e1rea ardida &#8220;em mais de 500 hectares&#8221;.<br><\/p>\n\n\n\n<p>O respons\u00e1vel adiantou que aquele sistema, que representa um investimento de cerca de quatro mil euros, &#8220;\u00e9 muito eficaz&#8221; por &#8220;permitir detetar um inc\u00eandio, o infrator a atear o inc\u00eandio ou simplesmente fazer a monitoriza\u00e7\u00e3o das vias que d\u00e3o acesso ao local e, atrav\u00e9s da identifica\u00e7\u00e3o da matr\u00edcula, chegar aos fogos&#8221;.<br><\/p>\n\n\n\n<p>&#8220;A partir da\u00ed, a PJ investiga e at\u00e9 poder\u00e1 recolher prova&#8221;, sustentou Vasco Ferraz, adiantando que &#8220;a maioria das igni\u00e7\u00f5es ter\u00e1 tido m\u00e3o criminosa&#8221;.<br><\/p>\n\n\n\n<p>Na nota hoje enviada \u00e0s reda\u00e7\u00f5es, a comiss\u00e3o distrital de prote\u00e7\u00e3o civil de Viana do Castelo adianta que &#8220;a implementa\u00e7\u00e3o daqueles sistemas de videovigil\u00e2ncia permitir\u00e1 \u00e0s For\u00e7as de Seguran\u00e7a e Pol\u00edcia Judici\u00e1ria uma r\u00e1pida interven\u00e7\u00e3o&#8221;.<br><\/p>\n\n\n\n<p>Segundo dados hoje avan\u00e7ados por aquela estrutura, presidida pelo autarca de Caminha, Miguel Alves, &#8220;em 26 dias de julho ocorreram 145 igni\u00e7\u00f5es, 68 das quais em apenas oito dias e, destas, cerca de 60% nos concelhos de Arcos de Valdevez e Ponte de Lima&#8221;.<br><\/p>\n\n\n\n<p>&#8220;Analisando as ocorr\u00eancias, prev\u00ea-se que a maioria, direta ou indiretamente, tem origem em comportamentos humanos, pelo que se apela aos cidad\u00e3os que assumam e pratiquem comportamentos que contribuam para a diminui\u00e7\u00e3o do risco de igni\u00e7\u00e3o, n\u00e3o usando fogo junto das \u00e1reas florestais e informando as autoridades sobre qualquer situa\u00e7\u00e3o suspeita, adianta a nota.<br><\/p>\n\n\n\n<p>Segundo a comiss\u00e3o distrital de prote\u00e7\u00e3o civil, &#8220;apesar das dificuldades deparadas pela dispers\u00e3o dos meios pelas v\u00e1rias igni\u00e7\u00f5es praticamente simult\u00e2neas, o sucesso das opera\u00e7\u00f5es tem sido vis\u00edvel, com a envolv\u00eancia de todos os agentes de prote\u00e7\u00e3o civil, entre outras entidades cujo apoio \u00e9 fulcral&#8221;.<br><\/p>\n\n\n\n<p>A nota adianta ter sido &#8220;solicitado \u00e0 tutela o refor\u00e7o de meios, em particular de efetivos das for\u00e7as de seguran\u00e7a, para vigil\u00e2ncia mais ativa das \u00e1reas florestais de modo a colmatar e minimizar o desenvolvimento de novas ocorr\u00eancias&#8221;.<br><\/p>\n\n\n\n<p>&#8220;Nos pr\u00f3ximos dias o efetivo de patrulhamento e vigil\u00e2ncia das autoridades ser\u00e1 refor\u00e7ado, nomeadamente em espa\u00e7os rurais e florestais que apresentem riscos mais elevados de inc\u00eandio&#8221;, acrescenta.<\/p>\n","protected":false},"excerpt":{"rendered":"<p>A C\u00e2mara de Ponte de Lima, em parceria com a Pol\u00edcia Judici\u00e1ria, vai instalar sistemas de videovigil\u00e2ncia de dete\u00e7\u00e3o de inc\u00eandios, ap\u00f3s o &#8220;aumento significativo&#8221; de igni\u00e7\u00f5es registadas este m\u00eas, a &#8220;maioria com origem em comportamentos humanos&#8221;. &#8220;O sistema de videovigil\u00e2ncia para dete\u00e7\u00e3o de inc\u00eandios vai come\u00e7ar a ser instalado na pr\u00f3xima semana em todos [&hellip;]<\/p>\n","protected":false},"author":16,"featured_media":49899,"comment_status":"closed","ping_status":"closed","sticky":false,"template":"","format":"standard","meta":{"_exactmetrics_skip_tracking":false,"_exactmetrics_sitenote_active":false,"_exactmetrics_sitenote_note":"","_exactmetrics_sitenote_category":0,"footnotes":""},"categories":[12],"tags":[27],"class_list":["post-49898","post","type-post","status-publish","format-standard","has-post-thumbnail","hentry","category-ponte-de-lima","tag-sociedade"],"yoast_head":"<!-- This site is optimized with the Yoast SEO Premium plugin v27.4 (Yoast SEO v27.4) - https:\/\/yoast.com\/product\/yoast-seo-premium-wordpress\/ -->\n<title>Inc\u00eandios: Ponte de Lima instala videovigil\u00e2ncia face ao aumento de fogos com origem humana<\/title>\n<meta name=\"robots\" content=\"index, follow, max-snippet:-1, max-image-preview:large, max-video-preview:-1\" \/>\n<link rel=\"canonical\" href=\"https:\/\/www.altominho.tv\/site\/2020\/07\/28\/incendios-ponte-de-lima-instala-videovigilancia-face-aumento-de-fogos-com-origem-humana\/\" \/>\n<meta property=\"og:locale\" content=\"pt_PT\" \/>\n<meta property=\"og:type\" content=\"article\" \/>\n<meta property=\"og:title\" content=\"Inc\u00eandios: Ponte de Lima instala videovigil\u00e2ncia face ao aumento de fogos com origem humana\" \/>\n<meta property=\"og:description\" content=\"A C\u00e2mara de Ponte de Lima, em parceria com a Pol\u00edcia Judici\u00e1ria, vai instalar sistemas de videovigil\u00e2ncia de dete\u00e7\u00e3o de inc\u00eandios, ap\u00f3s o &#8220;aumento significativo&#8221; de igni\u00e7\u00f5es registadas este m\u00eas, a &#8220;maioria com origem em comportamentos humanos&#8221;. &#8220;O sistema de videovigil\u00e2ncia para dete\u00e7\u00e3o de inc\u00eandios vai come\u00e7ar a ser instalado na pr\u00f3xima semana em todos [&hellip;]\" \/>\n<meta property=\"og:url\" content=\"https:\/\/www.altominho.tv\/site\/2020\/07\/28\/incendios-ponte-de-lima-instala-videovigilancia-face-aumento-de-fogos-com-origem-humana\/\" \/>\n<meta property=\"og:site_name\" content=\"Altominho.tv\" \/>\n<meta property=\"article:publisher\" content=\"https:\/\/www.facebook.com\/altominhotv\" \/>\n<meta property=\"article:published_time\" content=\"2020-07-28T16:38:46+00:00\" \/>\n<meta property=\"article:modified_time\" content=\"2020-07-28T16:40:24+00:00\" \/>\n<meta property=\"og:image\" content=\"https:\/\/www.altominho.tv\/site\/wp-content\/uploads\/2020\/07\/Meios_aereos_PonteDeLima-740x416-1.jpg\" \/>\n\t<meta property=\"og:image:width\" content=\"740\" \/>\n\t<meta property=\"og:image:height\" content=\"416\" \/>\n\t<meta property=\"og:image:type\" content=\"image\/jpeg\" \/>\n<meta name=\"author\" content=\"Andreia Cunha | Lusa\" \/>\n<meta name=\"twitter:card\" content=\"summary_large_image\" \/>\n<meta name=\"twitter:creator\" content=\"@altominhoTV\" \/>\n<meta name=\"twitter:site\" content=\"@altominhoTV\" \/>\n<meta name=\"twitter:label1\" content=\"Escrito por\" \/>\n\t<meta name=\"twitter:data1\" content=\"Andreia Cunha | Lusa\" \/>\n\t<meta name=\"twitter:label2\" content=\"Tempo estimado de leitura\" \/>\n\t<meta name=\"twitter:data2\" content=\"3 minutos\" \/>\n<script type=\"application\/ld+json\" class=\"yoast-schema-graph\">{\"@context\":\"https:\\\/\\\/schema.org\",\"@graph\":[{\"@type\":\"Article\",\"@id\":\"https:\\\/\\\/www.altominho.tv\\\/site\\\/2020\\\/07\\\/28\\\/incendios-ponte-de-lima-instala-videovigilancia-face-aumento-de-fogos-com-origem-humana\\\/#article\",\"isPartOf\":{\"@id\":\"https:\\\/\\\/www.altominho.tv\\\/site\\\/2020\\\/07\\\/28\\\/incendios-ponte-de-lima-instala-videovigilancia-face-aumento-de-fogos-com-origem-humana\\\/\"},\"author\":{\"name\":\"Andreia Cunha | Lusa\",\"@id\":\"https:\\\/\\\/www.altominho.tv\\\/site\\\/#\\\/schema\\\/person\\\/dbaf181c01b51ff40c9f461a905d321e\"},\"headline\":\"Inc\u00eandios: Ponte de Lima instala videovigil\u00e2ncia face ao aumento de fogos com origem humana\",\"datePublished\":\"2020-07-28T16:38:46+00:00\",\"dateModified\":\"2020-07-28T16:40:24+00:00\",\"mainEntityOfPage\":{\"@id\":\"https:\\\/\\\/www.altominho.tv\\\/site\\\/2020\\\/07\\\/28\\\/incendios-ponte-de-lima-instala-videovigilancia-face-aumento-de-fogos-com-origem-humana\\\/\"},\"wordCount\":543,\"image\":{\"@id\":\"https:\\\/\\\/www.altominho.tv\\\/site\\\/2020\\\/07\\\/28\\\/incendios-ponte-de-lima-instala-videovigilancia-face-aumento-de-fogos-com-origem-humana\\\/#primaryimage\"},\"thumbnailUrl\":\"https:\\\/\\\/www.altominho.tv\\\/site\\\/wp-content\\\/uploads\\\/2020\\\/07\\\/Meios_aereos_PonteDeLima-740x416-1.jpg\",\"keywords\":[\"Sociedade\"],\"articleSection\":[\"Ponte de Lima\"],\"inLanguage\":\"pt-PT\",\"copyrightYear\":\"2020\",\"copyrightHolder\":{\"@id\":\"https:\\\/\\\/www.altominho.tv\\\/site\\\/#organization\"}},{\"@type\":\"WebPage\",\"@id\":\"https:\\\/\\\/www.altominho.tv\\\/site\\\/2020\\\/07\\\/28\\\/incendios-ponte-de-lima-instala-videovigilancia-face-aumento-de-fogos-com-origem-humana\\\/\",\"url\":\"https:\\\/\\\/www.altominho.tv\\\/site\\\/2020\\\/07\\\/28\\\/incendios-ponte-de-lima-instala-videovigilancia-face-aumento-de-fogos-com-origem-humana\\\/\",\"name\":\"Inc\u00eandios: Ponte de Lima instala videovigil\u00e2ncia face ao aumento de fogos com origem humana\",\"isPartOf\":{\"@id\":\"https:\\\/\\\/www.altominho.tv\\\/site\\\/#website\"},\"primaryImageOfPage\":{\"@id\":\"https:\\\/\\\/www.altominho.tv\\\/site\\\/2020\\\/07\\\/28\\\/incendios-ponte-de-lima-instala-videovigilancia-face-aumento-de-fogos-com-origem-humana\\\/#primaryimage\"},\"image\":{\"@id\":\"https:\\\/\\\/www.altominho.tv\\\/site\\\/2020\\\/07\\\/28\\\/incendios-ponte-de-lima-instala-videovigilancia-face-aumento-de-fogos-com-origem-humana\\\/#primaryimage\"},\"thumbnailUrl\":\"https:\\\/\\\/www.altominho.tv\\\/site\\\/wp-content\\\/uploads\\\/2020\\\/07\\\/Meios_aereos_PonteDeLima-740x416-1.jpg\",\"datePublished\":\"2020-07-28T16:38:46+00:00\",\"dateModified\":\"2020-07-28T16:40:24+00:00\",\"author\":{\"@id\":\"https:\\\/\\\/www.altominho.tv\\\/site\\\/#\\\/schema\\\/person\\\/dbaf181c01b51ff40c9f461a905d321e\"},\"breadcrumb\":{\"@id\":\"https:\\\/\\\/www.altominho.tv\\\/site\\\/2020\\\/07\\\/28\\\/incendios-ponte-de-lima-instala-videovigilancia-face-aumento-de-fogos-com-origem-humana\\\/#breadcrumb\"},\"inLanguage\":\"pt-PT\",\"potentialAction\":[{\"@type\":\"ReadAction\",\"target\":[\"https:\\\/\\\/www.altominho.tv\\\/site\\\/2020\\\/07\\\/28\\\/incendios-ponte-de-lima-instala-videovigilancia-face-aumento-de-fogos-com-origem-humana\\\/\"]}]},{\"@type\":\"ImageObject\",\"inLanguage\":\"pt-PT\",\"@id\":\"https:\\\/\\\/www.altominho.tv\\\/site\\\/2020\\\/07\\\/28\\\/incendios-ponte-de-lima-instala-videovigilancia-face-aumento-de-fogos-com-origem-humana\\\/#primaryimage\",\"url\":\"https:\\\/\\\/www.altominho.tv\\\/site\\\/wp-content\\\/uploads\\\/2020\\\/07\\\/Meios_aereos_PonteDeLima-740x416-1.jpg\",\"contentUrl\":\"https:\\\/\\\/www.altominho.tv\\\/site\\\/wp-content\\\/uploads\\\/2020\\\/07\\\/Meios_aereos_PonteDeLima-740x416-1.jpg\",\"width\":740,\"height\":416},{\"@type\":\"BreadcrumbList\",\"@id\":\"https:\\\/\\\/www.altominho.tv\\\/site\\\/2020\\\/07\\\/28\\\/incendios-ponte-de-lima-instala-videovigilancia-face-aumento-de-fogos-com-origem-humana\\\/#breadcrumb\",\"itemListElement\":[{\"@type\":\"ListItem\",\"position\":1,\"name\":\"In\u00edcio\",\"item\":\"https:\\\/\\\/www.altominho.tv\\\/site\\\/\"},{\"@type\":\"ListItem\",\"position\":2,\"name\":\"Inc\u00eandios: Ponte de Lima instala videovigil\u00e2ncia face ao aumento de fogos com origem humana\"}]},{\"@type\":\"WebSite\",\"@id\":\"https:\\\/\\\/www.altominho.tv\\\/site\\\/#website\",\"url\":\"https:\\\/\\\/www.altominho.tv\\\/site\\\/\",\"name\":\"Altominho.tv\",\"description\":\"A sua regi\u00e3o \u00e0 dist\u00e2ncia de um clique...\",\"potentialAction\":[{\"@type\":\"SearchAction\",\"target\":{\"@type\":\"EntryPoint\",\"urlTemplate\":\"https:\\\/\\\/www.altominho.tv\\\/site\\\/?s={search_term_string}\"},\"query-input\":{\"@type\":\"PropertyValueSpecification\",\"valueRequired\":true,\"valueName\":\"search_term_string\"}}],\"inLanguage\":\"pt-PT\"},{\"@type\":\"Person\",\"@id\":\"https:\\\/\\\/www.altominho.tv\\\/site\\\/#\\\/schema\\\/person\\\/dbaf181c01b51ff40c9f461a905d321e\",\"name\":\"Andreia Cunha | Lusa\",\"image\":{\"@type\":\"ImageObject\",\"inLanguage\":\"pt-PT\",\"@id\":\"https:\\\/\\\/www.altominho.tv\\\/site\\\/wp-content\\\/uploads\\\/2017\\\/11\\\/Andreia_Cunha-1-150x150.jpg\",\"url\":\"https:\\\/\\\/www.altominho.tv\\\/site\\\/wp-content\\\/uploads\\\/2017\\\/11\\\/Andreia_Cunha-1-150x150.jpg\",\"contentUrl\":\"https:\\\/\\\/www.altominho.tv\\\/site\\\/wp-content\\\/uploads\\\/2017\\\/11\\\/Andreia_Cunha-1-150x150.jpg\",\"caption\":\"Andreia Cunha | Lusa\"},\"sameAs\":[\"https:\\\/\\\/www.altominho.tv\\\/site\"],\"url\":\"https:\\\/\\\/www.altominho.tv\\\/site\\\/author\\\/andreiacunhalusa\\\/\"}]}<\/script>\n<!-- \/ Yoast SEO Premium plugin. -->","yoast_head_json":{"title":"Inc\u00eandios: Ponte de Lima instala videovigil\u00e2ncia face ao aumento de fogos com origem humana","robots":{"index":"index","follow":"follow","max-snippet":"max-snippet:-1","max-image-preview":"max-image-preview:large","max-video-preview":"max-video-preview:-1"},"canonical":"https:\/\/www.altominho.tv\/site\/2020\/07\/28\/incendios-ponte-de-lima-instala-videovigilancia-face-aumento-de-fogos-com-origem-humana\/","og_locale":"pt_PT","og_type":"article","og_title":"Inc\u00eandios: Ponte de Lima instala videovigil\u00e2ncia face ao aumento de fogos com origem humana","og_description":"A C\u00e2mara de Ponte de Lima, em parceria com a Pol\u00edcia Judici\u00e1ria, vai instalar sistemas de videovigil\u00e2ncia de dete\u00e7\u00e3o de inc\u00eandios, ap\u00f3s o &#8220;aumento significativo&#8221; de igni\u00e7\u00f5es registadas este m\u00eas, a &#8220;maioria com origem em comportamentos humanos&#8221;. &#8220;O sistema de videovigil\u00e2ncia para dete\u00e7\u00e3o de inc\u00eandios vai come\u00e7ar a ser instalado na pr\u00f3xima semana em todos [&hellip;]","og_url":"https:\/\/www.altominho.tv\/site\/2020\/07\/28\/incendios-ponte-de-lima-instala-videovigilancia-face-aumento-de-fogos-com-origem-humana\/","og_site_name":"Altominho.tv","article_publisher":"https:\/\/www.facebook.com\/altominhotv","article_published_time":"2020-07-28T16:38:46+00:00","article_modified_time":"2020-07-28T16:40:24+00:00","og_image":[{"width":740,"height":416,"url":"https:\/\/www.altominho.tv\/site\/wp-content\/uploads\/2020\/07\/Meios_aereos_PonteDeLima-740x416-1.jpg","type":"image\/jpeg"}],"author":"Andreia Cunha | Lusa","twitter_card":"summary_large_image","twitter_creator":"@altominhoTV","twitter_site":"@altominhoTV","twitter_misc":{"Escrito por":"Andreia Cunha | Lusa","Tempo estimado de leitura":"3 minutos"},"schema":{"@context":"https:\/\/schema.org","@graph":[{"@type":"Article","@id":"https:\/\/www.altominho.tv\/site\/2020\/07\/28\/incendios-ponte-de-lima-instala-videovigilancia-face-aumento-de-fogos-com-origem-humana\/#article","isPartOf":{"@id":"https:\/\/www.altominho.tv\/site\/2020\/07\/28\/incendios-ponte-de-lima-instala-videovigilancia-face-aumento-de-fogos-com-origem-humana\/"},"author":{"name":"Andreia Cunha | Lusa","@id":"https:\/\/www.altominho.tv\/site\/#\/schema\/person\/dbaf181c01b51ff40c9f461a905d321e"},"headline":"Inc\u00eandios: Ponte de Lima instala videovigil\u00e2ncia face ao aumento de fogos com origem humana","datePublished":"2020-07-28T16:38:46+00:00","dateModified":"2020-07-28T16:40:24+00:00","mainEntityOfPage":{"@id":"https:\/\/www.altominho.tv\/site\/2020\/07\/28\/incendios-ponte-de-lima-instala-videovigilancia-face-aumento-de-fogos-com-origem-humana\/"},"wordCount":543,"image":{"@id":"https:\/\/www.altominho.tv\/site\/2020\/07\/28\/incendios-ponte-de-lima-instala-videovigilancia-face-aumento-de-fogos-com-origem-humana\/#primaryimage"},"thumbnailUrl":"https:\/\/www.altominho.tv\/site\/wp-content\/uploads\/2020\/07\/Meios_aereos_PonteDeLima-740x416-1.jpg","keywords":["Sociedade"],"articleSection":["Ponte de Lima"],"inLanguage":"pt-PT","copyrightYear":"2020","copyrightHolder":{"@id":"https:\/\/www.altominho.tv\/site\/#organization"}},{"@type":"WebPage","@id":"https:\/\/www.altominho.tv\/site\/2020\/07\/28\/incendios-ponte-de-lima-instala-videovigilancia-face-aumento-de-fogos-com-origem-humana\/","url":"https:\/\/www.altominho.tv\/site\/2020\/07\/28\/incendios-ponte-de-lima-instala-videovigilancia-face-aumento-de-fogos-com-origem-humana\/","name":"Inc\u00eandios: Ponte de Lima instala videovigil\u00e2ncia face ao aumento de fogos com origem humana","isPartOf":{"@id":"https:\/\/www.altominho.tv\/site\/#website"},"primaryImageOfPage":{"@id":"https:\/\/www.altominho.tv\/site\/2020\/07\/28\/incendios-ponte-de-lima-instala-videovigilancia-face-aumento-de-fogos-com-origem-humana\/#primaryimage"},"image":{"@id":"https:\/\/www.altominho.tv\/site\/2020\/07\/28\/incendios-ponte-de-lima-instala-videovigilancia-face-aumento-de-fogos-com-origem-humana\/#primaryimage"},"thumbnailUrl":"https:\/\/www.altominho.tv\/site\/wp-content\/uploads\/2020\/07\/Meios_aereos_PonteDeLima-740x416-1.jpg","datePublished":"2020-07-28T16:38:46+00:00","dateModified":"2020-07-28T16:40:24+00:00","author":{"@id":"https:\/\/www.altominho.tv\/site\/#\/schema\/person\/dbaf181c01b51ff40c9f461a905d321e"},"breadcrumb":{"@id":"https:\/\/www.altominho.tv\/site\/2020\/07\/28\/incendios-ponte-de-lima-instala-videovigilancia-face-aumento-de-fogos-com-origem-humana\/#breadcrumb"},"inLanguage":"pt-PT","potentialAction":[{"@type":"ReadAction","target":["https:\/\/www.altominho.tv\/site\/2020\/07\/28\/incendios-ponte-de-lima-instala-videovigilancia-face-aumento-de-fogos-com-origem-humana\/"]}]},{"@type":"ImageObject","inLanguage":"pt-PT","@id":"https:\/\/www.altominho.tv\/site\/2020\/07\/28\/incendios-ponte-de-lima-instala-videovigilancia-face-aumento-de-fogos-com-origem-humana\/#primaryimage","url":"https:\/\/www.altominho.tv\/site\/wp-content\/uploads\/2020\/07\/Meios_aereos_PonteDeLima-740x416-1.jpg","contentUrl":"https:\/\/www.altominho.tv\/site\/wp-content\/uploads\/2020\/07\/Meios_aereos_PonteDeLima-740x416-1.jpg","width":740,"height":416},{"@type":"BreadcrumbList","@id":"https:\/\/www.altominho.tv\/site\/2020\/07\/28\/incendios-ponte-de-lima-instala-videovigilancia-face-aumento-de-fogos-com-origem-humana\/#breadcrumb","itemListElement":[{"@type":"ListItem","position":1,"name":"In\u00edcio","item":"https:\/\/www.altominho.tv\/site\/"},{"@type":"ListItem","position":2,"name":"Inc\u00eandios: Ponte de Lima instala videovigil\u00e2ncia face ao aumento de fogos com origem humana"}]},{"@type":"WebSite","@id":"https:\/\/www.altominho.tv\/site\/#website","url":"https:\/\/www.altominho.tv\/site\/","name":"Altominho.tv","description":"A sua regi\u00e3o \u00e0 dist\u00e2ncia de um clique...","potentialAction":[{"@type":"SearchAction","target":{"@type":"EntryPoint","urlTemplate":"https:\/\/www.altominho.tv\/site\/?s={search_term_string}"},"query-input":{"@type":"PropertyValueSpecification","valueRequired":true,"valueName":"search_term_string"}}],"inLanguage":"pt-PT"},{"@type":"Person","@id":"https:\/\/www.altominho.tv\/site\/#\/schema\/person\/dbaf181c01b51ff40c9f461a905d321e","name":"Andreia Cunha | Lusa","image":{"@type":"ImageObject","inLanguage":"pt-PT","@id":"https:\/\/www.altominho.tv\/site\/wp-content\/uploads\/2017\/11\/Andreia_Cunha-1-150x150.jpg","url":"https:\/\/www.altominho.tv\/site\/wp-content\/uploads\/2017\/11\/Andreia_Cunha-1-150x150.jpg","contentUrl":"https:\/\/www.altominho.tv\/site\/wp-content\/uploads\/2017\/11\/Andreia_Cunha-1-150x150.jpg","caption":"Andreia Cunha | Lusa"},"sameAs":["https:\/\/www.altominho.tv\/site"],"url":"https:\/\/www.altominho.tv\/site\/author\/andreiacunhalusa\/"}]}},"_links":{"self":[{"href":"https:\/\/www.altominho.tv\/site\/wp-json\/wp\/v2\/posts\/49898","targetHints":{"allow":["GET"]}}],"collection":[{"href":"https:\/\/www.altominho.tv\/site\/wp-json\/wp\/v2\/posts"}],"about":[{"href":"https:\/\/www.altominho.tv\/site\/wp-json\/wp\/v2\/types\/post"}],"author":[{"embeddable":true,"href":"https:\/\/www.altominho.tv\/site\/wp-json\/wp\/v2\/users\/16"}],"replies":[{"embeddable":true,"href":"https:\/\/www.altominho.tv\/site\/wp-json\/wp\/v2\/comments?post=49898"}],"version-history":[{"count":0,"href":"https:\/\/www.altominho.tv\/site\/wp-json\/wp\/v2\/posts\/49898\/revisions"}],"wp:featuredmedia":[{"embeddable":true,"href":"https:\/\/www.altominho.tv\/site\/wp-json\/wp\/v2\/media\/49899"}],"wp:attachment":[{"href":"https:\/\/www.altominho.tv\/site\/wp-json\/wp\/v2\/media?parent=49898"}],"wp:term":[{"taxonomy":"category","embeddable":true,"href":"https:\/\/www.altominho.tv\/site\/wp-json\/wp\/v2\/categories?post=49898"},{"taxonomy":"post_tag","embeddable":true,"href":"https:\/\/www.altominho.tv\/site\/wp-json\/wp\/v2\/tags?post=49898"}],"curies":[{"name":"wp","href":"https:\/\/api.w.org\/{rel}","templated":true}]}}