{"id":49893,"date":"2020-07-28T17:29:52","date_gmt":"2020-07-28T16:29:52","guid":{"rendered":"http:\/\/www.altominho.tv\/site\/?p=49893"},"modified":"2020-07-28T17:29:55","modified_gmt":"2020-07-28T16:29:55","slug":"empresarios-de-diversao-lamentam-falta-de-confianca-de-autarquias-do-alto-minho","status":"publish","type":"post","link":"https:\/\/www.altominho.tv\/site\/2020\/07\/28\/empresarios-de-diversao-lamentam-falta-de-confianca-de-autarquias-do-alto-minho\/","title":{"rendered":"Empres\u00e1rios de divers\u00e3o lamentam \u201cfalta de confian\u00e7a\u201d de autarquias do Alto Minho"},"content":{"rendered":"<p>Um grupo de empres\u00e1rios itinerantes de divers\u00e3o lamentou esta ter\u00e7a-feira a &#8220;falta de confian\u00e7a&#8221; das autarquias do distrito de Viana do Castelo no setor, apesar de o Governo ter autorizado o funcionamento de carross\u00e9is ap\u00f3s o confinamento provocado pela pandemia.<\/p>\n<p>&#8220;J\u00e1 abriram parques de divers\u00f5es na Figueira da Foz, Viseu e Lagos. N\u00f3s tamb\u00e9m precisamos de ajuda das c\u00e2maras do distrito de Viana do Castelo. Sentimo-nos tristes por n\u00e3o ter a confian\u00e7a deles [autarcas] e um bocado desanimados por n\u00e3o haver nenhuma medida em concreto&#8221;, afirmou hoje o porta-voz do grupo de empres\u00e1rios, H\u00e9lio Amaral, no final de uma reuni\u00e3o na C\u00e2mara de Viana do Castelo, com o vereador com o pelouro da Promo\u00e7\u00e3o da Sa\u00fade, Ricardo Rego.<\/p>\n<p>Em declara\u00e7\u00f5es \u00e0 ag\u00eancia Lusa, H\u00e9lio Amaral explicou que o encontro resulta de uma s\u00e9rie de audi\u00eancias que o grupo de 45 empres\u00e1rios, de v\u00e1rias zonas do Norte, solicitou \u00e0s c\u00e2maras do distrito de Viana do Castelo para &#8220;alertar&#8221; para as &#8220;dificuldades&#8221; que o setor est\u00e1 a atravessar.<\/p>\n<p>&#8220;Est\u00e3o aqui 45 empres\u00e1rios. Mas podiam ser muitos mais. H\u00e1 colegas que n\u00e3o puderam vir porque n\u00e3o t\u00eam possibilidades. Infelizmente alguns j\u00e1 foram obrigados a roubar o trabalho de outros, como motoristas ou padeiros, para poderem ganhar o seu sustento&#8221;, afirmou.<\/p>\n<p>Contactada pela Lusa, fonte da C\u00e2mara de Viana do Castelo explicou que, &#8220;na cidade, dado o quadro de pandemia de Covid-19, n\u00e3o \u00e9 poss\u00edvel a realiza\u00e7\u00e3o deste tipo de eventos&#8221;. A mesma fonte referiu que o encontro serviu para &#8220;estabelecer uma via de di\u00e1logo no sentido de serem encontradas outras alternativas&#8221;.<\/p>\n<p>No in\u00edcio de julho, contactado pela Lusa a prop\u00f3sito do despacho do Governo que autoriza o funcionamento de carross\u00e9is, o autarca socialista Jos\u00e9 Maria Costa disse que n\u00e3o vai \u201cpermitir, nem autorizar atividades com equipamentos de divers\u00e3o at\u00e9 30 de setembro&#8221;.<\/p>\n<p>&#8220;Neste tempo de incerteza e de imprevisibilidade face ao desconhecimento da evolu\u00e7\u00e3o da Covid-19 e de uma eventual segunda vaga, o munic\u00edpio, num sentido de prud\u00eancia, responsabilidade e respeito pela vida, n\u00e3o vai permitir nem autorizar atividades relativas a equipamentos de divers\u00e3o at\u00e9 30 de setembro&#8221;.<\/p>\n<p>J\u00e1 em maio, os dez munic\u00edpios do distrito de Viana do Castelo, agrupados na Comunidade Intermunicipal (CIM) do Alto Minho, decidiram n\u00e3o v\u00e3o licenciar romarias, festas e eventos similares que decorram at\u00e9 30 setembro, para prevenir a propaga\u00e7\u00e3o da Covid-19.<\/p>\n<p>H\u00e9lio Amaral, propriet\u00e1rio de carross\u00e9is explicou que na reuni\u00e3o foi apresentada uma proposta para a montagem de um miniparque de divers\u00f5es no Campo d&#8217;Agonia, para funcionar durante o m\u00eas agosto, cumprindo todas as normas de seguran\u00e7a&#8221;.<\/p>\n<p>&#8220;A reuni\u00e3o foi boa, mas n\u00e3o foi conclusiva. Merec\u00edamos que confiassem um bocado em n\u00f3s. Acho que n\u00e3o \u00e9 dif\u00edcil. O povo cuida-se e, n\u00f3s queremos cuidar do povo. N\u00f3s tamb\u00e9m cuidamos de n\u00f3s. Eu estou um pouco triste por os presidentes das C\u00e2maras do Minho n\u00e3o estarem a confiar em n\u00f3s. Abram um bocadinho a porta, ajudem-nos um bocadinho. Se o parque n\u00e3o poder funcionar dois meses, funciona 30 dias. Se s\u00f3 podem ser montados cinco ou seis divertimentos, n\u00f3s s\u00f3 montamos esses equipamentos. Se \u00e9 preciso estabelecer hor\u00e1rios, n\u00f3s cumprimos. Cumprimos tudo, mas ficamos desanimados com este jogo do empurra&#8221;, referiu.<\/p>\n<p>O porta-voz dos empres\u00e1rios de divers\u00e3o lamentou que &#8220;os presidentes de C\u00e2mara do Norte estejam t\u00e3o renitentes em ajudar e confiar&#8221; no setor que j\u00e1 come\u00e7ou a trabalhar em Viseu, Figueira da Foz e Lagos. &#8220;Os divertimentos j\u00e1 est\u00e3o a trabalhar lentamente. Os empres\u00e1rios est\u00e3o a cumprir e os visitantes tamb\u00e9m, e est\u00e1 tudo a correr bem. Fico contente com os colegas que est\u00e3o a trabalhar. J\u00e1 est\u00e3o a ganhar o seu dinheiro para pagar a quem lhes emprestou, para comprar p\u00e3o ou ajudar um familiar que esteja a passar necessidades. Aqui assim, n\u00e3o nos conseguimos ajudar uns aos outros&#8221;, acrescentou, garantindo que a mesma situa\u00e7\u00e3o est\u00e1 a acontecer em cidades como Porto, Ovar ou Espinho.<\/p>\n<p>&#8220;Os senhores presidentes de C\u00e2mara que nos ajudem. Acho que merecemos essa confian\u00e7a&#8221;, apelou.<\/p>\n<p>Hoje, al\u00e9m da C\u00e2mara de Viana do Castelo, o grupo de empres\u00e1rios tinha reuni\u00f5es agendadas em Ponte de Lima e Ponte da Barca.<\/p>\n","protected":false},"excerpt":{"rendered":"<p>Um grupo de empres\u00e1rios itinerantes de divers\u00e3o lamentou esta ter\u00e7a-feira a &#8220;falta de confian\u00e7a&#8221; das autarquias do distrito de Viana do Castelo no setor, apesar de o Governo ter autorizado o funcionamento de carross\u00e9is ap\u00f3s o confinamento provocado pela pandemia. &#8220;J\u00e1 abriram parques de divers\u00f5es na Figueira da Foz, Viseu e Lagos. N\u00f3s tamb\u00e9m precisamos [&hellip;]<\/p>\n","protected":false},"author":13,"featured_media":49896,"comment_status":"closed","ping_status":"closed","sticky":false,"template":"","format":"standard","meta":{"_exactmetrics_skip_tracking":false,"_exactmetrics_sitenote_active":false,"_exactmetrics_sitenote_note":"","_exactmetrics_sitenote_category":0,"footnotes":""},"categories":[73],"tags":[24],"class_list":["post-49893","post","type-post","status-publish","format-standard","has-post-thumbnail","hentry","category-alto-minho","tag-lazer"],"yoast_head":"<!-- This site is optimized with the Yoast SEO Premium plugin v27.4 (Yoast SEO v27.4) - https:\/\/yoast.com\/product\/yoast-seo-premium-wordpress\/ -->\n<title>Empres\u00e1rios de divers\u00e3o lamentam \u201cfalta de confian\u00e7a\u201d de autarquias do Alto Minho<\/title>\n<meta name=\"robots\" content=\"index, follow, max-snippet:-1, max-image-preview:large, max-video-preview:-1\" \/>\n<link rel=\"canonical\" href=\"https:\/\/www.altominho.tv\/site\/2020\/07\/28\/empresarios-de-diversao-lamentam-falta-de-confianca-de-autarquias-do-alto-minho\/\" \/>\n<meta property=\"og:locale\" content=\"pt_PT\" \/>\n<meta property=\"og:type\" content=\"article\" \/>\n<meta property=\"og:title\" content=\"Empres\u00e1rios de divers\u00e3o lamentam \u201cfalta de confian\u00e7a\u201d de autarquias do Alto Minho\" \/>\n<meta property=\"og:description\" content=\"Um grupo de empres\u00e1rios itinerantes de divers\u00e3o lamentou esta ter\u00e7a-feira a &#8220;falta de confian\u00e7a&#8221; das autarquias do distrito de Viana do Castelo no setor, apesar de o Governo ter autorizado o funcionamento de carross\u00e9is ap\u00f3s o confinamento provocado pela pandemia. &#8220;J\u00e1 abriram parques de divers\u00f5es na Figueira da Foz, Viseu e Lagos. N\u00f3s tamb\u00e9m precisamos [&hellip;]\" \/>\n<meta property=\"og:url\" content=\"https:\/\/www.altominho.tv\/site\/2020\/07\/28\/empresarios-de-diversao-lamentam-falta-de-confianca-de-autarquias-do-alto-minho\/\" \/>\n<meta property=\"og:site_name\" content=\"Altominho.tv\" \/>\n<meta property=\"article:publisher\" content=\"https:\/\/www.facebook.com\/altominhotv\" \/>\n<meta property=\"article:published_time\" content=\"2020-07-28T16:29:52+00:00\" \/>\n<meta property=\"article:modified_time\" content=\"2020-07-28T16:29:55+00:00\" \/>\n<meta property=\"og:image\" content=\"https:\/\/www.altominho.tv\/site\/wp-content\/uploads\/2020\/07\/year-market-363975_1920.jpg\" \/>\n\t<meta property=\"og:image:width\" content=\"1920\" \/>\n\t<meta property=\"og:image:height\" content=\"972\" \/>\n\t<meta property=\"og:image:type\" content=\"image\/jpeg\" \/>\n<meta name=\"author\" content=\"Lusa\" \/>\n<meta name=\"twitter:card\" content=\"summary_large_image\" \/>\n<meta name=\"twitter:creator\" content=\"@altominhoTV\" \/>\n<meta name=\"twitter:site\" content=\"@altominhoTV\" \/>\n<meta name=\"twitter:label1\" content=\"Escrito por\" \/>\n\t<meta name=\"twitter:data1\" content=\"Lusa\" \/>\n\t<meta name=\"twitter:label2\" content=\"Tempo estimado de leitura\" \/>\n\t<meta name=\"twitter:data2\" content=\"4 minutos\" \/>\n<script type=\"application\/ld+json\" class=\"yoast-schema-graph\">{\"@context\":\"https:\\\/\\\/schema.org\",\"@graph\":[{\"@type\":\"Article\",\"@id\":\"https:\\\/\\\/www.altominho.tv\\\/site\\\/2020\\\/07\\\/28\\\/empresarios-de-diversao-lamentam-falta-de-confianca-de-autarquias-do-alto-minho\\\/#article\",\"isPartOf\":{\"@id\":\"https:\\\/\\\/www.altominho.tv\\\/site\\\/2020\\\/07\\\/28\\\/empresarios-de-diversao-lamentam-falta-de-confianca-de-autarquias-do-alto-minho\\\/\"},\"author\":{\"name\":\"Lusa\",\"@id\":\"https:\\\/\\\/www.altominho.tv\\\/site\\\/#\\\/schema\\\/person\\\/63f693da3e1899361cbe955c46f3232e\"},\"headline\":\"Empres\u00e1rios de divers\u00e3o lamentam \u201cfalta de confian\u00e7a\u201d de autarquias do Alto Minho\",\"datePublished\":\"2020-07-28T16:29:52+00:00\",\"dateModified\":\"2020-07-28T16:29:55+00:00\",\"mainEntityOfPage\":{\"@id\":\"https:\\\/\\\/www.altominho.tv\\\/site\\\/2020\\\/07\\\/28\\\/empresarios-de-diversao-lamentam-falta-de-confianca-de-autarquias-do-alto-minho\\\/\"},\"wordCount\":777,\"image\":{\"@id\":\"https:\\\/\\\/www.altominho.tv\\\/site\\\/2020\\\/07\\\/28\\\/empresarios-de-diversao-lamentam-falta-de-confianca-de-autarquias-do-alto-minho\\\/#primaryimage\"},\"thumbnailUrl\":\"https:\\\/\\\/www.altominho.tv\\\/site\\\/wp-content\\\/uploads\\\/2020\\\/07\\\/year-market-363975_1920.jpg\",\"keywords\":[\"Lazer\"],\"articleSection\":[\"Alto Minho\"],\"inLanguage\":\"pt-PT\",\"copyrightYear\":\"2020\",\"copyrightHolder\":{\"@id\":\"https:\\\/\\\/www.altominho.tv\\\/site\\\/#organization\"}},{\"@type\":\"WebPage\",\"@id\":\"https:\\\/\\\/www.altominho.tv\\\/site\\\/2020\\\/07\\\/28\\\/empresarios-de-diversao-lamentam-falta-de-confianca-de-autarquias-do-alto-minho\\\/\",\"url\":\"https:\\\/\\\/www.altominho.tv\\\/site\\\/2020\\\/07\\\/28\\\/empresarios-de-diversao-lamentam-falta-de-confianca-de-autarquias-do-alto-minho\\\/\",\"name\":\"Empres\u00e1rios de divers\u00e3o lamentam \u201cfalta de confian\u00e7a\u201d de autarquias do Alto Minho\",\"isPartOf\":{\"@id\":\"https:\\\/\\\/www.altominho.tv\\\/site\\\/#website\"},\"primaryImageOfPage\":{\"@id\":\"https:\\\/\\\/www.altominho.tv\\\/site\\\/2020\\\/07\\\/28\\\/empresarios-de-diversao-lamentam-falta-de-confianca-de-autarquias-do-alto-minho\\\/#primaryimage\"},\"image\":{\"@id\":\"https:\\\/\\\/www.altominho.tv\\\/site\\\/2020\\\/07\\\/28\\\/empresarios-de-diversao-lamentam-falta-de-confianca-de-autarquias-do-alto-minho\\\/#primaryimage\"},\"thumbnailUrl\":\"https:\\\/\\\/www.altominho.tv\\\/site\\\/wp-content\\\/uploads\\\/2020\\\/07\\\/year-market-363975_1920.jpg\",\"datePublished\":\"2020-07-28T16:29:52+00:00\",\"dateModified\":\"2020-07-28T16:29:55+00:00\",\"author\":{\"@id\":\"https:\\\/\\\/www.altominho.tv\\\/site\\\/#\\\/schema\\\/person\\\/63f693da3e1899361cbe955c46f3232e\"},\"breadcrumb\":{\"@id\":\"https:\\\/\\\/www.altominho.tv\\\/site\\\/2020\\\/07\\\/28\\\/empresarios-de-diversao-lamentam-falta-de-confianca-de-autarquias-do-alto-minho\\\/#breadcrumb\"},\"inLanguage\":\"pt-PT\",\"potentialAction\":[{\"@type\":\"ReadAction\",\"target\":[\"https:\\\/\\\/www.altominho.tv\\\/site\\\/2020\\\/07\\\/28\\\/empresarios-de-diversao-lamentam-falta-de-confianca-de-autarquias-do-alto-minho\\\/\"]}]},{\"@type\":\"ImageObject\",\"inLanguage\":\"pt-PT\",\"@id\":\"https:\\\/\\\/www.altominho.tv\\\/site\\\/2020\\\/07\\\/28\\\/empresarios-de-diversao-lamentam-falta-de-confianca-de-autarquias-do-alto-minho\\\/#primaryimage\",\"url\":\"https:\\\/\\\/www.altominho.tv\\\/site\\\/wp-content\\\/uploads\\\/2020\\\/07\\\/year-market-363975_1920.jpg\",\"contentUrl\":\"https:\\\/\\\/www.altominho.tv\\\/site\\\/wp-content\\\/uploads\\\/2020\\\/07\\\/year-market-363975_1920.jpg\",\"width\":1920,\"height\":972,\"caption\":\"PIXABAY\"},{\"@type\":\"BreadcrumbList\",\"@id\":\"https:\\\/\\\/www.altominho.tv\\\/site\\\/2020\\\/07\\\/28\\\/empresarios-de-diversao-lamentam-falta-de-confianca-de-autarquias-do-alto-minho\\\/#breadcrumb\",\"itemListElement\":[{\"@type\":\"ListItem\",\"position\":1,\"name\":\"In\u00edcio\",\"item\":\"https:\\\/\\\/www.altominho.tv\\\/site\\\/\"},{\"@type\":\"ListItem\",\"position\":2,\"name\":\"Empres\u00e1rios de divers\u00e3o lamentam \u201cfalta de confian\u00e7a\u201d de autarquias do Alto Minho\"}]},{\"@type\":\"WebSite\",\"@id\":\"https:\\\/\\\/www.altominho.tv\\\/site\\\/#website\",\"url\":\"https:\\\/\\\/www.altominho.tv\\\/site\\\/\",\"name\":\"Altominho.tv\",\"description\":\"A sua regi\u00e3o \u00e0 dist\u00e2ncia de um clique...\",\"potentialAction\":[{\"@type\":\"SearchAction\",\"target\":{\"@type\":\"EntryPoint\",\"urlTemplate\":\"https:\\\/\\\/www.altominho.tv\\\/site\\\/?s={search_term_string}\"},\"query-input\":{\"@type\":\"PropertyValueSpecification\",\"valueRequired\":true,\"valueName\":\"search_term_string\"}}],\"inLanguage\":\"pt-PT\"},{\"@type\":\"Person\",\"@id\":\"https:\\\/\\\/www.altominho.tv\\\/site\\\/#\\\/schema\\\/person\\\/63f693da3e1899361cbe955c46f3232e\",\"name\":\"Lusa\",\"image\":{\"@type\":\"ImageObject\",\"inLanguage\":\"pt-PT\",\"@id\":\"https:\\\/\\\/www.altominho.tv\\\/site\\\/wp-content\\\/uploads\\\/2019\\\/08\\\/LUSA_Logo.gif\",\"url\":\"https:\\\/\\\/www.altominho.tv\\\/site\\\/wp-content\\\/uploads\\\/2019\\\/08\\\/LUSA_Logo.gif\",\"contentUrl\":\"https:\\\/\\\/www.altominho.tv\\\/site\\\/wp-content\\\/uploads\\\/2019\\\/08\\\/LUSA_Logo.gif\",\"caption\":\"Lusa\"},\"sameAs\":[\"http:\\\/\\\/\\\/\\\/www.altominho.tv\\\/site\"],\"url\":\"https:\\\/\\\/www.altominho.tv\\\/site\\\/author\\\/lusa\\\/\"}]}<\/script>\n<!-- \/ Yoast SEO Premium plugin. -->","yoast_head_json":{"title":"Empres\u00e1rios de divers\u00e3o lamentam \u201cfalta de confian\u00e7a\u201d de autarquias do Alto Minho","robots":{"index":"index","follow":"follow","max-snippet":"max-snippet:-1","max-image-preview":"max-image-preview:large","max-video-preview":"max-video-preview:-1"},"canonical":"https:\/\/www.altominho.tv\/site\/2020\/07\/28\/empresarios-de-diversao-lamentam-falta-de-confianca-de-autarquias-do-alto-minho\/","og_locale":"pt_PT","og_type":"article","og_title":"Empres\u00e1rios de divers\u00e3o lamentam \u201cfalta de confian\u00e7a\u201d de autarquias do Alto Minho","og_description":"Um grupo de empres\u00e1rios itinerantes de divers\u00e3o lamentou esta ter\u00e7a-feira a &#8220;falta de confian\u00e7a&#8221; das autarquias do distrito de Viana do Castelo no setor, apesar de o Governo ter autorizado o funcionamento de carross\u00e9is ap\u00f3s o confinamento provocado pela pandemia. &#8220;J\u00e1 abriram parques de divers\u00f5es na Figueira da Foz, Viseu e Lagos. N\u00f3s tamb\u00e9m precisamos [&hellip;]","og_url":"https:\/\/www.altominho.tv\/site\/2020\/07\/28\/empresarios-de-diversao-lamentam-falta-de-confianca-de-autarquias-do-alto-minho\/","og_site_name":"Altominho.tv","article_publisher":"https:\/\/www.facebook.com\/altominhotv","article_published_time":"2020-07-28T16:29:52+00:00","article_modified_time":"2020-07-28T16:29:55+00:00","og_image":[{"width":1920,"height":972,"url":"https:\/\/www.altominho.tv\/site\/wp-content\/uploads\/2020\/07\/year-market-363975_1920.jpg","type":"image\/jpeg"}],"author":"Lusa","twitter_card":"summary_large_image","twitter_creator":"@altominhoTV","twitter_site":"@altominhoTV","twitter_misc":{"Escrito por":"Lusa","Tempo estimado de leitura":"4 minutos"},"schema":{"@context":"https:\/\/schema.org","@graph":[{"@type":"Article","@id":"https:\/\/www.altominho.tv\/site\/2020\/07\/28\/empresarios-de-diversao-lamentam-falta-de-confianca-de-autarquias-do-alto-minho\/#article","isPartOf":{"@id":"https:\/\/www.altominho.tv\/site\/2020\/07\/28\/empresarios-de-diversao-lamentam-falta-de-confianca-de-autarquias-do-alto-minho\/"},"author":{"name":"Lusa","@id":"https:\/\/www.altominho.tv\/site\/#\/schema\/person\/63f693da3e1899361cbe955c46f3232e"},"headline":"Empres\u00e1rios de divers\u00e3o lamentam \u201cfalta de confian\u00e7a\u201d de autarquias do Alto Minho","datePublished":"2020-07-28T16:29:52+00:00","dateModified":"2020-07-28T16:29:55+00:00","mainEntityOfPage":{"@id":"https:\/\/www.altominho.tv\/site\/2020\/07\/28\/empresarios-de-diversao-lamentam-falta-de-confianca-de-autarquias-do-alto-minho\/"},"wordCount":777,"image":{"@id":"https:\/\/www.altominho.tv\/site\/2020\/07\/28\/empresarios-de-diversao-lamentam-falta-de-confianca-de-autarquias-do-alto-minho\/#primaryimage"},"thumbnailUrl":"https:\/\/www.altominho.tv\/site\/wp-content\/uploads\/2020\/07\/year-market-363975_1920.jpg","keywords":["Lazer"],"articleSection":["Alto Minho"],"inLanguage":"pt-PT","copyrightYear":"2020","copyrightHolder":{"@id":"https:\/\/www.altominho.tv\/site\/#organization"}},{"@type":"WebPage","@id":"https:\/\/www.altominho.tv\/site\/2020\/07\/28\/empresarios-de-diversao-lamentam-falta-de-confianca-de-autarquias-do-alto-minho\/","url":"https:\/\/www.altominho.tv\/site\/2020\/07\/28\/empresarios-de-diversao-lamentam-falta-de-confianca-de-autarquias-do-alto-minho\/","name":"Empres\u00e1rios de divers\u00e3o lamentam \u201cfalta de confian\u00e7a\u201d de autarquias do Alto Minho","isPartOf":{"@id":"https:\/\/www.altominho.tv\/site\/#website"},"primaryImageOfPage":{"@id":"https:\/\/www.altominho.tv\/site\/2020\/07\/28\/empresarios-de-diversao-lamentam-falta-de-confianca-de-autarquias-do-alto-minho\/#primaryimage"},"image":{"@id":"https:\/\/www.altominho.tv\/site\/2020\/07\/28\/empresarios-de-diversao-lamentam-falta-de-confianca-de-autarquias-do-alto-minho\/#primaryimage"},"thumbnailUrl":"https:\/\/www.altominho.tv\/site\/wp-content\/uploads\/2020\/07\/year-market-363975_1920.jpg","datePublished":"2020-07-28T16:29:52+00:00","dateModified":"2020-07-28T16:29:55+00:00","author":{"@id":"https:\/\/www.altominho.tv\/site\/#\/schema\/person\/63f693da3e1899361cbe955c46f3232e"},"breadcrumb":{"@id":"https:\/\/www.altominho.tv\/site\/2020\/07\/28\/empresarios-de-diversao-lamentam-falta-de-confianca-de-autarquias-do-alto-minho\/#breadcrumb"},"inLanguage":"pt-PT","potentialAction":[{"@type":"ReadAction","target":["https:\/\/www.altominho.tv\/site\/2020\/07\/28\/empresarios-de-diversao-lamentam-falta-de-confianca-de-autarquias-do-alto-minho\/"]}]},{"@type":"ImageObject","inLanguage":"pt-PT","@id":"https:\/\/www.altominho.tv\/site\/2020\/07\/28\/empresarios-de-diversao-lamentam-falta-de-confianca-de-autarquias-do-alto-minho\/#primaryimage","url":"https:\/\/www.altominho.tv\/site\/wp-content\/uploads\/2020\/07\/year-market-363975_1920.jpg","contentUrl":"https:\/\/www.altominho.tv\/site\/wp-content\/uploads\/2020\/07\/year-market-363975_1920.jpg","width":1920,"height":972,"caption":"PIXABAY"},{"@type":"BreadcrumbList","@id":"https:\/\/www.altominho.tv\/site\/2020\/07\/28\/empresarios-de-diversao-lamentam-falta-de-confianca-de-autarquias-do-alto-minho\/#breadcrumb","itemListElement":[{"@type":"ListItem","position":1,"name":"In\u00edcio","item":"https:\/\/www.altominho.tv\/site\/"},{"@type":"ListItem","position":2,"name":"Empres\u00e1rios de divers\u00e3o lamentam \u201cfalta de confian\u00e7a\u201d de autarquias do Alto Minho"}]},{"@type":"WebSite","@id":"https:\/\/www.altominho.tv\/site\/#website","url":"https:\/\/www.altominho.tv\/site\/","name":"Altominho.tv","description":"A sua regi\u00e3o \u00e0 dist\u00e2ncia de um clique...","potentialAction":[{"@type":"SearchAction","target":{"@type":"EntryPoint","urlTemplate":"https:\/\/www.altominho.tv\/site\/?s={search_term_string}"},"query-input":{"@type":"PropertyValueSpecification","valueRequired":true,"valueName":"search_term_string"}}],"inLanguage":"pt-PT"},{"@type":"Person","@id":"https:\/\/www.altominho.tv\/site\/#\/schema\/person\/63f693da3e1899361cbe955c46f3232e","name":"Lusa","image":{"@type":"ImageObject","inLanguage":"pt-PT","@id":"https:\/\/www.altominho.tv\/site\/wp-content\/uploads\/2019\/08\/LUSA_Logo.gif","url":"https:\/\/www.altominho.tv\/site\/wp-content\/uploads\/2019\/08\/LUSA_Logo.gif","contentUrl":"https:\/\/www.altominho.tv\/site\/wp-content\/uploads\/2019\/08\/LUSA_Logo.gif","caption":"Lusa"},"sameAs":["http:\/\/\/\/www.altominho.tv\/site"],"url":"https:\/\/www.altominho.tv\/site\/author\/lusa\/"}]}},"_links":{"self":[{"href":"https:\/\/www.altominho.tv\/site\/wp-json\/wp\/v2\/posts\/49893","targetHints":{"allow":["GET"]}}],"collection":[{"href":"https:\/\/www.altominho.tv\/site\/wp-json\/wp\/v2\/posts"}],"about":[{"href":"https:\/\/www.altominho.tv\/site\/wp-json\/wp\/v2\/types\/post"}],"author":[{"embeddable":true,"href":"https:\/\/www.altominho.tv\/site\/wp-json\/wp\/v2\/users\/13"}],"replies":[{"embeddable":true,"href":"https:\/\/www.altominho.tv\/site\/wp-json\/wp\/v2\/comments?post=49893"}],"version-history":[{"count":0,"href":"https:\/\/www.altominho.tv\/site\/wp-json\/wp\/v2\/posts\/49893\/revisions"}],"wp:featuredmedia":[{"embeddable":true,"href":"https:\/\/www.altominho.tv\/site\/wp-json\/wp\/v2\/media\/49896"}],"wp:attachment":[{"href":"https:\/\/www.altominho.tv\/site\/wp-json\/wp\/v2\/media?parent=49893"}],"wp:term":[{"taxonomy":"category","embeddable":true,"href":"https:\/\/www.altominho.tv\/site\/wp-json\/wp\/v2\/categories?post=49893"},{"taxonomy":"post_tag","embeddable":true,"href":"https:\/\/www.altominho.tv\/site\/wp-json\/wp\/v2\/tags?post=49893"}],"curies":[{"name":"wp","href":"https:\/\/api.w.org\/{rel}","templated":true}]}}