{"id":49870,"date":"2020-07-28T14:57:29","date_gmt":"2020-07-28T13:57:29","guid":{"rendered":"http:\/\/www.altominho.tv\/site\/?p=49870"},"modified":"2020-07-28T14:57:35","modified_gmt":"2020-07-28T13:57:35","slug":"tecnologia-pioneira-inativa-num-minuto-mais-de-99-do-virus-no-ar","status":"publish","type":"post","link":"https:\/\/www.altominho.tv\/site\/2020\/07\/28\/tecnologia-pioneira-inativa-num-minuto-mais-de-99-do-virus-no-ar\/","title":{"rendered":"Tecnologia pioneira inativa num minuto mais de 99% do v\u00edrus no ar"},"content":{"rendered":"\n<p>Uma tecnologia pioneira, que consegue inativar, num minuto, 99,97% das part\u00edculas de v\u00edrus SARS-CoV-2 no ar \u2013 e que chega aos 100% no espa\u00e7o de cinco minutos \u2013, acaba de ser desenvolvida em Portugal, foi hoje anunciado.<\/p>\n\n\n\n<p>A nova tecnologia no combate \u00e0 covid-19 foi criada no \u00e2mbito de um projeto liderado pelo Campus de Tecnologia e Inova\u00e7\u00e3o da BLC3, em Oliveira do Hospital, em parceria com a Universidade do Minho e as Faculdades de Farm\u00e1cia das universidades de Lisboa e de Coimbra, disse hoje \u00e0 ag\u00eancia Lusa o coordenador da investiga\u00e7\u00e3o, Jo\u00e3o Nunes.<\/p>\n\n\n\n<p>\u201cEm um minuto, de 16.982 part\u00edculas de v\u00edrus SARS-CoV-2, numa amostra apenas cinco part\u00edculas n\u00e3o foram inativadas (\u2018mortas\u2019, no senso comum), o que deu um resultado de 99,97%. E, ao fim de cinco e 15 minutos, obteve-se uma inatividade total, 100%, e sem qualquer varia\u00e7\u00e3o no comportamento do v\u00edrus\u201d, sublinha Jo\u00e3o Nunes.<\/p>\n\n\n\n<p>O ensaio foi efetuado em 27 amostras diferentes, sendo \u201ctodos os resultados validados cientificamente\u201d, acrescenta o investigador e presidente da associa\u00e7\u00e3o BLC3.<\/p>\n\n\n\n<p>Para o trabalho, foi igualmente importante o contributo de m\u00e9dicos do Centro de Sa\u00fade de Oliveira do Hospital, no interior do distrito de Coimbra.<\/p>\n\n\n\n<p>Ao estudarem o comportamento do v\u00edrus, os investigadores conclu\u00edram que \u201cum dos pontos mais fracos [do v\u00edrus], que n\u00e3o conseguiu evoluir ao longo de milhares de anos, foi a resist\u00eancia \u00e0 radia\u00e7\u00e3o solar\u201d, refere Jo\u00e3o Nunes.<\/p>\n\n\n\n<p>A tecnologia agora desenvolvida, denominada AT MicroProtect, baseia-se num \u201cconceito novo de \u2018f\u00edsica inversa\u2019, que integra um sistema de emiss\u00e3o de comprimentos de ondas, de forma controlada e orientada, muito mais eficiente do que a radia\u00e7\u00e3o solar (novo princ\u00edpio da mec\u00e2nica de fluidos aplicado ao escoamento e propaga\u00e7\u00e3o do v\u00edrus em termos a\u00e9reos), com o desenvolvimento de algoritmo matem\u00e1tico e f\u00edsico sobre o comportamento do v\u00edrus\u201d, explicita.<\/p>\n\n\n\n<p>O equipamento n\u00e3o recorre ao uso de qu\u00edmicos e apenas precisa de energia el\u00e9trica.<\/p>\n\n\n\n<p>\u201cUma das formas mais perigosas e menos control\u00e1veis\u201d de o v\u00edrus que est\u00e1 na origem da pandemia da covid-19 (SARS-CoV-2) se transmitir entre as pessoas \u00e9 pelo ar.<\/p>\n\n\n\n<p>A tecnologia deve, assim, sustenta Jo\u00e3o Nunes, ser aplicada prioritariamente na prote\u00e7\u00e3o dos profissionais do setor da sa\u00fade, nos meios de transportes a\u00e9reos e terrestres e no interior de edif\u00edcios ocupados por um elevado n\u00famero de pessoas, como aeroportos e centros comerciais ou lares de idosos.<\/p>\n\n\n\n<p>Mas \u201ctamb\u00e9m \u00e9 poss\u00edvel aplicar \u00e0 hotelaria e restaura\u00e7\u00e3o e outros locais com o problema de qualidade do ar interior\u201d, destaca ainda o cientista, adiantando que tamb\u00e9m foram desenvolvidos \u201cum sistema e c\u00e2mara de prote\u00e7\u00e3o entre profissionais de sa\u00fade e utentes\u201d, e um modelo de cria\u00e7\u00e3o de \u201czonas de antec\u00e2mara nos hospitais para a realiza\u00e7\u00e3o mais segura do processo de tiragem\u201d.<\/p>\n\n\n\n<p>O projeto j\u00e1 est\u00e1, entretanto, a avan\u00e7ar na aplica\u00e7\u00e3o da tecnologia a outros v\u00edrus e bact\u00e9rias multirresistentes.<\/p>\n\n\n\n<p>A Organiza\u00e7\u00e3o Mundial de Sa\u00fade alertou recentemente para os perigos da transmiss\u00e3o por via a\u00e9rea do novo coronav\u00edrus, mas isso, frisa, j\u00e1 faz parte da preocupa\u00e7\u00e3o do cons\u00f3rcio liderado pela BLC3 \u201cdesde o in\u00edcio da pandemia\u201d \u2013 o projeto AT MicroProtect nasceu em 14 de mar\u00e7o.<\/p>\n\n\n\n<p>Em tr\u00eas semanas, foi desenvolvido o conhecimento e tecnologia, tendo sido depois necess\u00e1rio algum tempo para aceder a estirpes do v\u00edrus SARS-CoV-2 isoladas e certificadas, para validar cientificamente todo o processo, relata Jo\u00e3o Nunes.<\/p>\n\n\n\n<p>Para isso, foi muito importante o apoio do laborat\u00f3rio norte-americano que tamb\u00e9m fornece amostras de v\u00edrus para o desenvolvimento de vacinas a n\u00edvel mundial.<\/p>\n\n\n\n<p>O cons\u00f3rcio teve acesso a uma estirpe isolada de Hong Kong (in\u00edcio da pandemia), outra dos EUA (fase final) e uma terceira de It\u00e1lia (fase interm\u00e9dia), esta em colabora\u00e7\u00e3o com uma universidade deste pa\u00eds.<\/p>\n\n\n\n<p>\u201cO v\u00edrus por si s\u00f3 n\u00e3o tem intelig\u00eancia e n\u00f3s, os humanos, temos intelig\u00eancia e conhecimento e estas s\u00e3o as melhores armas que podemos usar contra ele\u201d, afirma Jo\u00e3o Nunes, defendendo que \u201cn\u00e3o se pode esperar s\u00f3 por uma resposta de vacinas e medicamentos perante uma situa\u00e7\u00e3o de v\u00edrus a\u00e9reos&#8221;.<\/p>\n\n\n\n<p>Os resultados comerciais da tecnologia ser\u00e3o \u201caplicados para a investiga\u00e7\u00e3o\u201d, acrescenta.<\/p>\n\n\n\n<p>\u201cTemos de aprender a estar preparados de outra forma, temos de ganhar capacidade r\u00e1pida de agir\u201d, tanto mais que \u201cainda n\u00e3o \u00e9 certo quando existir\u00e1 vacina\u201d, real\u00e7a o investigador, apontando este trabalho como um exemplo no setor da sa\u00fade em formato multidisciplinar (envolveu conhecimento das \u00e1reas da engenharia mec\u00e2nica, da f\u00edsica, da microbiologia e da virologia).<\/p>\n\n\n\n<p>\u201cHoje, temos um conhecimento cient\u00edfico de base muito aprofundado sobre o comportamento deste v\u00edrus\u201d, que permitir\u00e1, destaca Jo\u00e3o Nunes, \u201co desenvolvimento de mais tecnologia e conhecimento e expandir aplica\u00e7\u00e3o a outros v\u00edrus e bact\u00e9rias alvo de interesse para a seguran\u00e7a e sa\u00fade p\u00fablica\u201d.<\/p>\n","protected":false},"excerpt":{"rendered":"<p>Uma tecnologia pioneira, que consegue inativar, num minuto, 99,97% das part\u00edculas de v\u00edrus SARS-CoV-2 no ar \u2013 e que chega aos 100% no espa\u00e7o de cinco minutos \u2013, acaba de ser desenvolvida em Portugal, foi hoje anunciado. A nova tecnologia no combate \u00e0 covid-19 foi criada no \u00e2mbito de um projeto liderado pelo Campus de [&hellip;]<\/p>\n","protected":false},"author":16,"featured_media":49871,"comment_status":"closed","ping_status":"closed","sticky":false,"template":"","format":"standard","meta":{"_exactmetrics_skip_tracking":false,"_exactmetrics_sitenote_active":false,"_exactmetrics_sitenote_note":"","_exactmetrics_sitenote_category":0,"footnotes":""},"categories":[42722],"tags":[26,27],"class_list":["post-49870","post","type-post","status-publish","format-standard","has-post-thumbnail","hentry","category-covid-19","tag-saude","tag-sociedade"],"yoast_head":"<!-- This site is optimized with the Yoast SEO Premium plugin v27.4 (Yoast SEO v27.4) - https:\/\/yoast.com\/product\/yoast-seo-premium-wordpress\/ -->\n<title>Tecnologia pioneira inativa num minuto mais de 99% do v\u00edrus no ar<\/title>\n<meta name=\"robots\" content=\"index, follow, max-snippet:-1, max-image-preview:large, max-video-preview:-1\" \/>\n<link rel=\"canonical\" href=\"https:\/\/www.altominho.tv\/site\/2020\/07\/28\/tecnologia-pioneira-inativa-num-minuto-mais-de-99-do-virus-no-ar\/\" \/>\n<meta property=\"og:locale\" content=\"pt_PT\" \/>\n<meta property=\"og:type\" content=\"article\" \/>\n<meta property=\"og:title\" content=\"Tecnologia pioneira inativa num minuto mais de 99% do v\u00edrus no ar\" \/>\n<meta property=\"og:description\" content=\"Uma tecnologia pioneira, que consegue inativar, num minuto, 99,97% das part\u00edculas de v\u00edrus SARS-CoV-2 no ar \u2013 e que chega aos 100% no espa\u00e7o de cinco minutos \u2013, acaba de ser desenvolvida em Portugal, foi hoje anunciado. A nova tecnologia no combate \u00e0 covid-19 foi criada no \u00e2mbito de um projeto liderado pelo Campus de [&hellip;]\" \/>\n<meta property=\"og:url\" content=\"https:\/\/www.altominho.tv\/site\/2020\/07\/28\/tecnologia-pioneira-inativa-num-minuto-mais-de-99-do-virus-no-ar\/\" \/>\n<meta property=\"og:site_name\" content=\"Altominho.tv\" \/>\n<meta property=\"article:publisher\" content=\"https:\/\/www.facebook.com\/altominhotv\" \/>\n<meta property=\"article:published_time\" content=\"2020-07-28T13:57:29+00:00\" \/>\n<meta property=\"article:modified_time\" content=\"2020-07-28T13:57:35+00:00\" \/>\n<meta property=\"og:image\" content=\"https:\/\/www.altominho.tv\/site\/wp-content\/uploads\/2020\/07\/coronavirus-new.jpg\" \/>\n\t<meta property=\"og:image:width\" content=\"1320\" \/>\n\t<meta property=\"og:image:height\" content=\"742\" \/>\n\t<meta property=\"og:image:type\" content=\"image\/jpeg\" \/>\n<meta name=\"author\" content=\"Andreia Cunha | Lusa\" \/>\n<meta name=\"twitter:card\" content=\"summary_large_image\" \/>\n<meta name=\"twitter:creator\" content=\"@altominhoTV\" \/>\n<meta name=\"twitter:site\" content=\"@altominhoTV\" \/>\n<meta name=\"twitter:label1\" content=\"Escrito por\" \/>\n\t<meta name=\"twitter:data1\" content=\"Andreia Cunha | Lusa\" \/>\n\t<meta name=\"twitter:label2\" content=\"Tempo estimado de leitura\" \/>\n\t<meta name=\"twitter:data2\" content=\"4 minutos\" \/>\n<script type=\"application\/ld+json\" class=\"yoast-schema-graph\">{\"@context\":\"https:\\\/\\\/schema.org\",\"@graph\":[{\"@type\":\"Article\",\"@id\":\"https:\\\/\\\/www.altominho.tv\\\/site\\\/2020\\\/07\\\/28\\\/tecnologia-pioneira-inativa-num-minuto-mais-de-99-do-virus-no-ar\\\/#article\",\"isPartOf\":{\"@id\":\"https:\\\/\\\/www.altominho.tv\\\/site\\\/2020\\\/07\\\/28\\\/tecnologia-pioneira-inativa-num-minuto-mais-de-99-do-virus-no-ar\\\/\"},\"author\":{\"name\":\"Andreia Cunha | Lusa\",\"@id\":\"https:\\\/\\\/www.altominho.tv\\\/site\\\/#\\\/schema\\\/person\\\/dbaf181c01b51ff40c9f461a905d321e\"},\"headline\":\"Tecnologia pioneira inativa num minuto mais de 99% do v\u00edrus no ar\",\"datePublished\":\"2020-07-28T13:57:29+00:00\",\"dateModified\":\"2020-07-28T13:57:35+00:00\",\"mainEntityOfPage\":{\"@id\":\"https:\\\/\\\/www.altominho.tv\\\/site\\\/2020\\\/07\\\/28\\\/tecnologia-pioneira-inativa-num-minuto-mais-de-99-do-virus-no-ar\\\/\"},\"wordCount\":865,\"image\":{\"@id\":\"https:\\\/\\\/www.altominho.tv\\\/site\\\/2020\\\/07\\\/28\\\/tecnologia-pioneira-inativa-num-minuto-mais-de-99-do-virus-no-ar\\\/#primaryimage\"},\"thumbnailUrl\":\"https:\\\/\\\/www.altominho.tv\\\/site\\\/wp-content\\\/uploads\\\/2020\\\/07\\\/coronavirus-new.jpg\",\"keywords\":[\"Sa\u00fade\",\"Sociedade\"],\"articleSection\":[\"Coronav\u00edrus\"],\"inLanguage\":\"pt-PT\",\"copyrightYear\":\"2020\",\"copyrightHolder\":{\"@id\":\"https:\\\/\\\/www.altominho.tv\\\/site\\\/#organization\"}},{\"@type\":\"WebPage\",\"@id\":\"https:\\\/\\\/www.altominho.tv\\\/site\\\/2020\\\/07\\\/28\\\/tecnologia-pioneira-inativa-num-minuto-mais-de-99-do-virus-no-ar\\\/\",\"url\":\"https:\\\/\\\/www.altominho.tv\\\/site\\\/2020\\\/07\\\/28\\\/tecnologia-pioneira-inativa-num-minuto-mais-de-99-do-virus-no-ar\\\/\",\"name\":\"Tecnologia pioneira inativa num minuto mais de 99% do v\u00edrus no ar\",\"isPartOf\":{\"@id\":\"https:\\\/\\\/www.altominho.tv\\\/site\\\/#website\"},\"primaryImageOfPage\":{\"@id\":\"https:\\\/\\\/www.altominho.tv\\\/site\\\/2020\\\/07\\\/28\\\/tecnologia-pioneira-inativa-num-minuto-mais-de-99-do-virus-no-ar\\\/#primaryimage\"},\"image\":{\"@id\":\"https:\\\/\\\/www.altominho.tv\\\/site\\\/2020\\\/07\\\/28\\\/tecnologia-pioneira-inativa-num-minuto-mais-de-99-do-virus-no-ar\\\/#primaryimage\"},\"thumbnailUrl\":\"https:\\\/\\\/www.altominho.tv\\\/site\\\/wp-content\\\/uploads\\\/2020\\\/07\\\/coronavirus-new.jpg\",\"datePublished\":\"2020-07-28T13:57:29+00:00\",\"dateModified\":\"2020-07-28T13:57:35+00:00\",\"author\":{\"@id\":\"https:\\\/\\\/www.altominho.tv\\\/site\\\/#\\\/schema\\\/person\\\/dbaf181c01b51ff40c9f461a905d321e\"},\"breadcrumb\":{\"@id\":\"https:\\\/\\\/www.altominho.tv\\\/site\\\/2020\\\/07\\\/28\\\/tecnologia-pioneira-inativa-num-minuto-mais-de-99-do-virus-no-ar\\\/#breadcrumb\"},\"inLanguage\":\"pt-PT\",\"potentialAction\":[{\"@type\":\"ReadAction\",\"target\":[\"https:\\\/\\\/www.altominho.tv\\\/site\\\/2020\\\/07\\\/28\\\/tecnologia-pioneira-inativa-num-minuto-mais-de-99-do-virus-no-ar\\\/\"]}]},{\"@type\":\"ImageObject\",\"inLanguage\":\"pt-PT\",\"@id\":\"https:\\\/\\\/www.altominho.tv\\\/site\\\/2020\\\/07\\\/28\\\/tecnologia-pioneira-inativa-num-minuto-mais-de-99-do-virus-no-ar\\\/#primaryimage\",\"url\":\"https:\\\/\\\/www.altominho.tv\\\/site\\\/wp-content\\\/uploads\\\/2020\\\/07\\\/coronavirus-new.jpg\",\"contentUrl\":\"https:\\\/\\\/www.altominho.tv\\\/site\\\/wp-content\\\/uploads\\\/2020\\\/07\\\/coronavirus-new.jpg\",\"width\":1320,\"height\":742},{\"@type\":\"BreadcrumbList\",\"@id\":\"https:\\\/\\\/www.altominho.tv\\\/site\\\/2020\\\/07\\\/28\\\/tecnologia-pioneira-inativa-num-minuto-mais-de-99-do-virus-no-ar\\\/#breadcrumb\",\"itemListElement\":[{\"@type\":\"ListItem\",\"position\":1,\"name\":\"In\u00edcio\",\"item\":\"https:\\\/\\\/www.altominho.tv\\\/site\\\/\"},{\"@type\":\"ListItem\",\"position\":2,\"name\":\"Tecnologia pioneira inativa num minuto mais de 99% do v\u00edrus no ar\"}]},{\"@type\":\"WebSite\",\"@id\":\"https:\\\/\\\/www.altominho.tv\\\/site\\\/#website\",\"url\":\"https:\\\/\\\/www.altominho.tv\\\/site\\\/\",\"name\":\"Altominho.tv\",\"description\":\"A sua regi\u00e3o \u00e0 dist\u00e2ncia de um clique...\",\"potentialAction\":[{\"@type\":\"SearchAction\",\"target\":{\"@type\":\"EntryPoint\",\"urlTemplate\":\"https:\\\/\\\/www.altominho.tv\\\/site\\\/?s={search_term_string}\"},\"query-input\":{\"@type\":\"PropertyValueSpecification\",\"valueRequired\":true,\"valueName\":\"search_term_string\"}}],\"inLanguage\":\"pt-PT\"},{\"@type\":\"Person\",\"@id\":\"https:\\\/\\\/www.altominho.tv\\\/site\\\/#\\\/schema\\\/person\\\/dbaf181c01b51ff40c9f461a905d321e\",\"name\":\"Andreia Cunha | Lusa\",\"image\":{\"@type\":\"ImageObject\",\"inLanguage\":\"pt-PT\",\"@id\":\"https:\\\/\\\/www.altominho.tv\\\/site\\\/wp-content\\\/uploads\\\/2017\\\/11\\\/Andreia_Cunha-1-150x150.jpg\",\"url\":\"https:\\\/\\\/www.altominho.tv\\\/site\\\/wp-content\\\/uploads\\\/2017\\\/11\\\/Andreia_Cunha-1-150x150.jpg\",\"contentUrl\":\"https:\\\/\\\/www.altominho.tv\\\/site\\\/wp-content\\\/uploads\\\/2017\\\/11\\\/Andreia_Cunha-1-150x150.jpg\",\"caption\":\"Andreia Cunha | Lusa\"},\"sameAs\":[\"https:\\\/\\\/www.altominho.tv\\\/site\"],\"url\":\"https:\\\/\\\/www.altominho.tv\\\/site\\\/author\\\/andreiacunhalusa\\\/\"}]}<\/script>\n<!-- \/ Yoast SEO Premium plugin. -->","yoast_head_json":{"title":"Tecnologia pioneira inativa num minuto mais de 99% do v\u00edrus no ar","robots":{"index":"index","follow":"follow","max-snippet":"max-snippet:-1","max-image-preview":"max-image-preview:large","max-video-preview":"max-video-preview:-1"},"canonical":"https:\/\/www.altominho.tv\/site\/2020\/07\/28\/tecnologia-pioneira-inativa-num-minuto-mais-de-99-do-virus-no-ar\/","og_locale":"pt_PT","og_type":"article","og_title":"Tecnologia pioneira inativa num minuto mais de 99% do v\u00edrus no ar","og_description":"Uma tecnologia pioneira, que consegue inativar, num minuto, 99,97% das part\u00edculas de v\u00edrus SARS-CoV-2 no ar \u2013 e que chega aos 100% no espa\u00e7o de cinco minutos \u2013, acaba de ser desenvolvida em Portugal, foi hoje anunciado. A nova tecnologia no combate \u00e0 covid-19 foi criada no \u00e2mbito de um projeto liderado pelo Campus de [&hellip;]","og_url":"https:\/\/www.altominho.tv\/site\/2020\/07\/28\/tecnologia-pioneira-inativa-num-minuto-mais-de-99-do-virus-no-ar\/","og_site_name":"Altominho.tv","article_publisher":"https:\/\/www.facebook.com\/altominhotv","article_published_time":"2020-07-28T13:57:29+00:00","article_modified_time":"2020-07-28T13:57:35+00:00","og_image":[{"width":1320,"height":742,"url":"https:\/\/www.altominho.tv\/site\/wp-content\/uploads\/2020\/07\/coronavirus-new.jpg","type":"image\/jpeg"}],"author":"Andreia Cunha | Lusa","twitter_card":"summary_large_image","twitter_creator":"@altominhoTV","twitter_site":"@altominhoTV","twitter_misc":{"Escrito por":"Andreia Cunha | Lusa","Tempo estimado de leitura":"4 minutos"},"schema":{"@context":"https:\/\/schema.org","@graph":[{"@type":"Article","@id":"https:\/\/www.altominho.tv\/site\/2020\/07\/28\/tecnologia-pioneira-inativa-num-minuto-mais-de-99-do-virus-no-ar\/#article","isPartOf":{"@id":"https:\/\/www.altominho.tv\/site\/2020\/07\/28\/tecnologia-pioneira-inativa-num-minuto-mais-de-99-do-virus-no-ar\/"},"author":{"name":"Andreia Cunha | Lusa","@id":"https:\/\/www.altominho.tv\/site\/#\/schema\/person\/dbaf181c01b51ff40c9f461a905d321e"},"headline":"Tecnologia pioneira inativa num minuto mais de 99% do v\u00edrus no ar","datePublished":"2020-07-28T13:57:29+00:00","dateModified":"2020-07-28T13:57:35+00:00","mainEntityOfPage":{"@id":"https:\/\/www.altominho.tv\/site\/2020\/07\/28\/tecnologia-pioneira-inativa-num-minuto-mais-de-99-do-virus-no-ar\/"},"wordCount":865,"image":{"@id":"https:\/\/www.altominho.tv\/site\/2020\/07\/28\/tecnologia-pioneira-inativa-num-minuto-mais-de-99-do-virus-no-ar\/#primaryimage"},"thumbnailUrl":"https:\/\/www.altominho.tv\/site\/wp-content\/uploads\/2020\/07\/coronavirus-new.jpg","keywords":["Sa\u00fade","Sociedade"],"articleSection":["Coronav\u00edrus"],"inLanguage":"pt-PT","copyrightYear":"2020","copyrightHolder":{"@id":"https:\/\/www.altominho.tv\/site\/#organization"}},{"@type":"WebPage","@id":"https:\/\/www.altominho.tv\/site\/2020\/07\/28\/tecnologia-pioneira-inativa-num-minuto-mais-de-99-do-virus-no-ar\/","url":"https:\/\/www.altominho.tv\/site\/2020\/07\/28\/tecnologia-pioneira-inativa-num-minuto-mais-de-99-do-virus-no-ar\/","name":"Tecnologia pioneira inativa num minuto mais de 99% do v\u00edrus no ar","isPartOf":{"@id":"https:\/\/www.altominho.tv\/site\/#website"},"primaryImageOfPage":{"@id":"https:\/\/www.altominho.tv\/site\/2020\/07\/28\/tecnologia-pioneira-inativa-num-minuto-mais-de-99-do-virus-no-ar\/#primaryimage"},"image":{"@id":"https:\/\/www.altominho.tv\/site\/2020\/07\/28\/tecnologia-pioneira-inativa-num-minuto-mais-de-99-do-virus-no-ar\/#primaryimage"},"thumbnailUrl":"https:\/\/www.altominho.tv\/site\/wp-content\/uploads\/2020\/07\/coronavirus-new.jpg","datePublished":"2020-07-28T13:57:29+00:00","dateModified":"2020-07-28T13:57:35+00:00","author":{"@id":"https:\/\/www.altominho.tv\/site\/#\/schema\/person\/dbaf181c01b51ff40c9f461a905d321e"},"breadcrumb":{"@id":"https:\/\/www.altominho.tv\/site\/2020\/07\/28\/tecnologia-pioneira-inativa-num-minuto-mais-de-99-do-virus-no-ar\/#breadcrumb"},"inLanguage":"pt-PT","potentialAction":[{"@type":"ReadAction","target":["https:\/\/www.altominho.tv\/site\/2020\/07\/28\/tecnologia-pioneira-inativa-num-minuto-mais-de-99-do-virus-no-ar\/"]}]},{"@type":"ImageObject","inLanguage":"pt-PT","@id":"https:\/\/www.altominho.tv\/site\/2020\/07\/28\/tecnologia-pioneira-inativa-num-minuto-mais-de-99-do-virus-no-ar\/#primaryimage","url":"https:\/\/www.altominho.tv\/site\/wp-content\/uploads\/2020\/07\/coronavirus-new.jpg","contentUrl":"https:\/\/www.altominho.tv\/site\/wp-content\/uploads\/2020\/07\/coronavirus-new.jpg","width":1320,"height":742},{"@type":"BreadcrumbList","@id":"https:\/\/www.altominho.tv\/site\/2020\/07\/28\/tecnologia-pioneira-inativa-num-minuto-mais-de-99-do-virus-no-ar\/#breadcrumb","itemListElement":[{"@type":"ListItem","position":1,"name":"In\u00edcio","item":"https:\/\/www.altominho.tv\/site\/"},{"@type":"ListItem","position":2,"name":"Tecnologia pioneira inativa num minuto mais de 99% do v\u00edrus no ar"}]},{"@type":"WebSite","@id":"https:\/\/www.altominho.tv\/site\/#website","url":"https:\/\/www.altominho.tv\/site\/","name":"Altominho.tv","description":"A sua regi\u00e3o \u00e0 dist\u00e2ncia de um clique...","potentialAction":[{"@type":"SearchAction","target":{"@type":"EntryPoint","urlTemplate":"https:\/\/www.altominho.tv\/site\/?s={search_term_string}"},"query-input":{"@type":"PropertyValueSpecification","valueRequired":true,"valueName":"search_term_string"}}],"inLanguage":"pt-PT"},{"@type":"Person","@id":"https:\/\/www.altominho.tv\/site\/#\/schema\/person\/dbaf181c01b51ff40c9f461a905d321e","name":"Andreia Cunha | Lusa","image":{"@type":"ImageObject","inLanguage":"pt-PT","@id":"https:\/\/www.altominho.tv\/site\/wp-content\/uploads\/2017\/11\/Andreia_Cunha-1-150x150.jpg","url":"https:\/\/www.altominho.tv\/site\/wp-content\/uploads\/2017\/11\/Andreia_Cunha-1-150x150.jpg","contentUrl":"https:\/\/www.altominho.tv\/site\/wp-content\/uploads\/2017\/11\/Andreia_Cunha-1-150x150.jpg","caption":"Andreia Cunha | Lusa"},"sameAs":["https:\/\/www.altominho.tv\/site"],"url":"https:\/\/www.altominho.tv\/site\/author\/andreiacunhalusa\/"}]}},"_links":{"self":[{"href":"https:\/\/www.altominho.tv\/site\/wp-json\/wp\/v2\/posts\/49870","targetHints":{"allow":["GET"]}}],"collection":[{"href":"https:\/\/www.altominho.tv\/site\/wp-json\/wp\/v2\/posts"}],"about":[{"href":"https:\/\/www.altominho.tv\/site\/wp-json\/wp\/v2\/types\/post"}],"author":[{"embeddable":true,"href":"https:\/\/www.altominho.tv\/site\/wp-json\/wp\/v2\/users\/16"}],"replies":[{"embeddable":true,"href":"https:\/\/www.altominho.tv\/site\/wp-json\/wp\/v2\/comments?post=49870"}],"version-history":[{"count":0,"href":"https:\/\/www.altominho.tv\/site\/wp-json\/wp\/v2\/posts\/49870\/revisions"}],"wp:featuredmedia":[{"embeddable":true,"href":"https:\/\/www.altominho.tv\/site\/wp-json\/wp\/v2\/media\/49871"}],"wp:attachment":[{"href":"https:\/\/www.altominho.tv\/site\/wp-json\/wp\/v2\/media?parent=49870"}],"wp:term":[{"taxonomy":"category","embeddable":true,"href":"https:\/\/www.altominho.tv\/site\/wp-json\/wp\/v2\/categories?post=49870"},{"taxonomy":"post_tag","embeddable":true,"href":"https:\/\/www.altominho.tv\/site\/wp-json\/wp\/v2\/tags?post=49870"}],"curies":[{"name":"wp","href":"https:\/\/api.w.org\/{rel}","templated":true}]}}