{"id":49840,"date":"2020-07-28T10:51:18","date_gmt":"2020-07-28T09:51:18","guid":{"rendered":"http:\/\/www.altominho.tv\/site\/?p=49840"},"modified":"2020-07-28T10:51:22","modified_gmt":"2020-07-28T09:51:22","slug":"ponte-de-lima-investe-cerca-de-200-mil-euros-nos-transportes-publicos-e-escolares","status":"publish","type":"post","link":"https:\/\/www.altominho.tv\/site\/2020\/07\/28\/ponte-de-lima-investe-cerca-de-200-mil-euros-nos-transportes-publicos-e-escolares\/","title":{"rendered":"Ponte de Lima investe cerca de 200 mil euros nos transportes p\u00fablicos e escolares"},"content":{"rendered":"<p>O munic\u00edpio de Ponte de Lima anunciou que vai assegurar a gratuitidade do transporte escolar para todos os alunos do ensino secund\u00e1rio e garantir 40% de desconto na aquisi\u00e7\u00e3o de passes sociais, no \u00e2mbito do PART &#8211; Programa de Apoio \u00e0 Redu\u00e7\u00e3o Tarif\u00e1ria nos Transportes P\u00fablicos.<\/p>\n<p>Em comunicado, a autarquia adianta que, na sequ\u00eancia da proposta levada a reuni\u00e3o pelo presidente da C\u00e2mara Municipal de Ponte de Lima, Victor Mendes, o executivo municipal deliberou, por unanimidade, a aprova\u00e7\u00e3o de um conjunto de medidas e protocolos a celebrar com os operadores de transportes.<\/p>\n<p>Entre os meses de setembro e dezembro, o munic\u00edpio vai &#8220;comparticipar em 100% o custo do passe a todos os alunos do ensino secund\u00e1rio para o ano letivo 2020\/2021, desde que os mesmos n\u00e3o sejam objeto de comparticipa\u00e7\u00f5es ou bolsas, por frequ\u00eancia de cursos que sejam financiados e comparticipem este tipo de transporte&#8221;. Esta medida, de acordo com a estimativa da autarquia, implica uma comparticipa\u00e7\u00e3o complementar para 2020 no valor de 35.834,22 euros, dos quais 10% ser\u00e3o assumidos pelo munic\u00edpio e 90% pelo PART.<\/p>\n<p>O executivo aprovou ainda a proposta de 40% de desconto na aquisi\u00e7\u00e3o de passes sociais com origem em Ponte de Lima (munic\u00edpio de resid\u00eancia e\/ou habita\u00e7\u00e3o, ou em casos devidamente justificados, o munic\u00edpio do local de origem da primeira viagem do dia), independentemente do destino. Esta medida implica uma comparticipa\u00e7\u00e3o no valor de 25 mil euros, dos quais 10% ser\u00e3o assumidos pelo munic\u00edpio e 90% pelo PART, para o per\u00edodo de agosto a dezembro de 2020. Este pedido deve ser feito mediante requerimento apresentado diretamente ao munic\u00edpio de Ponte de Lima que, por sua vez, comunicar\u00e1 ao operador os casos aos quais tenha sido atribu\u00eddo o benef\u00edcio.<\/p>\n<p>Na nota enviada \u00e0 imprensa, a autarquia avan\u00e7a ainda que vai &#8220;assumir compensa\u00e7\u00f5es decorrentes da situa\u00e7\u00e3o epidemiol\u00f3gica que motivou a declara\u00e7\u00e3o do estado de emerg\u00eancia, de forma a permitir a reativa\u00e7\u00e3o das carreiras, garantindo os Servi\u00e7os M\u00ednimos Essenciais&#8221;, at\u00e9 ao dia 11 de setembro. O valor global da medida \u00e9 de 145.920,58 euros, dos quais 10% ser\u00e3o assumidos pelo munic\u00edpio e 90% pelo PART.<\/p>\n","protected":false},"excerpt":{"rendered":"<p>O munic\u00edpio de Ponte de Lima anunciou que vai assegurar a gratuitidade do transporte escolar para todos os alunos do ensino secund\u00e1rio e garantir 40% de desconto na aquisi\u00e7\u00e3o de passes sociais, no \u00e2mbito do PART &#8211; Programa de Apoio \u00e0 Redu\u00e7\u00e3o Tarif\u00e1ria nos Transportes P\u00fablicos. Em comunicado, a autarquia adianta que, na sequ\u00eancia da [&hellip;]<\/p>\n","protected":false},"author":12,"featured_media":49841,"comment_status":"closed","ping_status":"closed","sticky":false,"template":"","format":"standard","meta":{"_exactmetrics_skip_tracking":false,"_exactmetrics_sitenote_active":false,"_exactmetrics_sitenote_note":"","_exactmetrics_sitenote_category":0,"footnotes":""},"categories":[12],"tags":[21],"class_list":["post-49840","post","type-post","status-publish","format-standard","has-post-thumbnail","hentry","category-ponte-de-lima","tag-economia"],"yoast_head":"<!-- This site is optimized with the Yoast SEO Premium plugin v27.4 (Yoast SEO v27.4) - https:\/\/yoast.com\/product\/yoast-seo-premium-wordpress\/ -->\n<title>Ponte de Lima investe cerca de 200 mil euros nos transportes p\u00fablicos e escolares<\/title>\n<meta name=\"robots\" content=\"index, follow, max-snippet:-1, max-image-preview:large, max-video-preview:-1\" \/>\n<link rel=\"canonical\" href=\"https:\/\/www.altominho.tv\/site\/2020\/07\/28\/ponte-de-lima-investe-cerca-de-200-mil-euros-nos-transportes-publicos-e-escolares\/\" \/>\n<meta property=\"og:locale\" content=\"pt_PT\" \/>\n<meta property=\"og:type\" content=\"article\" \/>\n<meta property=\"og:title\" content=\"Ponte de Lima investe cerca de 200 mil euros nos transportes p\u00fablicos e escolares\" \/>\n<meta property=\"og:description\" content=\"O munic\u00edpio de Ponte de Lima anunciou que vai assegurar a gratuitidade do transporte escolar para todos os alunos do ensino secund\u00e1rio e garantir 40% de desconto na aquisi\u00e7\u00e3o de passes sociais, no \u00e2mbito do PART &#8211; Programa de Apoio \u00e0 Redu\u00e7\u00e3o Tarif\u00e1ria nos Transportes P\u00fablicos. Em comunicado, a autarquia adianta que, na sequ\u00eancia da [&hellip;]\" \/>\n<meta property=\"og:url\" content=\"https:\/\/www.altominho.tv\/site\/2020\/07\/28\/ponte-de-lima-investe-cerca-de-200-mil-euros-nos-transportes-publicos-e-escolares\/\" \/>\n<meta property=\"og:site_name\" content=\"Altominho.tv\" \/>\n<meta property=\"article:publisher\" content=\"https:\/\/www.facebook.com\/altominhotv\" \/>\n<meta property=\"article:published_time\" content=\"2020-07-28T09:51:18+00:00\" \/>\n<meta property=\"article:modified_time\" content=\"2020-07-28T09:51:22+00:00\" \/>\n<meta property=\"og:image\" content=\"https:\/\/www.altominho.tv\/site\/wp-content\/uploads\/2020\/07\/Transportes-Autocarro-Pixabay.jpg\" \/>\n\t<meta property=\"og:image:width\" content=\"1920\" \/>\n\t<meta property=\"og:image:height\" content=\"1285\" \/>\n\t<meta property=\"og:image:type\" content=\"image\/jpeg\" \/>\n<meta name=\"author\" content=\"Andreia Ferreira\" \/>\n<meta name=\"twitter:card\" content=\"summary_large_image\" \/>\n<meta name=\"twitter:creator\" content=\"@altominhoTV\" \/>\n<meta name=\"twitter:site\" content=\"@altominhoTV\" \/>\n<meta name=\"twitter:label1\" content=\"Escrito por\" \/>\n\t<meta name=\"twitter:data1\" content=\"Andreia Ferreira\" \/>\n\t<meta name=\"twitter:label2\" content=\"Tempo estimado de leitura\" \/>\n\t<meta name=\"twitter:data2\" content=\"2 minutos\" \/>\n<script type=\"application\/ld+json\" class=\"yoast-schema-graph\">{\"@context\":\"https:\\\/\\\/schema.org\",\"@graph\":[{\"@type\":\"Article\",\"@id\":\"https:\\\/\\\/www.altominho.tv\\\/site\\\/2020\\\/07\\\/28\\\/ponte-de-lima-investe-cerca-de-200-mil-euros-nos-transportes-publicos-e-escolares\\\/#article\",\"isPartOf\":{\"@id\":\"https:\\\/\\\/www.altominho.tv\\\/site\\\/2020\\\/07\\\/28\\\/ponte-de-lima-investe-cerca-de-200-mil-euros-nos-transportes-publicos-e-escolares\\\/\"},\"author\":{\"name\":\"Andreia Ferreira\",\"@id\":\"https:\\\/\\\/www.altominho.tv\\\/site\\\/#\\\/schema\\\/person\\\/d9be4265364723f14ea8e0d56a1d38cd\"},\"headline\":\"Ponte de Lima investe cerca de 200 mil euros nos transportes p\u00fablicos e escolares\",\"datePublished\":\"2020-07-28T09:51:18+00:00\",\"dateModified\":\"2020-07-28T09:51:22+00:00\",\"mainEntityOfPage\":{\"@id\":\"https:\\\/\\\/www.altominho.tv\\\/site\\\/2020\\\/07\\\/28\\\/ponte-de-lima-investe-cerca-de-200-mil-euros-nos-transportes-publicos-e-escolares\\\/\"},\"wordCount\":384,\"image\":{\"@id\":\"https:\\\/\\\/www.altominho.tv\\\/site\\\/2020\\\/07\\\/28\\\/ponte-de-lima-investe-cerca-de-200-mil-euros-nos-transportes-publicos-e-escolares\\\/#primaryimage\"},\"thumbnailUrl\":\"https:\\\/\\\/www.altominho.tv\\\/site\\\/wp-content\\\/uploads\\\/2020\\\/07\\\/Transportes-Autocarro-Pixabay.jpg\",\"keywords\":[\"Economia\"],\"articleSection\":[\"Ponte de Lima\"],\"inLanguage\":\"pt-PT\",\"copyrightYear\":\"2020\",\"copyrightHolder\":{\"@id\":\"https:\\\/\\\/www.altominho.tv\\\/site\\\/#organization\"}},{\"@type\":\"WebPage\",\"@id\":\"https:\\\/\\\/www.altominho.tv\\\/site\\\/2020\\\/07\\\/28\\\/ponte-de-lima-investe-cerca-de-200-mil-euros-nos-transportes-publicos-e-escolares\\\/\",\"url\":\"https:\\\/\\\/www.altominho.tv\\\/site\\\/2020\\\/07\\\/28\\\/ponte-de-lima-investe-cerca-de-200-mil-euros-nos-transportes-publicos-e-escolares\\\/\",\"name\":\"Ponte de Lima investe cerca de 200 mil euros nos transportes p\u00fablicos e escolares\",\"isPartOf\":{\"@id\":\"https:\\\/\\\/www.altominho.tv\\\/site\\\/#website\"},\"primaryImageOfPage\":{\"@id\":\"https:\\\/\\\/www.altominho.tv\\\/site\\\/2020\\\/07\\\/28\\\/ponte-de-lima-investe-cerca-de-200-mil-euros-nos-transportes-publicos-e-escolares\\\/#primaryimage\"},\"image\":{\"@id\":\"https:\\\/\\\/www.altominho.tv\\\/site\\\/2020\\\/07\\\/28\\\/ponte-de-lima-investe-cerca-de-200-mil-euros-nos-transportes-publicos-e-escolares\\\/#primaryimage\"},\"thumbnailUrl\":\"https:\\\/\\\/www.altominho.tv\\\/site\\\/wp-content\\\/uploads\\\/2020\\\/07\\\/Transportes-Autocarro-Pixabay.jpg\",\"datePublished\":\"2020-07-28T09:51:18+00:00\",\"dateModified\":\"2020-07-28T09:51:22+00:00\",\"author\":{\"@id\":\"https:\\\/\\\/www.altominho.tv\\\/site\\\/#\\\/schema\\\/person\\\/d9be4265364723f14ea8e0d56a1d38cd\"},\"breadcrumb\":{\"@id\":\"https:\\\/\\\/www.altominho.tv\\\/site\\\/2020\\\/07\\\/28\\\/ponte-de-lima-investe-cerca-de-200-mil-euros-nos-transportes-publicos-e-escolares\\\/#breadcrumb\"},\"inLanguage\":\"pt-PT\",\"potentialAction\":[{\"@type\":\"ReadAction\",\"target\":[\"https:\\\/\\\/www.altominho.tv\\\/site\\\/2020\\\/07\\\/28\\\/ponte-de-lima-investe-cerca-de-200-mil-euros-nos-transportes-publicos-e-escolares\\\/\"]}]},{\"@type\":\"ImageObject\",\"inLanguage\":\"pt-PT\",\"@id\":\"https:\\\/\\\/www.altominho.tv\\\/site\\\/2020\\\/07\\\/28\\\/ponte-de-lima-investe-cerca-de-200-mil-euros-nos-transportes-publicos-e-escolares\\\/#primaryimage\",\"url\":\"https:\\\/\\\/www.altominho.tv\\\/site\\\/wp-content\\\/uploads\\\/2020\\\/07\\\/Transportes-Autocarro-Pixabay.jpg\",\"contentUrl\":\"https:\\\/\\\/www.altominho.tv\\\/site\\\/wp-content\\\/uploads\\\/2020\\\/07\\\/Transportes-Autocarro-Pixabay.jpg\",\"width\":1920,\"height\":1285},{\"@type\":\"BreadcrumbList\",\"@id\":\"https:\\\/\\\/www.altominho.tv\\\/site\\\/2020\\\/07\\\/28\\\/ponte-de-lima-investe-cerca-de-200-mil-euros-nos-transportes-publicos-e-escolares\\\/#breadcrumb\",\"itemListElement\":[{\"@type\":\"ListItem\",\"position\":1,\"name\":\"In\u00edcio\",\"item\":\"https:\\\/\\\/www.altominho.tv\\\/site\\\/\"},{\"@type\":\"ListItem\",\"position\":2,\"name\":\"Ponte de Lima investe cerca de 200 mil euros nos transportes p\u00fablicos e escolares\"}]},{\"@type\":\"WebSite\",\"@id\":\"https:\\\/\\\/www.altominho.tv\\\/site\\\/#website\",\"url\":\"https:\\\/\\\/www.altominho.tv\\\/site\\\/\",\"name\":\"Altominho.tv\",\"description\":\"A sua regi\u00e3o \u00e0 dist\u00e2ncia de um clique...\",\"potentialAction\":[{\"@type\":\"SearchAction\",\"target\":{\"@type\":\"EntryPoint\",\"urlTemplate\":\"https:\\\/\\\/www.altominho.tv\\\/site\\\/?s={search_term_string}\"},\"query-input\":{\"@type\":\"PropertyValueSpecification\",\"valueRequired\":true,\"valueName\":\"search_term_string\"}}],\"inLanguage\":\"pt-PT\"},{\"@type\":\"Person\",\"@id\":\"https:\\\/\\\/www.altominho.tv\\\/site\\\/#\\\/schema\\\/person\\\/d9be4265364723f14ea8e0d56a1d38cd\",\"name\":\"Andreia Ferreira\",\"image\":{\"@type\":\"ImageObject\",\"inLanguage\":\"pt-PT\",\"@id\":\"https:\\\/\\\/www.altominho.tv\\\/site\\\/wp-content\\\/uploads\\\/2021\\\/01\\\/AndreiaFerreira-150x150.jpg\",\"url\":\"https:\\\/\\\/www.altominho.tv\\\/site\\\/wp-content\\\/uploads\\\/2021\\\/01\\\/AndreiaFerreira-150x150.jpg\",\"contentUrl\":\"https:\\\/\\\/www.altominho.tv\\\/site\\\/wp-content\\\/uploads\\\/2021\\\/01\\\/AndreiaFerreira-150x150.jpg\",\"caption\":\"Andreia Ferreira\"},\"url\":\"https:\\\/\\\/www.altominho.tv\\\/site\\\/author\\\/andreiaferreira\\\/\"}]}<\/script>\n<!-- \/ Yoast SEO Premium plugin. -->","yoast_head_json":{"title":"Ponte de Lima investe cerca de 200 mil euros nos transportes p\u00fablicos e escolares","robots":{"index":"index","follow":"follow","max-snippet":"max-snippet:-1","max-image-preview":"max-image-preview:large","max-video-preview":"max-video-preview:-1"},"canonical":"https:\/\/www.altominho.tv\/site\/2020\/07\/28\/ponte-de-lima-investe-cerca-de-200-mil-euros-nos-transportes-publicos-e-escolares\/","og_locale":"pt_PT","og_type":"article","og_title":"Ponte de Lima investe cerca de 200 mil euros nos transportes p\u00fablicos e escolares","og_description":"O munic\u00edpio de Ponte de Lima anunciou que vai assegurar a gratuitidade do transporte escolar para todos os alunos do ensino secund\u00e1rio e garantir 40% de desconto na aquisi\u00e7\u00e3o de passes sociais, no \u00e2mbito do PART &#8211; Programa de Apoio \u00e0 Redu\u00e7\u00e3o Tarif\u00e1ria nos Transportes P\u00fablicos. Em comunicado, a autarquia adianta que, na sequ\u00eancia da [&hellip;]","og_url":"https:\/\/www.altominho.tv\/site\/2020\/07\/28\/ponte-de-lima-investe-cerca-de-200-mil-euros-nos-transportes-publicos-e-escolares\/","og_site_name":"Altominho.tv","article_publisher":"https:\/\/www.facebook.com\/altominhotv","article_published_time":"2020-07-28T09:51:18+00:00","article_modified_time":"2020-07-28T09:51:22+00:00","og_image":[{"width":1920,"height":1285,"url":"https:\/\/www.altominho.tv\/site\/wp-content\/uploads\/2020\/07\/Transportes-Autocarro-Pixabay.jpg","type":"image\/jpeg"}],"author":"Andreia Ferreira","twitter_card":"summary_large_image","twitter_creator":"@altominhoTV","twitter_site":"@altominhoTV","twitter_misc":{"Escrito por":"Andreia Ferreira","Tempo estimado de leitura":"2 minutos"},"schema":{"@context":"https:\/\/schema.org","@graph":[{"@type":"Article","@id":"https:\/\/www.altominho.tv\/site\/2020\/07\/28\/ponte-de-lima-investe-cerca-de-200-mil-euros-nos-transportes-publicos-e-escolares\/#article","isPartOf":{"@id":"https:\/\/www.altominho.tv\/site\/2020\/07\/28\/ponte-de-lima-investe-cerca-de-200-mil-euros-nos-transportes-publicos-e-escolares\/"},"author":{"name":"Andreia Ferreira","@id":"https:\/\/www.altominho.tv\/site\/#\/schema\/person\/d9be4265364723f14ea8e0d56a1d38cd"},"headline":"Ponte de Lima investe cerca de 200 mil euros nos transportes p\u00fablicos e escolares","datePublished":"2020-07-28T09:51:18+00:00","dateModified":"2020-07-28T09:51:22+00:00","mainEntityOfPage":{"@id":"https:\/\/www.altominho.tv\/site\/2020\/07\/28\/ponte-de-lima-investe-cerca-de-200-mil-euros-nos-transportes-publicos-e-escolares\/"},"wordCount":384,"image":{"@id":"https:\/\/www.altominho.tv\/site\/2020\/07\/28\/ponte-de-lima-investe-cerca-de-200-mil-euros-nos-transportes-publicos-e-escolares\/#primaryimage"},"thumbnailUrl":"https:\/\/www.altominho.tv\/site\/wp-content\/uploads\/2020\/07\/Transportes-Autocarro-Pixabay.jpg","keywords":["Economia"],"articleSection":["Ponte de Lima"],"inLanguage":"pt-PT","copyrightYear":"2020","copyrightHolder":{"@id":"https:\/\/www.altominho.tv\/site\/#organization"}},{"@type":"WebPage","@id":"https:\/\/www.altominho.tv\/site\/2020\/07\/28\/ponte-de-lima-investe-cerca-de-200-mil-euros-nos-transportes-publicos-e-escolares\/","url":"https:\/\/www.altominho.tv\/site\/2020\/07\/28\/ponte-de-lima-investe-cerca-de-200-mil-euros-nos-transportes-publicos-e-escolares\/","name":"Ponte de Lima investe cerca de 200 mil euros nos transportes p\u00fablicos e escolares","isPartOf":{"@id":"https:\/\/www.altominho.tv\/site\/#website"},"primaryImageOfPage":{"@id":"https:\/\/www.altominho.tv\/site\/2020\/07\/28\/ponte-de-lima-investe-cerca-de-200-mil-euros-nos-transportes-publicos-e-escolares\/#primaryimage"},"image":{"@id":"https:\/\/www.altominho.tv\/site\/2020\/07\/28\/ponte-de-lima-investe-cerca-de-200-mil-euros-nos-transportes-publicos-e-escolares\/#primaryimage"},"thumbnailUrl":"https:\/\/www.altominho.tv\/site\/wp-content\/uploads\/2020\/07\/Transportes-Autocarro-Pixabay.jpg","datePublished":"2020-07-28T09:51:18+00:00","dateModified":"2020-07-28T09:51:22+00:00","author":{"@id":"https:\/\/www.altominho.tv\/site\/#\/schema\/person\/d9be4265364723f14ea8e0d56a1d38cd"},"breadcrumb":{"@id":"https:\/\/www.altominho.tv\/site\/2020\/07\/28\/ponte-de-lima-investe-cerca-de-200-mil-euros-nos-transportes-publicos-e-escolares\/#breadcrumb"},"inLanguage":"pt-PT","potentialAction":[{"@type":"ReadAction","target":["https:\/\/www.altominho.tv\/site\/2020\/07\/28\/ponte-de-lima-investe-cerca-de-200-mil-euros-nos-transportes-publicos-e-escolares\/"]}]},{"@type":"ImageObject","inLanguage":"pt-PT","@id":"https:\/\/www.altominho.tv\/site\/2020\/07\/28\/ponte-de-lima-investe-cerca-de-200-mil-euros-nos-transportes-publicos-e-escolares\/#primaryimage","url":"https:\/\/www.altominho.tv\/site\/wp-content\/uploads\/2020\/07\/Transportes-Autocarro-Pixabay.jpg","contentUrl":"https:\/\/www.altominho.tv\/site\/wp-content\/uploads\/2020\/07\/Transportes-Autocarro-Pixabay.jpg","width":1920,"height":1285},{"@type":"BreadcrumbList","@id":"https:\/\/www.altominho.tv\/site\/2020\/07\/28\/ponte-de-lima-investe-cerca-de-200-mil-euros-nos-transportes-publicos-e-escolares\/#breadcrumb","itemListElement":[{"@type":"ListItem","position":1,"name":"In\u00edcio","item":"https:\/\/www.altominho.tv\/site\/"},{"@type":"ListItem","position":2,"name":"Ponte de Lima investe cerca de 200 mil euros nos transportes p\u00fablicos e escolares"}]},{"@type":"WebSite","@id":"https:\/\/www.altominho.tv\/site\/#website","url":"https:\/\/www.altominho.tv\/site\/","name":"Altominho.tv","description":"A sua regi\u00e3o \u00e0 dist\u00e2ncia de um clique...","potentialAction":[{"@type":"SearchAction","target":{"@type":"EntryPoint","urlTemplate":"https:\/\/www.altominho.tv\/site\/?s={search_term_string}"},"query-input":{"@type":"PropertyValueSpecification","valueRequired":true,"valueName":"search_term_string"}}],"inLanguage":"pt-PT"},{"@type":"Person","@id":"https:\/\/www.altominho.tv\/site\/#\/schema\/person\/d9be4265364723f14ea8e0d56a1d38cd","name":"Andreia Ferreira","image":{"@type":"ImageObject","inLanguage":"pt-PT","@id":"https:\/\/www.altominho.tv\/site\/wp-content\/uploads\/2021\/01\/AndreiaFerreira-150x150.jpg","url":"https:\/\/www.altominho.tv\/site\/wp-content\/uploads\/2021\/01\/AndreiaFerreira-150x150.jpg","contentUrl":"https:\/\/www.altominho.tv\/site\/wp-content\/uploads\/2021\/01\/AndreiaFerreira-150x150.jpg","caption":"Andreia Ferreira"},"url":"https:\/\/www.altominho.tv\/site\/author\/andreiaferreira\/"}]}},"_links":{"self":[{"href":"https:\/\/www.altominho.tv\/site\/wp-json\/wp\/v2\/posts\/49840","targetHints":{"allow":["GET"]}}],"collection":[{"href":"https:\/\/www.altominho.tv\/site\/wp-json\/wp\/v2\/posts"}],"about":[{"href":"https:\/\/www.altominho.tv\/site\/wp-json\/wp\/v2\/types\/post"}],"author":[{"embeddable":true,"href":"https:\/\/www.altominho.tv\/site\/wp-json\/wp\/v2\/users\/12"}],"replies":[{"embeddable":true,"href":"https:\/\/www.altominho.tv\/site\/wp-json\/wp\/v2\/comments?post=49840"}],"version-history":[{"count":0,"href":"https:\/\/www.altominho.tv\/site\/wp-json\/wp\/v2\/posts\/49840\/revisions"}],"wp:featuredmedia":[{"embeddable":true,"href":"https:\/\/www.altominho.tv\/site\/wp-json\/wp\/v2\/media\/49841"}],"wp:attachment":[{"href":"https:\/\/www.altominho.tv\/site\/wp-json\/wp\/v2\/media?parent=49840"}],"wp:term":[{"taxonomy":"category","embeddable":true,"href":"https:\/\/www.altominho.tv\/site\/wp-json\/wp\/v2\/categories?post=49840"},{"taxonomy":"post_tag","embeddable":true,"href":"https:\/\/www.altominho.tv\/site\/wp-json\/wp\/v2\/tags?post=49840"}],"curies":[{"name":"wp","href":"https:\/\/api.w.org\/{rel}","templated":true}]}}