{"id":49831,"date":"2020-07-28T09:25:17","date_gmt":"2020-07-28T08:25:17","guid":{"rendered":"http:\/\/www.altominho.tv\/site\/?p=49831"},"modified":"2020-07-28T09:25:21","modified_gmt":"2020-07-28T08:25:21","slug":"alto-minho-em-risco-muito-elevado-de-incendio","status":"publish","type":"post","link":"https:\/\/www.altominho.tv\/site\/2020\/07\/28\/alto-minho-em-risco-muito-elevado-de-incendio\/","title":{"rendered":"Alto Minho em risco muito elevado de inc\u00eandio"},"content":{"rendered":"<p>O risco de inc\u00eandio \u00e9 esta ter\u00e7a-feira m\u00e1ximo em cerca de 50 concelhos do interior Norte e Centro e no Algarve, muito elevado em mais de uma centena de outros munic\u00edpios, num dia em que se prev\u00ea uma pequena descida da temperatura.<\/p>\n<p>Em risco m\u00e1ximo est\u00e3o cinco dezenas de concelhos dos distritos de Bragan\u00e7a, Guarda, Viseu, Castelo Branco, Portalegre, Santar\u00e9m e Faro. J\u00e1 em risco muito elevado de inc\u00eandio est\u00e3o mais de uma centena de munic\u00edpios nos mesmos distritos, aos quais se juntam os de Viana do Castelo, Braga, Porto, Aveiro, Leiria, Lisboa, Set\u00fabal e Beja.<\/p>\n<p>Em risco elevado est\u00e1 o restante territ\u00f3rio de Portugal continental. Cerca de quatro dezenas de concelhos que se situam sobretudo no litoral Norte, Centro e Sul, que apresentam risco moderado a reduzido.<\/p>\n<p>Portugal continental est\u00e1 ainda em situa\u00e7\u00e3o de alerta devido \u00e0s condi\u00e7\u00f5es meteorol\u00f3gicas, uma condi\u00e7\u00e3o que se prolonga at\u00e9 \u00e0s 23h59 desta ter\u00e7a-feira.<\/p>\n<p>No \u00e2mbito da declara\u00e7\u00e3o da situa\u00e7\u00e3o de alerta, prevista na Lei de Bases de Prote\u00e7\u00e3o Civil, ser\u00e3o implementadas v\u00e1rias medidas, entre elas a \u201cproibi\u00e7\u00e3o do acesso, circula\u00e7\u00e3o e perman\u00eancia no interior dos espa\u00e7os florestais previamente definidos nos Planos Municipais de Defesa da Floresta Contra Inc\u00eandios, bem como nos caminhos florestais, caminhos rurais e outras vias que os atravessem\u201d, entre outras.<\/p>\n<p>Para esta ter\u00e7a-feira, o IPMA prev\u00ea uma pequena descida da temperatura m\u00e1xima, exceto no sotavento algarvio, onde dever\u00e1 subir, c\u00e9u nublado at\u00e9 meio da manh\u00e3 e vento por vezes forte no litoral oeste e nas terras altas.<\/p>\n<p>No distrito de Viana do Castelo, as temperaturas m\u00e1ximas dever\u00e3o variar entre os 27.\u00ba (Viana do Castelo) e os 36.\u00ba (Mon\u00e7\u00e3o) e as m\u00ednimas entre os 16.\u00ba e os 18.\u00ba.<\/p>\n","protected":false},"excerpt":{"rendered":"<p>O risco de inc\u00eandio \u00e9 esta ter\u00e7a-feira m\u00e1ximo em cerca de 50 concelhos do interior Norte e Centro e no Algarve, muito elevado em mais de uma centena de outros munic\u00edpios, num dia em que se prev\u00ea uma pequena descida da temperatura. Em risco m\u00e1ximo est\u00e3o cinco dezenas de concelhos dos distritos de Bragan\u00e7a, Guarda, [&hellip;]<\/p>\n","protected":false},"author":15,"featured_media":49188,"comment_status":"closed","ping_status":"closed","sticky":false,"template":"","format":"standard","meta":{"_exactmetrics_skip_tracking":false,"_exactmetrics_sitenote_active":false,"_exactmetrics_sitenote_note":"","_exactmetrics_sitenote_category":0,"footnotes":""},"categories":[73],"tags":[27],"class_list":["post-49831","post","type-post","status-publish","format-standard","has-post-thumbnail","hentry","category-alto-minho","tag-sociedade"],"yoast_head":"<!-- This site is optimized with the Yoast SEO Premium plugin v27.4 (Yoast SEO v27.4) - https:\/\/yoast.com\/product\/yoast-seo-premium-wordpress\/ -->\n<title>Alto Minho em risco muito elevado de inc\u00eandio<\/title>\n<meta name=\"robots\" content=\"index, follow, max-snippet:-1, max-image-preview:large, max-video-preview:-1\" \/>\n<link rel=\"canonical\" href=\"https:\/\/www.altominho.tv\/site\/2020\/07\/28\/alto-minho-em-risco-muito-elevado-de-incendio\/\" \/>\n<meta property=\"og:locale\" content=\"pt_PT\" \/>\n<meta property=\"og:type\" content=\"article\" \/>\n<meta property=\"og:title\" content=\"Alto Minho em risco muito elevado de inc\u00eandio\" \/>\n<meta property=\"og:description\" content=\"O risco de inc\u00eandio \u00e9 esta ter\u00e7a-feira m\u00e1ximo em cerca de 50 concelhos do interior Norte e Centro e no Algarve, muito elevado em mais de uma centena de outros munic\u00edpios, num dia em que se prev\u00ea uma pequena descida da temperatura. Em risco m\u00e1ximo est\u00e3o cinco dezenas de concelhos dos distritos de Bragan\u00e7a, Guarda, [&hellip;]\" \/>\n<meta property=\"og:url\" content=\"https:\/\/www.altominho.tv\/site\/2020\/07\/28\/alto-minho-em-risco-muito-elevado-de-incendio\/\" \/>\n<meta property=\"og:site_name\" content=\"Altominho.tv\" \/>\n<meta property=\"article:publisher\" content=\"https:\/\/www.facebook.com\/altominhotv\" \/>\n<meta property=\"article:published_time\" content=\"2020-07-28T08:25:17+00:00\" \/>\n<meta property=\"article:modified_time\" content=\"2020-07-28T08:25:21+00:00\" \/>\n<meta property=\"og:image\" content=\"https:\/\/www.altominho.tv\/site\/wp-content\/uploads\/2020\/07\/forest-fire-3694495_1920.jpg\" \/>\n\t<meta property=\"og:image:width\" content=\"1920\" \/>\n\t<meta property=\"og:image:height\" content=\"1279\" \/>\n\t<meta property=\"og:image:type\" content=\"image\/jpeg\" \/>\n<meta name=\"author\" content=\"Andreia Ferreira | Lusa\" \/>\n<meta name=\"twitter:card\" content=\"summary_large_image\" \/>\n<meta name=\"twitter:creator\" content=\"@altominhoTV\" \/>\n<meta name=\"twitter:site\" content=\"@altominhoTV\" \/>\n<meta name=\"twitter:label1\" content=\"Escrito por\" \/>\n\t<meta name=\"twitter:data1\" content=\"Andreia Ferreira | Lusa\" \/>\n\t<meta name=\"twitter:label2\" content=\"Tempo estimado de leitura\" \/>\n\t<meta name=\"twitter:data2\" content=\"2 minutos\" \/>\n<script type=\"application\/ld+json\" class=\"yoast-schema-graph\">{\"@context\":\"https:\\\/\\\/schema.org\",\"@graph\":[{\"@type\":\"Article\",\"@id\":\"https:\\\/\\\/www.altominho.tv\\\/site\\\/2020\\\/07\\\/28\\\/alto-minho-em-risco-muito-elevado-de-incendio\\\/#article\",\"isPartOf\":{\"@id\":\"https:\\\/\\\/www.altominho.tv\\\/site\\\/2020\\\/07\\\/28\\\/alto-minho-em-risco-muito-elevado-de-incendio\\\/\"},\"author\":{\"name\":\"Andreia Ferreira | Lusa\",\"@id\":\"https:\\\/\\\/www.altominho.tv\\\/site\\\/#\\\/schema\\\/person\\\/a0bff6dc1041aadd46fa81887444b017\"},\"headline\":\"Alto Minho em risco muito elevado de inc\u00eandio\",\"datePublished\":\"2020-07-28T08:25:17+00:00\",\"dateModified\":\"2020-07-28T08:25:21+00:00\",\"mainEntityOfPage\":{\"@id\":\"https:\\\/\\\/www.altominho.tv\\\/site\\\/2020\\\/07\\\/28\\\/alto-minho-em-risco-muito-elevado-de-incendio\\\/\"},\"wordCount\":315,\"image\":{\"@id\":\"https:\\\/\\\/www.altominho.tv\\\/site\\\/2020\\\/07\\\/28\\\/alto-minho-em-risco-muito-elevado-de-incendio\\\/#primaryimage\"},\"thumbnailUrl\":\"https:\\\/\\\/www.altominho.tv\\\/site\\\/wp-content\\\/uploads\\\/2020\\\/07\\\/forest-fire-3694495_1920.jpg\",\"keywords\":[\"Sociedade\"],\"articleSection\":[\"Alto Minho\"],\"inLanguage\":\"pt-PT\",\"copyrightYear\":\"2020\",\"copyrightHolder\":{\"@id\":\"https:\\\/\\\/www.altominho.tv\\\/site\\\/#organization\"}},{\"@type\":\"WebPage\",\"@id\":\"https:\\\/\\\/www.altominho.tv\\\/site\\\/2020\\\/07\\\/28\\\/alto-minho-em-risco-muito-elevado-de-incendio\\\/\",\"url\":\"https:\\\/\\\/www.altominho.tv\\\/site\\\/2020\\\/07\\\/28\\\/alto-minho-em-risco-muito-elevado-de-incendio\\\/\",\"name\":\"Alto Minho em risco muito elevado de inc\u00eandio\",\"isPartOf\":{\"@id\":\"https:\\\/\\\/www.altominho.tv\\\/site\\\/#website\"},\"primaryImageOfPage\":{\"@id\":\"https:\\\/\\\/www.altominho.tv\\\/site\\\/2020\\\/07\\\/28\\\/alto-minho-em-risco-muito-elevado-de-incendio\\\/#primaryimage\"},\"image\":{\"@id\":\"https:\\\/\\\/www.altominho.tv\\\/site\\\/2020\\\/07\\\/28\\\/alto-minho-em-risco-muito-elevado-de-incendio\\\/#primaryimage\"},\"thumbnailUrl\":\"https:\\\/\\\/www.altominho.tv\\\/site\\\/wp-content\\\/uploads\\\/2020\\\/07\\\/forest-fire-3694495_1920.jpg\",\"datePublished\":\"2020-07-28T08:25:17+00:00\",\"dateModified\":\"2020-07-28T08:25:21+00:00\",\"author\":{\"@id\":\"https:\\\/\\\/www.altominho.tv\\\/site\\\/#\\\/schema\\\/person\\\/a0bff6dc1041aadd46fa81887444b017\"},\"breadcrumb\":{\"@id\":\"https:\\\/\\\/www.altominho.tv\\\/site\\\/2020\\\/07\\\/28\\\/alto-minho-em-risco-muito-elevado-de-incendio\\\/#breadcrumb\"},\"inLanguage\":\"pt-PT\",\"potentialAction\":[{\"@type\":\"ReadAction\",\"target\":[\"https:\\\/\\\/www.altominho.tv\\\/site\\\/2020\\\/07\\\/28\\\/alto-minho-em-risco-muito-elevado-de-incendio\\\/\"]}]},{\"@type\":\"ImageObject\",\"inLanguage\":\"pt-PT\",\"@id\":\"https:\\\/\\\/www.altominho.tv\\\/site\\\/2020\\\/07\\\/28\\\/alto-minho-em-risco-muito-elevado-de-incendio\\\/#primaryimage\",\"url\":\"https:\\\/\\\/www.altominho.tv\\\/site\\\/wp-content\\\/uploads\\\/2020\\\/07\\\/forest-fire-3694495_1920.jpg\",\"contentUrl\":\"https:\\\/\\\/www.altominho.tv\\\/site\\\/wp-content\\\/uploads\\\/2020\\\/07\\\/forest-fire-3694495_1920.jpg\",\"width\":1920,\"height\":1279,\"caption\":\"PIXABAY\"},{\"@type\":\"BreadcrumbList\",\"@id\":\"https:\\\/\\\/www.altominho.tv\\\/site\\\/2020\\\/07\\\/28\\\/alto-minho-em-risco-muito-elevado-de-incendio\\\/#breadcrumb\",\"itemListElement\":[{\"@type\":\"ListItem\",\"position\":1,\"name\":\"In\u00edcio\",\"item\":\"https:\\\/\\\/www.altominho.tv\\\/site\\\/\"},{\"@type\":\"ListItem\",\"position\":2,\"name\":\"Alto Minho em risco muito elevado de inc\u00eandio\"}]},{\"@type\":\"WebSite\",\"@id\":\"https:\\\/\\\/www.altominho.tv\\\/site\\\/#website\",\"url\":\"https:\\\/\\\/www.altominho.tv\\\/site\\\/\",\"name\":\"Altominho.tv\",\"description\":\"A sua regi\u00e3o \u00e0 dist\u00e2ncia de um clique...\",\"potentialAction\":[{\"@type\":\"SearchAction\",\"target\":{\"@type\":\"EntryPoint\",\"urlTemplate\":\"https:\\\/\\\/www.altominho.tv\\\/site\\\/?s={search_term_string}\"},\"query-input\":{\"@type\":\"PropertyValueSpecification\",\"valueRequired\":true,\"valueName\":\"search_term_string\"}}],\"inLanguage\":\"pt-PT\"},{\"@type\":\"Person\",\"@id\":\"https:\\\/\\\/www.altominho.tv\\\/site\\\/#\\\/schema\\\/person\\\/a0bff6dc1041aadd46fa81887444b017\",\"name\":\"Andreia Ferreira | Lusa\",\"image\":{\"@type\":\"ImageObject\",\"inLanguage\":\"pt-PT\",\"@id\":\"https:\\\/\\\/www.altominho.tv\\\/site\\\/wp-content\\\/uploads\\\/2018\\\/04\\\/Andreia-150x150.jpg\",\"url\":\"https:\\\/\\\/www.altominho.tv\\\/site\\\/wp-content\\\/uploads\\\/2018\\\/04\\\/Andreia-150x150.jpg\",\"contentUrl\":\"https:\\\/\\\/www.altominho.tv\\\/site\\\/wp-content\\\/uploads\\\/2018\\\/04\\\/Andreia-150x150.jpg\",\"caption\":\"Andreia Ferreira | Lusa\"},\"sameAs\":[\"https:\\\/\\\/www.altominho.tv\\\/site\"],\"url\":\"https:\\\/\\\/www.altominho.tv\\\/site\\\/author\\\/andreiaferreiralusa\\\/\"}]}<\/script>\n<!-- \/ Yoast SEO Premium plugin. -->","yoast_head_json":{"title":"Alto Minho em risco muito elevado de inc\u00eandio","robots":{"index":"index","follow":"follow","max-snippet":"max-snippet:-1","max-image-preview":"max-image-preview:large","max-video-preview":"max-video-preview:-1"},"canonical":"https:\/\/www.altominho.tv\/site\/2020\/07\/28\/alto-minho-em-risco-muito-elevado-de-incendio\/","og_locale":"pt_PT","og_type":"article","og_title":"Alto Minho em risco muito elevado de inc\u00eandio","og_description":"O risco de inc\u00eandio \u00e9 esta ter\u00e7a-feira m\u00e1ximo em cerca de 50 concelhos do interior Norte e Centro e no Algarve, muito elevado em mais de uma centena de outros munic\u00edpios, num dia em que se prev\u00ea uma pequena descida da temperatura. Em risco m\u00e1ximo est\u00e3o cinco dezenas de concelhos dos distritos de Bragan\u00e7a, Guarda, [&hellip;]","og_url":"https:\/\/www.altominho.tv\/site\/2020\/07\/28\/alto-minho-em-risco-muito-elevado-de-incendio\/","og_site_name":"Altominho.tv","article_publisher":"https:\/\/www.facebook.com\/altominhotv","article_published_time":"2020-07-28T08:25:17+00:00","article_modified_time":"2020-07-28T08:25:21+00:00","og_image":[{"width":1920,"height":1279,"url":"https:\/\/www.altominho.tv\/site\/wp-content\/uploads\/2020\/07\/forest-fire-3694495_1920.jpg","type":"image\/jpeg"}],"author":"Andreia Ferreira | Lusa","twitter_card":"summary_large_image","twitter_creator":"@altominhoTV","twitter_site":"@altominhoTV","twitter_misc":{"Escrito por":"Andreia Ferreira | Lusa","Tempo estimado de leitura":"2 minutos"},"schema":{"@context":"https:\/\/schema.org","@graph":[{"@type":"Article","@id":"https:\/\/www.altominho.tv\/site\/2020\/07\/28\/alto-minho-em-risco-muito-elevado-de-incendio\/#article","isPartOf":{"@id":"https:\/\/www.altominho.tv\/site\/2020\/07\/28\/alto-minho-em-risco-muito-elevado-de-incendio\/"},"author":{"name":"Andreia Ferreira | Lusa","@id":"https:\/\/www.altominho.tv\/site\/#\/schema\/person\/a0bff6dc1041aadd46fa81887444b017"},"headline":"Alto Minho em risco muito elevado de inc\u00eandio","datePublished":"2020-07-28T08:25:17+00:00","dateModified":"2020-07-28T08:25:21+00:00","mainEntityOfPage":{"@id":"https:\/\/www.altominho.tv\/site\/2020\/07\/28\/alto-minho-em-risco-muito-elevado-de-incendio\/"},"wordCount":315,"image":{"@id":"https:\/\/www.altominho.tv\/site\/2020\/07\/28\/alto-minho-em-risco-muito-elevado-de-incendio\/#primaryimage"},"thumbnailUrl":"https:\/\/www.altominho.tv\/site\/wp-content\/uploads\/2020\/07\/forest-fire-3694495_1920.jpg","keywords":["Sociedade"],"articleSection":["Alto Minho"],"inLanguage":"pt-PT","copyrightYear":"2020","copyrightHolder":{"@id":"https:\/\/www.altominho.tv\/site\/#organization"}},{"@type":"WebPage","@id":"https:\/\/www.altominho.tv\/site\/2020\/07\/28\/alto-minho-em-risco-muito-elevado-de-incendio\/","url":"https:\/\/www.altominho.tv\/site\/2020\/07\/28\/alto-minho-em-risco-muito-elevado-de-incendio\/","name":"Alto Minho em risco muito elevado de inc\u00eandio","isPartOf":{"@id":"https:\/\/www.altominho.tv\/site\/#website"},"primaryImageOfPage":{"@id":"https:\/\/www.altominho.tv\/site\/2020\/07\/28\/alto-minho-em-risco-muito-elevado-de-incendio\/#primaryimage"},"image":{"@id":"https:\/\/www.altominho.tv\/site\/2020\/07\/28\/alto-minho-em-risco-muito-elevado-de-incendio\/#primaryimage"},"thumbnailUrl":"https:\/\/www.altominho.tv\/site\/wp-content\/uploads\/2020\/07\/forest-fire-3694495_1920.jpg","datePublished":"2020-07-28T08:25:17+00:00","dateModified":"2020-07-28T08:25:21+00:00","author":{"@id":"https:\/\/www.altominho.tv\/site\/#\/schema\/person\/a0bff6dc1041aadd46fa81887444b017"},"breadcrumb":{"@id":"https:\/\/www.altominho.tv\/site\/2020\/07\/28\/alto-minho-em-risco-muito-elevado-de-incendio\/#breadcrumb"},"inLanguage":"pt-PT","potentialAction":[{"@type":"ReadAction","target":["https:\/\/www.altominho.tv\/site\/2020\/07\/28\/alto-minho-em-risco-muito-elevado-de-incendio\/"]}]},{"@type":"ImageObject","inLanguage":"pt-PT","@id":"https:\/\/www.altominho.tv\/site\/2020\/07\/28\/alto-minho-em-risco-muito-elevado-de-incendio\/#primaryimage","url":"https:\/\/www.altominho.tv\/site\/wp-content\/uploads\/2020\/07\/forest-fire-3694495_1920.jpg","contentUrl":"https:\/\/www.altominho.tv\/site\/wp-content\/uploads\/2020\/07\/forest-fire-3694495_1920.jpg","width":1920,"height":1279,"caption":"PIXABAY"},{"@type":"BreadcrumbList","@id":"https:\/\/www.altominho.tv\/site\/2020\/07\/28\/alto-minho-em-risco-muito-elevado-de-incendio\/#breadcrumb","itemListElement":[{"@type":"ListItem","position":1,"name":"In\u00edcio","item":"https:\/\/www.altominho.tv\/site\/"},{"@type":"ListItem","position":2,"name":"Alto Minho em risco muito elevado de inc\u00eandio"}]},{"@type":"WebSite","@id":"https:\/\/www.altominho.tv\/site\/#website","url":"https:\/\/www.altominho.tv\/site\/","name":"Altominho.tv","description":"A sua regi\u00e3o \u00e0 dist\u00e2ncia de um clique...","potentialAction":[{"@type":"SearchAction","target":{"@type":"EntryPoint","urlTemplate":"https:\/\/www.altominho.tv\/site\/?s={search_term_string}"},"query-input":{"@type":"PropertyValueSpecification","valueRequired":true,"valueName":"search_term_string"}}],"inLanguage":"pt-PT"},{"@type":"Person","@id":"https:\/\/www.altominho.tv\/site\/#\/schema\/person\/a0bff6dc1041aadd46fa81887444b017","name":"Andreia Ferreira | Lusa","image":{"@type":"ImageObject","inLanguage":"pt-PT","@id":"https:\/\/www.altominho.tv\/site\/wp-content\/uploads\/2018\/04\/Andreia-150x150.jpg","url":"https:\/\/www.altominho.tv\/site\/wp-content\/uploads\/2018\/04\/Andreia-150x150.jpg","contentUrl":"https:\/\/www.altominho.tv\/site\/wp-content\/uploads\/2018\/04\/Andreia-150x150.jpg","caption":"Andreia Ferreira | Lusa"},"sameAs":["https:\/\/www.altominho.tv\/site"],"url":"https:\/\/www.altominho.tv\/site\/author\/andreiaferreiralusa\/"}]}},"_links":{"self":[{"href":"https:\/\/www.altominho.tv\/site\/wp-json\/wp\/v2\/posts\/49831","targetHints":{"allow":["GET"]}}],"collection":[{"href":"https:\/\/www.altominho.tv\/site\/wp-json\/wp\/v2\/posts"}],"about":[{"href":"https:\/\/www.altominho.tv\/site\/wp-json\/wp\/v2\/types\/post"}],"author":[{"embeddable":true,"href":"https:\/\/www.altominho.tv\/site\/wp-json\/wp\/v2\/users\/15"}],"replies":[{"embeddable":true,"href":"https:\/\/www.altominho.tv\/site\/wp-json\/wp\/v2\/comments?post=49831"}],"version-history":[{"count":0,"href":"https:\/\/www.altominho.tv\/site\/wp-json\/wp\/v2\/posts\/49831\/revisions"}],"wp:featuredmedia":[{"embeddable":true,"href":"https:\/\/www.altominho.tv\/site\/wp-json\/wp\/v2\/media\/49188"}],"wp:attachment":[{"href":"https:\/\/www.altominho.tv\/site\/wp-json\/wp\/v2\/media?parent=49831"}],"wp:term":[{"taxonomy":"category","embeddable":true,"href":"https:\/\/www.altominho.tv\/site\/wp-json\/wp\/v2\/categories?post=49831"},{"taxonomy":"post_tag","embeddable":true,"href":"https:\/\/www.altominho.tv\/site\/wp-json\/wp\/v2\/tags?post=49831"}],"curies":[{"name":"wp","href":"https:\/\/api.w.org\/{rel}","templated":true}]}}