{"id":49807,"date":"2020-07-27T17:46:55","date_gmt":"2020-07-27T16:46:55","guid":{"rendered":"http:\/\/www.altominho.tv\/site\/?p=49807"},"modified":"2020-07-27T17:46:56","modified_gmt":"2020-07-27T16:46:56","slug":"mais-de-300-infracoes-de-transito-detetadas-nas-estradas-do-alto-minho","status":"publish","type":"post","link":"https:\/\/www.altominho.tv\/site\/2020\/07\/27\/mais-de-300-infracoes-de-transito-detetadas-nas-estradas-do-alto-minho\/","title":{"rendered":"Mais de 300 infra\u00e7\u00f5es de tr\u00e2nsito detetadas nas estradas do Alto Minho"},"content":{"rendered":"<div class=\"entry-content\">\n<p>A GNR detetou, na \u00faltima semana, no distrito de Viana do Castelo, 313 infra\u00e7\u00f5es de tr\u00e2nsito e deteve, em flagrante delito, seis pessoas.<\/p>\n<p>Em comunicado, com o balan\u00e7o da atividade operacional da semana entre os dias 20 e 26 de julho, o Comando Territorial da GNR de Viana do Castelo destacou, entre as 313 deten\u00e7\u00f5es, 121 por excesso de velocidade, 14 por uso indevido do telem\u00f3vel no exerc\u00edcio da condu\u00e7\u00e3o, 11 por condu\u00e7\u00e3o com taxa de \u00e1lcool no sangue superior ao permitido por lei e oito por falta ou incorreta utiliza\u00e7\u00e3o do cinto de seguran\u00e7a e\/ou sistema de reten\u00e7\u00e3o para crian\u00e7as.<\/p>\n<p>J\u00e1 entre as seis deten\u00e7\u00f5es, a for\u00e7a policial destaca tr\u00eas por condu\u00e7\u00e3o sob efeito do \u00e1lcool, uma por condu\u00e7\u00e3o sem habilita\u00e7\u00e3o legal e uma\u00a0por tr\u00e1fico de estupefacientes.<\/p>\n<p>Durante este per\u00edodo, os militares da GNR apreenderam 13 doses de haxixe e duas doses de liamba e registaram 48 acidentes, dos quais resultaram tr\u00eas mortos, dois feridos graves e 20 feridos ligeiros.<\/p>\n<\/div>\n","protected":false},"excerpt":{"rendered":"<p>A GNR detetou, na \u00faltima semana, no distrito de Viana do Castelo, 313 infra\u00e7\u00f5es de tr\u00e2nsito e deteve, em flagrante delito, seis pessoas. Em comunicado, com o balan\u00e7o da atividade operacional da semana entre os dias 20 e 26 de julho, o Comando Territorial da GNR de Viana do Castelo destacou, entre as 313 deten\u00e7\u00f5es, [&hellip;]<\/p>\n","protected":false},"author":12,"featured_media":49808,"comment_status":"closed","ping_status":"closed","sticky":false,"template":"","format":"standard","meta":{"_exactmetrics_skip_tracking":false,"_exactmetrics_sitenote_active":false,"_exactmetrics_sitenote_note":"","_exactmetrics_sitenote_category":0,"footnotes":""},"categories":[73],"tags":[27],"class_list":["post-49807","post","type-post","status-publish","format-standard","has-post-thumbnail","hentry","category-alto-minho","tag-sociedade"],"yoast_head":"<!-- This site is optimized with the Yoast SEO Premium plugin v27.4 (Yoast SEO v27.4) - https:\/\/yoast.com\/product\/yoast-seo-premium-wordpress\/ -->\n<title>Mais de 300 infra\u00e7\u00f5es de tr\u00e2nsito detetadas nas estradas do Alto Minho<\/title>\n<meta name=\"robots\" content=\"index, follow, max-snippet:-1, max-image-preview:large, max-video-preview:-1\" \/>\n<link rel=\"canonical\" href=\"https:\/\/www.altominho.tv\/site\/2020\/07\/27\/mais-de-300-infracoes-de-transito-detetadas-nas-estradas-do-alto-minho\/\" \/>\n<meta property=\"og:locale\" content=\"pt_PT\" \/>\n<meta property=\"og:type\" content=\"article\" \/>\n<meta property=\"og:title\" content=\"Mais de 300 infra\u00e7\u00f5es de tr\u00e2nsito detetadas nas estradas do Alto Minho\" \/>\n<meta property=\"og:description\" content=\"A GNR detetou, na \u00faltima semana, no distrito de Viana do Castelo, 313 infra\u00e7\u00f5es de tr\u00e2nsito e deteve, em flagrante delito, seis pessoas. Em comunicado, com o balan\u00e7o da atividade operacional da semana entre os dias 20 e 26 de julho, o Comando Territorial da GNR de Viana do Castelo destacou, entre as 313 deten\u00e7\u00f5es, [&hellip;]\" \/>\n<meta property=\"og:url\" content=\"https:\/\/www.altominho.tv\/site\/2020\/07\/27\/mais-de-300-infracoes-de-transito-detetadas-nas-estradas-do-alto-minho\/\" \/>\n<meta property=\"og:site_name\" content=\"Altominho.tv\" \/>\n<meta property=\"article:publisher\" content=\"https:\/\/www.facebook.com\/altominhotv\" \/>\n<meta property=\"article:published_time\" content=\"2020-07-27T16:46:55+00:00\" \/>\n<meta property=\"article:modified_time\" content=\"2020-07-27T16:46:56+00:00\" \/>\n<meta property=\"og:image\" content=\"https:\/\/www.altominho.tv\/site\/wp-content\/uploads\/2020\/07\/GNR.jpg\" \/>\n\t<meta property=\"og:image:width\" content=\"720\" \/>\n\t<meta property=\"og:image:height\" content=\"405\" \/>\n\t<meta property=\"og:image:type\" content=\"image\/jpeg\" \/>\n<meta name=\"author\" content=\"Andreia Ferreira\" \/>\n<meta name=\"twitter:card\" content=\"summary_large_image\" \/>\n<meta name=\"twitter:creator\" content=\"@altominhoTV\" \/>\n<meta name=\"twitter:site\" content=\"@altominhoTV\" \/>\n<meta name=\"twitter:label1\" content=\"Escrito por\" \/>\n\t<meta name=\"twitter:data1\" content=\"Andreia Ferreira\" \/>\n\t<meta name=\"twitter:label2\" content=\"Tempo estimado de leitura\" \/>\n\t<meta name=\"twitter:data2\" content=\"1 minuto\" \/>\n<script type=\"application\/ld+json\" class=\"yoast-schema-graph\">{\"@context\":\"https:\\\/\\\/schema.org\",\"@graph\":[{\"@type\":\"Article\",\"@id\":\"https:\\\/\\\/www.altominho.tv\\\/site\\\/2020\\\/07\\\/27\\\/mais-de-300-infracoes-de-transito-detetadas-nas-estradas-do-alto-minho\\\/#article\",\"isPartOf\":{\"@id\":\"https:\\\/\\\/www.altominho.tv\\\/site\\\/2020\\\/07\\\/27\\\/mais-de-300-infracoes-de-transito-detetadas-nas-estradas-do-alto-minho\\\/\"},\"author\":{\"name\":\"Andreia Ferreira\",\"@id\":\"https:\\\/\\\/www.altominho.tv\\\/site\\\/#\\\/schema\\\/person\\\/d9be4265364723f14ea8e0d56a1d38cd\"},\"headline\":\"Mais de 300 infra\u00e7\u00f5es de tr\u00e2nsito detetadas nas estradas do Alto Minho\",\"datePublished\":\"2020-07-27T16:46:55+00:00\",\"dateModified\":\"2020-07-27T16:46:56+00:00\",\"mainEntityOfPage\":{\"@id\":\"https:\\\/\\\/www.altominho.tv\\\/site\\\/2020\\\/07\\\/27\\\/mais-de-300-infracoes-de-transito-detetadas-nas-estradas-do-alto-minho\\\/\"},\"wordCount\":187,\"image\":{\"@id\":\"https:\\\/\\\/www.altominho.tv\\\/site\\\/2020\\\/07\\\/27\\\/mais-de-300-infracoes-de-transito-detetadas-nas-estradas-do-alto-minho\\\/#primaryimage\"},\"thumbnailUrl\":\"https:\\\/\\\/www.altominho.tv\\\/site\\\/wp-content\\\/uploads\\\/2020\\\/07\\\/GNR.jpg\",\"keywords\":[\"Sociedade\"],\"articleSection\":[\"Alto Minho\"],\"inLanguage\":\"pt-PT\",\"copyrightYear\":\"2020\",\"copyrightHolder\":{\"@id\":\"https:\\\/\\\/www.altominho.tv\\\/site\\\/#organization\"}},{\"@type\":\"WebPage\",\"@id\":\"https:\\\/\\\/www.altominho.tv\\\/site\\\/2020\\\/07\\\/27\\\/mais-de-300-infracoes-de-transito-detetadas-nas-estradas-do-alto-minho\\\/\",\"url\":\"https:\\\/\\\/www.altominho.tv\\\/site\\\/2020\\\/07\\\/27\\\/mais-de-300-infracoes-de-transito-detetadas-nas-estradas-do-alto-minho\\\/\",\"name\":\"Mais de 300 infra\u00e7\u00f5es de tr\u00e2nsito detetadas nas estradas do Alto Minho\",\"isPartOf\":{\"@id\":\"https:\\\/\\\/www.altominho.tv\\\/site\\\/#website\"},\"primaryImageOfPage\":{\"@id\":\"https:\\\/\\\/www.altominho.tv\\\/site\\\/2020\\\/07\\\/27\\\/mais-de-300-infracoes-de-transito-detetadas-nas-estradas-do-alto-minho\\\/#primaryimage\"},\"image\":{\"@id\":\"https:\\\/\\\/www.altominho.tv\\\/site\\\/2020\\\/07\\\/27\\\/mais-de-300-infracoes-de-transito-detetadas-nas-estradas-do-alto-minho\\\/#primaryimage\"},\"thumbnailUrl\":\"https:\\\/\\\/www.altominho.tv\\\/site\\\/wp-content\\\/uploads\\\/2020\\\/07\\\/GNR.jpg\",\"datePublished\":\"2020-07-27T16:46:55+00:00\",\"dateModified\":\"2020-07-27T16:46:56+00:00\",\"author\":{\"@id\":\"https:\\\/\\\/www.altominho.tv\\\/site\\\/#\\\/schema\\\/person\\\/d9be4265364723f14ea8e0d56a1d38cd\"},\"breadcrumb\":{\"@id\":\"https:\\\/\\\/www.altominho.tv\\\/site\\\/2020\\\/07\\\/27\\\/mais-de-300-infracoes-de-transito-detetadas-nas-estradas-do-alto-minho\\\/#breadcrumb\"},\"inLanguage\":\"pt-PT\",\"potentialAction\":[{\"@type\":\"ReadAction\",\"target\":[\"https:\\\/\\\/www.altominho.tv\\\/site\\\/2020\\\/07\\\/27\\\/mais-de-300-infracoes-de-transito-detetadas-nas-estradas-do-alto-minho\\\/\"]}]},{\"@type\":\"ImageObject\",\"inLanguage\":\"pt-PT\",\"@id\":\"https:\\\/\\\/www.altominho.tv\\\/site\\\/2020\\\/07\\\/27\\\/mais-de-300-infracoes-de-transito-detetadas-nas-estradas-do-alto-minho\\\/#primaryimage\",\"url\":\"https:\\\/\\\/www.altominho.tv\\\/site\\\/wp-content\\\/uploads\\\/2020\\\/07\\\/GNR.jpg\",\"contentUrl\":\"https:\\\/\\\/www.altominho.tv\\\/site\\\/wp-content\\\/uploads\\\/2020\\\/07\\\/GNR.jpg\",\"width\":720,\"height\":405},{\"@type\":\"BreadcrumbList\",\"@id\":\"https:\\\/\\\/www.altominho.tv\\\/site\\\/2020\\\/07\\\/27\\\/mais-de-300-infracoes-de-transito-detetadas-nas-estradas-do-alto-minho\\\/#breadcrumb\",\"itemListElement\":[{\"@type\":\"ListItem\",\"position\":1,\"name\":\"In\u00edcio\",\"item\":\"https:\\\/\\\/www.altominho.tv\\\/site\\\/\"},{\"@type\":\"ListItem\",\"position\":2,\"name\":\"Mais de 300 infra\u00e7\u00f5es de tr\u00e2nsito detetadas nas estradas do Alto Minho\"}]},{\"@type\":\"WebSite\",\"@id\":\"https:\\\/\\\/www.altominho.tv\\\/site\\\/#website\",\"url\":\"https:\\\/\\\/www.altominho.tv\\\/site\\\/\",\"name\":\"Altominho.tv\",\"description\":\"A sua regi\u00e3o \u00e0 dist\u00e2ncia de um clique...\",\"potentialAction\":[{\"@type\":\"SearchAction\",\"target\":{\"@type\":\"EntryPoint\",\"urlTemplate\":\"https:\\\/\\\/www.altominho.tv\\\/site\\\/?s={search_term_string}\"},\"query-input\":{\"@type\":\"PropertyValueSpecification\",\"valueRequired\":true,\"valueName\":\"search_term_string\"}}],\"inLanguage\":\"pt-PT\"},{\"@type\":\"Person\",\"@id\":\"https:\\\/\\\/www.altominho.tv\\\/site\\\/#\\\/schema\\\/person\\\/d9be4265364723f14ea8e0d56a1d38cd\",\"name\":\"Andreia Ferreira\",\"image\":{\"@type\":\"ImageObject\",\"inLanguage\":\"pt-PT\",\"@id\":\"https:\\\/\\\/www.altominho.tv\\\/site\\\/wp-content\\\/uploads\\\/2021\\\/01\\\/AndreiaFerreira-150x150.jpg\",\"url\":\"https:\\\/\\\/www.altominho.tv\\\/site\\\/wp-content\\\/uploads\\\/2021\\\/01\\\/AndreiaFerreira-150x150.jpg\",\"contentUrl\":\"https:\\\/\\\/www.altominho.tv\\\/site\\\/wp-content\\\/uploads\\\/2021\\\/01\\\/AndreiaFerreira-150x150.jpg\",\"caption\":\"Andreia Ferreira\"},\"url\":\"https:\\\/\\\/www.altominho.tv\\\/site\\\/author\\\/andreiaferreira\\\/\"}]}<\/script>\n<!-- \/ Yoast SEO Premium plugin. -->","yoast_head_json":{"title":"Mais de 300 infra\u00e7\u00f5es de tr\u00e2nsito detetadas nas estradas do Alto Minho","robots":{"index":"index","follow":"follow","max-snippet":"max-snippet:-1","max-image-preview":"max-image-preview:large","max-video-preview":"max-video-preview:-1"},"canonical":"https:\/\/www.altominho.tv\/site\/2020\/07\/27\/mais-de-300-infracoes-de-transito-detetadas-nas-estradas-do-alto-minho\/","og_locale":"pt_PT","og_type":"article","og_title":"Mais de 300 infra\u00e7\u00f5es de tr\u00e2nsito detetadas nas estradas do Alto Minho","og_description":"A GNR detetou, na \u00faltima semana, no distrito de Viana do Castelo, 313 infra\u00e7\u00f5es de tr\u00e2nsito e deteve, em flagrante delito, seis pessoas. Em comunicado, com o balan\u00e7o da atividade operacional da semana entre os dias 20 e 26 de julho, o Comando Territorial da GNR de Viana do Castelo destacou, entre as 313 deten\u00e7\u00f5es, [&hellip;]","og_url":"https:\/\/www.altominho.tv\/site\/2020\/07\/27\/mais-de-300-infracoes-de-transito-detetadas-nas-estradas-do-alto-minho\/","og_site_name":"Altominho.tv","article_publisher":"https:\/\/www.facebook.com\/altominhotv","article_published_time":"2020-07-27T16:46:55+00:00","article_modified_time":"2020-07-27T16:46:56+00:00","og_image":[{"width":720,"height":405,"url":"https:\/\/www.altominho.tv\/site\/wp-content\/uploads\/2020\/07\/GNR.jpg","type":"image\/jpeg"}],"author":"Andreia Ferreira","twitter_card":"summary_large_image","twitter_creator":"@altominhoTV","twitter_site":"@altominhoTV","twitter_misc":{"Escrito por":"Andreia Ferreira","Tempo estimado de leitura":"1 minuto"},"schema":{"@context":"https:\/\/schema.org","@graph":[{"@type":"Article","@id":"https:\/\/www.altominho.tv\/site\/2020\/07\/27\/mais-de-300-infracoes-de-transito-detetadas-nas-estradas-do-alto-minho\/#article","isPartOf":{"@id":"https:\/\/www.altominho.tv\/site\/2020\/07\/27\/mais-de-300-infracoes-de-transito-detetadas-nas-estradas-do-alto-minho\/"},"author":{"name":"Andreia Ferreira","@id":"https:\/\/www.altominho.tv\/site\/#\/schema\/person\/d9be4265364723f14ea8e0d56a1d38cd"},"headline":"Mais de 300 infra\u00e7\u00f5es de tr\u00e2nsito detetadas nas estradas do Alto Minho","datePublished":"2020-07-27T16:46:55+00:00","dateModified":"2020-07-27T16:46:56+00:00","mainEntityOfPage":{"@id":"https:\/\/www.altominho.tv\/site\/2020\/07\/27\/mais-de-300-infracoes-de-transito-detetadas-nas-estradas-do-alto-minho\/"},"wordCount":187,"image":{"@id":"https:\/\/www.altominho.tv\/site\/2020\/07\/27\/mais-de-300-infracoes-de-transito-detetadas-nas-estradas-do-alto-minho\/#primaryimage"},"thumbnailUrl":"https:\/\/www.altominho.tv\/site\/wp-content\/uploads\/2020\/07\/GNR.jpg","keywords":["Sociedade"],"articleSection":["Alto Minho"],"inLanguage":"pt-PT","copyrightYear":"2020","copyrightHolder":{"@id":"https:\/\/www.altominho.tv\/site\/#organization"}},{"@type":"WebPage","@id":"https:\/\/www.altominho.tv\/site\/2020\/07\/27\/mais-de-300-infracoes-de-transito-detetadas-nas-estradas-do-alto-minho\/","url":"https:\/\/www.altominho.tv\/site\/2020\/07\/27\/mais-de-300-infracoes-de-transito-detetadas-nas-estradas-do-alto-minho\/","name":"Mais de 300 infra\u00e7\u00f5es de tr\u00e2nsito detetadas nas estradas do Alto Minho","isPartOf":{"@id":"https:\/\/www.altominho.tv\/site\/#website"},"primaryImageOfPage":{"@id":"https:\/\/www.altominho.tv\/site\/2020\/07\/27\/mais-de-300-infracoes-de-transito-detetadas-nas-estradas-do-alto-minho\/#primaryimage"},"image":{"@id":"https:\/\/www.altominho.tv\/site\/2020\/07\/27\/mais-de-300-infracoes-de-transito-detetadas-nas-estradas-do-alto-minho\/#primaryimage"},"thumbnailUrl":"https:\/\/www.altominho.tv\/site\/wp-content\/uploads\/2020\/07\/GNR.jpg","datePublished":"2020-07-27T16:46:55+00:00","dateModified":"2020-07-27T16:46:56+00:00","author":{"@id":"https:\/\/www.altominho.tv\/site\/#\/schema\/person\/d9be4265364723f14ea8e0d56a1d38cd"},"breadcrumb":{"@id":"https:\/\/www.altominho.tv\/site\/2020\/07\/27\/mais-de-300-infracoes-de-transito-detetadas-nas-estradas-do-alto-minho\/#breadcrumb"},"inLanguage":"pt-PT","potentialAction":[{"@type":"ReadAction","target":["https:\/\/www.altominho.tv\/site\/2020\/07\/27\/mais-de-300-infracoes-de-transito-detetadas-nas-estradas-do-alto-minho\/"]}]},{"@type":"ImageObject","inLanguage":"pt-PT","@id":"https:\/\/www.altominho.tv\/site\/2020\/07\/27\/mais-de-300-infracoes-de-transito-detetadas-nas-estradas-do-alto-minho\/#primaryimage","url":"https:\/\/www.altominho.tv\/site\/wp-content\/uploads\/2020\/07\/GNR.jpg","contentUrl":"https:\/\/www.altominho.tv\/site\/wp-content\/uploads\/2020\/07\/GNR.jpg","width":720,"height":405},{"@type":"BreadcrumbList","@id":"https:\/\/www.altominho.tv\/site\/2020\/07\/27\/mais-de-300-infracoes-de-transito-detetadas-nas-estradas-do-alto-minho\/#breadcrumb","itemListElement":[{"@type":"ListItem","position":1,"name":"In\u00edcio","item":"https:\/\/www.altominho.tv\/site\/"},{"@type":"ListItem","position":2,"name":"Mais de 300 infra\u00e7\u00f5es de tr\u00e2nsito detetadas nas estradas do Alto Minho"}]},{"@type":"WebSite","@id":"https:\/\/www.altominho.tv\/site\/#website","url":"https:\/\/www.altominho.tv\/site\/","name":"Altominho.tv","description":"A sua regi\u00e3o \u00e0 dist\u00e2ncia de um clique...","potentialAction":[{"@type":"SearchAction","target":{"@type":"EntryPoint","urlTemplate":"https:\/\/www.altominho.tv\/site\/?s={search_term_string}"},"query-input":{"@type":"PropertyValueSpecification","valueRequired":true,"valueName":"search_term_string"}}],"inLanguage":"pt-PT"},{"@type":"Person","@id":"https:\/\/www.altominho.tv\/site\/#\/schema\/person\/d9be4265364723f14ea8e0d56a1d38cd","name":"Andreia Ferreira","image":{"@type":"ImageObject","inLanguage":"pt-PT","@id":"https:\/\/www.altominho.tv\/site\/wp-content\/uploads\/2021\/01\/AndreiaFerreira-150x150.jpg","url":"https:\/\/www.altominho.tv\/site\/wp-content\/uploads\/2021\/01\/AndreiaFerreira-150x150.jpg","contentUrl":"https:\/\/www.altominho.tv\/site\/wp-content\/uploads\/2021\/01\/AndreiaFerreira-150x150.jpg","caption":"Andreia Ferreira"},"url":"https:\/\/www.altominho.tv\/site\/author\/andreiaferreira\/"}]}},"_links":{"self":[{"href":"https:\/\/www.altominho.tv\/site\/wp-json\/wp\/v2\/posts\/49807","targetHints":{"allow":["GET"]}}],"collection":[{"href":"https:\/\/www.altominho.tv\/site\/wp-json\/wp\/v2\/posts"}],"about":[{"href":"https:\/\/www.altominho.tv\/site\/wp-json\/wp\/v2\/types\/post"}],"author":[{"embeddable":true,"href":"https:\/\/www.altominho.tv\/site\/wp-json\/wp\/v2\/users\/12"}],"replies":[{"embeddable":true,"href":"https:\/\/www.altominho.tv\/site\/wp-json\/wp\/v2\/comments?post=49807"}],"version-history":[{"count":0,"href":"https:\/\/www.altominho.tv\/site\/wp-json\/wp\/v2\/posts\/49807\/revisions"}],"wp:featuredmedia":[{"embeddable":true,"href":"https:\/\/www.altominho.tv\/site\/wp-json\/wp\/v2\/media\/49808"}],"wp:attachment":[{"href":"https:\/\/www.altominho.tv\/site\/wp-json\/wp\/v2\/media?parent=49807"}],"wp:term":[{"taxonomy":"category","embeddable":true,"href":"https:\/\/www.altominho.tv\/site\/wp-json\/wp\/v2\/categories?post=49807"},{"taxonomy":"post_tag","embeddable":true,"href":"https:\/\/www.altominho.tv\/site\/wp-json\/wp\/v2\/tags?post=49807"}],"curies":[{"name":"wp","href":"https:\/\/api.w.org\/{rel}","templated":true}]}}