{"id":49777,"date":"2020-07-27T09:13:16","date_gmt":"2020-07-27T08:13:16","guid":{"rendered":"http:\/\/www.altominho.tv\/site\/?p=49777"},"modified":"2020-07-27T09:14:01","modified_gmt":"2020-07-27T08:14:01","slug":"ponte-de-lima-rejeita-linha-de-alta-tensao-que-atravessa-concelho-ate-a-galiza","status":"publish","type":"post","link":"https:\/\/www.altominho.tv\/site\/2020\/07\/27\/ponte-de-lima-rejeita-linha-de-alta-tensao-que-atravessa-concelho-ate-a-galiza\/","title":{"rendered":"Ponte de Lima rejeita linha de alta tens\u00e3o que atravessa concelho at\u00e9 \u00e0 Galiza"},"content":{"rendered":"<p>A C\u00e2mara de Ponte de Lima emitiu um parecer desfavor\u00e1vel a uma das duas op\u00e7\u00f5es do projeto de constru\u00e7\u00e3o da linha de muito alta tens\u00e3o at\u00e9 Fonte Fria, na Galiza, Espanha, por atravessar &#8220;integralmente&#8221; o concelho.<\/p>\n<p>Em comunicado, a autarquia explica que dos dois corredores propostos, a &#8220;op\u00e7\u00e3o 1, atravessa integralmente o concelho de Ponte de Lima na dire\u00e7\u00e3o sul\/norte, e \u00e9 muito gravosa face ao grande impacto provoca no vale do Lima, com interfer\u00eancia na \u00c1rea Protegida da Rede Natura do S\u00edtio do Rio Lima e nas zonas de maior densidade populacional das freguesias da Ribeira, Arcozelo, Brandara, Calheiros e Refoios&#8221;.<\/p>\n<p>&#8220;A C\u00e2mara Municipal reafirma de novo a sua oposi\u00e7\u00e3o \u00e0 implanta\u00e7\u00e3o daquele corredor&#8221;, sustenta o documento.<\/p>\n<p>O projeto esteve em consulta p\u00fablica entre 15 de junho e 24 de julho. Em causa est\u00e1 a constru\u00e7\u00e3o de uma linha el\u00e9trica de 400 kV (quilovolt) desde Fonte Fria, em territ\u00f3rio galego, Espanha, at\u00e9 \u00e0 fronteira portuguesa, com o seu prolongamento \u00e0 rede el\u00e9trica nacional, no \u00e2mbito da Rede Nacional de Transporte operada pela empresa REN.<\/p>\n<p>Em 2015, o projeto foi &#8220;recalendarizado&#8221; para ser submetido a novos estudos. De acordo com o Estudo de Impacto Ambiental, o tro\u00e7o nacional deste projeto prev\u00ea a constru\u00e7\u00e3o de duas novas linhas duplas trif\u00e1sicas de 400 kV, atravessando, potencialmente, 121 freguesias.<\/p>\n<p>A proximidade desta linha a\u00e9rea, \u00e0s casas, as consequ\u00eancias dos campos eletromagn\u00e9ticos gerados na sa\u00fade humana ou o impacto visual de torres de 75 metros com margens de seguran\u00e7a de 45 metros para cada lado s\u00e3o as principais preocupa\u00e7\u00f5es das popula\u00e7\u00f5es de ambos os lados da fronteira.<\/p>\n<p>A C\u00e2mara presidida por Victor Mendes considera que a &#8220;op\u00e7\u00e3o 1&#8221; daquele projeto &#8220;aproxima-se de tal forma da vila de Ponte de Lima, que a ser executado, tornaria a linha de muito alta tens\u00e3o vis\u00edvel da maioria da sua zona urbana, o que n\u00e3o seria minimamente aceit\u00e1vel considerando que uma das maiores atra\u00e7\u00f5es tur\u00edsticas da vila de Ponte de Lima \u00e9 efetivamente a paisagem e a harmonia e dial\u00e9tica que essa paisagem tem com o espa\u00e7o constru\u00eddo e natural&#8221;.<\/p>\n<p>De acordo com o parecer desfavor\u00e1vel aprovado em reuni\u00e3o camar\u00e1ria, a &#8220;op\u00e7\u00e3o 2&#8221; &#8220;que corresponde ao corredor preferencial, \u00e9 a cont\u00e9m menores impactos a todos os n\u00edveis tendo em conta que a mesma atravessa zonas de montanha de muito menor densidade populacional e de menor sensibilidade ambiental&#8221;.<\/p>\n<p>&#8220;O munic\u00edpio considera que face \u00e0s alternativas colocadas, a op\u00e7\u00e3o 2, a que corresponde ao corredor preferencial, \u00e9 a op\u00e7\u00e3o adequada&#8221;, adianta o documento.<\/p>\n<p>A autarquia considera que &#8220;\u00e0 semelhan\u00e7a das posi\u00e7\u00f5es j\u00e1 assumidas de forma recorrente nas fases anteriores deste projeto&#8221;, aquela linha &#8220;cria impactos negativos muito significativos de natureza econ\u00f3mica, ambiental e paisag\u00edstica, com especial preocupa\u00e7\u00e3o nos aspetos relacionadas com eventuais efeitos das radia\u00e7\u00f5es eletromagn\u00e9ticas na sa\u00fade das popula\u00e7\u00f5es mais pr\u00f3ximas do tra\u00e7ado, raz\u00f5es pelas quais, sempre se op\u00f4s \u00e0 sua implanta\u00e7\u00e3o no concelho&#8221;.<\/p>\n","protected":false},"excerpt":{"rendered":"<p>A C\u00e2mara de Ponte de Lima emitiu um parecer desfavor\u00e1vel a uma das duas op\u00e7\u00f5es do projeto de constru\u00e7\u00e3o da linha de muito alta tens\u00e3o at\u00e9 Fonte Fria, na Galiza, Espanha, por atravessar &#8220;integralmente&#8221; o concelho. Em comunicado, a autarquia explica que dos dois corredores propostos, a &#8220;op\u00e7\u00e3o 1, atravessa integralmente o concelho de Ponte [&hellip;]<\/p>\n","protected":false},"author":13,"featured_media":48976,"comment_status":"closed","ping_status":"closed","sticky":false,"template":"","format":"standard","meta":{"_exactmetrics_skip_tracking":false,"_exactmetrics_sitenote_active":false,"_exactmetrics_sitenote_note":"","_exactmetrics_sitenote_category":0,"footnotes":""},"categories":[12],"tags":[27],"class_list":["post-49777","post","type-post","status-publish","format-standard","has-post-thumbnail","hentry","category-ponte-de-lima","tag-sociedade"],"yoast_head":"<!-- This site is optimized with the Yoast SEO Premium plugin v27.4 (Yoast SEO v27.4) - https:\/\/yoast.com\/product\/yoast-seo-premium-wordpress\/ -->\n<title>Ponte de Lima rejeita linha de alta tens\u00e3o que atravessa concelho at\u00e9 \u00e0 Galiza<\/title>\n<meta name=\"robots\" content=\"index, follow, max-snippet:-1, max-image-preview:large, max-video-preview:-1\" \/>\n<link rel=\"canonical\" href=\"https:\/\/www.altominho.tv\/site\/2020\/07\/27\/ponte-de-lima-rejeita-linha-de-alta-tensao-que-atravessa-concelho-ate-a-galiza\/\" \/>\n<meta property=\"og:locale\" content=\"pt_PT\" \/>\n<meta property=\"og:type\" content=\"article\" \/>\n<meta property=\"og:title\" content=\"Ponte de Lima rejeita linha de alta tens\u00e3o que atravessa concelho at\u00e9 \u00e0 Galiza\" \/>\n<meta property=\"og:description\" content=\"A C\u00e2mara de Ponte de Lima emitiu um parecer desfavor\u00e1vel a uma das duas op\u00e7\u00f5es do projeto de constru\u00e7\u00e3o da linha de muito alta tens\u00e3o at\u00e9 Fonte Fria, na Galiza, Espanha, por atravessar &#8220;integralmente&#8221; o concelho. Em comunicado, a autarquia explica que dos dois corredores propostos, a &#8220;op\u00e7\u00e3o 1, atravessa integralmente o concelho de Ponte [&hellip;]\" \/>\n<meta property=\"og:url\" content=\"https:\/\/www.altominho.tv\/site\/2020\/07\/27\/ponte-de-lima-rejeita-linha-de-alta-tensao-que-atravessa-concelho-ate-a-galiza\/\" \/>\n<meta property=\"og:site_name\" content=\"Altominho.tv\" \/>\n<meta property=\"article:publisher\" content=\"https:\/\/www.facebook.com\/altominhotv\" \/>\n<meta property=\"article:published_time\" content=\"2020-07-27T08:13:16+00:00\" \/>\n<meta property=\"article:modified_time\" content=\"2020-07-27T08:14:01+00:00\" \/>\n<meta property=\"og:image\" content=\"https:\/\/www.altominho.tv\/site\/wp-content\/uploads\/2020\/07\/pylon-1651226_1920-740x492-1.jpg\" \/>\n\t<meta property=\"og:image:width\" content=\"740\" \/>\n\t<meta property=\"og:image:height\" content=\"492\" \/>\n\t<meta property=\"og:image:type\" content=\"image\/jpeg\" \/>\n<meta name=\"author\" content=\"Lusa\" \/>\n<meta name=\"twitter:card\" content=\"summary_large_image\" \/>\n<meta name=\"twitter:creator\" content=\"@altominhoTV\" \/>\n<meta name=\"twitter:site\" content=\"@altominhoTV\" \/>\n<meta name=\"twitter:label1\" content=\"Escrito por\" \/>\n\t<meta name=\"twitter:data1\" content=\"Lusa\" \/>\n\t<meta name=\"twitter:label2\" content=\"Tempo estimado de leitura\" \/>\n\t<meta name=\"twitter:data2\" content=\"3 minutos\" \/>\n<script type=\"application\/ld+json\" class=\"yoast-schema-graph\">{\"@context\":\"https:\\\/\\\/schema.org\",\"@graph\":[{\"@type\":\"Article\",\"@id\":\"https:\\\/\\\/www.altominho.tv\\\/site\\\/2020\\\/07\\\/27\\\/ponte-de-lima-rejeita-linha-de-alta-tensao-que-atravessa-concelho-ate-a-galiza\\\/#article\",\"isPartOf\":{\"@id\":\"https:\\\/\\\/www.altominho.tv\\\/site\\\/2020\\\/07\\\/27\\\/ponte-de-lima-rejeita-linha-de-alta-tensao-que-atravessa-concelho-ate-a-galiza\\\/\"},\"author\":{\"name\":\"Lusa\",\"@id\":\"https:\\\/\\\/www.altominho.tv\\\/site\\\/#\\\/schema\\\/person\\\/63f693da3e1899361cbe955c46f3232e\"},\"headline\":\"Ponte de Lima rejeita linha de alta tens\u00e3o que atravessa concelho at\u00e9 \u00e0 Galiza\",\"datePublished\":\"2020-07-27T08:13:16+00:00\",\"dateModified\":\"2020-07-27T08:14:01+00:00\",\"mainEntityOfPage\":{\"@id\":\"https:\\\/\\\/www.altominho.tv\\\/site\\\/2020\\\/07\\\/27\\\/ponte-de-lima-rejeita-linha-de-alta-tensao-que-atravessa-concelho-ate-a-galiza\\\/\"},\"wordCount\":531,\"image\":{\"@id\":\"https:\\\/\\\/www.altominho.tv\\\/site\\\/2020\\\/07\\\/27\\\/ponte-de-lima-rejeita-linha-de-alta-tensao-que-atravessa-concelho-ate-a-galiza\\\/#primaryimage\"},\"thumbnailUrl\":\"https:\\\/\\\/www.altominho.tv\\\/site\\\/wp-content\\\/uploads\\\/2020\\\/07\\\/pylon-1651226_1920-740x492-1.jpg\",\"keywords\":[\"Sociedade\"],\"articleSection\":[\"Ponte de Lima\"],\"inLanguage\":\"pt-PT\",\"copyrightYear\":\"2020\",\"copyrightHolder\":{\"@id\":\"https:\\\/\\\/www.altominho.tv\\\/site\\\/#organization\"}},{\"@type\":\"WebPage\",\"@id\":\"https:\\\/\\\/www.altominho.tv\\\/site\\\/2020\\\/07\\\/27\\\/ponte-de-lima-rejeita-linha-de-alta-tensao-que-atravessa-concelho-ate-a-galiza\\\/\",\"url\":\"https:\\\/\\\/www.altominho.tv\\\/site\\\/2020\\\/07\\\/27\\\/ponte-de-lima-rejeita-linha-de-alta-tensao-que-atravessa-concelho-ate-a-galiza\\\/\",\"name\":\"Ponte de Lima rejeita linha de alta tens\u00e3o que atravessa concelho at\u00e9 \u00e0 Galiza\",\"isPartOf\":{\"@id\":\"https:\\\/\\\/www.altominho.tv\\\/site\\\/#website\"},\"primaryImageOfPage\":{\"@id\":\"https:\\\/\\\/www.altominho.tv\\\/site\\\/2020\\\/07\\\/27\\\/ponte-de-lima-rejeita-linha-de-alta-tensao-que-atravessa-concelho-ate-a-galiza\\\/#primaryimage\"},\"image\":{\"@id\":\"https:\\\/\\\/www.altominho.tv\\\/site\\\/2020\\\/07\\\/27\\\/ponte-de-lima-rejeita-linha-de-alta-tensao-que-atravessa-concelho-ate-a-galiza\\\/#primaryimage\"},\"thumbnailUrl\":\"https:\\\/\\\/www.altominho.tv\\\/site\\\/wp-content\\\/uploads\\\/2020\\\/07\\\/pylon-1651226_1920-740x492-1.jpg\",\"datePublished\":\"2020-07-27T08:13:16+00:00\",\"dateModified\":\"2020-07-27T08:14:01+00:00\",\"author\":{\"@id\":\"https:\\\/\\\/www.altominho.tv\\\/site\\\/#\\\/schema\\\/person\\\/63f693da3e1899361cbe955c46f3232e\"},\"breadcrumb\":{\"@id\":\"https:\\\/\\\/www.altominho.tv\\\/site\\\/2020\\\/07\\\/27\\\/ponte-de-lima-rejeita-linha-de-alta-tensao-que-atravessa-concelho-ate-a-galiza\\\/#breadcrumb\"},\"inLanguage\":\"pt-PT\",\"potentialAction\":[{\"@type\":\"ReadAction\",\"target\":[\"https:\\\/\\\/www.altominho.tv\\\/site\\\/2020\\\/07\\\/27\\\/ponte-de-lima-rejeita-linha-de-alta-tensao-que-atravessa-concelho-ate-a-galiza\\\/\"]}]},{\"@type\":\"ImageObject\",\"inLanguage\":\"pt-PT\",\"@id\":\"https:\\\/\\\/www.altominho.tv\\\/site\\\/2020\\\/07\\\/27\\\/ponte-de-lima-rejeita-linha-de-alta-tensao-que-atravessa-concelho-ate-a-galiza\\\/#primaryimage\",\"url\":\"https:\\\/\\\/www.altominho.tv\\\/site\\\/wp-content\\\/uploads\\\/2020\\\/07\\\/pylon-1651226_1920-740x492-1.jpg\",\"contentUrl\":\"https:\\\/\\\/www.altominho.tv\\\/site\\\/wp-content\\\/uploads\\\/2020\\\/07\\\/pylon-1651226_1920-740x492-1.jpg\",\"width\":740,\"height\":492,\"caption\":\"PIXABAY\"},{\"@type\":\"BreadcrumbList\",\"@id\":\"https:\\\/\\\/www.altominho.tv\\\/site\\\/2020\\\/07\\\/27\\\/ponte-de-lima-rejeita-linha-de-alta-tensao-que-atravessa-concelho-ate-a-galiza\\\/#breadcrumb\",\"itemListElement\":[{\"@type\":\"ListItem\",\"position\":1,\"name\":\"In\u00edcio\",\"item\":\"https:\\\/\\\/www.altominho.tv\\\/site\\\/\"},{\"@type\":\"ListItem\",\"position\":2,\"name\":\"Ponte de Lima rejeita linha de alta tens\u00e3o que atravessa concelho at\u00e9 \u00e0 Galiza\"}]},{\"@type\":\"WebSite\",\"@id\":\"https:\\\/\\\/www.altominho.tv\\\/site\\\/#website\",\"url\":\"https:\\\/\\\/www.altominho.tv\\\/site\\\/\",\"name\":\"Altominho.tv\",\"description\":\"A sua regi\u00e3o \u00e0 dist\u00e2ncia de um clique...\",\"potentialAction\":[{\"@type\":\"SearchAction\",\"target\":{\"@type\":\"EntryPoint\",\"urlTemplate\":\"https:\\\/\\\/www.altominho.tv\\\/site\\\/?s={search_term_string}\"},\"query-input\":{\"@type\":\"PropertyValueSpecification\",\"valueRequired\":true,\"valueName\":\"search_term_string\"}}],\"inLanguage\":\"pt-PT\"},{\"@type\":\"Person\",\"@id\":\"https:\\\/\\\/www.altominho.tv\\\/site\\\/#\\\/schema\\\/person\\\/63f693da3e1899361cbe955c46f3232e\",\"name\":\"Lusa\",\"image\":{\"@type\":\"ImageObject\",\"inLanguage\":\"pt-PT\",\"@id\":\"https:\\\/\\\/www.altominho.tv\\\/site\\\/wp-content\\\/uploads\\\/2019\\\/08\\\/LUSA_Logo.gif\",\"url\":\"https:\\\/\\\/www.altominho.tv\\\/site\\\/wp-content\\\/uploads\\\/2019\\\/08\\\/LUSA_Logo.gif\",\"contentUrl\":\"https:\\\/\\\/www.altominho.tv\\\/site\\\/wp-content\\\/uploads\\\/2019\\\/08\\\/LUSA_Logo.gif\",\"caption\":\"Lusa\"},\"sameAs\":[\"http:\\\/\\\/\\\/\\\/www.altominho.tv\\\/site\"],\"url\":\"https:\\\/\\\/www.altominho.tv\\\/site\\\/author\\\/lusa\\\/\"}]}<\/script>\n<!-- \/ Yoast SEO Premium plugin. -->","yoast_head_json":{"title":"Ponte de Lima rejeita linha de alta tens\u00e3o que atravessa concelho at\u00e9 \u00e0 Galiza","robots":{"index":"index","follow":"follow","max-snippet":"max-snippet:-1","max-image-preview":"max-image-preview:large","max-video-preview":"max-video-preview:-1"},"canonical":"https:\/\/www.altominho.tv\/site\/2020\/07\/27\/ponte-de-lima-rejeita-linha-de-alta-tensao-que-atravessa-concelho-ate-a-galiza\/","og_locale":"pt_PT","og_type":"article","og_title":"Ponte de Lima rejeita linha de alta tens\u00e3o que atravessa concelho at\u00e9 \u00e0 Galiza","og_description":"A C\u00e2mara de Ponte de Lima emitiu um parecer desfavor\u00e1vel a uma das duas op\u00e7\u00f5es do projeto de constru\u00e7\u00e3o da linha de muito alta tens\u00e3o at\u00e9 Fonte Fria, na Galiza, Espanha, por atravessar &#8220;integralmente&#8221; o concelho. Em comunicado, a autarquia explica que dos dois corredores propostos, a &#8220;op\u00e7\u00e3o 1, atravessa integralmente o concelho de Ponte [&hellip;]","og_url":"https:\/\/www.altominho.tv\/site\/2020\/07\/27\/ponte-de-lima-rejeita-linha-de-alta-tensao-que-atravessa-concelho-ate-a-galiza\/","og_site_name":"Altominho.tv","article_publisher":"https:\/\/www.facebook.com\/altominhotv","article_published_time":"2020-07-27T08:13:16+00:00","article_modified_time":"2020-07-27T08:14:01+00:00","og_image":[{"width":740,"height":492,"url":"https:\/\/www.altominho.tv\/site\/wp-content\/uploads\/2020\/07\/pylon-1651226_1920-740x492-1.jpg","type":"image\/jpeg"}],"author":"Lusa","twitter_card":"summary_large_image","twitter_creator":"@altominhoTV","twitter_site":"@altominhoTV","twitter_misc":{"Escrito por":"Lusa","Tempo estimado de leitura":"3 minutos"},"schema":{"@context":"https:\/\/schema.org","@graph":[{"@type":"Article","@id":"https:\/\/www.altominho.tv\/site\/2020\/07\/27\/ponte-de-lima-rejeita-linha-de-alta-tensao-que-atravessa-concelho-ate-a-galiza\/#article","isPartOf":{"@id":"https:\/\/www.altominho.tv\/site\/2020\/07\/27\/ponte-de-lima-rejeita-linha-de-alta-tensao-que-atravessa-concelho-ate-a-galiza\/"},"author":{"name":"Lusa","@id":"https:\/\/www.altominho.tv\/site\/#\/schema\/person\/63f693da3e1899361cbe955c46f3232e"},"headline":"Ponte de Lima rejeita linha de alta tens\u00e3o que atravessa concelho at\u00e9 \u00e0 Galiza","datePublished":"2020-07-27T08:13:16+00:00","dateModified":"2020-07-27T08:14:01+00:00","mainEntityOfPage":{"@id":"https:\/\/www.altominho.tv\/site\/2020\/07\/27\/ponte-de-lima-rejeita-linha-de-alta-tensao-que-atravessa-concelho-ate-a-galiza\/"},"wordCount":531,"image":{"@id":"https:\/\/www.altominho.tv\/site\/2020\/07\/27\/ponte-de-lima-rejeita-linha-de-alta-tensao-que-atravessa-concelho-ate-a-galiza\/#primaryimage"},"thumbnailUrl":"https:\/\/www.altominho.tv\/site\/wp-content\/uploads\/2020\/07\/pylon-1651226_1920-740x492-1.jpg","keywords":["Sociedade"],"articleSection":["Ponte de Lima"],"inLanguage":"pt-PT","copyrightYear":"2020","copyrightHolder":{"@id":"https:\/\/www.altominho.tv\/site\/#organization"}},{"@type":"WebPage","@id":"https:\/\/www.altominho.tv\/site\/2020\/07\/27\/ponte-de-lima-rejeita-linha-de-alta-tensao-que-atravessa-concelho-ate-a-galiza\/","url":"https:\/\/www.altominho.tv\/site\/2020\/07\/27\/ponte-de-lima-rejeita-linha-de-alta-tensao-que-atravessa-concelho-ate-a-galiza\/","name":"Ponte de Lima rejeita linha de alta tens\u00e3o que atravessa concelho at\u00e9 \u00e0 Galiza","isPartOf":{"@id":"https:\/\/www.altominho.tv\/site\/#website"},"primaryImageOfPage":{"@id":"https:\/\/www.altominho.tv\/site\/2020\/07\/27\/ponte-de-lima-rejeita-linha-de-alta-tensao-que-atravessa-concelho-ate-a-galiza\/#primaryimage"},"image":{"@id":"https:\/\/www.altominho.tv\/site\/2020\/07\/27\/ponte-de-lima-rejeita-linha-de-alta-tensao-que-atravessa-concelho-ate-a-galiza\/#primaryimage"},"thumbnailUrl":"https:\/\/www.altominho.tv\/site\/wp-content\/uploads\/2020\/07\/pylon-1651226_1920-740x492-1.jpg","datePublished":"2020-07-27T08:13:16+00:00","dateModified":"2020-07-27T08:14:01+00:00","author":{"@id":"https:\/\/www.altominho.tv\/site\/#\/schema\/person\/63f693da3e1899361cbe955c46f3232e"},"breadcrumb":{"@id":"https:\/\/www.altominho.tv\/site\/2020\/07\/27\/ponte-de-lima-rejeita-linha-de-alta-tensao-que-atravessa-concelho-ate-a-galiza\/#breadcrumb"},"inLanguage":"pt-PT","potentialAction":[{"@type":"ReadAction","target":["https:\/\/www.altominho.tv\/site\/2020\/07\/27\/ponte-de-lima-rejeita-linha-de-alta-tensao-que-atravessa-concelho-ate-a-galiza\/"]}]},{"@type":"ImageObject","inLanguage":"pt-PT","@id":"https:\/\/www.altominho.tv\/site\/2020\/07\/27\/ponte-de-lima-rejeita-linha-de-alta-tensao-que-atravessa-concelho-ate-a-galiza\/#primaryimage","url":"https:\/\/www.altominho.tv\/site\/wp-content\/uploads\/2020\/07\/pylon-1651226_1920-740x492-1.jpg","contentUrl":"https:\/\/www.altominho.tv\/site\/wp-content\/uploads\/2020\/07\/pylon-1651226_1920-740x492-1.jpg","width":740,"height":492,"caption":"PIXABAY"},{"@type":"BreadcrumbList","@id":"https:\/\/www.altominho.tv\/site\/2020\/07\/27\/ponte-de-lima-rejeita-linha-de-alta-tensao-que-atravessa-concelho-ate-a-galiza\/#breadcrumb","itemListElement":[{"@type":"ListItem","position":1,"name":"In\u00edcio","item":"https:\/\/www.altominho.tv\/site\/"},{"@type":"ListItem","position":2,"name":"Ponte de Lima rejeita linha de alta tens\u00e3o que atravessa concelho at\u00e9 \u00e0 Galiza"}]},{"@type":"WebSite","@id":"https:\/\/www.altominho.tv\/site\/#website","url":"https:\/\/www.altominho.tv\/site\/","name":"Altominho.tv","description":"A sua regi\u00e3o \u00e0 dist\u00e2ncia de um clique...","potentialAction":[{"@type":"SearchAction","target":{"@type":"EntryPoint","urlTemplate":"https:\/\/www.altominho.tv\/site\/?s={search_term_string}"},"query-input":{"@type":"PropertyValueSpecification","valueRequired":true,"valueName":"search_term_string"}}],"inLanguage":"pt-PT"},{"@type":"Person","@id":"https:\/\/www.altominho.tv\/site\/#\/schema\/person\/63f693da3e1899361cbe955c46f3232e","name":"Lusa","image":{"@type":"ImageObject","inLanguage":"pt-PT","@id":"https:\/\/www.altominho.tv\/site\/wp-content\/uploads\/2019\/08\/LUSA_Logo.gif","url":"https:\/\/www.altominho.tv\/site\/wp-content\/uploads\/2019\/08\/LUSA_Logo.gif","contentUrl":"https:\/\/www.altominho.tv\/site\/wp-content\/uploads\/2019\/08\/LUSA_Logo.gif","caption":"Lusa"},"sameAs":["http:\/\/\/\/www.altominho.tv\/site"],"url":"https:\/\/www.altominho.tv\/site\/author\/lusa\/"}]}},"_links":{"self":[{"href":"https:\/\/www.altominho.tv\/site\/wp-json\/wp\/v2\/posts\/49777","targetHints":{"allow":["GET"]}}],"collection":[{"href":"https:\/\/www.altominho.tv\/site\/wp-json\/wp\/v2\/posts"}],"about":[{"href":"https:\/\/www.altominho.tv\/site\/wp-json\/wp\/v2\/types\/post"}],"author":[{"embeddable":true,"href":"https:\/\/www.altominho.tv\/site\/wp-json\/wp\/v2\/users\/13"}],"replies":[{"embeddable":true,"href":"https:\/\/www.altominho.tv\/site\/wp-json\/wp\/v2\/comments?post=49777"}],"version-history":[{"count":0,"href":"https:\/\/www.altominho.tv\/site\/wp-json\/wp\/v2\/posts\/49777\/revisions"}],"wp:featuredmedia":[{"embeddable":true,"href":"https:\/\/www.altominho.tv\/site\/wp-json\/wp\/v2\/media\/48976"}],"wp:attachment":[{"href":"https:\/\/www.altominho.tv\/site\/wp-json\/wp\/v2\/media?parent=49777"}],"wp:term":[{"taxonomy":"category","embeddable":true,"href":"https:\/\/www.altominho.tv\/site\/wp-json\/wp\/v2\/categories?post=49777"},{"taxonomy":"post_tag","embeddable":true,"href":"https:\/\/www.altominho.tv\/site\/wp-json\/wp\/v2\/tags?post=49777"}],"curies":[{"name":"wp","href":"https:\/\/api.w.org\/{rel}","templated":true}]}}