{"id":49758,"date":"2020-07-26T14:37:26","date_gmt":"2020-07-26T13:37:26","guid":{"rendered":"http:\/\/www.altominho.tv\/site\/?p=49758"},"modified":"2020-07-26T14:37:30","modified_gmt":"2020-07-26T13:37:30","slug":"portugal-regista-mais-uma-morte-e-209-novos-casos-e-ultrapassa-os-50-mil-infetados","status":"publish","type":"post","link":"https:\/\/www.altominho.tv\/site\/2020\/07\/26\/portugal-regista-mais-uma-morte-e-209-novos-casos-e-ultrapassa-os-50-mil-infetados\/","title":{"rendered":"Portugal regista mais uma morte e 209 novos casos e ultrapassa os 50 mil infetados"},"content":{"rendered":"<p>Portugal regista hoje mais uma morte e 209 novos casos de infe\u00e7\u00e3o por covid-19 relativamente a s\u00e1bado, ultrapassando a barreira das 50 mil infe\u00e7\u00f5es desde o in\u00edcio da pandemia, segundo o boletim di\u00e1rio da Dire\u00e7\u00e3o-Geral da Sa\u00fade (DGS).<\/p>\n<p class=\"text-paragraph\">De acordo com o boletim epidemiol\u00f3gico da DGS, Portugal tem agora 50.164 casos confirmados de covid-19 desde o in\u00edcio da pandemia e 1.717 mortes.<\/p>\n<p class=\"text-paragraph\">Lisboa e Vale do Tejo, onde tem havido mais surtos ativos, soma hoje 25.448 casos, mais 155 infetados do que na v\u00e9spera, e mais um morto (o \u00fanico registado no pa\u00eds em 24 horas), elevando o total de \u00f3bitos nesta regi\u00e3o para 586.<\/p>\n<p class=\"text-paragraph\">Em termos percentuais, nas \u00faltimas 24 horas, o aumento de \u00f3bitos foi de 0,05% (passou de 1.716 para 1.717) e o de casos confirmados de 0,4% (de 49.955 para 50.164).<\/p>\n<p class=\"text-paragraph\">Em n\u00famero de casos, Lisboa e Vale do Tejo lidera com 25.448, seguida pela regi\u00e3o Norte (18.503, com 16 novos casos), a regi\u00e3o Centro (4.407, mais seis casos), o Algarve (853 e 15 casos novos) e o Alentejo (688, mais 17 casos).<\/p>\n<p class=\"text-paragraph\">Nos A\u00e7ores e na Madeira o n\u00famero de infetados manteve-se, em 160 e 105, respetivamente.<\/p>\n<p class=\"text-paragraph\">Apesar de se ter registado mais um \u00f3bito na zona de Lisboa e Vale do Tejo, \u00e9 o Norte que continua a registar o maior n\u00famero de mortes (828), depois surge ent\u00e3o a regi\u00e3o de Lisboa e Vale do Tejo (586), o Centro (252), Alentejo (21), Algarve (15) e A\u00e7ores (15).<\/p>\n<p class=\"text-paragraph\">Nas \u00faltimas 24 horas, o n\u00famero de pessoas internadas diminuiu para as 403 (menos sete) e nos cuidados intensivos est\u00e3o agora 48 pessoas (menos duas).<\/p>\n<p class=\"text-paragraph\">Em rela\u00e7\u00e3o \u00e0 informa\u00e7\u00e3o sobre os casos por concelho, a DGS recorda que apenas \u00e9 atualizada \u00e0s segundas-feiras, pelo que os tr\u00eas concelhos com mais casos confirmados indicados no boletim continuam a ser Lisboa (4.240), Sintra (3.476) e Loures (2.197).<\/p>\n<p class=\"text-paragraph\">Por faixas et\u00e1rias, o maior n\u00famero de \u00f3bitos concentra-se nas pessoas com mais de 80 anos (1.153), seguidas das que tinham entre 70 e 79 anos (332, mais um morto), entre 60 e 69 anos (152) e entre 50 e 59 anos (55). H\u00e1 ainda 20 mortos registados entre os 40 e 49 anos, tr\u00eas entre os 30 e 39 e dois entre os 20 e 29 anos de idade.<\/p>\n<p class=\"text-paragraph\">Em termos globais, h\u00e1 mais infetados na faixa et\u00e1ria entre 40 e 49 anos (8.294, mais 75 casos do que na v\u00e9spera) depois entre 30 e 39 anos (8.199, um aumento de 32 casos), 20 e 29 anos (7.660, mais 43 casos), 50 a 59 anos (7.610, mais 61), seguida das pessoas com mais de 80 anos (5.773, mais 15 do que no dia anterior).<\/p>\n<p class=\"text-paragraph\">As autoridades de sa\u00fade t\u00eam sob vigil\u00e2ncia 35.157 pessoas \u2013 mais 177 do que no s\u00e1bado \u2013 e 1.429 casos aguardam resultado laboratorial.<\/p>\n<p class=\"text-paragraph\">O n\u00famero de doentes dados como recuperados da covid-19 aumentou para 35.217 35.010 (mais 207).<\/p>\n","protected":false},"excerpt":{"rendered":"<p>Portugal regista hoje mais uma morte e 209 novos casos de infe\u00e7\u00e3o por covid-19 relativamente a s\u00e1bado, ultrapassando a barreira das 50 mil infe\u00e7\u00f5es desde o in\u00edcio da pandemia, segundo o boletim di\u00e1rio da Dire\u00e7\u00e3o-Geral da Sa\u00fade (DGS). De acordo com o boletim epidemiol\u00f3gico da DGS, Portugal tem agora 50.164 casos confirmados de covid-19 desde [&hellip;]<\/p>\n","protected":false},"author":13,"featured_media":45294,"comment_status":"closed","ping_status":"closed","sticky":false,"template":"","format":"standard","meta":{"_exactmetrics_skip_tracking":false,"_exactmetrics_sitenote_active":false,"_exactmetrics_sitenote_note":"","_exactmetrics_sitenote_category":0,"footnotes":""},"categories":[42722],"tags":[26],"class_list":["post-49758","post","type-post","status-publish","format-standard","has-post-thumbnail","hentry","category-covid-19","tag-saude"],"yoast_head":"<!-- This site is optimized with the Yoast SEO Premium plugin v27.4 (Yoast SEO v27.4) - https:\/\/yoast.com\/product\/yoast-seo-premium-wordpress\/ -->\n<title>Portugal regista mais uma morte e 209 novos casos e ultrapassa os 50 mil infetados<\/title>\n<meta name=\"robots\" content=\"index, follow, max-snippet:-1, max-image-preview:large, max-video-preview:-1\" \/>\n<link rel=\"canonical\" href=\"https:\/\/www.altominho.tv\/site\/2020\/07\/26\/portugal-regista-mais-uma-morte-e-209-novos-casos-e-ultrapassa-os-50-mil-infetados\/\" \/>\n<meta property=\"og:locale\" content=\"pt_PT\" \/>\n<meta property=\"og:type\" content=\"article\" \/>\n<meta property=\"og:title\" content=\"Portugal regista mais uma morte e 209 novos casos e ultrapassa os 50 mil infetados\" \/>\n<meta property=\"og:description\" content=\"Portugal regista hoje mais uma morte e 209 novos casos de infe\u00e7\u00e3o por covid-19 relativamente a s\u00e1bado, ultrapassando a barreira das 50 mil infe\u00e7\u00f5es desde o in\u00edcio da pandemia, segundo o boletim di\u00e1rio da Dire\u00e7\u00e3o-Geral da Sa\u00fade (DGS). De acordo com o boletim epidemiol\u00f3gico da DGS, Portugal tem agora 50.164 casos confirmados de covid-19 desde [&hellip;]\" \/>\n<meta property=\"og:url\" content=\"https:\/\/www.altominho.tv\/site\/2020\/07\/26\/portugal-regista-mais-uma-morte-e-209-novos-casos-e-ultrapassa-os-50-mil-infetados\/\" \/>\n<meta property=\"og:site_name\" content=\"Altominho.tv\" \/>\n<meta property=\"article:publisher\" content=\"https:\/\/www.facebook.com\/altominhotv\" \/>\n<meta property=\"article:published_time\" content=\"2020-07-26T13:37:26+00:00\" \/>\n<meta property=\"article:modified_time\" content=\"2020-07-26T13:37:30+00:00\" \/>\n<meta property=\"og:image\" content=\"https:\/\/www.altominho.tv\/site\/wp-content\/uploads\/2020\/04\/cidadehoje.pt-2020-04-19_13-55-02.jpg\" \/>\n\t<meta property=\"og:image:width\" content=\"1011\" \/>\n\t<meta property=\"og:image:height\" content=\"674\" \/>\n\t<meta property=\"og:image:type\" content=\"image\/jpeg\" \/>\n<meta name=\"author\" content=\"Lusa\" \/>\n<meta name=\"twitter:card\" content=\"summary_large_image\" \/>\n<meta name=\"twitter:creator\" content=\"@altominhoTV\" \/>\n<meta name=\"twitter:site\" content=\"@altominhoTV\" \/>\n<meta name=\"twitter:label1\" content=\"Escrito por\" \/>\n\t<meta name=\"twitter:data1\" content=\"Lusa\" \/>\n\t<meta name=\"twitter:label2\" content=\"Tempo estimado de leitura\" \/>\n\t<meta name=\"twitter:data2\" content=\"2 minutos\" \/>\n<script type=\"application\/ld+json\" class=\"yoast-schema-graph\">{\"@context\":\"https:\\\/\\\/schema.org\",\"@graph\":[{\"@type\":\"Article\",\"@id\":\"https:\\\/\\\/www.altominho.tv\\\/site\\\/2020\\\/07\\\/26\\\/portugal-regista-mais-uma-morte-e-209-novos-casos-e-ultrapassa-os-50-mil-infetados\\\/#article\",\"isPartOf\":{\"@id\":\"https:\\\/\\\/www.altominho.tv\\\/site\\\/2020\\\/07\\\/26\\\/portugal-regista-mais-uma-morte-e-209-novos-casos-e-ultrapassa-os-50-mil-infetados\\\/\"},\"author\":{\"name\":\"Lusa\",\"@id\":\"https:\\\/\\\/www.altominho.tv\\\/site\\\/#\\\/schema\\\/person\\\/63f693da3e1899361cbe955c46f3232e\"},\"headline\":\"Portugal regista mais uma morte e 209 novos casos e ultrapassa os 50 mil infetados\",\"datePublished\":\"2020-07-26T13:37:26+00:00\",\"dateModified\":\"2020-07-26T13:37:30+00:00\",\"mainEntityOfPage\":{\"@id\":\"https:\\\/\\\/www.altominho.tv\\\/site\\\/2020\\\/07\\\/26\\\/portugal-regista-mais-uma-morte-e-209-novos-casos-e-ultrapassa-os-50-mil-infetados\\\/\"},\"wordCount\":445,\"image\":{\"@id\":\"https:\\\/\\\/www.altominho.tv\\\/site\\\/2020\\\/07\\\/26\\\/portugal-regista-mais-uma-morte-e-209-novos-casos-e-ultrapassa-os-50-mil-infetados\\\/#primaryimage\"},\"thumbnailUrl\":\"https:\\\/\\\/www.altominho.tv\\\/site\\\/wp-content\\\/uploads\\\/2020\\\/04\\\/cidadehoje.pt-2020-04-19_13-55-02.jpg\",\"keywords\":[\"Sa\u00fade\"],\"articleSection\":[\"Coronav\u00edrus\"],\"inLanguage\":\"pt-PT\",\"copyrightYear\":\"2020\",\"copyrightHolder\":{\"@id\":\"https:\\\/\\\/www.altominho.tv\\\/site\\\/#organization\"}},{\"@type\":\"WebPage\",\"@id\":\"https:\\\/\\\/www.altominho.tv\\\/site\\\/2020\\\/07\\\/26\\\/portugal-regista-mais-uma-morte-e-209-novos-casos-e-ultrapassa-os-50-mil-infetados\\\/\",\"url\":\"https:\\\/\\\/www.altominho.tv\\\/site\\\/2020\\\/07\\\/26\\\/portugal-regista-mais-uma-morte-e-209-novos-casos-e-ultrapassa-os-50-mil-infetados\\\/\",\"name\":\"Portugal regista mais uma morte e 209 novos casos e ultrapassa os 50 mil infetados\",\"isPartOf\":{\"@id\":\"https:\\\/\\\/www.altominho.tv\\\/site\\\/#website\"},\"primaryImageOfPage\":{\"@id\":\"https:\\\/\\\/www.altominho.tv\\\/site\\\/2020\\\/07\\\/26\\\/portugal-regista-mais-uma-morte-e-209-novos-casos-e-ultrapassa-os-50-mil-infetados\\\/#primaryimage\"},\"image\":{\"@id\":\"https:\\\/\\\/www.altominho.tv\\\/site\\\/2020\\\/07\\\/26\\\/portugal-regista-mais-uma-morte-e-209-novos-casos-e-ultrapassa-os-50-mil-infetados\\\/#primaryimage\"},\"thumbnailUrl\":\"https:\\\/\\\/www.altominho.tv\\\/site\\\/wp-content\\\/uploads\\\/2020\\\/04\\\/cidadehoje.pt-2020-04-19_13-55-02.jpg\",\"datePublished\":\"2020-07-26T13:37:26+00:00\",\"dateModified\":\"2020-07-26T13:37:30+00:00\",\"author\":{\"@id\":\"https:\\\/\\\/www.altominho.tv\\\/site\\\/#\\\/schema\\\/person\\\/63f693da3e1899361cbe955c46f3232e\"},\"breadcrumb\":{\"@id\":\"https:\\\/\\\/www.altominho.tv\\\/site\\\/2020\\\/07\\\/26\\\/portugal-regista-mais-uma-morte-e-209-novos-casos-e-ultrapassa-os-50-mil-infetados\\\/#breadcrumb\"},\"inLanguage\":\"pt-PT\",\"potentialAction\":[{\"@type\":\"ReadAction\",\"target\":[\"https:\\\/\\\/www.altominho.tv\\\/site\\\/2020\\\/07\\\/26\\\/portugal-regista-mais-uma-morte-e-209-novos-casos-e-ultrapassa-os-50-mil-infetados\\\/\"]}]},{\"@type\":\"ImageObject\",\"inLanguage\":\"pt-PT\",\"@id\":\"https:\\\/\\\/www.altominho.tv\\\/site\\\/2020\\\/07\\\/26\\\/portugal-regista-mais-uma-morte-e-209-novos-casos-e-ultrapassa-os-50-mil-infetados\\\/#primaryimage\",\"url\":\"https:\\\/\\\/www.altominho.tv\\\/site\\\/wp-content\\\/uploads\\\/2020\\\/04\\\/cidadehoje.pt-2020-04-19_13-55-02.jpg\",\"contentUrl\":\"https:\\\/\\\/www.altominho.tv\\\/site\\\/wp-content\\\/uploads\\\/2020\\\/04\\\/cidadehoje.pt-2020-04-19_13-55-02.jpg\",\"width\":1011,\"height\":674},{\"@type\":\"BreadcrumbList\",\"@id\":\"https:\\\/\\\/www.altominho.tv\\\/site\\\/2020\\\/07\\\/26\\\/portugal-regista-mais-uma-morte-e-209-novos-casos-e-ultrapassa-os-50-mil-infetados\\\/#breadcrumb\",\"itemListElement\":[{\"@type\":\"ListItem\",\"position\":1,\"name\":\"In\u00edcio\",\"item\":\"https:\\\/\\\/www.altominho.tv\\\/site\\\/\"},{\"@type\":\"ListItem\",\"position\":2,\"name\":\"Portugal regista mais uma morte e 209 novos casos e ultrapassa os 50 mil infetados\"}]},{\"@type\":\"WebSite\",\"@id\":\"https:\\\/\\\/www.altominho.tv\\\/site\\\/#website\",\"url\":\"https:\\\/\\\/www.altominho.tv\\\/site\\\/\",\"name\":\"Altominho.tv\",\"description\":\"A sua regi\u00e3o \u00e0 dist\u00e2ncia de um clique...\",\"potentialAction\":[{\"@type\":\"SearchAction\",\"target\":{\"@type\":\"EntryPoint\",\"urlTemplate\":\"https:\\\/\\\/www.altominho.tv\\\/site\\\/?s={search_term_string}\"},\"query-input\":{\"@type\":\"PropertyValueSpecification\",\"valueRequired\":true,\"valueName\":\"search_term_string\"}}],\"inLanguage\":\"pt-PT\"},{\"@type\":\"Person\",\"@id\":\"https:\\\/\\\/www.altominho.tv\\\/site\\\/#\\\/schema\\\/person\\\/63f693da3e1899361cbe955c46f3232e\",\"name\":\"Lusa\",\"image\":{\"@type\":\"ImageObject\",\"inLanguage\":\"pt-PT\",\"@id\":\"https:\\\/\\\/www.altominho.tv\\\/site\\\/wp-content\\\/uploads\\\/2019\\\/08\\\/LUSA_Logo.gif\",\"url\":\"https:\\\/\\\/www.altominho.tv\\\/site\\\/wp-content\\\/uploads\\\/2019\\\/08\\\/LUSA_Logo.gif\",\"contentUrl\":\"https:\\\/\\\/www.altominho.tv\\\/site\\\/wp-content\\\/uploads\\\/2019\\\/08\\\/LUSA_Logo.gif\",\"caption\":\"Lusa\"},\"sameAs\":[\"http:\\\/\\\/\\\/\\\/www.altominho.tv\\\/site\"],\"url\":\"https:\\\/\\\/www.altominho.tv\\\/site\\\/author\\\/lusa\\\/\"}]}<\/script>\n<!-- \/ Yoast SEO Premium plugin. -->","yoast_head_json":{"title":"Portugal regista mais uma morte e 209 novos casos e ultrapassa os 50 mil infetados","robots":{"index":"index","follow":"follow","max-snippet":"max-snippet:-1","max-image-preview":"max-image-preview:large","max-video-preview":"max-video-preview:-1"},"canonical":"https:\/\/www.altominho.tv\/site\/2020\/07\/26\/portugal-regista-mais-uma-morte-e-209-novos-casos-e-ultrapassa-os-50-mil-infetados\/","og_locale":"pt_PT","og_type":"article","og_title":"Portugal regista mais uma morte e 209 novos casos e ultrapassa os 50 mil infetados","og_description":"Portugal regista hoje mais uma morte e 209 novos casos de infe\u00e7\u00e3o por covid-19 relativamente a s\u00e1bado, ultrapassando a barreira das 50 mil infe\u00e7\u00f5es desde o in\u00edcio da pandemia, segundo o boletim di\u00e1rio da Dire\u00e7\u00e3o-Geral da Sa\u00fade (DGS). De acordo com o boletim epidemiol\u00f3gico da DGS, Portugal tem agora 50.164 casos confirmados de covid-19 desde [&hellip;]","og_url":"https:\/\/www.altominho.tv\/site\/2020\/07\/26\/portugal-regista-mais-uma-morte-e-209-novos-casos-e-ultrapassa-os-50-mil-infetados\/","og_site_name":"Altominho.tv","article_publisher":"https:\/\/www.facebook.com\/altominhotv","article_published_time":"2020-07-26T13:37:26+00:00","article_modified_time":"2020-07-26T13:37:30+00:00","og_image":[{"width":1011,"height":674,"url":"https:\/\/www.altominho.tv\/site\/wp-content\/uploads\/2020\/04\/cidadehoje.pt-2020-04-19_13-55-02.jpg","type":"image\/jpeg"}],"author":"Lusa","twitter_card":"summary_large_image","twitter_creator":"@altominhoTV","twitter_site":"@altominhoTV","twitter_misc":{"Escrito por":"Lusa","Tempo estimado de leitura":"2 minutos"},"schema":{"@context":"https:\/\/schema.org","@graph":[{"@type":"Article","@id":"https:\/\/www.altominho.tv\/site\/2020\/07\/26\/portugal-regista-mais-uma-morte-e-209-novos-casos-e-ultrapassa-os-50-mil-infetados\/#article","isPartOf":{"@id":"https:\/\/www.altominho.tv\/site\/2020\/07\/26\/portugal-regista-mais-uma-morte-e-209-novos-casos-e-ultrapassa-os-50-mil-infetados\/"},"author":{"name":"Lusa","@id":"https:\/\/www.altominho.tv\/site\/#\/schema\/person\/63f693da3e1899361cbe955c46f3232e"},"headline":"Portugal regista mais uma morte e 209 novos casos e ultrapassa os 50 mil infetados","datePublished":"2020-07-26T13:37:26+00:00","dateModified":"2020-07-26T13:37:30+00:00","mainEntityOfPage":{"@id":"https:\/\/www.altominho.tv\/site\/2020\/07\/26\/portugal-regista-mais-uma-morte-e-209-novos-casos-e-ultrapassa-os-50-mil-infetados\/"},"wordCount":445,"image":{"@id":"https:\/\/www.altominho.tv\/site\/2020\/07\/26\/portugal-regista-mais-uma-morte-e-209-novos-casos-e-ultrapassa-os-50-mil-infetados\/#primaryimage"},"thumbnailUrl":"https:\/\/www.altominho.tv\/site\/wp-content\/uploads\/2020\/04\/cidadehoje.pt-2020-04-19_13-55-02.jpg","keywords":["Sa\u00fade"],"articleSection":["Coronav\u00edrus"],"inLanguage":"pt-PT","copyrightYear":"2020","copyrightHolder":{"@id":"https:\/\/www.altominho.tv\/site\/#organization"}},{"@type":"WebPage","@id":"https:\/\/www.altominho.tv\/site\/2020\/07\/26\/portugal-regista-mais-uma-morte-e-209-novos-casos-e-ultrapassa-os-50-mil-infetados\/","url":"https:\/\/www.altominho.tv\/site\/2020\/07\/26\/portugal-regista-mais-uma-morte-e-209-novos-casos-e-ultrapassa-os-50-mil-infetados\/","name":"Portugal regista mais uma morte e 209 novos casos e ultrapassa os 50 mil infetados","isPartOf":{"@id":"https:\/\/www.altominho.tv\/site\/#website"},"primaryImageOfPage":{"@id":"https:\/\/www.altominho.tv\/site\/2020\/07\/26\/portugal-regista-mais-uma-morte-e-209-novos-casos-e-ultrapassa-os-50-mil-infetados\/#primaryimage"},"image":{"@id":"https:\/\/www.altominho.tv\/site\/2020\/07\/26\/portugal-regista-mais-uma-morte-e-209-novos-casos-e-ultrapassa-os-50-mil-infetados\/#primaryimage"},"thumbnailUrl":"https:\/\/www.altominho.tv\/site\/wp-content\/uploads\/2020\/04\/cidadehoje.pt-2020-04-19_13-55-02.jpg","datePublished":"2020-07-26T13:37:26+00:00","dateModified":"2020-07-26T13:37:30+00:00","author":{"@id":"https:\/\/www.altominho.tv\/site\/#\/schema\/person\/63f693da3e1899361cbe955c46f3232e"},"breadcrumb":{"@id":"https:\/\/www.altominho.tv\/site\/2020\/07\/26\/portugal-regista-mais-uma-morte-e-209-novos-casos-e-ultrapassa-os-50-mil-infetados\/#breadcrumb"},"inLanguage":"pt-PT","potentialAction":[{"@type":"ReadAction","target":["https:\/\/www.altominho.tv\/site\/2020\/07\/26\/portugal-regista-mais-uma-morte-e-209-novos-casos-e-ultrapassa-os-50-mil-infetados\/"]}]},{"@type":"ImageObject","inLanguage":"pt-PT","@id":"https:\/\/www.altominho.tv\/site\/2020\/07\/26\/portugal-regista-mais-uma-morte-e-209-novos-casos-e-ultrapassa-os-50-mil-infetados\/#primaryimage","url":"https:\/\/www.altominho.tv\/site\/wp-content\/uploads\/2020\/04\/cidadehoje.pt-2020-04-19_13-55-02.jpg","contentUrl":"https:\/\/www.altominho.tv\/site\/wp-content\/uploads\/2020\/04\/cidadehoje.pt-2020-04-19_13-55-02.jpg","width":1011,"height":674},{"@type":"BreadcrumbList","@id":"https:\/\/www.altominho.tv\/site\/2020\/07\/26\/portugal-regista-mais-uma-morte-e-209-novos-casos-e-ultrapassa-os-50-mil-infetados\/#breadcrumb","itemListElement":[{"@type":"ListItem","position":1,"name":"In\u00edcio","item":"https:\/\/www.altominho.tv\/site\/"},{"@type":"ListItem","position":2,"name":"Portugal regista mais uma morte e 209 novos casos e ultrapassa os 50 mil infetados"}]},{"@type":"WebSite","@id":"https:\/\/www.altominho.tv\/site\/#website","url":"https:\/\/www.altominho.tv\/site\/","name":"Altominho.tv","description":"A sua regi\u00e3o \u00e0 dist\u00e2ncia de um clique...","potentialAction":[{"@type":"SearchAction","target":{"@type":"EntryPoint","urlTemplate":"https:\/\/www.altominho.tv\/site\/?s={search_term_string}"},"query-input":{"@type":"PropertyValueSpecification","valueRequired":true,"valueName":"search_term_string"}}],"inLanguage":"pt-PT"},{"@type":"Person","@id":"https:\/\/www.altominho.tv\/site\/#\/schema\/person\/63f693da3e1899361cbe955c46f3232e","name":"Lusa","image":{"@type":"ImageObject","inLanguage":"pt-PT","@id":"https:\/\/www.altominho.tv\/site\/wp-content\/uploads\/2019\/08\/LUSA_Logo.gif","url":"https:\/\/www.altominho.tv\/site\/wp-content\/uploads\/2019\/08\/LUSA_Logo.gif","contentUrl":"https:\/\/www.altominho.tv\/site\/wp-content\/uploads\/2019\/08\/LUSA_Logo.gif","caption":"Lusa"},"sameAs":["http:\/\/\/\/www.altominho.tv\/site"],"url":"https:\/\/www.altominho.tv\/site\/author\/lusa\/"}]}},"_links":{"self":[{"href":"https:\/\/www.altominho.tv\/site\/wp-json\/wp\/v2\/posts\/49758","targetHints":{"allow":["GET"]}}],"collection":[{"href":"https:\/\/www.altominho.tv\/site\/wp-json\/wp\/v2\/posts"}],"about":[{"href":"https:\/\/www.altominho.tv\/site\/wp-json\/wp\/v2\/types\/post"}],"author":[{"embeddable":true,"href":"https:\/\/www.altominho.tv\/site\/wp-json\/wp\/v2\/users\/13"}],"replies":[{"embeddable":true,"href":"https:\/\/www.altominho.tv\/site\/wp-json\/wp\/v2\/comments?post=49758"}],"version-history":[{"count":0,"href":"https:\/\/www.altominho.tv\/site\/wp-json\/wp\/v2\/posts\/49758\/revisions"}],"wp:featuredmedia":[{"embeddable":true,"href":"https:\/\/www.altominho.tv\/site\/wp-json\/wp\/v2\/media\/45294"}],"wp:attachment":[{"href":"https:\/\/www.altominho.tv\/site\/wp-json\/wp\/v2\/media?parent=49758"}],"wp:term":[{"taxonomy":"category","embeddable":true,"href":"https:\/\/www.altominho.tv\/site\/wp-json\/wp\/v2\/categories?post=49758"},{"taxonomy":"post_tag","embeddable":true,"href":"https:\/\/www.altominho.tv\/site\/wp-json\/wp\/v2\/tags?post=49758"}],"curies":[{"name":"wp","href":"https:\/\/api.w.org\/{rel}","templated":true}]}}