{"id":49754,"date":"2020-07-26T10:21:26","date_gmt":"2020-07-26T09:21:26","guid":{"rendered":"http:\/\/www.altominho.tv\/site\/?p=49754"},"modified":"2020-07-26T10:21:30","modified_gmt":"2020-07-26T09:21:30","slug":"fogos-em-ponte-de-lima-em-fase-de-conclusao","status":"publish","type":"post","link":"https:\/\/www.altominho.tv\/site\/2020\/07\/26\/fogos-em-ponte-de-lima-em-fase-de-conclusao\/","title":{"rendered":"Fogos em Ponte de Lima em fase de conclus\u00e3o"},"content":{"rendered":"<p>Os inc\u00eandios rurais de grandes propor\u00e7\u00f5es registados no s\u00e1bado em Ponte de Lima est\u00e3o j\u00e1 em fase de conclus\u00e3o, segundo fonte da prote\u00e7\u00e3o civil.<\/p>\n<p>O comandante Carlos Pereira, oficial de opera\u00e7\u00f5es do Comando Nacional de Emerg\u00eancia e Prote\u00e7\u00e3o Civil, disse que os inc\u00eandios que se registaram em Ponte de Lima, foram dominados durante a noite e encontram-se na fase de \u201cconclus\u00e3o\u201d e \u201crescaldo\u201d, com a presen\u00e7a de operacionais no terreno, em vigil\u00e2ncia.<\/p>\n<p>O fogo come\u00e7ou em Fojo Lobal e o alerta foi registado cerca das 10h45 de s\u00e1bado, tendo-se propagado a freguesias vizinhas como Facha, Caba\u00e7os e Vitorino de Pi\u00e3es.<\/p>\n<p>Segundo a p\u00e1gina da Autoridade Nacional de Emerg\u00eancia e Prote\u00e7\u00e3o Civil, no inc\u00eandio em Ponte de Lima, encontravam-se pelas 09h10 deste domingo, um total de 101 homens e 36 viaturas.<\/p>\n","protected":false},"excerpt":{"rendered":"<p>Os inc\u00eandios rurais de grandes propor\u00e7\u00f5es registados no s\u00e1bado em Ponte de Lima est\u00e3o j\u00e1 em fase de conclus\u00e3o, segundo fonte da prote\u00e7\u00e3o civil. O comandante Carlos Pereira, oficial de opera\u00e7\u00f5es do Comando Nacional de Emerg\u00eancia e Prote\u00e7\u00e3o Civil, disse que os inc\u00eandios que se registaram em Ponte de Lima, foram dominados durante a noite [&hellip;]<\/p>\n","protected":false},"author":13,"featured_media":49755,"comment_status":"closed","ping_status":"closed","sticky":false,"template":"","format":"standard","meta":{"_exactmetrics_skip_tracking":false,"_exactmetrics_sitenote_active":false,"_exactmetrics_sitenote_note":"","_exactmetrics_sitenote_category":0,"footnotes":""},"categories":[12],"tags":[27],"class_list":["post-49754","post","type-post","status-publish","format-standard","has-post-thumbnail","hentry","category-ponte-de-lima","tag-sociedade"],"yoast_head":"<!-- This site is optimized with the Yoast SEO Premium plugin v27.4 (Yoast SEO v27.4) - https:\/\/yoast.com\/product\/yoast-seo-premium-wordpress\/ -->\n<title>Fogos em Ponte de Lima em fase de conclus\u00e3o<\/title>\n<meta name=\"robots\" content=\"index, follow, max-snippet:-1, max-image-preview:large, max-video-preview:-1\" \/>\n<link rel=\"canonical\" href=\"https:\/\/www.altominho.tv\/site\/2020\/07\/26\/fogos-em-ponte-de-lima-em-fase-de-conclusao\/\" \/>\n<meta property=\"og:locale\" content=\"pt_PT\" \/>\n<meta property=\"og:type\" content=\"article\" \/>\n<meta property=\"og:title\" content=\"Fogos em Ponte de Lima em fase de conclus\u00e3o\" \/>\n<meta property=\"og:description\" content=\"Os inc\u00eandios rurais de grandes propor\u00e7\u00f5es registados no s\u00e1bado em Ponte de Lima est\u00e3o j\u00e1 em fase de conclus\u00e3o, segundo fonte da prote\u00e7\u00e3o civil. O comandante Carlos Pereira, oficial de opera\u00e7\u00f5es do Comando Nacional de Emerg\u00eancia e Prote\u00e7\u00e3o Civil, disse que os inc\u00eandios que se registaram em Ponte de Lima, foram dominados durante a noite [&hellip;]\" \/>\n<meta property=\"og:url\" content=\"https:\/\/www.altominho.tv\/site\/2020\/07\/26\/fogos-em-ponte-de-lima-em-fase-de-conclusao\/\" \/>\n<meta property=\"og:site_name\" content=\"Altominho.tv\" \/>\n<meta property=\"article:publisher\" content=\"https:\/\/www.facebook.com\/altominhotv\" \/>\n<meta property=\"article:published_time\" content=\"2020-07-26T09:21:26+00:00\" \/>\n<meta property=\"article:modified_time\" content=\"2020-07-26T09:21:30+00:00\" \/>\n<meta property=\"og:image\" content=\"https:\/\/www.altominho.tv\/site\/wp-content\/uploads\/2020\/07\/Ince\u0302ncio_conclusa\u0303o.jpg\" \/>\n\t<meta property=\"og:image:width\" content=\"1024\" \/>\n\t<meta property=\"og:image:height\" content=\"576\" \/>\n\t<meta property=\"og:image:type\" content=\"image\/jpeg\" \/>\n<meta name=\"author\" content=\"Lusa\" \/>\n<meta name=\"twitter:card\" content=\"summary_large_image\" \/>\n<meta name=\"twitter:creator\" content=\"@altominhoTV\" \/>\n<meta name=\"twitter:site\" content=\"@altominhoTV\" \/>\n<meta name=\"twitter:label1\" content=\"Escrito por\" \/>\n\t<meta name=\"twitter:data1\" content=\"Lusa\" \/>\n\t<meta name=\"twitter:label2\" content=\"Tempo estimado de leitura\" \/>\n\t<meta name=\"twitter:data2\" content=\"1 minuto\" \/>\n<script type=\"application\/ld+json\" class=\"yoast-schema-graph\">{\"@context\":\"https:\\\/\\\/schema.org\",\"@graph\":[{\"@type\":\"Article\",\"@id\":\"https:\\\/\\\/www.altominho.tv\\\/site\\\/2020\\\/07\\\/26\\\/fogos-em-ponte-de-lima-em-fase-de-conclusao\\\/#article\",\"isPartOf\":{\"@id\":\"https:\\\/\\\/www.altominho.tv\\\/site\\\/2020\\\/07\\\/26\\\/fogos-em-ponte-de-lima-em-fase-de-conclusao\\\/\"},\"author\":{\"name\":\"Lusa\",\"@id\":\"https:\\\/\\\/www.altominho.tv\\\/site\\\/#\\\/schema\\\/person\\\/63f693da3e1899361cbe955c46f3232e\"},\"headline\":\"Fogos em Ponte de Lima em fase de conclus\u00e3o\",\"datePublished\":\"2020-07-26T09:21:26+00:00\",\"dateModified\":\"2020-07-26T09:21:30+00:00\",\"mainEntityOfPage\":{\"@id\":\"https:\\\/\\\/www.altominho.tv\\\/site\\\/2020\\\/07\\\/26\\\/fogos-em-ponte-de-lima-em-fase-de-conclusao\\\/\"},\"wordCount\":159,\"image\":{\"@id\":\"https:\\\/\\\/www.altominho.tv\\\/site\\\/2020\\\/07\\\/26\\\/fogos-em-ponte-de-lima-em-fase-de-conclusao\\\/#primaryimage\"},\"thumbnailUrl\":\"https:\\\/\\\/www.altominho.tv\\\/site\\\/wp-content\\\/uploads\\\/2020\\\/07\\\/Ince\u0302ncio_conclusa\u0303o.jpg\",\"keywords\":[\"Sociedade\"],\"articleSection\":[\"Ponte de Lima\"],\"inLanguage\":\"pt-PT\",\"copyrightYear\":\"2020\",\"copyrightHolder\":{\"@id\":\"https:\\\/\\\/www.altominho.tv\\\/site\\\/#organization\"}},{\"@type\":\"WebPage\",\"@id\":\"https:\\\/\\\/www.altominho.tv\\\/site\\\/2020\\\/07\\\/26\\\/fogos-em-ponte-de-lima-em-fase-de-conclusao\\\/\",\"url\":\"https:\\\/\\\/www.altominho.tv\\\/site\\\/2020\\\/07\\\/26\\\/fogos-em-ponte-de-lima-em-fase-de-conclusao\\\/\",\"name\":\"Fogos em Ponte de Lima em fase de conclus\u00e3o\",\"isPartOf\":{\"@id\":\"https:\\\/\\\/www.altominho.tv\\\/site\\\/#website\"},\"primaryImageOfPage\":{\"@id\":\"https:\\\/\\\/www.altominho.tv\\\/site\\\/2020\\\/07\\\/26\\\/fogos-em-ponte-de-lima-em-fase-de-conclusao\\\/#primaryimage\"},\"image\":{\"@id\":\"https:\\\/\\\/www.altominho.tv\\\/site\\\/2020\\\/07\\\/26\\\/fogos-em-ponte-de-lima-em-fase-de-conclusao\\\/#primaryimage\"},\"thumbnailUrl\":\"https:\\\/\\\/www.altominho.tv\\\/site\\\/wp-content\\\/uploads\\\/2020\\\/07\\\/Ince\u0302ncio_conclusa\u0303o.jpg\",\"datePublished\":\"2020-07-26T09:21:26+00:00\",\"dateModified\":\"2020-07-26T09:21:30+00:00\",\"author\":{\"@id\":\"https:\\\/\\\/www.altominho.tv\\\/site\\\/#\\\/schema\\\/person\\\/63f693da3e1899361cbe955c46f3232e\"},\"breadcrumb\":{\"@id\":\"https:\\\/\\\/www.altominho.tv\\\/site\\\/2020\\\/07\\\/26\\\/fogos-em-ponte-de-lima-em-fase-de-conclusao\\\/#breadcrumb\"},\"inLanguage\":\"pt-PT\",\"potentialAction\":[{\"@type\":\"ReadAction\",\"target\":[\"https:\\\/\\\/www.altominho.tv\\\/site\\\/2020\\\/07\\\/26\\\/fogos-em-ponte-de-lima-em-fase-de-conclusao\\\/\"]}]},{\"@type\":\"ImageObject\",\"inLanguage\":\"pt-PT\",\"@id\":\"https:\\\/\\\/www.altominho.tv\\\/site\\\/2020\\\/07\\\/26\\\/fogos-em-ponte-de-lima-em-fase-de-conclusao\\\/#primaryimage\",\"url\":\"https:\\\/\\\/www.altominho.tv\\\/site\\\/wp-content\\\/uploads\\\/2020\\\/07\\\/Ince\u0302ncio_conclusa\u0303o.jpg\",\"contentUrl\":\"https:\\\/\\\/www.altominho.tv\\\/site\\\/wp-content\\\/uploads\\\/2020\\\/07\\\/Ince\u0302ncio_conclusa\u0303o.jpg\",\"width\":1024,\"height\":576,\"caption\":\"Diogo Bernardo\"},{\"@type\":\"BreadcrumbList\",\"@id\":\"https:\\\/\\\/www.altominho.tv\\\/site\\\/2020\\\/07\\\/26\\\/fogos-em-ponte-de-lima-em-fase-de-conclusao\\\/#breadcrumb\",\"itemListElement\":[{\"@type\":\"ListItem\",\"position\":1,\"name\":\"In\u00edcio\",\"item\":\"https:\\\/\\\/www.altominho.tv\\\/site\\\/\"},{\"@type\":\"ListItem\",\"position\":2,\"name\":\"Fogos em Ponte de Lima em fase de conclus\u00e3o\"}]},{\"@type\":\"WebSite\",\"@id\":\"https:\\\/\\\/www.altominho.tv\\\/site\\\/#website\",\"url\":\"https:\\\/\\\/www.altominho.tv\\\/site\\\/\",\"name\":\"Altominho.tv\",\"description\":\"A sua regi\u00e3o \u00e0 dist\u00e2ncia de um clique...\",\"potentialAction\":[{\"@type\":\"SearchAction\",\"target\":{\"@type\":\"EntryPoint\",\"urlTemplate\":\"https:\\\/\\\/www.altominho.tv\\\/site\\\/?s={search_term_string}\"},\"query-input\":{\"@type\":\"PropertyValueSpecification\",\"valueRequired\":true,\"valueName\":\"search_term_string\"}}],\"inLanguage\":\"pt-PT\"},{\"@type\":\"Person\",\"@id\":\"https:\\\/\\\/www.altominho.tv\\\/site\\\/#\\\/schema\\\/person\\\/63f693da3e1899361cbe955c46f3232e\",\"name\":\"Lusa\",\"image\":{\"@type\":\"ImageObject\",\"inLanguage\":\"pt-PT\",\"@id\":\"https:\\\/\\\/www.altominho.tv\\\/site\\\/wp-content\\\/uploads\\\/2019\\\/08\\\/LUSA_Logo.gif\",\"url\":\"https:\\\/\\\/www.altominho.tv\\\/site\\\/wp-content\\\/uploads\\\/2019\\\/08\\\/LUSA_Logo.gif\",\"contentUrl\":\"https:\\\/\\\/www.altominho.tv\\\/site\\\/wp-content\\\/uploads\\\/2019\\\/08\\\/LUSA_Logo.gif\",\"caption\":\"Lusa\"},\"sameAs\":[\"http:\\\/\\\/\\\/\\\/www.altominho.tv\\\/site\"],\"url\":\"https:\\\/\\\/www.altominho.tv\\\/site\\\/author\\\/lusa\\\/\"}]}<\/script>\n<!-- \/ Yoast SEO Premium plugin. -->","yoast_head_json":{"title":"Fogos em Ponte de Lima em fase de conclus\u00e3o","robots":{"index":"index","follow":"follow","max-snippet":"max-snippet:-1","max-image-preview":"max-image-preview:large","max-video-preview":"max-video-preview:-1"},"canonical":"https:\/\/www.altominho.tv\/site\/2020\/07\/26\/fogos-em-ponte-de-lima-em-fase-de-conclusao\/","og_locale":"pt_PT","og_type":"article","og_title":"Fogos em Ponte de Lima em fase de conclus\u00e3o","og_description":"Os inc\u00eandios rurais de grandes propor\u00e7\u00f5es registados no s\u00e1bado em Ponte de Lima est\u00e3o j\u00e1 em fase de conclus\u00e3o, segundo fonte da prote\u00e7\u00e3o civil. O comandante Carlos Pereira, oficial de opera\u00e7\u00f5es do Comando Nacional de Emerg\u00eancia e Prote\u00e7\u00e3o Civil, disse que os inc\u00eandios que se registaram em Ponte de Lima, foram dominados durante a noite [&hellip;]","og_url":"https:\/\/www.altominho.tv\/site\/2020\/07\/26\/fogos-em-ponte-de-lima-em-fase-de-conclusao\/","og_site_name":"Altominho.tv","article_publisher":"https:\/\/www.facebook.com\/altominhotv","article_published_time":"2020-07-26T09:21:26+00:00","article_modified_time":"2020-07-26T09:21:30+00:00","og_image":[{"width":1024,"height":576,"url":"https:\/\/www.altominho.tv\/site\/wp-content\/uploads\/2020\/07\/Ince\u0302ncio_conclusa\u0303o.jpg","type":"image\/jpeg"}],"author":"Lusa","twitter_card":"summary_large_image","twitter_creator":"@altominhoTV","twitter_site":"@altominhoTV","twitter_misc":{"Escrito por":"Lusa","Tempo estimado de leitura":"1 minuto"},"schema":{"@context":"https:\/\/schema.org","@graph":[{"@type":"Article","@id":"https:\/\/www.altominho.tv\/site\/2020\/07\/26\/fogos-em-ponte-de-lima-em-fase-de-conclusao\/#article","isPartOf":{"@id":"https:\/\/www.altominho.tv\/site\/2020\/07\/26\/fogos-em-ponte-de-lima-em-fase-de-conclusao\/"},"author":{"name":"Lusa","@id":"https:\/\/www.altominho.tv\/site\/#\/schema\/person\/63f693da3e1899361cbe955c46f3232e"},"headline":"Fogos em Ponte de Lima em fase de conclus\u00e3o","datePublished":"2020-07-26T09:21:26+00:00","dateModified":"2020-07-26T09:21:30+00:00","mainEntityOfPage":{"@id":"https:\/\/www.altominho.tv\/site\/2020\/07\/26\/fogos-em-ponte-de-lima-em-fase-de-conclusao\/"},"wordCount":159,"image":{"@id":"https:\/\/www.altominho.tv\/site\/2020\/07\/26\/fogos-em-ponte-de-lima-em-fase-de-conclusao\/#primaryimage"},"thumbnailUrl":"https:\/\/www.altominho.tv\/site\/wp-content\/uploads\/2020\/07\/Ince\u0302ncio_conclusa\u0303o.jpg","keywords":["Sociedade"],"articleSection":["Ponte de Lima"],"inLanguage":"pt-PT","copyrightYear":"2020","copyrightHolder":{"@id":"https:\/\/www.altominho.tv\/site\/#organization"}},{"@type":"WebPage","@id":"https:\/\/www.altominho.tv\/site\/2020\/07\/26\/fogos-em-ponte-de-lima-em-fase-de-conclusao\/","url":"https:\/\/www.altominho.tv\/site\/2020\/07\/26\/fogos-em-ponte-de-lima-em-fase-de-conclusao\/","name":"Fogos em Ponte de Lima em fase de conclus\u00e3o","isPartOf":{"@id":"https:\/\/www.altominho.tv\/site\/#website"},"primaryImageOfPage":{"@id":"https:\/\/www.altominho.tv\/site\/2020\/07\/26\/fogos-em-ponte-de-lima-em-fase-de-conclusao\/#primaryimage"},"image":{"@id":"https:\/\/www.altominho.tv\/site\/2020\/07\/26\/fogos-em-ponte-de-lima-em-fase-de-conclusao\/#primaryimage"},"thumbnailUrl":"https:\/\/www.altominho.tv\/site\/wp-content\/uploads\/2020\/07\/Ince\u0302ncio_conclusa\u0303o.jpg","datePublished":"2020-07-26T09:21:26+00:00","dateModified":"2020-07-26T09:21:30+00:00","author":{"@id":"https:\/\/www.altominho.tv\/site\/#\/schema\/person\/63f693da3e1899361cbe955c46f3232e"},"breadcrumb":{"@id":"https:\/\/www.altominho.tv\/site\/2020\/07\/26\/fogos-em-ponte-de-lima-em-fase-de-conclusao\/#breadcrumb"},"inLanguage":"pt-PT","potentialAction":[{"@type":"ReadAction","target":["https:\/\/www.altominho.tv\/site\/2020\/07\/26\/fogos-em-ponte-de-lima-em-fase-de-conclusao\/"]}]},{"@type":"ImageObject","inLanguage":"pt-PT","@id":"https:\/\/www.altominho.tv\/site\/2020\/07\/26\/fogos-em-ponte-de-lima-em-fase-de-conclusao\/#primaryimage","url":"https:\/\/www.altominho.tv\/site\/wp-content\/uploads\/2020\/07\/Ince\u0302ncio_conclusa\u0303o.jpg","contentUrl":"https:\/\/www.altominho.tv\/site\/wp-content\/uploads\/2020\/07\/Ince\u0302ncio_conclusa\u0303o.jpg","width":1024,"height":576,"caption":"Diogo Bernardo"},{"@type":"BreadcrumbList","@id":"https:\/\/www.altominho.tv\/site\/2020\/07\/26\/fogos-em-ponte-de-lima-em-fase-de-conclusao\/#breadcrumb","itemListElement":[{"@type":"ListItem","position":1,"name":"In\u00edcio","item":"https:\/\/www.altominho.tv\/site\/"},{"@type":"ListItem","position":2,"name":"Fogos em Ponte de Lima em fase de conclus\u00e3o"}]},{"@type":"WebSite","@id":"https:\/\/www.altominho.tv\/site\/#website","url":"https:\/\/www.altominho.tv\/site\/","name":"Altominho.tv","description":"A sua regi\u00e3o \u00e0 dist\u00e2ncia de um clique...","potentialAction":[{"@type":"SearchAction","target":{"@type":"EntryPoint","urlTemplate":"https:\/\/www.altominho.tv\/site\/?s={search_term_string}"},"query-input":{"@type":"PropertyValueSpecification","valueRequired":true,"valueName":"search_term_string"}}],"inLanguage":"pt-PT"},{"@type":"Person","@id":"https:\/\/www.altominho.tv\/site\/#\/schema\/person\/63f693da3e1899361cbe955c46f3232e","name":"Lusa","image":{"@type":"ImageObject","inLanguage":"pt-PT","@id":"https:\/\/www.altominho.tv\/site\/wp-content\/uploads\/2019\/08\/LUSA_Logo.gif","url":"https:\/\/www.altominho.tv\/site\/wp-content\/uploads\/2019\/08\/LUSA_Logo.gif","contentUrl":"https:\/\/www.altominho.tv\/site\/wp-content\/uploads\/2019\/08\/LUSA_Logo.gif","caption":"Lusa"},"sameAs":["http:\/\/\/\/www.altominho.tv\/site"],"url":"https:\/\/www.altominho.tv\/site\/author\/lusa\/"}]}},"_links":{"self":[{"href":"https:\/\/www.altominho.tv\/site\/wp-json\/wp\/v2\/posts\/49754","targetHints":{"allow":["GET"]}}],"collection":[{"href":"https:\/\/www.altominho.tv\/site\/wp-json\/wp\/v2\/posts"}],"about":[{"href":"https:\/\/www.altominho.tv\/site\/wp-json\/wp\/v2\/types\/post"}],"author":[{"embeddable":true,"href":"https:\/\/www.altominho.tv\/site\/wp-json\/wp\/v2\/users\/13"}],"replies":[{"embeddable":true,"href":"https:\/\/www.altominho.tv\/site\/wp-json\/wp\/v2\/comments?post=49754"}],"version-history":[{"count":0,"href":"https:\/\/www.altominho.tv\/site\/wp-json\/wp\/v2\/posts\/49754\/revisions"}],"wp:featuredmedia":[{"embeddable":true,"href":"https:\/\/www.altominho.tv\/site\/wp-json\/wp\/v2\/media\/49755"}],"wp:attachment":[{"href":"https:\/\/www.altominho.tv\/site\/wp-json\/wp\/v2\/media?parent=49754"}],"wp:term":[{"taxonomy":"category","embeddable":true,"href":"https:\/\/www.altominho.tv\/site\/wp-json\/wp\/v2\/categories?post=49754"},{"taxonomy":"post_tag","embeddable":true,"href":"https:\/\/www.altominho.tv\/site\/wp-json\/wp\/v2\/tags?post=49754"}],"curies":[{"name":"wp","href":"https:\/\/api.w.org\/{rel}","templated":true}]}}