{"id":49738,"date":"2020-07-25T22:00:49","date_gmt":"2020-07-25T21:00:49","guid":{"rendered":"http:\/\/www.altominho.tv\/site\/?p=49738"},"modified":"2020-07-25T22:00:53","modified_gmt":"2020-07-25T21:00:53","slug":"presidente-da-camara-de-ponte-de-lima-pede-investigacao-a-origem-dos-fogos-no-concelho","status":"publish","type":"post","link":"https:\/\/www.altominho.tv\/site\/2020\/07\/25\/presidente-da-camara-de-ponte-de-lima-pede-investigacao-a-origem-dos-fogos-no-concelho\/","title":{"rendered":"Presidente da c\u00e2mara de Ponte de Lima pede investiga\u00e7\u00e3o \u00e0 origem dos fogos no concelho"},"content":{"rendered":"<p>O presidente da c\u00e2mara de Ponte de Lima, V\u00edtor Mendes, apelou este s\u00e1bado \u00e0 interven\u00e7\u00e3o do Minist\u00e9rio da Administra\u00e7\u00e3o Interna (MAI) e da Pol\u00edcia Judici\u00e1ria por suspeitar da quantidade de fogos que atingiram o concelho nos \u00faltimos dias.<\/p>\n<p>Neste concelho do distrito de Viana do Castelo lavram hoje dois inc\u00eandios que mobilizam mais de duas centenas de operacionais, um que est\u00e1 a afetar as freguesias de Fojo Lobal, Facha, Caba\u00e7os e Vitorino de Pi\u00e3es e um segundo nas freguesias de Serdedelo e Fornelos, ambos muito pr\u00f3ximos de habita\u00e7\u00f5es.<\/p>\n<p>&#8220;<strong>Andamos h\u00e1 duas semanas com inc\u00eandios todos os dias em zonas dispares. Temos assistido a quatro ou cinco inc\u00eandios por dia, num total de 38 inc\u00eandios. \u00c9 uma situa\u00e7\u00e3o incomport\u00e1vel. N\u00e3o h\u00e1 recursos em quantidade suficiente e apesar do empenho de todos estamos a chegar a uma situa\u00e7\u00e3o limite<\/strong>&#8220;, disse o presidente da c\u00e2mara de Ponte de Lima, V\u00edtor Mendes.<\/p>\n<p>Questionado sobre se suspeita de m\u00e3o criminosa, o autarca foi direto ao afirmar que sim e contou que j\u00e1 pediu a interven\u00e7\u00e3o do MAI e que recebeu uma mensagem do Presidente da Rep\u00fablica, Marcelo Rebelo de Sousa, que manifestou &#8220;solidariedade e preocupa\u00e7\u00e3o&#8221;.<\/p>\n<p>&#8220;\u00c9 fundamental que a Pol\u00edcia Judici\u00e1ria e militares e fa\u00e7am uma vigil\u00e2ncia apertada e apurem mais sobre estas situa\u00e7\u00f5es. Estou muito preocupado com a frequ\u00eancia e o n\u00famero de fogos recente&#8221;, acrescentou o presidente da c\u00e2mara.<\/p>\n<p>V\u00edtor Mendes teme que os inc\u00eandios que hoje lavram no concelho reserve \u00e0 Prote\u00e7\u00e3o Civil local, nomeadamente \u00e0s corpora\u00e7\u00f5es de bombeiros da regi\u00e3o, uma noite &#8220;muito dura e complicada&#8221; at\u00e9 porque, recordou, &#8220;os meios a\u00e9reos n\u00e3o est\u00e3o dispon\u00edveis de noite&#8221;.<\/p>\n<p>&#8220;Neste momento est\u00e3o 210 operacionais no terreno, 45 viaturas, j\u00e1 estiveram c\u00e1 &#8211; em per\u00edodos diferentes do dia &#8211; cinco meios a\u00e9reos e temos grande esperan\u00e7a no trabalho destes homens que merecem todo o apre\u00e7o, mas \u00e9 fundamental que os meios sejam refor\u00e7ados&#8221;, apelou o autarca.<\/p>\n","protected":false},"excerpt":{"rendered":"<p>O presidente da c\u00e2mara de Ponte de Lima, V\u00edtor Mendes, apelou este s\u00e1bado \u00e0 interven\u00e7\u00e3o do Minist\u00e9rio da Administra\u00e7\u00e3o Interna (MAI) e da Pol\u00edcia Judici\u00e1ria por suspeitar da quantidade de fogos que atingiram o concelho nos \u00faltimos dias. Neste concelho do distrito de Viana do Castelo lavram hoje dois inc\u00eandios que mobilizam mais de duas [&hellip;]<\/p>\n","protected":false},"author":13,"featured_media":49739,"comment_status":"closed","ping_status":"closed","sticky":false,"template":"","format":"standard","meta":{"_exactmetrics_skip_tracking":false,"_exactmetrics_sitenote_active":false,"_exactmetrics_sitenote_note":"","_exactmetrics_sitenote_category":0,"footnotes":""},"categories":[12],"tags":[27],"class_list":["post-49738","post","type-post","status-publish","format-standard","has-post-thumbnail","hentry","category-ponte-de-lima","tag-sociedade"],"yoast_head":"<!-- This site is optimized with the Yoast SEO Premium plugin v27.4 (Yoast SEO v27.4) - https:\/\/yoast.com\/product\/yoast-seo-premium-wordpress\/ -->\n<title>Presidente da c\u00e2mara de Ponte de Lima pede investiga\u00e7\u00e3o \u00e0 origem dos fogos no concelho<\/title>\n<meta name=\"robots\" content=\"index, follow, max-snippet:-1, max-image-preview:large, max-video-preview:-1\" \/>\n<link rel=\"canonical\" href=\"https:\/\/www.altominho.tv\/site\/2020\/07\/25\/presidente-da-camara-de-ponte-de-lima-pede-investigacao-a-origem-dos-fogos-no-concelho\/\" \/>\n<meta property=\"og:locale\" content=\"pt_PT\" \/>\n<meta property=\"og:type\" content=\"article\" \/>\n<meta property=\"og:title\" content=\"Presidente da c\u00e2mara de Ponte de Lima pede investiga\u00e7\u00e3o \u00e0 origem dos fogos no concelho\" \/>\n<meta property=\"og:description\" content=\"O presidente da c\u00e2mara de Ponte de Lima, V\u00edtor Mendes, apelou este s\u00e1bado \u00e0 interven\u00e7\u00e3o do Minist\u00e9rio da Administra\u00e7\u00e3o Interna (MAI) e da Pol\u00edcia Judici\u00e1ria por suspeitar da quantidade de fogos que atingiram o concelho nos \u00faltimos dias. Neste concelho do distrito de Viana do Castelo lavram hoje dois inc\u00eandios que mobilizam mais de duas [&hellip;]\" \/>\n<meta property=\"og:url\" content=\"https:\/\/www.altominho.tv\/site\/2020\/07\/25\/presidente-da-camara-de-ponte-de-lima-pede-investigacao-a-origem-dos-fogos-no-concelho\/\" \/>\n<meta property=\"og:site_name\" content=\"Altominho.tv\" \/>\n<meta property=\"article:publisher\" content=\"https:\/\/www.facebook.com\/altominhotv\" \/>\n<meta property=\"article:published_time\" content=\"2020-07-25T21:00:49+00:00\" \/>\n<meta property=\"article:modified_time\" content=\"2020-07-25T21:00:53+00:00\" \/>\n<meta property=\"og:image\" content=\"https:\/\/www.altominho.tv\/site\/wp-content\/uploads\/2020\/07\/Vitor_Mendes.jpg\" \/>\n\t<meta property=\"og:image:width\" content=\"1300\" \/>\n\t<meta property=\"og:image:height\" content=\"731\" \/>\n\t<meta property=\"og:image:type\" content=\"image\/jpeg\" \/>\n<meta name=\"author\" content=\"Lusa\" \/>\n<meta name=\"twitter:card\" content=\"summary_large_image\" \/>\n<meta name=\"twitter:creator\" content=\"@altominhoTV\" \/>\n<meta name=\"twitter:site\" content=\"@altominhoTV\" \/>\n<meta name=\"twitter:label1\" content=\"Escrito por\" \/>\n\t<meta name=\"twitter:data1\" content=\"Lusa\" \/>\n\t<meta name=\"twitter:label2\" content=\"Tempo estimado de leitura\" \/>\n\t<meta name=\"twitter:data2\" content=\"2 minutos\" \/>\n<script type=\"application\/ld+json\" class=\"yoast-schema-graph\">{\"@context\":\"https:\\\/\\\/schema.org\",\"@graph\":[{\"@type\":\"Article\",\"@id\":\"https:\\\/\\\/www.altominho.tv\\\/site\\\/2020\\\/07\\\/25\\\/presidente-da-camara-de-ponte-de-lima-pede-investigacao-a-origem-dos-fogos-no-concelho\\\/#article\",\"isPartOf\":{\"@id\":\"https:\\\/\\\/www.altominho.tv\\\/site\\\/2020\\\/07\\\/25\\\/presidente-da-camara-de-ponte-de-lima-pede-investigacao-a-origem-dos-fogos-no-concelho\\\/\"},\"author\":{\"name\":\"Lusa\",\"@id\":\"https:\\\/\\\/www.altominho.tv\\\/site\\\/#\\\/schema\\\/person\\\/63f693da3e1899361cbe955c46f3232e\"},\"headline\":\"Presidente da c\u00e2mara de Ponte de Lima pede investiga\u00e7\u00e3o \u00e0 origem dos fogos no concelho\",\"datePublished\":\"2020-07-25T21:00:49+00:00\",\"dateModified\":\"2020-07-25T21:00:53+00:00\",\"mainEntityOfPage\":{\"@id\":\"https:\\\/\\\/www.altominho.tv\\\/site\\\/2020\\\/07\\\/25\\\/presidente-da-camara-de-ponte-de-lima-pede-investigacao-a-origem-dos-fogos-no-concelho\\\/\"},\"wordCount\":369,\"image\":{\"@id\":\"https:\\\/\\\/www.altominho.tv\\\/site\\\/2020\\\/07\\\/25\\\/presidente-da-camara-de-ponte-de-lima-pede-investigacao-a-origem-dos-fogos-no-concelho\\\/#primaryimage\"},\"thumbnailUrl\":\"https:\\\/\\\/www.altominho.tv\\\/site\\\/wp-content\\\/uploads\\\/2020\\\/07\\\/Vitor_Mendes.jpg\",\"keywords\":[\"Sociedade\"],\"articleSection\":[\"Ponte de Lima\"],\"inLanguage\":\"pt-PT\",\"copyrightYear\":\"2020\",\"copyrightHolder\":{\"@id\":\"https:\\\/\\\/www.altominho.tv\\\/site\\\/#organization\"}},{\"@type\":\"WebPage\",\"@id\":\"https:\\\/\\\/www.altominho.tv\\\/site\\\/2020\\\/07\\\/25\\\/presidente-da-camara-de-ponte-de-lima-pede-investigacao-a-origem-dos-fogos-no-concelho\\\/\",\"url\":\"https:\\\/\\\/www.altominho.tv\\\/site\\\/2020\\\/07\\\/25\\\/presidente-da-camara-de-ponte-de-lima-pede-investigacao-a-origem-dos-fogos-no-concelho\\\/\",\"name\":\"Presidente da c\u00e2mara de Ponte de Lima pede investiga\u00e7\u00e3o \u00e0 origem dos fogos no concelho\",\"isPartOf\":{\"@id\":\"https:\\\/\\\/www.altominho.tv\\\/site\\\/#website\"},\"primaryImageOfPage\":{\"@id\":\"https:\\\/\\\/www.altominho.tv\\\/site\\\/2020\\\/07\\\/25\\\/presidente-da-camara-de-ponte-de-lima-pede-investigacao-a-origem-dos-fogos-no-concelho\\\/#primaryimage\"},\"image\":{\"@id\":\"https:\\\/\\\/www.altominho.tv\\\/site\\\/2020\\\/07\\\/25\\\/presidente-da-camara-de-ponte-de-lima-pede-investigacao-a-origem-dos-fogos-no-concelho\\\/#primaryimage\"},\"thumbnailUrl\":\"https:\\\/\\\/www.altominho.tv\\\/site\\\/wp-content\\\/uploads\\\/2020\\\/07\\\/Vitor_Mendes.jpg\",\"datePublished\":\"2020-07-25T21:00:49+00:00\",\"dateModified\":\"2020-07-25T21:00:53+00:00\",\"author\":{\"@id\":\"https:\\\/\\\/www.altominho.tv\\\/site\\\/#\\\/schema\\\/person\\\/63f693da3e1899361cbe955c46f3232e\"},\"breadcrumb\":{\"@id\":\"https:\\\/\\\/www.altominho.tv\\\/site\\\/2020\\\/07\\\/25\\\/presidente-da-camara-de-ponte-de-lima-pede-investigacao-a-origem-dos-fogos-no-concelho\\\/#breadcrumb\"},\"inLanguage\":\"pt-PT\",\"potentialAction\":[{\"@type\":\"ReadAction\",\"target\":[\"https:\\\/\\\/www.altominho.tv\\\/site\\\/2020\\\/07\\\/25\\\/presidente-da-camara-de-ponte-de-lima-pede-investigacao-a-origem-dos-fogos-no-concelho\\\/\"]}]},{\"@type\":\"ImageObject\",\"inLanguage\":\"pt-PT\",\"@id\":\"https:\\\/\\\/www.altominho.tv\\\/site\\\/2020\\\/07\\\/25\\\/presidente-da-camara-de-ponte-de-lima-pede-investigacao-a-origem-dos-fogos-no-concelho\\\/#primaryimage\",\"url\":\"https:\\\/\\\/www.altominho.tv\\\/site\\\/wp-content\\\/uploads\\\/2020\\\/07\\\/Vitor_Mendes.jpg\",\"contentUrl\":\"https:\\\/\\\/www.altominho.tv\\\/site\\\/wp-content\\\/uploads\\\/2020\\\/07\\\/Vitor_Mendes.jpg\",\"width\":1300,\"height\":731},{\"@type\":\"BreadcrumbList\",\"@id\":\"https:\\\/\\\/www.altominho.tv\\\/site\\\/2020\\\/07\\\/25\\\/presidente-da-camara-de-ponte-de-lima-pede-investigacao-a-origem-dos-fogos-no-concelho\\\/#breadcrumb\",\"itemListElement\":[{\"@type\":\"ListItem\",\"position\":1,\"name\":\"In\u00edcio\",\"item\":\"https:\\\/\\\/www.altominho.tv\\\/site\\\/\"},{\"@type\":\"ListItem\",\"position\":2,\"name\":\"Presidente da c\u00e2mara de Ponte de Lima pede investiga\u00e7\u00e3o \u00e0 origem dos fogos no concelho\"}]},{\"@type\":\"WebSite\",\"@id\":\"https:\\\/\\\/www.altominho.tv\\\/site\\\/#website\",\"url\":\"https:\\\/\\\/www.altominho.tv\\\/site\\\/\",\"name\":\"Altominho.tv\",\"description\":\"A sua regi\u00e3o \u00e0 dist\u00e2ncia de um clique...\",\"potentialAction\":[{\"@type\":\"SearchAction\",\"target\":{\"@type\":\"EntryPoint\",\"urlTemplate\":\"https:\\\/\\\/www.altominho.tv\\\/site\\\/?s={search_term_string}\"},\"query-input\":{\"@type\":\"PropertyValueSpecification\",\"valueRequired\":true,\"valueName\":\"search_term_string\"}}],\"inLanguage\":\"pt-PT\"},{\"@type\":\"Person\",\"@id\":\"https:\\\/\\\/www.altominho.tv\\\/site\\\/#\\\/schema\\\/person\\\/63f693da3e1899361cbe955c46f3232e\",\"name\":\"Lusa\",\"image\":{\"@type\":\"ImageObject\",\"inLanguage\":\"pt-PT\",\"@id\":\"https:\\\/\\\/www.altominho.tv\\\/site\\\/wp-content\\\/uploads\\\/2019\\\/08\\\/LUSA_Logo.gif\",\"url\":\"https:\\\/\\\/www.altominho.tv\\\/site\\\/wp-content\\\/uploads\\\/2019\\\/08\\\/LUSA_Logo.gif\",\"contentUrl\":\"https:\\\/\\\/www.altominho.tv\\\/site\\\/wp-content\\\/uploads\\\/2019\\\/08\\\/LUSA_Logo.gif\",\"caption\":\"Lusa\"},\"sameAs\":[\"http:\\\/\\\/\\\/\\\/www.altominho.tv\\\/site\"],\"url\":\"https:\\\/\\\/www.altominho.tv\\\/site\\\/author\\\/lusa\\\/\"}]}<\/script>\n<!-- \/ Yoast SEO Premium plugin. -->","yoast_head_json":{"title":"Presidente da c\u00e2mara de Ponte de Lima pede investiga\u00e7\u00e3o \u00e0 origem dos fogos no concelho","robots":{"index":"index","follow":"follow","max-snippet":"max-snippet:-1","max-image-preview":"max-image-preview:large","max-video-preview":"max-video-preview:-1"},"canonical":"https:\/\/www.altominho.tv\/site\/2020\/07\/25\/presidente-da-camara-de-ponte-de-lima-pede-investigacao-a-origem-dos-fogos-no-concelho\/","og_locale":"pt_PT","og_type":"article","og_title":"Presidente da c\u00e2mara de Ponte de Lima pede investiga\u00e7\u00e3o \u00e0 origem dos fogos no concelho","og_description":"O presidente da c\u00e2mara de Ponte de Lima, V\u00edtor Mendes, apelou este s\u00e1bado \u00e0 interven\u00e7\u00e3o do Minist\u00e9rio da Administra\u00e7\u00e3o Interna (MAI) e da Pol\u00edcia Judici\u00e1ria por suspeitar da quantidade de fogos que atingiram o concelho nos \u00faltimos dias. Neste concelho do distrito de Viana do Castelo lavram hoje dois inc\u00eandios que mobilizam mais de duas [&hellip;]","og_url":"https:\/\/www.altominho.tv\/site\/2020\/07\/25\/presidente-da-camara-de-ponte-de-lima-pede-investigacao-a-origem-dos-fogos-no-concelho\/","og_site_name":"Altominho.tv","article_publisher":"https:\/\/www.facebook.com\/altominhotv","article_published_time":"2020-07-25T21:00:49+00:00","article_modified_time":"2020-07-25T21:00:53+00:00","og_image":[{"width":1300,"height":731,"url":"https:\/\/www.altominho.tv\/site\/wp-content\/uploads\/2020\/07\/Vitor_Mendes.jpg","type":"image\/jpeg"}],"author":"Lusa","twitter_card":"summary_large_image","twitter_creator":"@altominhoTV","twitter_site":"@altominhoTV","twitter_misc":{"Escrito por":"Lusa","Tempo estimado de leitura":"2 minutos"},"schema":{"@context":"https:\/\/schema.org","@graph":[{"@type":"Article","@id":"https:\/\/www.altominho.tv\/site\/2020\/07\/25\/presidente-da-camara-de-ponte-de-lima-pede-investigacao-a-origem-dos-fogos-no-concelho\/#article","isPartOf":{"@id":"https:\/\/www.altominho.tv\/site\/2020\/07\/25\/presidente-da-camara-de-ponte-de-lima-pede-investigacao-a-origem-dos-fogos-no-concelho\/"},"author":{"name":"Lusa","@id":"https:\/\/www.altominho.tv\/site\/#\/schema\/person\/63f693da3e1899361cbe955c46f3232e"},"headline":"Presidente da c\u00e2mara de Ponte de Lima pede investiga\u00e7\u00e3o \u00e0 origem dos fogos no concelho","datePublished":"2020-07-25T21:00:49+00:00","dateModified":"2020-07-25T21:00:53+00:00","mainEntityOfPage":{"@id":"https:\/\/www.altominho.tv\/site\/2020\/07\/25\/presidente-da-camara-de-ponte-de-lima-pede-investigacao-a-origem-dos-fogos-no-concelho\/"},"wordCount":369,"image":{"@id":"https:\/\/www.altominho.tv\/site\/2020\/07\/25\/presidente-da-camara-de-ponte-de-lima-pede-investigacao-a-origem-dos-fogos-no-concelho\/#primaryimage"},"thumbnailUrl":"https:\/\/www.altominho.tv\/site\/wp-content\/uploads\/2020\/07\/Vitor_Mendes.jpg","keywords":["Sociedade"],"articleSection":["Ponte de Lima"],"inLanguage":"pt-PT","copyrightYear":"2020","copyrightHolder":{"@id":"https:\/\/www.altominho.tv\/site\/#organization"}},{"@type":"WebPage","@id":"https:\/\/www.altominho.tv\/site\/2020\/07\/25\/presidente-da-camara-de-ponte-de-lima-pede-investigacao-a-origem-dos-fogos-no-concelho\/","url":"https:\/\/www.altominho.tv\/site\/2020\/07\/25\/presidente-da-camara-de-ponte-de-lima-pede-investigacao-a-origem-dos-fogos-no-concelho\/","name":"Presidente da c\u00e2mara de Ponte de Lima pede investiga\u00e7\u00e3o \u00e0 origem dos fogos no concelho","isPartOf":{"@id":"https:\/\/www.altominho.tv\/site\/#website"},"primaryImageOfPage":{"@id":"https:\/\/www.altominho.tv\/site\/2020\/07\/25\/presidente-da-camara-de-ponte-de-lima-pede-investigacao-a-origem-dos-fogos-no-concelho\/#primaryimage"},"image":{"@id":"https:\/\/www.altominho.tv\/site\/2020\/07\/25\/presidente-da-camara-de-ponte-de-lima-pede-investigacao-a-origem-dos-fogos-no-concelho\/#primaryimage"},"thumbnailUrl":"https:\/\/www.altominho.tv\/site\/wp-content\/uploads\/2020\/07\/Vitor_Mendes.jpg","datePublished":"2020-07-25T21:00:49+00:00","dateModified":"2020-07-25T21:00:53+00:00","author":{"@id":"https:\/\/www.altominho.tv\/site\/#\/schema\/person\/63f693da3e1899361cbe955c46f3232e"},"breadcrumb":{"@id":"https:\/\/www.altominho.tv\/site\/2020\/07\/25\/presidente-da-camara-de-ponte-de-lima-pede-investigacao-a-origem-dos-fogos-no-concelho\/#breadcrumb"},"inLanguage":"pt-PT","potentialAction":[{"@type":"ReadAction","target":["https:\/\/www.altominho.tv\/site\/2020\/07\/25\/presidente-da-camara-de-ponte-de-lima-pede-investigacao-a-origem-dos-fogos-no-concelho\/"]}]},{"@type":"ImageObject","inLanguage":"pt-PT","@id":"https:\/\/www.altominho.tv\/site\/2020\/07\/25\/presidente-da-camara-de-ponte-de-lima-pede-investigacao-a-origem-dos-fogos-no-concelho\/#primaryimage","url":"https:\/\/www.altominho.tv\/site\/wp-content\/uploads\/2020\/07\/Vitor_Mendes.jpg","contentUrl":"https:\/\/www.altominho.tv\/site\/wp-content\/uploads\/2020\/07\/Vitor_Mendes.jpg","width":1300,"height":731},{"@type":"BreadcrumbList","@id":"https:\/\/www.altominho.tv\/site\/2020\/07\/25\/presidente-da-camara-de-ponte-de-lima-pede-investigacao-a-origem-dos-fogos-no-concelho\/#breadcrumb","itemListElement":[{"@type":"ListItem","position":1,"name":"In\u00edcio","item":"https:\/\/www.altominho.tv\/site\/"},{"@type":"ListItem","position":2,"name":"Presidente da c\u00e2mara de Ponte de Lima pede investiga\u00e7\u00e3o \u00e0 origem dos fogos no concelho"}]},{"@type":"WebSite","@id":"https:\/\/www.altominho.tv\/site\/#website","url":"https:\/\/www.altominho.tv\/site\/","name":"Altominho.tv","description":"A sua regi\u00e3o \u00e0 dist\u00e2ncia de um clique...","potentialAction":[{"@type":"SearchAction","target":{"@type":"EntryPoint","urlTemplate":"https:\/\/www.altominho.tv\/site\/?s={search_term_string}"},"query-input":{"@type":"PropertyValueSpecification","valueRequired":true,"valueName":"search_term_string"}}],"inLanguage":"pt-PT"},{"@type":"Person","@id":"https:\/\/www.altominho.tv\/site\/#\/schema\/person\/63f693da3e1899361cbe955c46f3232e","name":"Lusa","image":{"@type":"ImageObject","inLanguage":"pt-PT","@id":"https:\/\/www.altominho.tv\/site\/wp-content\/uploads\/2019\/08\/LUSA_Logo.gif","url":"https:\/\/www.altominho.tv\/site\/wp-content\/uploads\/2019\/08\/LUSA_Logo.gif","contentUrl":"https:\/\/www.altominho.tv\/site\/wp-content\/uploads\/2019\/08\/LUSA_Logo.gif","caption":"Lusa"},"sameAs":["http:\/\/\/\/www.altominho.tv\/site"],"url":"https:\/\/www.altominho.tv\/site\/author\/lusa\/"}]}},"_links":{"self":[{"href":"https:\/\/www.altominho.tv\/site\/wp-json\/wp\/v2\/posts\/49738","targetHints":{"allow":["GET"]}}],"collection":[{"href":"https:\/\/www.altominho.tv\/site\/wp-json\/wp\/v2\/posts"}],"about":[{"href":"https:\/\/www.altominho.tv\/site\/wp-json\/wp\/v2\/types\/post"}],"author":[{"embeddable":true,"href":"https:\/\/www.altominho.tv\/site\/wp-json\/wp\/v2\/users\/13"}],"replies":[{"embeddable":true,"href":"https:\/\/www.altominho.tv\/site\/wp-json\/wp\/v2\/comments?post=49738"}],"version-history":[{"count":0,"href":"https:\/\/www.altominho.tv\/site\/wp-json\/wp\/v2\/posts\/49738\/revisions"}],"wp:featuredmedia":[{"embeddable":true,"href":"https:\/\/www.altominho.tv\/site\/wp-json\/wp\/v2\/media\/49739"}],"wp:attachment":[{"href":"https:\/\/www.altominho.tv\/site\/wp-json\/wp\/v2\/media?parent=49738"}],"wp:term":[{"taxonomy":"category","embeddable":true,"href":"https:\/\/www.altominho.tv\/site\/wp-json\/wp\/v2\/categories?post=49738"},{"taxonomy":"post_tag","embeddable":true,"href":"https:\/\/www.altominho.tv\/site\/wp-json\/wp\/v2\/tags?post=49738"}],"curies":[{"name":"wp","href":"https:\/\/api.w.org\/{rel}","templated":true}]}}