{"id":49733,"date":"2020-07-25T21:27:09","date_gmt":"2020-07-25T20:27:09","guid":{"rendered":"http:\/\/www.altominho.tv\/site\/?p=49733"},"modified":"2020-07-26T10:29:55","modified_gmt":"2020-07-26T09:29:55","slug":"automovel-despista-se-e-cai-numa-ravina-no-soajo","status":"publish","type":"post","link":"https:\/\/www.altominho.tv\/site\/2020\/07\/25\/automovel-despista-se-e-cai-numa-ravina-no-soajo\/","title":{"rendered":"Autom\u00f3vel despista-se e cai numa ravina no Soajo"},"content":{"rendered":"<p>Um acidente de via\u00e7\u00e3o ocorreu ao final da tarde deste s\u00e1bado, no lugar de Po\u00e7o das Mantas no Soajo, Arcos de Valdevez.<\/p>\n<p>Segundo fonte dos bombeiros de Arcos de Valdevez, o acidente deveu-se a um despiste. O ve\u00edculo com dois ocupantes do sexo masculino, acabou por cair de uma ravina no Lugar de Po\u00e7o das Mantas, em Soajo.<\/p>\n<p>Segundo o Comandante dos Bombeiros de Arcos de Valdevez, Filipe Guimar\u00e3es, o acidente ocorreu cerca das 19.50 horas, no Lugar de Costa Velha. Tratou-se de &#8220;um despiste de uma viatura ligeira, seguida de queda de uma altura de cerca de quatro metros para um rio&#8221;.<\/p>\n<p>Um dos ocupantes de 27 anos, n\u00e3o resistiu aos graves ferimentos e foi declarado \u00f3bito no local do acidente, de acordo o m\u00e9dico da VMER.<\/p>\n<p>O segundo ocupante, um homem de 50 anos, sofreu ferimentos ligeiros e foi transportado para o hospital de Santa Luzia.<\/p>\n<p>Os Bombeiros Volunt\u00e1rios estiveram no local com 6 meios (3 ambul\u00e2ncias e 3 ve\u00edculos de socorro) com o apoio dos Bombeiros Volunt\u00e1rios de Ponte da Barca com uma ambul\u00e2ncia, a VMER de Viana do Castelo e a SIV de Arcos de Valdevez, totalizando 18 operacionais no local. Esteve tamb\u00e9m presente no local <span class=\"text_exposed_show\">uma equipa de Mergulho e Resgate.<\/span><\/p>\n<p style=\"text-align: right;\">(not\u00edcia atualizada 22h08)<\/p>\n","protected":false},"excerpt":{"rendered":"<p>Um acidente de via\u00e7\u00e3o ocorreu ao final da tarde deste s\u00e1bado, no lugar de Po\u00e7o das Mantas no Soajo, Arcos de Valdevez. Segundo fonte dos bombeiros de Arcos de Valdevez, o acidente deveu-se a um despiste. O ve\u00edculo com dois ocupantes do sexo masculino, acabou por cair de uma ravina no Lugar de Po\u00e7o das [&hellip;]<\/p>\n","protected":false},"author":1,"featured_media":49734,"comment_status":"closed","ping_status":"closed","sticky":false,"template":"","format":"standard","meta":{"_exactmetrics_skip_tracking":false,"_exactmetrics_sitenote_active":false,"_exactmetrics_sitenote_note":"","_exactmetrics_sitenote_category":0,"footnotes":""},"categories":[2],"tags":[27],"class_list":["post-49733","post","type-post","status-publish","format-standard","has-post-thumbnail","hentry","category-arcos-de-valdevez","tag-sociedade"],"yoast_head":"<!-- This site is optimized with the Yoast SEO Premium plugin v27.4 (Yoast SEO v27.4) - https:\/\/yoast.com\/product\/yoast-seo-premium-wordpress\/ -->\n<title>Autom\u00f3vel despista-se e cai numa ravina no Soajo<\/title>\n<meta name=\"robots\" content=\"index, follow, max-snippet:-1, max-image-preview:large, max-video-preview:-1\" \/>\n<link rel=\"canonical\" href=\"https:\/\/www.altominho.tv\/site\/2020\/07\/25\/automovel-despista-se-e-cai-numa-ravina-no-soajo\/\" \/>\n<meta property=\"og:locale\" content=\"pt_PT\" \/>\n<meta property=\"og:type\" content=\"article\" \/>\n<meta property=\"og:title\" content=\"Autom\u00f3vel despista-se e cai numa ravina no Soajo\" \/>\n<meta property=\"og:description\" content=\"Um acidente de via\u00e7\u00e3o ocorreu ao final da tarde deste s\u00e1bado, no lugar de Po\u00e7o das Mantas no Soajo, Arcos de Valdevez. Segundo fonte dos bombeiros de Arcos de Valdevez, o acidente deveu-se a um despiste. O ve\u00edculo com dois ocupantes do sexo masculino, acabou por cair de uma ravina no Lugar de Po\u00e7o das [&hellip;]\" \/>\n<meta property=\"og:url\" content=\"https:\/\/www.altominho.tv\/site\/2020\/07\/25\/automovel-despista-se-e-cai-numa-ravina-no-soajo\/\" \/>\n<meta property=\"og:site_name\" content=\"Altominho.tv\" \/>\n<meta property=\"article:publisher\" content=\"https:\/\/www.facebook.com\/altominhotv\" \/>\n<meta property=\"article:published_time\" content=\"2020-07-25T20:27:09+00:00\" \/>\n<meta property=\"article:modified_time\" content=\"2020-07-26T09:29:55+00:00\" \/>\n<meta property=\"og:image\" content=\"https:\/\/www.altominho.tv\/site\/wp-content\/uploads\/2020\/07\/116262365_3189407487818663_3047453750369168066_o.jpg\" \/>\n\t<meta property=\"og:image:width\" content=\"1440\" \/>\n\t<meta property=\"og:image:height\" content=\"1080\" \/>\n\t<meta property=\"og:image:type\" content=\"image\/jpeg\" \/>\n<meta name=\"author\" content=\"Altominho.tv\" \/>\n<meta name=\"twitter:card\" content=\"summary_large_image\" \/>\n<meta name=\"twitter:creator\" content=\"@altominhoTV\" \/>\n<meta name=\"twitter:site\" content=\"@altominhoTV\" \/>\n<meta name=\"twitter:label1\" content=\"Escrito por\" \/>\n\t<meta name=\"twitter:data1\" content=\"Altominho.tv\" \/>\n\t<meta name=\"twitter:label2\" content=\"Tempo estimado de leitura\" \/>\n\t<meta name=\"twitter:data2\" content=\"1 minuto\" \/>\n<script type=\"application\/ld+json\" class=\"yoast-schema-graph\">{\"@context\":\"https:\\\/\\\/schema.org\",\"@graph\":[{\"@type\":\"Article\",\"@id\":\"https:\\\/\\\/www.altominho.tv\\\/site\\\/2020\\\/07\\\/25\\\/automovel-despista-se-e-cai-numa-ravina-no-soajo\\\/#article\",\"isPartOf\":{\"@id\":\"https:\\\/\\\/www.altominho.tv\\\/site\\\/2020\\\/07\\\/25\\\/automovel-despista-se-e-cai-numa-ravina-no-soajo\\\/\"},\"author\":{\"name\":\"Altominho.tv\",\"@id\":\"https:\\\/\\\/www.altominho.tv\\\/site\\\/#\\\/schema\\\/person\\\/4e536851627d7914baf3dac752b6af22\"},\"headline\":\"Autom\u00f3vel despista-se e cai numa ravina no Soajo\",\"datePublished\":\"2020-07-25T20:27:09+00:00\",\"dateModified\":\"2020-07-26T09:29:55+00:00\",\"mainEntityOfPage\":{\"@id\":\"https:\\\/\\\/www.altominho.tv\\\/site\\\/2020\\\/07\\\/25\\\/automovel-despista-se-e-cai-numa-ravina-no-soajo\\\/\"},\"wordCount\":226,\"image\":{\"@id\":\"https:\\\/\\\/www.altominho.tv\\\/site\\\/2020\\\/07\\\/25\\\/automovel-despista-se-e-cai-numa-ravina-no-soajo\\\/#primaryimage\"},\"thumbnailUrl\":\"https:\\\/\\\/www.altominho.tv\\\/site\\\/wp-content\\\/uploads\\\/2020\\\/07\\\/116262365_3189407487818663_3047453750369168066_o.jpg\",\"keywords\":[\"Sociedade\"],\"articleSection\":[\"Arcos de Valdevez\"],\"inLanguage\":\"pt-PT\",\"copyrightYear\":\"2020\",\"copyrightHolder\":{\"@id\":\"https:\\\/\\\/www.altominho.tv\\\/site\\\/#organization\"}},{\"@type\":\"WebPage\",\"@id\":\"https:\\\/\\\/www.altominho.tv\\\/site\\\/2020\\\/07\\\/25\\\/automovel-despista-se-e-cai-numa-ravina-no-soajo\\\/\",\"url\":\"https:\\\/\\\/www.altominho.tv\\\/site\\\/2020\\\/07\\\/25\\\/automovel-despista-se-e-cai-numa-ravina-no-soajo\\\/\",\"name\":\"Autom\u00f3vel despista-se e cai numa ravina no Soajo\",\"isPartOf\":{\"@id\":\"https:\\\/\\\/www.altominho.tv\\\/site\\\/#website\"},\"primaryImageOfPage\":{\"@id\":\"https:\\\/\\\/www.altominho.tv\\\/site\\\/2020\\\/07\\\/25\\\/automovel-despista-se-e-cai-numa-ravina-no-soajo\\\/#primaryimage\"},\"image\":{\"@id\":\"https:\\\/\\\/www.altominho.tv\\\/site\\\/2020\\\/07\\\/25\\\/automovel-despista-se-e-cai-numa-ravina-no-soajo\\\/#primaryimage\"},\"thumbnailUrl\":\"https:\\\/\\\/www.altominho.tv\\\/site\\\/wp-content\\\/uploads\\\/2020\\\/07\\\/116262365_3189407487818663_3047453750369168066_o.jpg\",\"datePublished\":\"2020-07-25T20:27:09+00:00\",\"dateModified\":\"2020-07-26T09:29:55+00:00\",\"author\":{\"@id\":\"https:\\\/\\\/www.altominho.tv\\\/site\\\/#\\\/schema\\\/person\\\/4e536851627d7914baf3dac752b6af22\"},\"breadcrumb\":{\"@id\":\"https:\\\/\\\/www.altominho.tv\\\/site\\\/2020\\\/07\\\/25\\\/automovel-despista-se-e-cai-numa-ravina-no-soajo\\\/#breadcrumb\"},\"inLanguage\":\"pt-PT\",\"potentialAction\":[{\"@type\":\"ReadAction\",\"target\":[\"https:\\\/\\\/www.altominho.tv\\\/site\\\/2020\\\/07\\\/25\\\/automovel-despista-se-e-cai-numa-ravina-no-soajo\\\/\"]}]},{\"@type\":\"ImageObject\",\"inLanguage\":\"pt-PT\",\"@id\":\"https:\\\/\\\/www.altominho.tv\\\/site\\\/2020\\\/07\\\/25\\\/automovel-despista-se-e-cai-numa-ravina-no-soajo\\\/#primaryimage\",\"url\":\"https:\\\/\\\/www.altominho.tv\\\/site\\\/wp-content\\\/uploads\\\/2020\\\/07\\\/116262365_3189407487818663_3047453750369168066_o.jpg\",\"contentUrl\":\"https:\\\/\\\/www.altominho.tv\\\/site\\\/wp-content\\\/uploads\\\/2020\\\/07\\\/116262365_3189407487818663_3047453750369168066_o.jpg\",\"width\":1440,\"height\":1080,\"caption\":\"B.V.A.V\"},{\"@type\":\"BreadcrumbList\",\"@id\":\"https:\\\/\\\/www.altominho.tv\\\/site\\\/2020\\\/07\\\/25\\\/automovel-despista-se-e-cai-numa-ravina-no-soajo\\\/#breadcrumb\",\"itemListElement\":[{\"@type\":\"ListItem\",\"position\":1,\"name\":\"In\u00edcio\",\"item\":\"https:\\\/\\\/www.altominho.tv\\\/site\\\/\"},{\"@type\":\"ListItem\",\"position\":2,\"name\":\"Autom\u00f3vel despista-se e cai numa ravina no Soajo\"}]},{\"@type\":\"WebSite\",\"@id\":\"https:\\\/\\\/www.altominho.tv\\\/site\\\/#website\",\"url\":\"https:\\\/\\\/www.altominho.tv\\\/site\\\/\",\"name\":\"Altominho.tv\",\"description\":\"A sua regi\u00e3o \u00e0 dist\u00e2ncia de um clique...\",\"potentialAction\":[{\"@type\":\"SearchAction\",\"target\":{\"@type\":\"EntryPoint\",\"urlTemplate\":\"https:\\\/\\\/www.altominho.tv\\\/site\\\/?s={search_term_string}\"},\"query-input\":{\"@type\":\"PropertyValueSpecification\",\"valueRequired\":true,\"valueName\":\"search_term_string\"}}],\"inLanguage\":\"pt-PT\"},{\"@type\":\"Person\",\"@id\":\"https:\\\/\\\/www.altominho.tv\\\/site\\\/#\\\/schema\\\/person\\\/4e536851627d7914baf3dac752b6af22\",\"name\":\"Altominho.tv\",\"image\":{\"@type\":\"ImageObject\",\"inLanguage\":\"pt-PT\",\"@id\":\"https:\\\/\\\/www.altominho.tv\\\/site\\\/wp-content\\\/uploads\\\/2019\\\/11\\\/Logo_Avatar_2-150x150.jpg\",\"url\":\"https:\\\/\\\/www.altominho.tv\\\/site\\\/wp-content\\\/uploads\\\/2019\\\/11\\\/Logo_Avatar_2-150x150.jpg\",\"contentUrl\":\"https:\\\/\\\/www.altominho.tv\\\/site\\\/wp-content\\\/uploads\\\/2019\\\/11\\\/Logo_Avatar_2-150x150.jpg\",\"caption\":\"Altominho.tv\"},\"url\":\"https:\\\/\\\/www.altominho.tv\\\/site\\\/author\\\/altominhotv-tecnico\\\/\"}]}<\/script>\n<!-- \/ Yoast SEO Premium plugin. -->","yoast_head_json":{"title":"Autom\u00f3vel despista-se e cai numa ravina no Soajo","robots":{"index":"index","follow":"follow","max-snippet":"max-snippet:-1","max-image-preview":"max-image-preview:large","max-video-preview":"max-video-preview:-1"},"canonical":"https:\/\/www.altominho.tv\/site\/2020\/07\/25\/automovel-despista-se-e-cai-numa-ravina-no-soajo\/","og_locale":"pt_PT","og_type":"article","og_title":"Autom\u00f3vel despista-se e cai numa ravina no Soajo","og_description":"Um acidente de via\u00e7\u00e3o ocorreu ao final da tarde deste s\u00e1bado, no lugar de Po\u00e7o das Mantas no Soajo, Arcos de Valdevez. Segundo fonte dos bombeiros de Arcos de Valdevez, o acidente deveu-se a um despiste. O ve\u00edculo com dois ocupantes do sexo masculino, acabou por cair de uma ravina no Lugar de Po\u00e7o das [&hellip;]","og_url":"https:\/\/www.altominho.tv\/site\/2020\/07\/25\/automovel-despista-se-e-cai-numa-ravina-no-soajo\/","og_site_name":"Altominho.tv","article_publisher":"https:\/\/www.facebook.com\/altominhotv","article_published_time":"2020-07-25T20:27:09+00:00","article_modified_time":"2020-07-26T09:29:55+00:00","og_image":[{"width":1440,"height":1080,"url":"https:\/\/www.altominho.tv\/site\/wp-content\/uploads\/2020\/07\/116262365_3189407487818663_3047453750369168066_o.jpg","type":"image\/jpeg"}],"author":"Altominho.tv","twitter_card":"summary_large_image","twitter_creator":"@altominhoTV","twitter_site":"@altominhoTV","twitter_misc":{"Escrito por":"Altominho.tv","Tempo estimado de leitura":"1 minuto"},"schema":{"@context":"https:\/\/schema.org","@graph":[{"@type":"Article","@id":"https:\/\/www.altominho.tv\/site\/2020\/07\/25\/automovel-despista-se-e-cai-numa-ravina-no-soajo\/#article","isPartOf":{"@id":"https:\/\/www.altominho.tv\/site\/2020\/07\/25\/automovel-despista-se-e-cai-numa-ravina-no-soajo\/"},"author":{"name":"Altominho.tv","@id":"https:\/\/www.altominho.tv\/site\/#\/schema\/person\/4e536851627d7914baf3dac752b6af22"},"headline":"Autom\u00f3vel despista-se e cai numa ravina no Soajo","datePublished":"2020-07-25T20:27:09+00:00","dateModified":"2020-07-26T09:29:55+00:00","mainEntityOfPage":{"@id":"https:\/\/www.altominho.tv\/site\/2020\/07\/25\/automovel-despista-se-e-cai-numa-ravina-no-soajo\/"},"wordCount":226,"image":{"@id":"https:\/\/www.altominho.tv\/site\/2020\/07\/25\/automovel-despista-se-e-cai-numa-ravina-no-soajo\/#primaryimage"},"thumbnailUrl":"https:\/\/www.altominho.tv\/site\/wp-content\/uploads\/2020\/07\/116262365_3189407487818663_3047453750369168066_o.jpg","keywords":["Sociedade"],"articleSection":["Arcos de Valdevez"],"inLanguage":"pt-PT","copyrightYear":"2020","copyrightHolder":{"@id":"https:\/\/www.altominho.tv\/site\/#organization"}},{"@type":"WebPage","@id":"https:\/\/www.altominho.tv\/site\/2020\/07\/25\/automovel-despista-se-e-cai-numa-ravina-no-soajo\/","url":"https:\/\/www.altominho.tv\/site\/2020\/07\/25\/automovel-despista-se-e-cai-numa-ravina-no-soajo\/","name":"Autom\u00f3vel despista-se e cai numa ravina no Soajo","isPartOf":{"@id":"https:\/\/www.altominho.tv\/site\/#website"},"primaryImageOfPage":{"@id":"https:\/\/www.altominho.tv\/site\/2020\/07\/25\/automovel-despista-se-e-cai-numa-ravina-no-soajo\/#primaryimage"},"image":{"@id":"https:\/\/www.altominho.tv\/site\/2020\/07\/25\/automovel-despista-se-e-cai-numa-ravina-no-soajo\/#primaryimage"},"thumbnailUrl":"https:\/\/www.altominho.tv\/site\/wp-content\/uploads\/2020\/07\/116262365_3189407487818663_3047453750369168066_o.jpg","datePublished":"2020-07-25T20:27:09+00:00","dateModified":"2020-07-26T09:29:55+00:00","author":{"@id":"https:\/\/www.altominho.tv\/site\/#\/schema\/person\/4e536851627d7914baf3dac752b6af22"},"breadcrumb":{"@id":"https:\/\/www.altominho.tv\/site\/2020\/07\/25\/automovel-despista-se-e-cai-numa-ravina-no-soajo\/#breadcrumb"},"inLanguage":"pt-PT","potentialAction":[{"@type":"ReadAction","target":["https:\/\/www.altominho.tv\/site\/2020\/07\/25\/automovel-despista-se-e-cai-numa-ravina-no-soajo\/"]}]},{"@type":"ImageObject","inLanguage":"pt-PT","@id":"https:\/\/www.altominho.tv\/site\/2020\/07\/25\/automovel-despista-se-e-cai-numa-ravina-no-soajo\/#primaryimage","url":"https:\/\/www.altominho.tv\/site\/wp-content\/uploads\/2020\/07\/116262365_3189407487818663_3047453750369168066_o.jpg","contentUrl":"https:\/\/www.altominho.tv\/site\/wp-content\/uploads\/2020\/07\/116262365_3189407487818663_3047453750369168066_o.jpg","width":1440,"height":1080,"caption":"B.V.A.V"},{"@type":"BreadcrumbList","@id":"https:\/\/www.altominho.tv\/site\/2020\/07\/25\/automovel-despista-se-e-cai-numa-ravina-no-soajo\/#breadcrumb","itemListElement":[{"@type":"ListItem","position":1,"name":"In\u00edcio","item":"https:\/\/www.altominho.tv\/site\/"},{"@type":"ListItem","position":2,"name":"Autom\u00f3vel despista-se e cai numa ravina no Soajo"}]},{"@type":"WebSite","@id":"https:\/\/www.altominho.tv\/site\/#website","url":"https:\/\/www.altominho.tv\/site\/","name":"Altominho.tv","description":"A sua regi\u00e3o \u00e0 dist\u00e2ncia de um clique...","potentialAction":[{"@type":"SearchAction","target":{"@type":"EntryPoint","urlTemplate":"https:\/\/www.altominho.tv\/site\/?s={search_term_string}"},"query-input":{"@type":"PropertyValueSpecification","valueRequired":true,"valueName":"search_term_string"}}],"inLanguage":"pt-PT"},{"@type":"Person","@id":"https:\/\/www.altominho.tv\/site\/#\/schema\/person\/4e536851627d7914baf3dac752b6af22","name":"Altominho.tv","image":{"@type":"ImageObject","inLanguage":"pt-PT","@id":"https:\/\/www.altominho.tv\/site\/wp-content\/uploads\/2019\/11\/Logo_Avatar_2-150x150.jpg","url":"https:\/\/www.altominho.tv\/site\/wp-content\/uploads\/2019\/11\/Logo_Avatar_2-150x150.jpg","contentUrl":"https:\/\/www.altominho.tv\/site\/wp-content\/uploads\/2019\/11\/Logo_Avatar_2-150x150.jpg","caption":"Altominho.tv"},"url":"https:\/\/www.altominho.tv\/site\/author\/altominhotv-tecnico\/"}]}},"_links":{"self":[{"href":"https:\/\/www.altominho.tv\/site\/wp-json\/wp\/v2\/posts\/49733","targetHints":{"allow":["GET"]}}],"collection":[{"href":"https:\/\/www.altominho.tv\/site\/wp-json\/wp\/v2\/posts"}],"about":[{"href":"https:\/\/www.altominho.tv\/site\/wp-json\/wp\/v2\/types\/post"}],"author":[{"embeddable":true,"href":"https:\/\/www.altominho.tv\/site\/wp-json\/wp\/v2\/users\/1"}],"replies":[{"embeddable":true,"href":"https:\/\/www.altominho.tv\/site\/wp-json\/wp\/v2\/comments?post=49733"}],"version-history":[{"count":0,"href":"https:\/\/www.altominho.tv\/site\/wp-json\/wp\/v2\/posts\/49733\/revisions"}],"wp:featuredmedia":[{"embeddable":true,"href":"https:\/\/www.altominho.tv\/site\/wp-json\/wp\/v2\/media\/49734"}],"wp:attachment":[{"href":"https:\/\/www.altominho.tv\/site\/wp-json\/wp\/v2\/media?parent=49733"}],"wp:term":[{"taxonomy":"category","embeddable":true,"href":"https:\/\/www.altominho.tv\/site\/wp-json\/wp\/v2\/categories?post=49733"},{"taxonomy":"post_tag","embeddable":true,"href":"https:\/\/www.altominho.tv\/site\/wp-json\/wp\/v2\/tags?post=49733"}],"curies":[{"name":"wp","href":"https:\/\/api.w.org\/{rel}","templated":true}]}}