{"id":49664,"date":"2020-07-24T10:30:06","date_gmt":"2020-07-24T09:30:06","guid":{"rendered":"http:\/\/www.altominho.tv\/site\/?p=49664"},"modified":"2020-07-24T10:30:10","modified_gmt":"2020-07-24T09:30:10","slug":"municipio-de-arcos-de-valdevez-pronuncia-se-contra-a-proposta-da-linha-de-muita-alta-tensao-no-concelho","status":"publish","type":"post","link":"https:\/\/www.altominho.tv\/site\/2020\/07\/24\/municipio-de-arcos-de-valdevez-pronuncia-se-contra-a-proposta-da-linha-de-muita-alta-tensao-no-concelho\/","title":{"rendered":"Munic\u00edpio de Arcos de Valdevez pronuncia-se contra a proposta da linha de muita alta tens\u00e3o no concelho"},"content":{"rendered":"<p>A C\u00e2mara Municipal de Arcos de Valdevez, na sua Reuni\u00e3o de C\u00e2mara de 17 de julho de 2020, pronunciou-se desfavoravelmente sobre a concretiza\u00e7\u00e3o do projeto de atravessamento da \u201cLinha Dupla Ponte de Lima &#8211; Fonte Fria, tro\u00e7o portugu\u00eas, a 400 kV&#8221; &#8211; AIA 3295.<\/p>\n<p>No concelho de Arcos de Valdevez o projeto abrange 18 freguesias e apresenta dois tra\u00e7ados alternativos de passagem, nomeadamente uma na \u00e1rea poente e outra na \u00e1rea nascente do territ\u00f3rio.<\/p>\n<p>Em comunicado a autarquia considerou que &#8220;qualquer uma das alternativas de passagem da linha de muito alta tens\u00e3o tem efeitos negativos na sa\u00fade e bem-estar das pessoas, visto que atravessam aglomerados habitacionais, espa\u00e7os urbaniz\u00e1veis, agr\u00edcolas e florestais, bem como espa\u00e7o classificado como Reserva da Biosfera, declarada pela UNESCO, provocando preju\u00edzos ambientais, sociais e econ\u00f3micos&#8221;.<\/p>\n<p>O munic\u00edpio deixa assim a sua oposi\u00e7\u00e3o ao projeto e prop\u00f5e que a Comiss\u00e3o de Avalia\u00e7\u00e3o de Impacte Ambiental se pronuncie contra.<\/p>\n<p>Considera ainda que dever\u00e3o ser equacionadas e trabalhadas outras solu\u00e7\u00f5es que n\u00e3o conflituem com o bem-estar das popula\u00e7\u00f5es e com a valoriza\u00e7\u00e3o social e econ\u00f3mica do territ\u00f3rio.<\/p>\n","protected":false},"excerpt":{"rendered":"<p>A C\u00e2mara Municipal de Arcos de Valdevez, na sua Reuni\u00e3o de C\u00e2mara de 17 de julho de 2020, pronunciou-se desfavoravelmente sobre a concretiza\u00e7\u00e3o do projeto de atravessamento da \u201cLinha Dupla Ponte de Lima &#8211; Fonte Fria, tro\u00e7o portugu\u00eas, a 400 kV&#8221; &#8211; AIA 3295. No concelho de Arcos de Valdevez o projeto abrange 18 freguesias [&hellip;]<\/p>\n","protected":false},"author":1,"featured_media":49665,"comment_status":"closed","ping_status":"closed","sticky":false,"template":"","format":"standard","meta":{"_exactmetrics_skip_tracking":false,"_exactmetrics_sitenote_active":false,"_exactmetrics_sitenote_note":"","_exactmetrics_sitenote_category":0,"footnotes":""},"categories":[2],"tags":[27],"class_list":["post-49664","post","type-post","status-publish","format-standard","has-post-thumbnail","hentry","category-arcos-de-valdevez","tag-sociedade"],"yoast_head":"<!-- This site is optimized with the Yoast SEO Premium plugin v27.4 (Yoast SEO v27.4) - https:\/\/yoast.com\/product\/yoast-seo-premium-wordpress\/ -->\n<title>Munic\u00edpio de Arcos de Valdevez pronuncia-se contra a proposta da linha de muita alta tens\u00e3o no concelho<\/title>\n<meta name=\"robots\" content=\"index, follow, max-snippet:-1, max-image-preview:large, max-video-preview:-1\" \/>\n<link rel=\"canonical\" href=\"https:\/\/www.altominho.tv\/site\/2020\/07\/24\/municipio-de-arcos-de-valdevez-pronuncia-se-contra-a-proposta-da-linha-de-muita-alta-tensao-no-concelho\/\" \/>\n<meta property=\"og:locale\" content=\"pt_PT\" \/>\n<meta property=\"og:type\" content=\"article\" \/>\n<meta property=\"og:title\" content=\"Munic\u00edpio de Arcos de Valdevez pronuncia-se contra a proposta da linha de muita alta tens\u00e3o no concelho\" \/>\n<meta property=\"og:description\" content=\"A C\u00e2mara Municipal de Arcos de Valdevez, na sua Reuni\u00e3o de C\u00e2mara de 17 de julho de 2020, pronunciou-se desfavoravelmente sobre a concretiza\u00e7\u00e3o do projeto de atravessamento da \u201cLinha Dupla Ponte de Lima &#8211; Fonte Fria, tro\u00e7o portugu\u00eas, a 400 kV&#8221; &#8211; AIA 3295. No concelho de Arcos de Valdevez o projeto abrange 18 freguesias [&hellip;]\" \/>\n<meta property=\"og:url\" content=\"https:\/\/www.altominho.tv\/site\/2020\/07\/24\/municipio-de-arcos-de-valdevez-pronuncia-se-contra-a-proposta-da-linha-de-muita-alta-tensao-no-concelho\/\" \/>\n<meta property=\"og:site_name\" content=\"Altominho.tv\" \/>\n<meta property=\"article:publisher\" content=\"https:\/\/www.facebook.com\/altominhotv\" \/>\n<meta property=\"article:published_time\" content=\"2020-07-24T09:30:06+00:00\" \/>\n<meta property=\"article:modified_time\" content=\"2020-07-24T09:30:10+00:00\" \/>\n<meta property=\"og:image\" content=\"https:\/\/www.altominho.tv\/site\/wp-content\/uploads\/2020\/07\/Muitoaltatensa\u0303o.jpg\" \/>\n\t<meta property=\"og:image:width\" content=\"1920\" \/>\n\t<meta property=\"og:image:height\" content=\"1080\" \/>\n\t<meta property=\"og:image:type\" content=\"image\/jpeg\" \/>\n<meta name=\"author\" content=\"Altominho.tv\" \/>\n<meta name=\"twitter:card\" content=\"summary_large_image\" \/>\n<meta name=\"twitter:creator\" content=\"@altominhoTV\" \/>\n<meta name=\"twitter:site\" content=\"@altominhoTV\" \/>\n<meta name=\"twitter:label1\" content=\"Escrito por\" \/>\n\t<meta name=\"twitter:data1\" content=\"Altominho.tv\" \/>\n\t<meta name=\"twitter:label2\" content=\"Tempo estimado de leitura\" \/>\n\t<meta name=\"twitter:data2\" content=\"1 minuto\" \/>\n<script type=\"application\/ld+json\" class=\"yoast-schema-graph\">{\"@context\":\"https:\\\/\\\/schema.org\",\"@graph\":[{\"@type\":\"Article\",\"@id\":\"https:\\\/\\\/www.altominho.tv\\\/site\\\/2020\\\/07\\\/24\\\/municipio-de-arcos-de-valdevez-pronuncia-se-contra-a-proposta-da-linha-de-muita-alta-tensao-no-concelho\\\/#article\",\"isPartOf\":{\"@id\":\"https:\\\/\\\/www.altominho.tv\\\/site\\\/2020\\\/07\\\/24\\\/municipio-de-arcos-de-valdevez-pronuncia-se-contra-a-proposta-da-linha-de-muita-alta-tensao-no-concelho\\\/\"},\"author\":{\"name\":\"Altominho.tv\",\"@id\":\"https:\\\/\\\/www.altominho.tv\\\/site\\\/#\\\/schema\\\/person\\\/4e536851627d7914baf3dac752b6af22\"},\"headline\":\"Munic\u00edpio de Arcos de Valdevez pronuncia-se contra a proposta da linha de muita alta tens\u00e3o no concelho\",\"datePublished\":\"2020-07-24T09:30:06+00:00\",\"dateModified\":\"2020-07-24T09:30:10+00:00\",\"mainEntityOfPage\":{\"@id\":\"https:\\\/\\\/www.altominho.tv\\\/site\\\/2020\\\/07\\\/24\\\/municipio-de-arcos-de-valdevez-pronuncia-se-contra-a-proposta-da-linha-de-muita-alta-tensao-no-concelho\\\/\"},\"wordCount\":219,\"image\":{\"@id\":\"https:\\\/\\\/www.altominho.tv\\\/site\\\/2020\\\/07\\\/24\\\/municipio-de-arcos-de-valdevez-pronuncia-se-contra-a-proposta-da-linha-de-muita-alta-tensao-no-concelho\\\/#primaryimage\"},\"thumbnailUrl\":\"https:\\\/\\\/www.altominho.tv\\\/site\\\/wp-content\\\/uploads\\\/2020\\\/07\\\/Muitoaltatensa\u0303o.jpg\",\"keywords\":[\"Sociedade\"],\"articleSection\":[\"Arcos de Valdevez\"],\"inLanguage\":\"pt-PT\",\"copyrightYear\":\"2020\",\"copyrightHolder\":{\"@id\":\"https:\\\/\\\/www.altominho.tv\\\/site\\\/#organization\"}},{\"@type\":\"WebPage\",\"@id\":\"https:\\\/\\\/www.altominho.tv\\\/site\\\/2020\\\/07\\\/24\\\/municipio-de-arcos-de-valdevez-pronuncia-se-contra-a-proposta-da-linha-de-muita-alta-tensao-no-concelho\\\/\",\"url\":\"https:\\\/\\\/www.altominho.tv\\\/site\\\/2020\\\/07\\\/24\\\/municipio-de-arcos-de-valdevez-pronuncia-se-contra-a-proposta-da-linha-de-muita-alta-tensao-no-concelho\\\/\",\"name\":\"Munic\u00edpio de Arcos de Valdevez pronuncia-se contra a proposta da linha de muita alta tens\u00e3o no concelho\",\"isPartOf\":{\"@id\":\"https:\\\/\\\/www.altominho.tv\\\/site\\\/#website\"},\"primaryImageOfPage\":{\"@id\":\"https:\\\/\\\/www.altominho.tv\\\/site\\\/2020\\\/07\\\/24\\\/municipio-de-arcos-de-valdevez-pronuncia-se-contra-a-proposta-da-linha-de-muita-alta-tensao-no-concelho\\\/#primaryimage\"},\"image\":{\"@id\":\"https:\\\/\\\/www.altominho.tv\\\/site\\\/2020\\\/07\\\/24\\\/municipio-de-arcos-de-valdevez-pronuncia-se-contra-a-proposta-da-linha-de-muita-alta-tensao-no-concelho\\\/#primaryimage\"},\"thumbnailUrl\":\"https:\\\/\\\/www.altominho.tv\\\/site\\\/wp-content\\\/uploads\\\/2020\\\/07\\\/Muitoaltatensa\u0303o.jpg\",\"datePublished\":\"2020-07-24T09:30:06+00:00\",\"dateModified\":\"2020-07-24T09:30:10+00:00\",\"author\":{\"@id\":\"https:\\\/\\\/www.altominho.tv\\\/site\\\/#\\\/schema\\\/person\\\/4e536851627d7914baf3dac752b6af22\"},\"breadcrumb\":{\"@id\":\"https:\\\/\\\/www.altominho.tv\\\/site\\\/2020\\\/07\\\/24\\\/municipio-de-arcos-de-valdevez-pronuncia-se-contra-a-proposta-da-linha-de-muita-alta-tensao-no-concelho\\\/#breadcrumb\"},\"inLanguage\":\"pt-PT\",\"potentialAction\":[{\"@type\":\"ReadAction\",\"target\":[\"https:\\\/\\\/www.altominho.tv\\\/site\\\/2020\\\/07\\\/24\\\/municipio-de-arcos-de-valdevez-pronuncia-se-contra-a-proposta-da-linha-de-muita-alta-tensao-no-concelho\\\/\"]}]},{\"@type\":\"ImageObject\",\"inLanguage\":\"pt-PT\",\"@id\":\"https:\\\/\\\/www.altominho.tv\\\/site\\\/2020\\\/07\\\/24\\\/municipio-de-arcos-de-valdevez-pronuncia-se-contra-a-proposta-da-linha-de-muita-alta-tensao-no-concelho\\\/#primaryimage\",\"url\":\"https:\\\/\\\/www.altominho.tv\\\/site\\\/wp-content\\\/uploads\\\/2020\\\/07\\\/Muitoaltatensa\u0303o.jpg\",\"contentUrl\":\"https:\\\/\\\/www.altominho.tv\\\/site\\\/wp-content\\\/uploads\\\/2020\\\/07\\\/Muitoaltatensa\u0303o.jpg\",\"width\":1920,\"height\":1080},{\"@type\":\"BreadcrumbList\",\"@id\":\"https:\\\/\\\/www.altominho.tv\\\/site\\\/2020\\\/07\\\/24\\\/municipio-de-arcos-de-valdevez-pronuncia-se-contra-a-proposta-da-linha-de-muita-alta-tensao-no-concelho\\\/#breadcrumb\",\"itemListElement\":[{\"@type\":\"ListItem\",\"position\":1,\"name\":\"In\u00edcio\",\"item\":\"https:\\\/\\\/www.altominho.tv\\\/site\\\/\"},{\"@type\":\"ListItem\",\"position\":2,\"name\":\"Munic\u00edpio de Arcos de Valdevez pronuncia-se contra a proposta da linha de muita alta tens\u00e3o no concelho\"}]},{\"@type\":\"WebSite\",\"@id\":\"https:\\\/\\\/www.altominho.tv\\\/site\\\/#website\",\"url\":\"https:\\\/\\\/www.altominho.tv\\\/site\\\/\",\"name\":\"Altominho.tv\",\"description\":\"A sua regi\u00e3o \u00e0 dist\u00e2ncia de um clique...\",\"potentialAction\":[{\"@type\":\"SearchAction\",\"target\":{\"@type\":\"EntryPoint\",\"urlTemplate\":\"https:\\\/\\\/www.altominho.tv\\\/site\\\/?s={search_term_string}\"},\"query-input\":{\"@type\":\"PropertyValueSpecification\",\"valueRequired\":true,\"valueName\":\"search_term_string\"}}],\"inLanguage\":\"pt-PT\"},{\"@type\":\"Person\",\"@id\":\"https:\\\/\\\/www.altominho.tv\\\/site\\\/#\\\/schema\\\/person\\\/4e536851627d7914baf3dac752b6af22\",\"name\":\"Altominho.tv\",\"image\":{\"@type\":\"ImageObject\",\"inLanguage\":\"pt-PT\",\"@id\":\"https:\\\/\\\/www.altominho.tv\\\/site\\\/wp-content\\\/uploads\\\/2019\\\/11\\\/Logo_Avatar_2-150x150.jpg\",\"url\":\"https:\\\/\\\/www.altominho.tv\\\/site\\\/wp-content\\\/uploads\\\/2019\\\/11\\\/Logo_Avatar_2-150x150.jpg\",\"contentUrl\":\"https:\\\/\\\/www.altominho.tv\\\/site\\\/wp-content\\\/uploads\\\/2019\\\/11\\\/Logo_Avatar_2-150x150.jpg\",\"caption\":\"Altominho.tv\"},\"url\":\"https:\\\/\\\/www.altominho.tv\\\/site\\\/author\\\/altominhotv-tecnico\\\/\"}]}<\/script>\n<!-- \/ Yoast SEO Premium plugin. -->","yoast_head_json":{"title":"Munic\u00edpio de Arcos de Valdevez pronuncia-se contra a proposta da linha de muita alta tens\u00e3o no concelho","robots":{"index":"index","follow":"follow","max-snippet":"max-snippet:-1","max-image-preview":"max-image-preview:large","max-video-preview":"max-video-preview:-1"},"canonical":"https:\/\/www.altominho.tv\/site\/2020\/07\/24\/municipio-de-arcos-de-valdevez-pronuncia-se-contra-a-proposta-da-linha-de-muita-alta-tensao-no-concelho\/","og_locale":"pt_PT","og_type":"article","og_title":"Munic\u00edpio de Arcos de Valdevez pronuncia-se contra a proposta da linha de muita alta tens\u00e3o no concelho","og_description":"A C\u00e2mara Municipal de Arcos de Valdevez, na sua Reuni\u00e3o de C\u00e2mara de 17 de julho de 2020, pronunciou-se desfavoravelmente sobre a concretiza\u00e7\u00e3o do projeto de atravessamento da \u201cLinha Dupla Ponte de Lima &#8211; Fonte Fria, tro\u00e7o portugu\u00eas, a 400 kV&#8221; &#8211; AIA 3295. No concelho de Arcos de Valdevez o projeto abrange 18 freguesias [&hellip;]","og_url":"https:\/\/www.altominho.tv\/site\/2020\/07\/24\/municipio-de-arcos-de-valdevez-pronuncia-se-contra-a-proposta-da-linha-de-muita-alta-tensao-no-concelho\/","og_site_name":"Altominho.tv","article_publisher":"https:\/\/www.facebook.com\/altominhotv","article_published_time":"2020-07-24T09:30:06+00:00","article_modified_time":"2020-07-24T09:30:10+00:00","og_image":[{"width":1920,"height":1080,"url":"https:\/\/www.altominho.tv\/site\/wp-content\/uploads\/2020\/07\/Muitoaltatensa\u0303o.jpg","type":"image\/jpeg"}],"author":"Altominho.tv","twitter_card":"summary_large_image","twitter_creator":"@altominhoTV","twitter_site":"@altominhoTV","twitter_misc":{"Escrito por":"Altominho.tv","Tempo estimado de leitura":"1 minuto"},"schema":{"@context":"https:\/\/schema.org","@graph":[{"@type":"Article","@id":"https:\/\/www.altominho.tv\/site\/2020\/07\/24\/municipio-de-arcos-de-valdevez-pronuncia-se-contra-a-proposta-da-linha-de-muita-alta-tensao-no-concelho\/#article","isPartOf":{"@id":"https:\/\/www.altominho.tv\/site\/2020\/07\/24\/municipio-de-arcos-de-valdevez-pronuncia-se-contra-a-proposta-da-linha-de-muita-alta-tensao-no-concelho\/"},"author":{"name":"Altominho.tv","@id":"https:\/\/www.altominho.tv\/site\/#\/schema\/person\/4e536851627d7914baf3dac752b6af22"},"headline":"Munic\u00edpio de Arcos de Valdevez pronuncia-se contra a proposta da linha de muita alta tens\u00e3o no concelho","datePublished":"2020-07-24T09:30:06+00:00","dateModified":"2020-07-24T09:30:10+00:00","mainEntityOfPage":{"@id":"https:\/\/www.altominho.tv\/site\/2020\/07\/24\/municipio-de-arcos-de-valdevez-pronuncia-se-contra-a-proposta-da-linha-de-muita-alta-tensao-no-concelho\/"},"wordCount":219,"image":{"@id":"https:\/\/www.altominho.tv\/site\/2020\/07\/24\/municipio-de-arcos-de-valdevez-pronuncia-se-contra-a-proposta-da-linha-de-muita-alta-tensao-no-concelho\/#primaryimage"},"thumbnailUrl":"https:\/\/www.altominho.tv\/site\/wp-content\/uploads\/2020\/07\/Muitoaltatensa\u0303o.jpg","keywords":["Sociedade"],"articleSection":["Arcos de Valdevez"],"inLanguage":"pt-PT","copyrightYear":"2020","copyrightHolder":{"@id":"https:\/\/www.altominho.tv\/site\/#organization"}},{"@type":"WebPage","@id":"https:\/\/www.altominho.tv\/site\/2020\/07\/24\/municipio-de-arcos-de-valdevez-pronuncia-se-contra-a-proposta-da-linha-de-muita-alta-tensao-no-concelho\/","url":"https:\/\/www.altominho.tv\/site\/2020\/07\/24\/municipio-de-arcos-de-valdevez-pronuncia-se-contra-a-proposta-da-linha-de-muita-alta-tensao-no-concelho\/","name":"Munic\u00edpio de Arcos de Valdevez pronuncia-se contra a proposta da linha de muita alta tens\u00e3o no concelho","isPartOf":{"@id":"https:\/\/www.altominho.tv\/site\/#website"},"primaryImageOfPage":{"@id":"https:\/\/www.altominho.tv\/site\/2020\/07\/24\/municipio-de-arcos-de-valdevez-pronuncia-se-contra-a-proposta-da-linha-de-muita-alta-tensao-no-concelho\/#primaryimage"},"image":{"@id":"https:\/\/www.altominho.tv\/site\/2020\/07\/24\/municipio-de-arcos-de-valdevez-pronuncia-se-contra-a-proposta-da-linha-de-muita-alta-tensao-no-concelho\/#primaryimage"},"thumbnailUrl":"https:\/\/www.altominho.tv\/site\/wp-content\/uploads\/2020\/07\/Muitoaltatensa\u0303o.jpg","datePublished":"2020-07-24T09:30:06+00:00","dateModified":"2020-07-24T09:30:10+00:00","author":{"@id":"https:\/\/www.altominho.tv\/site\/#\/schema\/person\/4e536851627d7914baf3dac752b6af22"},"breadcrumb":{"@id":"https:\/\/www.altominho.tv\/site\/2020\/07\/24\/municipio-de-arcos-de-valdevez-pronuncia-se-contra-a-proposta-da-linha-de-muita-alta-tensao-no-concelho\/#breadcrumb"},"inLanguage":"pt-PT","potentialAction":[{"@type":"ReadAction","target":["https:\/\/www.altominho.tv\/site\/2020\/07\/24\/municipio-de-arcos-de-valdevez-pronuncia-se-contra-a-proposta-da-linha-de-muita-alta-tensao-no-concelho\/"]}]},{"@type":"ImageObject","inLanguage":"pt-PT","@id":"https:\/\/www.altominho.tv\/site\/2020\/07\/24\/municipio-de-arcos-de-valdevez-pronuncia-se-contra-a-proposta-da-linha-de-muita-alta-tensao-no-concelho\/#primaryimage","url":"https:\/\/www.altominho.tv\/site\/wp-content\/uploads\/2020\/07\/Muitoaltatensa\u0303o.jpg","contentUrl":"https:\/\/www.altominho.tv\/site\/wp-content\/uploads\/2020\/07\/Muitoaltatensa\u0303o.jpg","width":1920,"height":1080},{"@type":"BreadcrumbList","@id":"https:\/\/www.altominho.tv\/site\/2020\/07\/24\/municipio-de-arcos-de-valdevez-pronuncia-se-contra-a-proposta-da-linha-de-muita-alta-tensao-no-concelho\/#breadcrumb","itemListElement":[{"@type":"ListItem","position":1,"name":"In\u00edcio","item":"https:\/\/www.altominho.tv\/site\/"},{"@type":"ListItem","position":2,"name":"Munic\u00edpio de Arcos de Valdevez pronuncia-se contra a proposta da linha de muita alta tens\u00e3o no concelho"}]},{"@type":"WebSite","@id":"https:\/\/www.altominho.tv\/site\/#website","url":"https:\/\/www.altominho.tv\/site\/","name":"Altominho.tv","description":"A sua regi\u00e3o \u00e0 dist\u00e2ncia de um clique...","potentialAction":[{"@type":"SearchAction","target":{"@type":"EntryPoint","urlTemplate":"https:\/\/www.altominho.tv\/site\/?s={search_term_string}"},"query-input":{"@type":"PropertyValueSpecification","valueRequired":true,"valueName":"search_term_string"}}],"inLanguage":"pt-PT"},{"@type":"Person","@id":"https:\/\/www.altominho.tv\/site\/#\/schema\/person\/4e536851627d7914baf3dac752b6af22","name":"Altominho.tv","image":{"@type":"ImageObject","inLanguage":"pt-PT","@id":"https:\/\/www.altominho.tv\/site\/wp-content\/uploads\/2019\/11\/Logo_Avatar_2-150x150.jpg","url":"https:\/\/www.altominho.tv\/site\/wp-content\/uploads\/2019\/11\/Logo_Avatar_2-150x150.jpg","contentUrl":"https:\/\/www.altominho.tv\/site\/wp-content\/uploads\/2019\/11\/Logo_Avatar_2-150x150.jpg","caption":"Altominho.tv"},"url":"https:\/\/www.altominho.tv\/site\/author\/altominhotv-tecnico\/"}]}},"_links":{"self":[{"href":"https:\/\/www.altominho.tv\/site\/wp-json\/wp\/v2\/posts\/49664","targetHints":{"allow":["GET"]}}],"collection":[{"href":"https:\/\/www.altominho.tv\/site\/wp-json\/wp\/v2\/posts"}],"about":[{"href":"https:\/\/www.altominho.tv\/site\/wp-json\/wp\/v2\/types\/post"}],"author":[{"embeddable":true,"href":"https:\/\/www.altominho.tv\/site\/wp-json\/wp\/v2\/users\/1"}],"replies":[{"embeddable":true,"href":"https:\/\/www.altominho.tv\/site\/wp-json\/wp\/v2\/comments?post=49664"}],"version-history":[{"count":0,"href":"https:\/\/www.altominho.tv\/site\/wp-json\/wp\/v2\/posts\/49664\/revisions"}],"wp:featuredmedia":[{"embeddable":true,"href":"https:\/\/www.altominho.tv\/site\/wp-json\/wp\/v2\/media\/49665"}],"wp:attachment":[{"href":"https:\/\/www.altominho.tv\/site\/wp-json\/wp\/v2\/media?parent=49664"}],"wp:term":[{"taxonomy":"category","embeddable":true,"href":"https:\/\/www.altominho.tv\/site\/wp-json\/wp\/v2\/categories?post=49664"},{"taxonomy":"post_tag","embeddable":true,"href":"https:\/\/www.altominho.tv\/site\/wp-json\/wp\/v2\/tags?post=49664"}],"curies":[{"name":"wp","href":"https:\/\/api.w.org\/{rel}","templated":true}]}}