{"id":49659,"date":"2020-07-24T08:53:49","date_gmt":"2020-07-24T07:53:49","guid":{"rendered":"http:\/\/www.altominho.tv\/site\/?p=49659"},"modified":"2020-07-24T08:53:52","modified_gmt":"2020-07-24T07:53:52","slug":"camara-de-arcos-de-valdevez-investe-100-mil-euros-em-apoios-a-atividade-economica","status":"publish","type":"post","link":"https:\/\/www.altominho.tv\/site\/2020\/07\/24\/camara-de-arcos-de-valdevez-investe-100-mil-euros-em-apoios-a-atividade-economica\/","title":{"rendered":"C\u00e2mara de Arcos de Valdevez investe 100 mil euros em apoios \u00e0 atividade econ\u00f3mica"},"content":{"rendered":"<p>A C\u00e2mara de Arcos de Valdevez vai investir 100 mil euros num programa de apoio ao com\u00e9rcio local, destinado a &#8220;pequenas obras&#8221; que ajudem a &#8220;modernizar, inovar e promover&#8221; qualquer atividade econ\u00f3mica em &#8220;qualquer \u00e1rea&#8221; do concelho.<\/p>\n<p>Em declara\u00e7\u00f5es \u00e0 Lusa, o presidente Jo\u00e3o Esteves, explicou que a iniciativa, apresentada hoje, visa financiar 50% de &#8220;pequenas interven\u00e7\u00f5es e melhorias&#8221; em lojas ou alojamentos at\u00e9 ao montante m\u00e1ximo de 10 mil euros.<\/p>\n<p>As candidaturas j\u00e1 est\u00e3o a decorrer e terminam a 30 de setembro, sendo que o programa conta tamb\u00e9m com a participa\u00e7\u00e3o da Associa\u00e7\u00e3o Comercial de Arcos de Valdevez.<\/p>\n<p>&#8220;Temo-nos apercebido de que as ajudas e linhas de apoio para pequenas interven\u00e7\u00f5es, pequenas obras s\u00e3o muito complicadas ou inexistentes. Decidimos ent\u00e3o, e vendo esta quest\u00e3o da pandemia causada pela Covid-19 n\u00e3o apenas como um problema mas tamb\u00e9m como uma oportunidade para melhorar, lan\u00e7armos n\u00f3s esta ajuda&#8221;, explicou o autarca.<\/p>\n<p>O novo programa de apoio, disse, &#8220;destina-se \u00e0quela pequena obra que \u00e9 preciso fazer mas para a qual n\u00e3o h\u00e1 apoio ou fundos pr\u00f3prios&#8221;.<\/p>\n<p>&#8220;Abrange todo o tipo de atividade econ\u00f3mica em qualquer parte do concelho, portanto isto n\u00e3o \u00e9 s\u00f3 para as lojas ou atividades urbanas, qualquer um pode aceder a esta ajuda&#8221;, salientou.<\/p>\n<p>Questionado sobre se haver\u00e1 uma segunda fase, o autarca afirmou que essa \u00e9 uma possibilidade.<\/p>\n<p>&#8220;Vamos ver como corre esta primeira fase e podemos, no futuro, fazer um novo programa melhorando este, aprendendo com este, sempre com o objetivo de promover, modernizar e inovar a nossa atividade econ\u00f3mica&#8221;, finalizou.<\/p>\n","protected":false},"excerpt":{"rendered":"<p>A C\u00e2mara de Arcos de Valdevez vai investir 100 mil euros num programa de apoio ao com\u00e9rcio local, destinado a &#8220;pequenas obras&#8221; que ajudem a &#8220;modernizar, inovar e promover&#8221; qualquer atividade econ\u00f3mica em &#8220;qualquer \u00e1rea&#8221; do concelho. Em declara\u00e7\u00f5es \u00e0 Lusa, o presidente Jo\u00e3o Esteves, explicou que a iniciativa, apresentada hoje, visa financiar 50% de [&hellip;]<\/p>\n","protected":false},"author":13,"featured_media":45195,"comment_status":"closed","ping_status":"closed","sticky":false,"template":"","format":"standard","meta":{"_exactmetrics_skip_tracking":false,"_exactmetrics_sitenote_active":false,"_exactmetrics_sitenote_note":"","_exactmetrics_sitenote_category":0,"footnotes":""},"categories":[2],"tags":[21],"class_list":["post-49659","post","type-post","status-publish","format-standard","has-post-thumbnail","hentry","category-arcos-de-valdevez","tag-economia"],"yoast_head":"<!-- This site is optimized with the Yoast SEO Premium plugin v27.4 (Yoast SEO v27.4) - https:\/\/yoast.com\/product\/yoast-seo-premium-wordpress\/ -->\n<title>C\u00e2mara de Arcos de Valdevez investe 100 mil euros em apoios \u00e0 atividade econ\u00f3mica<\/title>\n<meta name=\"robots\" content=\"index, follow, max-snippet:-1, max-image-preview:large, max-video-preview:-1\" \/>\n<link rel=\"canonical\" href=\"https:\/\/www.altominho.tv\/site\/2020\/07\/24\/camara-de-arcos-de-valdevez-investe-100-mil-euros-em-apoios-a-atividade-economica\/\" \/>\n<meta property=\"og:locale\" content=\"pt_PT\" \/>\n<meta property=\"og:type\" content=\"article\" \/>\n<meta property=\"og:title\" content=\"C\u00e2mara de Arcos de Valdevez investe 100 mil euros em apoios \u00e0 atividade econ\u00f3mica\" \/>\n<meta property=\"og:description\" content=\"A C\u00e2mara de Arcos de Valdevez vai investir 100 mil euros num programa de apoio ao com\u00e9rcio local, destinado a &#8220;pequenas obras&#8221; que ajudem a &#8220;modernizar, inovar e promover&#8221; qualquer atividade econ\u00f3mica em &#8220;qualquer \u00e1rea&#8221; do concelho. Em declara\u00e7\u00f5es \u00e0 Lusa, o presidente Jo\u00e3o Esteves, explicou que a iniciativa, apresentada hoje, visa financiar 50% de [&hellip;]\" \/>\n<meta property=\"og:url\" content=\"https:\/\/www.altominho.tv\/site\/2020\/07\/24\/camara-de-arcos-de-valdevez-investe-100-mil-euros-em-apoios-a-atividade-economica\/\" \/>\n<meta property=\"og:site_name\" content=\"Altominho.tv\" \/>\n<meta property=\"article:publisher\" content=\"https:\/\/www.facebook.com\/altominhotv\" \/>\n<meta property=\"article:published_time\" content=\"2020-07-24T07:53:49+00:00\" \/>\n<meta property=\"article:modified_time\" content=\"2020-07-24T07:53:52+00:00\" \/>\n<meta property=\"og:image\" content=\"https:\/\/www.altominho.tv\/site\/wp-content\/uploads\/2020\/04\/Ca\u0302mara-Arcos-de-Valdevez.jpg\" \/>\n\t<meta property=\"og:image:width\" content=\"640\" \/>\n\t<meta property=\"og:image:height\" content=\"427\" \/>\n\t<meta property=\"og:image:type\" content=\"image\/jpeg\" \/>\n<meta name=\"author\" content=\"Lusa\" \/>\n<meta name=\"twitter:card\" content=\"summary_large_image\" \/>\n<meta name=\"twitter:creator\" content=\"@altominhoTV\" \/>\n<meta name=\"twitter:site\" content=\"@altominhoTV\" \/>\n<meta name=\"twitter:label1\" content=\"Escrito por\" \/>\n\t<meta name=\"twitter:data1\" content=\"Lusa\" \/>\n\t<meta name=\"twitter:label2\" content=\"Tempo estimado de leitura\" \/>\n\t<meta name=\"twitter:data2\" content=\"1 minuto\" \/>\n<script type=\"application\/ld+json\" class=\"yoast-schema-graph\">{\"@context\":\"https:\\\/\\\/schema.org\",\"@graph\":[{\"@type\":\"Article\",\"@id\":\"https:\\\/\\\/www.altominho.tv\\\/site\\\/2020\\\/07\\\/24\\\/camara-de-arcos-de-valdevez-investe-100-mil-euros-em-apoios-a-atividade-economica\\\/#article\",\"isPartOf\":{\"@id\":\"https:\\\/\\\/www.altominho.tv\\\/site\\\/2020\\\/07\\\/24\\\/camara-de-arcos-de-valdevez-investe-100-mil-euros-em-apoios-a-atividade-economica\\\/\"},\"author\":{\"name\":\"Lusa\",\"@id\":\"https:\\\/\\\/www.altominho.tv\\\/site\\\/#\\\/schema\\\/person\\\/63f693da3e1899361cbe955c46f3232e\"},\"headline\":\"C\u00e2mara de Arcos de Valdevez investe 100 mil euros em apoios \u00e0 atividade econ\u00f3mica\",\"datePublished\":\"2020-07-24T07:53:49+00:00\",\"dateModified\":\"2020-07-24T07:53:52+00:00\",\"mainEntityOfPage\":{\"@id\":\"https:\\\/\\\/www.altominho.tv\\\/site\\\/2020\\\/07\\\/24\\\/camara-de-arcos-de-valdevez-investe-100-mil-euros-em-apoios-a-atividade-economica\\\/\"},\"wordCount\":283,\"image\":{\"@id\":\"https:\\\/\\\/www.altominho.tv\\\/site\\\/2020\\\/07\\\/24\\\/camara-de-arcos-de-valdevez-investe-100-mil-euros-em-apoios-a-atividade-economica\\\/#primaryimage\"},\"thumbnailUrl\":\"https:\\\/\\\/www.altominho.tv\\\/site\\\/wp-content\\\/uploads\\\/2020\\\/04\\\/Ca\u0302mara-Arcos-de-Valdevez.jpg\",\"keywords\":[\"Economia\"],\"articleSection\":[\"Arcos de Valdevez\"],\"inLanguage\":\"pt-PT\",\"copyrightYear\":\"2020\",\"copyrightHolder\":{\"@id\":\"https:\\\/\\\/www.altominho.tv\\\/site\\\/#organization\"}},{\"@type\":\"WebPage\",\"@id\":\"https:\\\/\\\/www.altominho.tv\\\/site\\\/2020\\\/07\\\/24\\\/camara-de-arcos-de-valdevez-investe-100-mil-euros-em-apoios-a-atividade-economica\\\/\",\"url\":\"https:\\\/\\\/www.altominho.tv\\\/site\\\/2020\\\/07\\\/24\\\/camara-de-arcos-de-valdevez-investe-100-mil-euros-em-apoios-a-atividade-economica\\\/\",\"name\":\"C\u00e2mara de Arcos de Valdevez investe 100 mil euros em apoios \u00e0 atividade econ\u00f3mica\",\"isPartOf\":{\"@id\":\"https:\\\/\\\/www.altominho.tv\\\/site\\\/#website\"},\"primaryImageOfPage\":{\"@id\":\"https:\\\/\\\/www.altominho.tv\\\/site\\\/2020\\\/07\\\/24\\\/camara-de-arcos-de-valdevez-investe-100-mil-euros-em-apoios-a-atividade-economica\\\/#primaryimage\"},\"image\":{\"@id\":\"https:\\\/\\\/www.altominho.tv\\\/site\\\/2020\\\/07\\\/24\\\/camara-de-arcos-de-valdevez-investe-100-mil-euros-em-apoios-a-atividade-economica\\\/#primaryimage\"},\"thumbnailUrl\":\"https:\\\/\\\/www.altominho.tv\\\/site\\\/wp-content\\\/uploads\\\/2020\\\/04\\\/Ca\u0302mara-Arcos-de-Valdevez.jpg\",\"datePublished\":\"2020-07-24T07:53:49+00:00\",\"dateModified\":\"2020-07-24T07:53:52+00:00\",\"author\":{\"@id\":\"https:\\\/\\\/www.altominho.tv\\\/site\\\/#\\\/schema\\\/person\\\/63f693da3e1899361cbe955c46f3232e\"},\"breadcrumb\":{\"@id\":\"https:\\\/\\\/www.altominho.tv\\\/site\\\/2020\\\/07\\\/24\\\/camara-de-arcos-de-valdevez-investe-100-mil-euros-em-apoios-a-atividade-economica\\\/#breadcrumb\"},\"inLanguage\":\"pt-PT\",\"potentialAction\":[{\"@type\":\"ReadAction\",\"target\":[\"https:\\\/\\\/www.altominho.tv\\\/site\\\/2020\\\/07\\\/24\\\/camara-de-arcos-de-valdevez-investe-100-mil-euros-em-apoios-a-atividade-economica\\\/\"]}]},{\"@type\":\"ImageObject\",\"inLanguage\":\"pt-PT\",\"@id\":\"https:\\\/\\\/www.altominho.tv\\\/site\\\/2020\\\/07\\\/24\\\/camara-de-arcos-de-valdevez-investe-100-mil-euros-em-apoios-a-atividade-economica\\\/#primaryimage\",\"url\":\"https:\\\/\\\/www.altominho.tv\\\/site\\\/wp-content\\\/uploads\\\/2020\\\/04\\\/Ca\u0302mara-Arcos-de-Valdevez.jpg\",\"contentUrl\":\"https:\\\/\\\/www.altominho.tv\\\/site\\\/wp-content\\\/uploads\\\/2020\\\/04\\\/Ca\u0302mara-Arcos-de-Valdevez.jpg\",\"width\":640,\"height\":427},{\"@type\":\"BreadcrumbList\",\"@id\":\"https:\\\/\\\/www.altominho.tv\\\/site\\\/2020\\\/07\\\/24\\\/camara-de-arcos-de-valdevez-investe-100-mil-euros-em-apoios-a-atividade-economica\\\/#breadcrumb\",\"itemListElement\":[{\"@type\":\"ListItem\",\"position\":1,\"name\":\"In\u00edcio\",\"item\":\"https:\\\/\\\/www.altominho.tv\\\/site\\\/\"},{\"@type\":\"ListItem\",\"position\":2,\"name\":\"C\u00e2mara de Arcos de Valdevez investe 100 mil euros em apoios \u00e0 atividade econ\u00f3mica\"}]},{\"@type\":\"WebSite\",\"@id\":\"https:\\\/\\\/www.altominho.tv\\\/site\\\/#website\",\"url\":\"https:\\\/\\\/www.altominho.tv\\\/site\\\/\",\"name\":\"Altominho.tv\",\"description\":\"A sua regi\u00e3o \u00e0 dist\u00e2ncia de um clique...\",\"potentialAction\":[{\"@type\":\"SearchAction\",\"target\":{\"@type\":\"EntryPoint\",\"urlTemplate\":\"https:\\\/\\\/www.altominho.tv\\\/site\\\/?s={search_term_string}\"},\"query-input\":{\"@type\":\"PropertyValueSpecification\",\"valueRequired\":true,\"valueName\":\"search_term_string\"}}],\"inLanguage\":\"pt-PT\"},{\"@type\":\"Person\",\"@id\":\"https:\\\/\\\/www.altominho.tv\\\/site\\\/#\\\/schema\\\/person\\\/63f693da3e1899361cbe955c46f3232e\",\"name\":\"Lusa\",\"image\":{\"@type\":\"ImageObject\",\"inLanguage\":\"pt-PT\",\"@id\":\"https:\\\/\\\/www.altominho.tv\\\/site\\\/wp-content\\\/uploads\\\/2019\\\/08\\\/LUSA_Logo.gif\",\"url\":\"https:\\\/\\\/www.altominho.tv\\\/site\\\/wp-content\\\/uploads\\\/2019\\\/08\\\/LUSA_Logo.gif\",\"contentUrl\":\"https:\\\/\\\/www.altominho.tv\\\/site\\\/wp-content\\\/uploads\\\/2019\\\/08\\\/LUSA_Logo.gif\",\"caption\":\"Lusa\"},\"sameAs\":[\"http:\\\/\\\/\\\/\\\/www.altominho.tv\\\/site\"],\"url\":\"https:\\\/\\\/www.altominho.tv\\\/site\\\/author\\\/lusa\\\/\"}]}<\/script>\n<!-- \/ Yoast SEO Premium plugin. -->","yoast_head_json":{"title":"C\u00e2mara de Arcos de Valdevez investe 100 mil euros em apoios \u00e0 atividade econ\u00f3mica","robots":{"index":"index","follow":"follow","max-snippet":"max-snippet:-1","max-image-preview":"max-image-preview:large","max-video-preview":"max-video-preview:-1"},"canonical":"https:\/\/www.altominho.tv\/site\/2020\/07\/24\/camara-de-arcos-de-valdevez-investe-100-mil-euros-em-apoios-a-atividade-economica\/","og_locale":"pt_PT","og_type":"article","og_title":"C\u00e2mara de Arcos de Valdevez investe 100 mil euros em apoios \u00e0 atividade econ\u00f3mica","og_description":"A C\u00e2mara de Arcos de Valdevez vai investir 100 mil euros num programa de apoio ao com\u00e9rcio local, destinado a &#8220;pequenas obras&#8221; que ajudem a &#8220;modernizar, inovar e promover&#8221; qualquer atividade econ\u00f3mica em &#8220;qualquer \u00e1rea&#8221; do concelho. Em declara\u00e7\u00f5es \u00e0 Lusa, o presidente Jo\u00e3o Esteves, explicou que a iniciativa, apresentada hoje, visa financiar 50% de [&hellip;]","og_url":"https:\/\/www.altominho.tv\/site\/2020\/07\/24\/camara-de-arcos-de-valdevez-investe-100-mil-euros-em-apoios-a-atividade-economica\/","og_site_name":"Altominho.tv","article_publisher":"https:\/\/www.facebook.com\/altominhotv","article_published_time":"2020-07-24T07:53:49+00:00","article_modified_time":"2020-07-24T07:53:52+00:00","og_image":[{"width":640,"height":427,"url":"https:\/\/www.altominho.tv\/site\/wp-content\/uploads\/2020\/04\/Ca\u0302mara-Arcos-de-Valdevez.jpg","type":"image\/jpeg"}],"author":"Lusa","twitter_card":"summary_large_image","twitter_creator":"@altominhoTV","twitter_site":"@altominhoTV","twitter_misc":{"Escrito por":"Lusa","Tempo estimado de leitura":"1 minuto"},"schema":{"@context":"https:\/\/schema.org","@graph":[{"@type":"Article","@id":"https:\/\/www.altominho.tv\/site\/2020\/07\/24\/camara-de-arcos-de-valdevez-investe-100-mil-euros-em-apoios-a-atividade-economica\/#article","isPartOf":{"@id":"https:\/\/www.altominho.tv\/site\/2020\/07\/24\/camara-de-arcos-de-valdevez-investe-100-mil-euros-em-apoios-a-atividade-economica\/"},"author":{"name":"Lusa","@id":"https:\/\/www.altominho.tv\/site\/#\/schema\/person\/63f693da3e1899361cbe955c46f3232e"},"headline":"C\u00e2mara de Arcos de Valdevez investe 100 mil euros em apoios \u00e0 atividade econ\u00f3mica","datePublished":"2020-07-24T07:53:49+00:00","dateModified":"2020-07-24T07:53:52+00:00","mainEntityOfPage":{"@id":"https:\/\/www.altominho.tv\/site\/2020\/07\/24\/camara-de-arcos-de-valdevez-investe-100-mil-euros-em-apoios-a-atividade-economica\/"},"wordCount":283,"image":{"@id":"https:\/\/www.altominho.tv\/site\/2020\/07\/24\/camara-de-arcos-de-valdevez-investe-100-mil-euros-em-apoios-a-atividade-economica\/#primaryimage"},"thumbnailUrl":"https:\/\/www.altominho.tv\/site\/wp-content\/uploads\/2020\/04\/Ca\u0302mara-Arcos-de-Valdevez.jpg","keywords":["Economia"],"articleSection":["Arcos de Valdevez"],"inLanguage":"pt-PT","copyrightYear":"2020","copyrightHolder":{"@id":"https:\/\/www.altominho.tv\/site\/#organization"}},{"@type":"WebPage","@id":"https:\/\/www.altominho.tv\/site\/2020\/07\/24\/camara-de-arcos-de-valdevez-investe-100-mil-euros-em-apoios-a-atividade-economica\/","url":"https:\/\/www.altominho.tv\/site\/2020\/07\/24\/camara-de-arcos-de-valdevez-investe-100-mil-euros-em-apoios-a-atividade-economica\/","name":"C\u00e2mara de Arcos de Valdevez investe 100 mil euros em apoios \u00e0 atividade econ\u00f3mica","isPartOf":{"@id":"https:\/\/www.altominho.tv\/site\/#website"},"primaryImageOfPage":{"@id":"https:\/\/www.altominho.tv\/site\/2020\/07\/24\/camara-de-arcos-de-valdevez-investe-100-mil-euros-em-apoios-a-atividade-economica\/#primaryimage"},"image":{"@id":"https:\/\/www.altominho.tv\/site\/2020\/07\/24\/camara-de-arcos-de-valdevez-investe-100-mil-euros-em-apoios-a-atividade-economica\/#primaryimage"},"thumbnailUrl":"https:\/\/www.altominho.tv\/site\/wp-content\/uploads\/2020\/04\/Ca\u0302mara-Arcos-de-Valdevez.jpg","datePublished":"2020-07-24T07:53:49+00:00","dateModified":"2020-07-24T07:53:52+00:00","author":{"@id":"https:\/\/www.altominho.tv\/site\/#\/schema\/person\/63f693da3e1899361cbe955c46f3232e"},"breadcrumb":{"@id":"https:\/\/www.altominho.tv\/site\/2020\/07\/24\/camara-de-arcos-de-valdevez-investe-100-mil-euros-em-apoios-a-atividade-economica\/#breadcrumb"},"inLanguage":"pt-PT","potentialAction":[{"@type":"ReadAction","target":["https:\/\/www.altominho.tv\/site\/2020\/07\/24\/camara-de-arcos-de-valdevez-investe-100-mil-euros-em-apoios-a-atividade-economica\/"]}]},{"@type":"ImageObject","inLanguage":"pt-PT","@id":"https:\/\/www.altominho.tv\/site\/2020\/07\/24\/camara-de-arcos-de-valdevez-investe-100-mil-euros-em-apoios-a-atividade-economica\/#primaryimage","url":"https:\/\/www.altominho.tv\/site\/wp-content\/uploads\/2020\/04\/Ca\u0302mara-Arcos-de-Valdevez.jpg","contentUrl":"https:\/\/www.altominho.tv\/site\/wp-content\/uploads\/2020\/04\/Ca\u0302mara-Arcos-de-Valdevez.jpg","width":640,"height":427},{"@type":"BreadcrumbList","@id":"https:\/\/www.altominho.tv\/site\/2020\/07\/24\/camara-de-arcos-de-valdevez-investe-100-mil-euros-em-apoios-a-atividade-economica\/#breadcrumb","itemListElement":[{"@type":"ListItem","position":1,"name":"In\u00edcio","item":"https:\/\/www.altominho.tv\/site\/"},{"@type":"ListItem","position":2,"name":"C\u00e2mara de Arcos de Valdevez investe 100 mil euros em apoios \u00e0 atividade econ\u00f3mica"}]},{"@type":"WebSite","@id":"https:\/\/www.altominho.tv\/site\/#website","url":"https:\/\/www.altominho.tv\/site\/","name":"Altominho.tv","description":"A sua regi\u00e3o \u00e0 dist\u00e2ncia de um clique...","potentialAction":[{"@type":"SearchAction","target":{"@type":"EntryPoint","urlTemplate":"https:\/\/www.altominho.tv\/site\/?s={search_term_string}"},"query-input":{"@type":"PropertyValueSpecification","valueRequired":true,"valueName":"search_term_string"}}],"inLanguage":"pt-PT"},{"@type":"Person","@id":"https:\/\/www.altominho.tv\/site\/#\/schema\/person\/63f693da3e1899361cbe955c46f3232e","name":"Lusa","image":{"@type":"ImageObject","inLanguage":"pt-PT","@id":"https:\/\/www.altominho.tv\/site\/wp-content\/uploads\/2019\/08\/LUSA_Logo.gif","url":"https:\/\/www.altominho.tv\/site\/wp-content\/uploads\/2019\/08\/LUSA_Logo.gif","contentUrl":"https:\/\/www.altominho.tv\/site\/wp-content\/uploads\/2019\/08\/LUSA_Logo.gif","caption":"Lusa"},"sameAs":["http:\/\/\/\/www.altominho.tv\/site"],"url":"https:\/\/www.altominho.tv\/site\/author\/lusa\/"}]}},"_links":{"self":[{"href":"https:\/\/www.altominho.tv\/site\/wp-json\/wp\/v2\/posts\/49659","targetHints":{"allow":["GET"]}}],"collection":[{"href":"https:\/\/www.altominho.tv\/site\/wp-json\/wp\/v2\/posts"}],"about":[{"href":"https:\/\/www.altominho.tv\/site\/wp-json\/wp\/v2\/types\/post"}],"author":[{"embeddable":true,"href":"https:\/\/www.altominho.tv\/site\/wp-json\/wp\/v2\/users\/13"}],"replies":[{"embeddable":true,"href":"https:\/\/www.altominho.tv\/site\/wp-json\/wp\/v2\/comments?post=49659"}],"version-history":[{"count":0,"href":"https:\/\/www.altominho.tv\/site\/wp-json\/wp\/v2\/posts\/49659\/revisions"}],"wp:featuredmedia":[{"embeddable":true,"href":"https:\/\/www.altominho.tv\/site\/wp-json\/wp\/v2\/media\/45195"}],"wp:attachment":[{"href":"https:\/\/www.altominho.tv\/site\/wp-json\/wp\/v2\/media?parent=49659"}],"wp:term":[{"taxonomy":"category","embeddable":true,"href":"https:\/\/www.altominho.tv\/site\/wp-json\/wp\/v2\/categories?post=49659"},{"taxonomy":"post_tag","embeddable":true,"href":"https:\/\/www.altominho.tv\/site\/wp-json\/wp\/v2\/tags?post=49659"}],"curies":[{"name":"wp","href":"https:\/\/api.w.org\/{rel}","templated":true}]}}