{"id":49619,"date":"2020-07-23T12:54:58","date_gmt":"2020-07-23T11:54:58","guid":{"rendered":"http:\/\/www.altominho.tv\/site\/?p=49619"},"modified":"2020-07-23T12:57:45","modified_gmt":"2020-07-23T11:57:45","slug":"vale-de-compras-recontro-prolongado-ate-final-do-mes","status":"publish","type":"post","link":"https:\/\/www.altominho.tv\/site\/2020\/07\/23\/vale-de-compras-recontro-prolongado-ate-final-do-mes\/","title":{"rendered":"Vale de Compras &#8220;Recontro&#8221; prolongado at\u00e9 final do m\u00eas"},"content":{"rendered":"<p>A C\u00e2mara de Arcos de Valdevez decidiu prorrogar, at\u00e9 ao fim do m\u00eas de julho, o programa \u201cVale de Compras Recontro\u201d, um apoio financeiro a agregados familiares que sofreram uma quebra do seu rendimento mensal devido \u00e0 pandemia de Covid-19.<\/p>\n<p>Segundo a autarquia, o n\u00famero de pedidos tem vindo a aumentar e o munic\u00edpio verificou que h\u00e1 fam\u00edlias com dificuldades, o que levou a alargar o prazo das candidaturas. As fam\u00edlias, que j\u00e1 beneficiaram do \u201cVale de Compras Recontro\u201d, poder\u00e3o apresentar uma nova candidatura, &#8220;caso a sua situa\u00e7\u00e3o se mantenha comprovadamente inalterada&#8221;.<\/p>\n<p>De acordo com o munic\u00edpio, a crise provocada pela pandemia &#8220;desenrolou consequ\u00eancias sociais e econ\u00f3micas preocupantes e muitas pessoas tiveram uma quebra de rendimentos devido ao <em>\u201clay-off\u201d<\/em>, ao desemprego, ao encerramento de estabelecimentos, ao isolamento profil\u00e1tico ou a assist\u00eancia a filhos&#8221;.<\/p>\n<p>No \u00e2mbito do <a href=\"\/\/www.altominho.tv\/site\/2020\/05\/29\/vale-de-compras-recontro-apoia-familias-e-comercio-tradicional\/\">Vale de Compras &#8220;Recontro&#8221;<\/a>, j\u00e1 foram aprovadas 15 candidaturas, com atribui\u00e7\u00e3o de apoios entre os 100 e os 250 euros, para realiza\u00e7\u00e3o de compras no com\u00e9rcio local.<\/p>\n","protected":false},"excerpt":{"rendered":"<p>A C\u00e2mara de Arcos de Valdevez decidiu prorrogar, at\u00e9 ao fim do m\u00eas de julho, o programa \u201cVale de Compras Recontro\u201d, um apoio financeiro a agregados familiares que sofreram uma quebra do seu rendimento mensal devido \u00e0 pandemia de Covid-19. Segundo a autarquia, o n\u00famero de pedidos tem vindo a aumentar e o munic\u00edpio verificou [&hellip;]<\/p>\n","protected":false},"author":12,"featured_media":49620,"comment_status":"closed","ping_status":"closed","sticky":false,"template":"","format":"standard","meta":{"_exactmetrics_skip_tracking":false,"_exactmetrics_sitenote_active":false,"_exactmetrics_sitenote_note":"","_exactmetrics_sitenote_category":0,"footnotes":""},"categories":[2],"tags":[21,27],"class_list":["post-49619","post","type-post","status-publish","format-standard","has-post-thumbnail","hentry","category-arcos-de-valdevez","tag-economia","tag-sociedade"],"yoast_head":"<!-- This site is optimized with the Yoast SEO Premium plugin v27.4 (Yoast SEO v27.4) - https:\/\/yoast.com\/product\/yoast-seo-premium-wordpress\/ -->\n<title>Vale de Compras &quot;Recontro&quot; prolongado at\u00e9 final do m\u00eas<\/title>\n<meta name=\"robots\" content=\"index, follow, max-snippet:-1, max-image-preview:large, max-video-preview:-1\" \/>\n<link rel=\"canonical\" href=\"https:\/\/www.altominho.tv\/site\/2020\/07\/23\/vale-de-compras-recontro-prolongado-ate-final-do-mes\/\" \/>\n<meta property=\"og:locale\" content=\"pt_PT\" \/>\n<meta property=\"og:type\" content=\"article\" \/>\n<meta property=\"og:title\" content=\"Vale de Compras &quot;Recontro&quot; prolongado at\u00e9 final do m\u00eas\" \/>\n<meta property=\"og:description\" content=\"A C\u00e2mara de Arcos de Valdevez decidiu prorrogar, at\u00e9 ao fim do m\u00eas de julho, o programa \u201cVale de Compras Recontro\u201d, um apoio financeiro a agregados familiares que sofreram uma quebra do seu rendimento mensal devido \u00e0 pandemia de Covid-19. Segundo a autarquia, o n\u00famero de pedidos tem vindo a aumentar e o munic\u00edpio verificou [&hellip;]\" \/>\n<meta property=\"og:url\" content=\"https:\/\/www.altominho.tv\/site\/2020\/07\/23\/vale-de-compras-recontro-prolongado-ate-final-do-mes\/\" \/>\n<meta property=\"og:site_name\" content=\"Altominho.tv\" \/>\n<meta property=\"article:publisher\" content=\"https:\/\/www.facebook.com\/altominhotv\" \/>\n<meta property=\"article:published_time\" content=\"2020-07-23T11:54:58+00:00\" \/>\n<meta property=\"article:modified_time\" content=\"2020-07-23T11:57:45+00:00\" \/>\n<meta property=\"og:image\" content=\"https:\/\/www.altominho.tv\/site\/wp-content\/uploads\/2020\/07\/maxresdefault-4.jpg\" \/>\n\t<meta property=\"og:image:width\" content=\"1280\" \/>\n\t<meta property=\"og:image:height\" content=\"720\" \/>\n\t<meta property=\"og:image:type\" content=\"image\/jpeg\" \/>\n<meta name=\"author\" content=\"Andreia Ferreira\" \/>\n<meta name=\"twitter:card\" content=\"summary_large_image\" \/>\n<meta name=\"twitter:creator\" content=\"@altominhoTV\" \/>\n<meta name=\"twitter:site\" content=\"@altominhoTV\" \/>\n<meta name=\"twitter:label1\" content=\"Escrito por\" \/>\n\t<meta name=\"twitter:data1\" content=\"Andreia Ferreira\" \/>\n\t<meta name=\"twitter:label2\" content=\"Tempo estimado de leitura\" \/>\n\t<meta name=\"twitter:data2\" content=\"1 minuto\" \/>\n<script type=\"application\/ld+json\" class=\"yoast-schema-graph\">{\"@context\":\"https:\\\/\\\/schema.org\",\"@graph\":[{\"@type\":\"Article\",\"@id\":\"https:\\\/\\\/www.altominho.tv\\\/site\\\/2020\\\/07\\\/23\\\/vale-de-compras-recontro-prolongado-ate-final-do-mes\\\/#article\",\"isPartOf\":{\"@id\":\"https:\\\/\\\/www.altominho.tv\\\/site\\\/2020\\\/07\\\/23\\\/vale-de-compras-recontro-prolongado-ate-final-do-mes\\\/\"},\"author\":{\"name\":\"Andreia Ferreira\",\"@id\":\"https:\\\/\\\/www.altominho.tv\\\/site\\\/#\\\/schema\\\/person\\\/d9be4265364723f14ea8e0d56a1d38cd\"},\"headline\":\"Vale de Compras &#8220;Recontro&#8221; prolongado at\u00e9 final do m\u00eas\",\"datePublished\":\"2020-07-23T11:54:58+00:00\",\"dateModified\":\"2020-07-23T11:57:45+00:00\",\"mainEntityOfPage\":{\"@id\":\"https:\\\/\\\/www.altominho.tv\\\/site\\\/2020\\\/07\\\/23\\\/vale-de-compras-recontro-prolongado-ate-final-do-mes\\\/\"},\"wordCount\":185,\"image\":{\"@id\":\"https:\\\/\\\/www.altominho.tv\\\/site\\\/2020\\\/07\\\/23\\\/vale-de-compras-recontro-prolongado-ate-final-do-mes\\\/#primaryimage\"},\"thumbnailUrl\":\"https:\\\/\\\/www.altominho.tv\\\/site\\\/wp-content\\\/uploads\\\/2020\\\/07\\\/maxresdefault-4.jpg\",\"keywords\":[\"Economia\",\"Sociedade\"],\"articleSection\":[\"Arcos de Valdevez\"],\"inLanguage\":\"pt-PT\",\"copyrightYear\":\"2020\",\"copyrightHolder\":{\"@id\":\"https:\\\/\\\/www.altominho.tv\\\/site\\\/#organization\"}},{\"@type\":\"WebPage\",\"@id\":\"https:\\\/\\\/www.altominho.tv\\\/site\\\/2020\\\/07\\\/23\\\/vale-de-compras-recontro-prolongado-ate-final-do-mes\\\/\",\"url\":\"https:\\\/\\\/www.altominho.tv\\\/site\\\/2020\\\/07\\\/23\\\/vale-de-compras-recontro-prolongado-ate-final-do-mes\\\/\",\"name\":\"Vale de Compras \\\"Recontro\\\" prolongado at\u00e9 final do m\u00eas\",\"isPartOf\":{\"@id\":\"https:\\\/\\\/www.altominho.tv\\\/site\\\/#website\"},\"primaryImageOfPage\":{\"@id\":\"https:\\\/\\\/www.altominho.tv\\\/site\\\/2020\\\/07\\\/23\\\/vale-de-compras-recontro-prolongado-ate-final-do-mes\\\/#primaryimage\"},\"image\":{\"@id\":\"https:\\\/\\\/www.altominho.tv\\\/site\\\/2020\\\/07\\\/23\\\/vale-de-compras-recontro-prolongado-ate-final-do-mes\\\/#primaryimage\"},\"thumbnailUrl\":\"https:\\\/\\\/www.altominho.tv\\\/site\\\/wp-content\\\/uploads\\\/2020\\\/07\\\/maxresdefault-4.jpg\",\"datePublished\":\"2020-07-23T11:54:58+00:00\",\"dateModified\":\"2020-07-23T11:57:45+00:00\",\"author\":{\"@id\":\"https:\\\/\\\/www.altominho.tv\\\/site\\\/#\\\/schema\\\/person\\\/d9be4265364723f14ea8e0d56a1d38cd\"},\"breadcrumb\":{\"@id\":\"https:\\\/\\\/www.altominho.tv\\\/site\\\/2020\\\/07\\\/23\\\/vale-de-compras-recontro-prolongado-ate-final-do-mes\\\/#breadcrumb\"},\"inLanguage\":\"pt-PT\",\"potentialAction\":[{\"@type\":\"ReadAction\",\"target\":[\"https:\\\/\\\/www.altominho.tv\\\/site\\\/2020\\\/07\\\/23\\\/vale-de-compras-recontro-prolongado-ate-final-do-mes\\\/\"]}]},{\"@type\":\"ImageObject\",\"inLanguage\":\"pt-PT\",\"@id\":\"https:\\\/\\\/www.altominho.tv\\\/site\\\/2020\\\/07\\\/23\\\/vale-de-compras-recontro-prolongado-ate-final-do-mes\\\/#primaryimage\",\"url\":\"https:\\\/\\\/www.altominho.tv\\\/site\\\/wp-content\\\/uploads\\\/2020\\\/07\\\/maxresdefault-4.jpg\",\"contentUrl\":\"https:\\\/\\\/www.altominho.tv\\\/site\\\/wp-content\\\/uploads\\\/2020\\\/07\\\/maxresdefault-4.jpg\",\"width\":1280,\"height\":720},{\"@type\":\"BreadcrumbList\",\"@id\":\"https:\\\/\\\/www.altominho.tv\\\/site\\\/2020\\\/07\\\/23\\\/vale-de-compras-recontro-prolongado-ate-final-do-mes\\\/#breadcrumb\",\"itemListElement\":[{\"@type\":\"ListItem\",\"position\":1,\"name\":\"In\u00edcio\",\"item\":\"https:\\\/\\\/www.altominho.tv\\\/site\\\/\"},{\"@type\":\"ListItem\",\"position\":2,\"name\":\"Vale de Compras &#8220;Recontro&#8221; prolongado at\u00e9 final do m\u00eas\"}]},{\"@type\":\"WebSite\",\"@id\":\"https:\\\/\\\/www.altominho.tv\\\/site\\\/#website\",\"url\":\"https:\\\/\\\/www.altominho.tv\\\/site\\\/\",\"name\":\"Altominho.tv\",\"description\":\"A sua regi\u00e3o \u00e0 dist\u00e2ncia de um clique...\",\"potentialAction\":[{\"@type\":\"SearchAction\",\"target\":{\"@type\":\"EntryPoint\",\"urlTemplate\":\"https:\\\/\\\/www.altominho.tv\\\/site\\\/?s={search_term_string}\"},\"query-input\":{\"@type\":\"PropertyValueSpecification\",\"valueRequired\":true,\"valueName\":\"search_term_string\"}}],\"inLanguage\":\"pt-PT\"},{\"@type\":\"Person\",\"@id\":\"https:\\\/\\\/www.altominho.tv\\\/site\\\/#\\\/schema\\\/person\\\/d9be4265364723f14ea8e0d56a1d38cd\",\"name\":\"Andreia Ferreira\",\"image\":{\"@type\":\"ImageObject\",\"inLanguage\":\"pt-PT\",\"@id\":\"https:\\\/\\\/www.altominho.tv\\\/site\\\/wp-content\\\/uploads\\\/2021\\\/01\\\/AndreiaFerreira-150x150.jpg\",\"url\":\"https:\\\/\\\/www.altominho.tv\\\/site\\\/wp-content\\\/uploads\\\/2021\\\/01\\\/AndreiaFerreira-150x150.jpg\",\"contentUrl\":\"https:\\\/\\\/www.altominho.tv\\\/site\\\/wp-content\\\/uploads\\\/2021\\\/01\\\/AndreiaFerreira-150x150.jpg\",\"caption\":\"Andreia Ferreira\"},\"url\":\"https:\\\/\\\/www.altominho.tv\\\/site\\\/author\\\/andreiaferreira\\\/\"}]}<\/script>\n<!-- \/ Yoast SEO Premium plugin. -->","yoast_head_json":{"title":"Vale de Compras \"Recontro\" prolongado at\u00e9 final do m\u00eas","robots":{"index":"index","follow":"follow","max-snippet":"max-snippet:-1","max-image-preview":"max-image-preview:large","max-video-preview":"max-video-preview:-1"},"canonical":"https:\/\/www.altominho.tv\/site\/2020\/07\/23\/vale-de-compras-recontro-prolongado-ate-final-do-mes\/","og_locale":"pt_PT","og_type":"article","og_title":"Vale de Compras \"Recontro\" prolongado at\u00e9 final do m\u00eas","og_description":"A C\u00e2mara de Arcos de Valdevez decidiu prorrogar, at\u00e9 ao fim do m\u00eas de julho, o programa \u201cVale de Compras Recontro\u201d, um apoio financeiro a agregados familiares que sofreram uma quebra do seu rendimento mensal devido \u00e0 pandemia de Covid-19. Segundo a autarquia, o n\u00famero de pedidos tem vindo a aumentar e o munic\u00edpio verificou [&hellip;]","og_url":"https:\/\/www.altominho.tv\/site\/2020\/07\/23\/vale-de-compras-recontro-prolongado-ate-final-do-mes\/","og_site_name":"Altominho.tv","article_publisher":"https:\/\/www.facebook.com\/altominhotv","article_published_time":"2020-07-23T11:54:58+00:00","article_modified_time":"2020-07-23T11:57:45+00:00","og_image":[{"width":1280,"height":720,"url":"https:\/\/www.altominho.tv\/site\/wp-content\/uploads\/2020\/07\/maxresdefault-4.jpg","type":"image\/jpeg"}],"author":"Andreia Ferreira","twitter_card":"summary_large_image","twitter_creator":"@altominhoTV","twitter_site":"@altominhoTV","twitter_misc":{"Escrito por":"Andreia Ferreira","Tempo estimado de leitura":"1 minuto"},"schema":{"@context":"https:\/\/schema.org","@graph":[{"@type":"Article","@id":"https:\/\/www.altominho.tv\/site\/2020\/07\/23\/vale-de-compras-recontro-prolongado-ate-final-do-mes\/#article","isPartOf":{"@id":"https:\/\/www.altominho.tv\/site\/2020\/07\/23\/vale-de-compras-recontro-prolongado-ate-final-do-mes\/"},"author":{"name":"Andreia Ferreira","@id":"https:\/\/www.altominho.tv\/site\/#\/schema\/person\/d9be4265364723f14ea8e0d56a1d38cd"},"headline":"Vale de Compras &#8220;Recontro&#8221; prolongado at\u00e9 final do m\u00eas","datePublished":"2020-07-23T11:54:58+00:00","dateModified":"2020-07-23T11:57:45+00:00","mainEntityOfPage":{"@id":"https:\/\/www.altominho.tv\/site\/2020\/07\/23\/vale-de-compras-recontro-prolongado-ate-final-do-mes\/"},"wordCount":185,"image":{"@id":"https:\/\/www.altominho.tv\/site\/2020\/07\/23\/vale-de-compras-recontro-prolongado-ate-final-do-mes\/#primaryimage"},"thumbnailUrl":"https:\/\/www.altominho.tv\/site\/wp-content\/uploads\/2020\/07\/maxresdefault-4.jpg","keywords":["Economia","Sociedade"],"articleSection":["Arcos de Valdevez"],"inLanguage":"pt-PT","copyrightYear":"2020","copyrightHolder":{"@id":"https:\/\/www.altominho.tv\/site\/#organization"}},{"@type":"WebPage","@id":"https:\/\/www.altominho.tv\/site\/2020\/07\/23\/vale-de-compras-recontro-prolongado-ate-final-do-mes\/","url":"https:\/\/www.altominho.tv\/site\/2020\/07\/23\/vale-de-compras-recontro-prolongado-ate-final-do-mes\/","name":"Vale de Compras \"Recontro\" prolongado at\u00e9 final do m\u00eas","isPartOf":{"@id":"https:\/\/www.altominho.tv\/site\/#website"},"primaryImageOfPage":{"@id":"https:\/\/www.altominho.tv\/site\/2020\/07\/23\/vale-de-compras-recontro-prolongado-ate-final-do-mes\/#primaryimage"},"image":{"@id":"https:\/\/www.altominho.tv\/site\/2020\/07\/23\/vale-de-compras-recontro-prolongado-ate-final-do-mes\/#primaryimage"},"thumbnailUrl":"https:\/\/www.altominho.tv\/site\/wp-content\/uploads\/2020\/07\/maxresdefault-4.jpg","datePublished":"2020-07-23T11:54:58+00:00","dateModified":"2020-07-23T11:57:45+00:00","author":{"@id":"https:\/\/www.altominho.tv\/site\/#\/schema\/person\/d9be4265364723f14ea8e0d56a1d38cd"},"breadcrumb":{"@id":"https:\/\/www.altominho.tv\/site\/2020\/07\/23\/vale-de-compras-recontro-prolongado-ate-final-do-mes\/#breadcrumb"},"inLanguage":"pt-PT","potentialAction":[{"@type":"ReadAction","target":["https:\/\/www.altominho.tv\/site\/2020\/07\/23\/vale-de-compras-recontro-prolongado-ate-final-do-mes\/"]}]},{"@type":"ImageObject","inLanguage":"pt-PT","@id":"https:\/\/www.altominho.tv\/site\/2020\/07\/23\/vale-de-compras-recontro-prolongado-ate-final-do-mes\/#primaryimage","url":"https:\/\/www.altominho.tv\/site\/wp-content\/uploads\/2020\/07\/maxresdefault-4.jpg","contentUrl":"https:\/\/www.altominho.tv\/site\/wp-content\/uploads\/2020\/07\/maxresdefault-4.jpg","width":1280,"height":720},{"@type":"BreadcrumbList","@id":"https:\/\/www.altominho.tv\/site\/2020\/07\/23\/vale-de-compras-recontro-prolongado-ate-final-do-mes\/#breadcrumb","itemListElement":[{"@type":"ListItem","position":1,"name":"In\u00edcio","item":"https:\/\/www.altominho.tv\/site\/"},{"@type":"ListItem","position":2,"name":"Vale de Compras &#8220;Recontro&#8221; prolongado at\u00e9 final do m\u00eas"}]},{"@type":"WebSite","@id":"https:\/\/www.altominho.tv\/site\/#website","url":"https:\/\/www.altominho.tv\/site\/","name":"Altominho.tv","description":"A sua regi\u00e3o \u00e0 dist\u00e2ncia de um clique...","potentialAction":[{"@type":"SearchAction","target":{"@type":"EntryPoint","urlTemplate":"https:\/\/www.altominho.tv\/site\/?s={search_term_string}"},"query-input":{"@type":"PropertyValueSpecification","valueRequired":true,"valueName":"search_term_string"}}],"inLanguage":"pt-PT"},{"@type":"Person","@id":"https:\/\/www.altominho.tv\/site\/#\/schema\/person\/d9be4265364723f14ea8e0d56a1d38cd","name":"Andreia Ferreira","image":{"@type":"ImageObject","inLanguage":"pt-PT","@id":"https:\/\/www.altominho.tv\/site\/wp-content\/uploads\/2021\/01\/AndreiaFerreira-150x150.jpg","url":"https:\/\/www.altominho.tv\/site\/wp-content\/uploads\/2021\/01\/AndreiaFerreira-150x150.jpg","contentUrl":"https:\/\/www.altominho.tv\/site\/wp-content\/uploads\/2021\/01\/AndreiaFerreira-150x150.jpg","caption":"Andreia Ferreira"},"url":"https:\/\/www.altominho.tv\/site\/author\/andreiaferreira\/"}]}},"_links":{"self":[{"href":"https:\/\/www.altominho.tv\/site\/wp-json\/wp\/v2\/posts\/49619","targetHints":{"allow":["GET"]}}],"collection":[{"href":"https:\/\/www.altominho.tv\/site\/wp-json\/wp\/v2\/posts"}],"about":[{"href":"https:\/\/www.altominho.tv\/site\/wp-json\/wp\/v2\/types\/post"}],"author":[{"embeddable":true,"href":"https:\/\/www.altominho.tv\/site\/wp-json\/wp\/v2\/users\/12"}],"replies":[{"embeddable":true,"href":"https:\/\/www.altominho.tv\/site\/wp-json\/wp\/v2\/comments?post=49619"}],"version-history":[{"count":0,"href":"https:\/\/www.altominho.tv\/site\/wp-json\/wp\/v2\/posts\/49619\/revisions"}],"wp:featuredmedia":[{"embeddable":true,"href":"https:\/\/www.altominho.tv\/site\/wp-json\/wp\/v2\/media\/49620"}],"wp:attachment":[{"href":"https:\/\/www.altominho.tv\/site\/wp-json\/wp\/v2\/media?parent=49619"}],"wp:term":[{"taxonomy":"category","embeddable":true,"href":"https:\/\/www.altominho.tv\/site\/wp-json\/wp\/v2\/categories?post=49619"},{"taxonomy":"post_tag","embeddable":true,"href":"https:\/\/www.altominho.tv\/site\/wp-json\/wp\/v2\/tags?post=49619"}],"curies":[{"name":"wp","href":"https:\/\/api.w.org\/{rel}","templated":true}]}}