{"id":49553,"date":"2020-07-22T13:37:55","date_gmt":"2020-07-22T12:37:55","guid":{"rendered":"http:\/\/www.altominho.tv\/site\/?p=49553"},"modified":"2020-07-22T13:38:20","modified_gmt":"2020-07-22T12:38:20","slug":"homem-de-60-anos-condenado-a-pena-efetiva-de-prisao-por-agredir-mulher-em-valenca","status":"publish","type":"post","link":"https:\/\/www.altominho.tv\/site\/2020\/07\/22\/homem-de-60-anos-condenado-a-pena-efetiva-de-prisao-por-agredir-mulher-em-valenca\/","title":{"rendered":"Homem de 60 anos condenado a pena efetiva de pris\u00e3o por agredir mulher em Valen\u00e7a"},"content":{"rendered":"<p>Um homem de 60 anos detido por viol\u00eancia dom\u00e9stica, em Valen\u00e7a, foi condenado a uma pena efetiva de pris\u00e3o de tr\u00eas anos e dois meses, aguardando o cumprimento da mesma em pris\u00e3o preventiva.<\/p>\n<p>Em comunicado, a GNR de Viana do Castelo explica que o homem, de 60 anos, foi detido no \u00e2mbito de uma \u201cinvestiga\u00e7\u00e3o relacionada com viol\u00eancia dom\u00e9stica\u201d que decorria no N\u00facleo de Investiga\u00e7\u00e3o e Apoio a V\u00edtimas Espec\u00edficas (NIAVE).<\/p>\n<p>A v\u00edtima, de 62 anos, \u201cfoi violentamente agredida ao longo de quase 40 anos\u201d e por diversas vezes foi hospitalizada em \u201cestado grave\u201d, acrescenta a Guarda.<\/p>\n<p>Segundo a GNR, o agressor tinha \u201cproblemas de alcoolismo\u201d e a situa\u00e7\u00e3o em que o casal vivia era de \u201cextrema pobreza\u201d.<\/p>\n<p>A v\u00edtima, al\u00e9m das \u201cagress\u00f5es sucessivas\u201d, vivia tamb\u00e9m \u201cmuitas vezes privada do dinheiro e [era] obrigada a passar fome\u201d, acrescenta.<\/p>\n<p>At\u00e9 novembro de 2019 a v\u00edtima sempre defendeu o suspeito de viol\u00eancia dom\u00e9stica, dizendo que as causas das les\u00f5es que tinha eram motivadas por \u201cquedas\u201d e, nessa data, ele foi condenado \u00e0 medida de coa\u00e7\u00e3o de afastamento da v\u00edtima, mas esta acabou por retomar a rela\u00e7\u00e3o.<\/p>\n<p>\u201cO suspeito foi agora condenado a pena efetiva de pris\u00e3o de tr\u00eas anos e dois meses, ficando a aguardar o in\u00edcio de cumprimento da pena em pris\u00e3o preventiva\u201d, conclui a GNR.<\/p>\n\n\n<p><\/p>\n","protected":false},"excerpt":{"rendered":"<p>Um homem de 60 anos detido por viol\u00eancia dom\u00e9stica, em Valen\u00e7a, foi condenado a uma pena efetiva de pris\u00e3o de tr\u00eas anos e dois meses, aguardando o cumprimento da mesma em pris\u00e3o preventiva. Em comunicado, a GNR de Viana do Castelo explica que o homem, de 60 anos, foi detido no \u00e2mbito de uma \u201cinvestiga\u00e7\u00e3o [&hellip;]<\/p>\n","protected":false},"author":15,"featured_media":49554,"comment_status":"closed","ping_status":"closed","sticky":false,"template":"","format":"standard","meta":{"_exactmetrics_skip_tracking":false,"_exactmetrics_sitenote_active":false,"_exactmetrics_sitenote_note":"","_exactmetrics_sitenote_category":0,"footnotes":""},"categories":[13],"tags":[27],"class_list":["post-49553","post","type-post","status-publish","format-standard","has-post-thumbnail","hentry","category-valenca","tag-sociedade"],"yoast_head":"<!-- This site is optimized with the Yoast SEO Premium plugin v27.4 (Yoast SEO v27.4) - https:\/\/yoast.com\/product\/yoast-seo-premium-wordpress\/ -->\n<title>Homem de 60 anos condenado a pena efetiva de pris\u00e3o por agredir mulher em Valen\u00e7a<\/title>\n<meta name=\"robots\" content=\"index, follow, max-snippet:-1, max-image-preview:large, max-video-preview:-1\" \/>\n<link rel=\"canonical\" href=\"https:\/\/www.altominho.tv\/site\/2020\/07\/22\/homem-de-60-anos-condenado-a-pena-efetiva-de-prisao-por-agredir-mulher-em-valenca\/\" \/>\n<meta property=\"og:locale\" content=\"pt_PT\" \/>\n<meta property=\"og:type\" content=\"article\" \/>\n<meta property=\"og:title\" content=\"Homem de 60 anos condenado a pena efetiva de pris\u00e3o por agredir mulher em Valen\u00e7a\" \/>\n<meta property=\"og:description\" content=\"Um homem de 60 anos detido por viol\u00eancia dom\u00e9stica, em Valen\u00e7a, foi condenado a uma pena efetiva de pris\u00e3o de tr\u00eas anos e dois meses, aguardando o cumprimento da mesma em pris\u00e3o preventiva. Em comunicado, a GNR de Viana do Castelo explica que o homem, de 60 anos, foi detido no \u00e2mbito de uma \u201cinvestiga\u00e7\u00e3o [&hellip;]\" \/>\n<meta property=\"og:url\" content=\"https:\/\/www.altominho.tv\/site\/2020\/07\/22\/homem-de-60-anos-condenado-a-pena-efetiva-de-prisao-por-agredir-mulher-em-valenca\/\" \/>\n<meta property=\"og:site_name\" content=\"Altominho.tv\" \/>\n<meta property=\"article:publisher\" content=\"https:\/\/www.facebook.com\/altominhotv\" \/>\n<meta property=\"article:published_time\" content=\"2020-07-22T12:37:55+00:00\" \/>\n<meta property=\"article:modified_time\" content=\"2020-07-22T12:38:20+00:00\" \/>\n<meta property=\"og:image\" content=\"https:\/\/www.altominho.tv\/site\/wp-content\/uploads\/2020\/07\/detenc\u0327a\u0303o-1.jpg\" \/>\n\t<meta property=\"og:image:width\" content=\"1420\" \/>\n\t<meta property=\"og:image:height\" content=\"800\" \/>\n\t<meta property=\"og:image:type\" content=\"image\/jpeg\" \/>\n<meta name=\"author\" content=\"Andreia Ferreira | Lusa\" \/>\n<meta name=\"twitter:card\" content=\"summary_large_image\" \/>\n<meta name=\"twitter:creator\" content=\"@altominhoTV\" \/>\n<meta name=\"twitter:site\" content=\"@altominhoTV\" \/>\n<meta name=\"twitter:label1\" content=\"Escrito por\" \/>\n\t<meta name=\"twitter:data1\" content=\"Andreia Ferreira | Lusa\" \/>\n\t<meta name=\"twitter:label2\" content=\"Tempo estimado de leitura\" \/>\n\t<meta name=\"twitter:data2\" content=\"1 minuto\" \/>\n<script type=\"application\/ld+json\" class=\"yoast-schema-graph\">{\"@context\":\"https:\\\/\\\/schema.org\",\"@graph\":[{\"@type\":\"Article\",\"@id\":\"https:\\\/\\\/www.altominho.tv\\\/site\\\/2020\\\/07\\\/22\\\/homem-de-60-anos-condenado-a-pena-efetiva-de-prisao-por-agredir-mulher-em-valenca\\\/#article\",\"isPartOf\":{\"@id\":\"https:\\\/\\\/www.altominho.tv\\\/site\\\/2020\\\/07\\\/22\\\/homem-de-60-anos-condenado-a-pena-efetiva-de-prisao-por-agredir-mulher-em-valenca\\\/\"},\"author\":{\"name\":\"Andreia Ferreira | Lusa\",\"@id\":\"https:\\\/\\\/www.altominho.tv\\\/site\\\/#\\\/schema\\\/person\\\/a0bff6dc1041aadd46fa81887444b017\"},\"headline\":\"Homem de 60 anos condenado a pena efetiva de pris\u00e3o por agredir mulher em Valen\u00e7a\",\"datePublished\":\"2020-07-22T12:37:55+00:00\",\"dateModified\":\"2020-07-22T12:38:20+00:00\",\"mainEntityOfPage\":{\"@id\":\"https:\\\/\\\/www.altominho.tv\\\/site\\\/2020\\\/07\\\/22\\\/homem-de-60-anos-condenado-a-pena-efetiva-de-prisao-por-agredir-mulher-em-valenca\\\/\"},\"wordCount\":255,\"image\":{\"@id\":\"https:\\\/\\\/www.altominho.tv\\\/site\\\/2020\\\/07\\\/22\\\/homem-de-60-anos-condenado-a-pena-efetiva-de-prisao-por-agredir-mulher-em-valenca\\\/#primaryimage\"},\"thumbnailUrl\":\"https:\\\/\\\/www.altominho.tv\\\/site\\\/wp-content\\\/uploads\\\/2020\\\/07\\\/detenc\u0327a\u0303o-1.jpg\",\"keywords\":[\"Sociedade\"],\"articleSection\":[\"Valen\u00e7a\"],\"inLanguage\":\"pt-PT\",\"copyrightYear\":\"2020\",\"copyrightHolder\":{\"@id\":\"https:\\\/\\\/www.altominho.tv\\\/site\\\/#organization\"}},{\"@type\":\"WebPage\",\"@id\":\"https:\\\/\\\/www.altominho.tv\\\/site\\\/2020\\\/07\\\/22\\\/homem-de-60-anos-condenado-a-pena-efetiva-de-prisao-por-agredir-mulher-em-valenca\\\/\",\"url\":\"https:\\\/\\\/www.altominho.tv\\\/site\\\/2020\\\/07\\\/22\\\/homem-de-60-anos-condenado-a-pena-efetiva-de-prisao-por-agredir-mulher-em-valenca\\\/\",\"name\":\"Homem de 60 anos condenado a pena efetiva de pris\u00e3o por agredir mulher em Valen\u00e7a\",\"isPartOf\":{\"@id\":\"https:\\\/\\\/www.altominho.tv\\\/site\\\/#website\"},\"primaryImageOfPage\":{\"@id\":\"https:\\\/\\\/www.altominho.tv\\\/site\\\/2020\\\/07\\\/22\\\/homem-de-60-anos-condenado-a-pena-efetiva-de-prisao-por-agredir-mulher-em-valenca\\\/#primaryimage\"},\"image\":{\"@id\":\"https:\\\/\\\/www.altominho.tv\\\/site\\\/2020\\\/07\\\/22\\\/homem-de-60-anos-condenado-a-pena-efetiva-de-prisao-por-agredir-mulher-em-valenca\\\/#primaryimage\"},\"thumbnailUrl\":\"https:\\\/\\\/www.altominho.tv\\\/site\\\/wp-content\\\/uploads\\\/2020\\\/07\\\/detenc\u0327a\u0303o-1.jpg\",\"datePublished\":\"2020-07-22T12:37:55+00:00\",\"dateModified\":\"2020-07-22T12:38:20+00:00\",\"author\":{\"@id\":\"https:\\\/\\\/www.altominho.tv\\\/site\\\/#\\\/schema\\\/person\\\/a0bff6dc1041aadd46fa81887444b017\"},\"breadcrumb\":{\"@id\":\"https:\\\/\\\/www.altominho.tv\\\/site\\\/2020\\\/07\\\/22\\\/homem-de-60-anos-condenado-a-pena-efetiva-de-prisao-por-agredir-mulher-em-valenca\\\/#breadcrumb\"},\"inLanguage\":\"pt-PT\",\"potentialAction\":[{\"@type\":\"ReadAction\",\"target\":[\"https:\\\/\\\/www.altominho.tv\\\/site\\\/2020\\\/07\\\/22\\\/homem-de-60-anos-condenado-a-pena-efetiva-de-prisao-por-agredir-mulher-em-valenca\\\/\"]}]},{\"@type\":\"ImageObject\",\"inLanguage\":\"pt-PT\",\"@id\":\"https:\\\/\\\/www.altominho.tv\\\/site\\\/2020\\\/07\\\/22\\\/homem-de-60-anos-condenado-a-pena-efetiva-de-prisao-por-agredir-mulher-em-valenca\\\/#primaryimage\",\"url\":\"https:\\\/\\\/www.altominho.tv\\\/site\\\/wp-content\\\/uploads\\\/2020\\\/07\\\/detenc\u0327a\u0303o-1.jpg\",\"contentUrl\":\"https:\\\/\\\/www.altominho.tv\\\/site\\\/wp-content\\\/uploads\\\/2020\\\/07\\\/detenc\u0327a\u0303o-1.jpg\",\"width\":1420,\"height\":800},{\"@type\":\"BreadcrumbList\",\"@id\":\"https:\\\/\\\/www.altominho.tv\\\/site\\\/2020\\\/07\\\/22\\\/homem-de-60-anos-condenado-a-pena-efetiva-de-prisao-por-agredir-mulher-em-valenca\\\/#breadcrumb\",\"itemListElement\":[{\"@type\":\"ListItem\",\"position\":1,\"name\":\"In\u00edcio\",\"item\":\"https:\\\/\\\/www.altominho.tv\\\/site\\\/\"},{\"@type\":\"ListItem\",\"position\":2,\"name\":\"Homem de 60 anos condenado a pena efetiva de pris\u00e3o por agredir mulher em Valen\u00e7a\"}]},{\"@type\":\"WebSite\",\"@id\":\"https:\\\/\\\/www.altominho.tv\\\/site\\\/#website\",\"url\":\"https:\\\/\\\/www.altominho.tv\\\/site\\\/\",\"name\":\"Altominho.tv\",\"description\":\"A sua regi\u00e3o \u00e0 dist\u00e2ncia de um clique...\",\"potentialAction\":[{\"@type\":\"SearchAction\",\"target\":{\"@type\":\"EntryPoint\",\"urlTemplate\":\"https:\\\/\\\/www.altominho.tv\\\/site\\\/?s={search_term_string}\"},\"query-input\":{\"@type\":\"PropertyValueSpecification\",\"valueRequired\":true,\"valueName\":\"search_term_string\"}}],\"inLanguage\":\"pt-PT\"},{\"@type\":\"Person\",\"@id\":\"https:\\\/\\\/www.altominho.tv\\\/site\\\/#\\\/schema\\\/person\\\/a0bff6dc1041aadd46fa81887444b017\",\"name\":\"Andreia Ferreira | Lusa\",\"image\":{\"@type\":\"ImageObject\",\"inLanguage\":\"pt-PT\",\"@id\":\"https:\\\/\\\/www.altominho.tv\\\/site\\\/wp-content\\\/uploads\\\/2018\\\/04\\\/Andreia-150x150.jpg\",\"url\":\"https:\\\/\\\/www.altominho.tv\\\/site\\\/wp-content\\\/uploads\\\/2018\\\/04\\\/Andreia-150x150.jpg\",\"contentUrl\":\"https:\\\/\\\/www.altominho.tv\\\/site\\\/wp-content\\\/uploads\\\/2018\\\/04\\\/Andreia-150x150.jpg\",\"caption\":\"Andreia Ferreira | Lusa\"},\"sameAs\":[\"https:\\\/\\\/www.altominho.tv\\\/site\"],\"url\":\"https:\\\/\\\/www.altominho.tv\\\/site\\\/author\\\/andreiaferreiralusa\\\/\"}]}<\/script>\n<!-- \/ Yoast SEO Premium plugin. -->","yoast_head_json":{"title":"Homem de 60 anos condenado a pena efetiva de pris\u00e3o por agredir mulher em Valen\u00e7a","robots":{"index":"index","follow":"follow","max-snippet":"max-snippet:-1","max-image-preview":"max-image-preview:large","max-video-preview":"max-video-preview:-1"},"canonical":"https:\/\/www.altominho.tv\/site\/2020\/07\/22\/homem-de-60-anos-condenado-a-pena-efetiva-de-prisao-por-agredir-mulher-em-valenca\/","og_locale":"pt_PT","og_type":"article","og_title":"Homem de 60 anos condenado a pena efetiva de pris\u00e3o por agredir mulher em Valen\u00e7a","og_description":"Um homem de 60 anos detido por viol\u00eancia dom\u00e9stica, em Valen\u00e7a, foi condenado a uma pena efetiva de pris\u00e3o de tr\u00eas anos e dois meses, aguardando o cumprimento da mesma em pris\u00e3o preventiva. Em comunicado, a GNR de Viana do Castelo explica que o homem, de 60 anos, foi detido no \u00e2mbito de uma \u201cinvestiga\u00e7\u00e3o [&hellip;]","og_url":"https:\/\/www.altominho.tv\/site\/2020\/07\/22\/homem-de-60-anos-condenado-a-pena-efetiva-de-prisao-por-agredir-mulher-em-valenca\/","og_site_name":"Altominho.tv","article_publisher":"https:\/\/www.facebook.com\/altominhotv","article_published_time":"2020-07-22T12:37:55+00:00","article_modified_time":"2020-07-22T12:38:20+00:00","og_image":[{"width":1420,"height":800,"url":"https:\/\/www.altominho.tv\/site\/wp-content\/uploads\/2020\/07\/detenc\u0327a\u0303o-1.jpg","type":"image\/jpeg"}],"author":"Andreia Ferreira | Lusa","twitter_card":"summary_large_image","twitter_creator":"@altominhoTV","twitter_site":"@altominhoTV","twitter_misc":{"Escrito por":"Andreia Ferreira | Lusa","Tempo estimado de leitura":"1 minuto"},"schema":{"@context":"https:\/\/schema.org","@graph":[{"@type":"Article","@id":"https:\/\/www.altominho.tv\/site\/2020\/07\/22\/homem-de-60-anos-condenado-a-pena-efetiva-de-prisao-por-agredir-mulher-em-valenca\/#article","isPartOf":{"@id":"https:\/\/www.altominho.tv\/site\/2020\/07\/22\/homem-de-60-anos-condenado-a-pena-efetiva-de-prisao-por-agredir-mulher-em-valenca\/"},"author":{"name":"Andreia Ferreira | Lusa","@id":"https:\/\/www.altominho.tv\/site\/#\/schema\/person\/a0bff6dc1041aadd46fa81887444b017"},"headline":"Homem de 60 anos condenado a pena efetiva de pris\u00e3o por agredir mulher em Valen\u00e7a","datePublished":"2020-07-22T12:37:55+00:00","dateModified":"2020-07-22T12:38:20+00:00","mainEntityOfPage":{"@id":"https:\/\/www.altominho.tv\/site\/2020\/07\/22\/homem-de-60-anos-condenado-a-pena-efetiva-de-prisao-por-agredir-mulher-em-valenca\/"},"wordCount":255,"image":{"@id":"https:\/\/www.altominho.tv\/site\/2020\/07\/22\/homem-de-60-anos-condenado-a-pena-efetiva-de-prisao-por-agredir-mulher-em-valenca\/#primaryimage"},"thumbnailUrl":"https:\/\/www.altominho.tv\/site\/wp-content\/uploads\/2020\/07\/detenc\u0327a\u0303o-1.jpg","keywords":["Sociedade"],"articleSection":["Valen\u00e7a"],"inLanguage":"pt-PT","copyrightYear":"2020","copyrightHolder":{"@id":"https:\/\/www.altominho.tv\/site\/#organization"}},{"@type":"WebPage","@id":"https:\/\/www.altominho.tv\/site\/2020\/07\/22\/homem-de-60-anos-condenado-a-pena-efetiva-de-prisao-por-agredir-mulher-em-valenca\/","url":"https:\/\/www.altominho.tv\/site\/2020\/07\/22\/homem-de-60-anos-condenado-a-pena-efetiva-de-prisao-por-agredir-mulher-em-valenca\/","name":"Homem de 60 anos condenado a pena efetiva de pris\u00e3o por agredir mulher em Valen\u00e7a","isPartOf":{"@id":"https:\/\/www.altominho.tv\/site\/#website"},"primaryImageOfPage":{"@id":"https:\/\/www.altominho.tv\/site\/2020\/07\/22\/homem-de-60-anos-condenado-a-pena-efetiva-de-prisao-por-agredir-mulher-em-valenca\/#primaryimage"},"image":{"@id":"https:\/\/www.altominho.tv\/site\/2020\/07\/22\/homem-de-60-anos-condenado-a-pena-efetiva-de-prisao-por-agredir-mulher-em-valenca\/#primaryimage"},"thumbnailUrl":"https:\/\/www.altominho.tv\/site\/wp-content\/uploads\/2020\/07\/detenc\u0327a\u0303o-1.jpg","datePublished":"2020-07-22T12:37:55+00:00","dateModified":"2020-07-22T12:38:20+00:00","author":{"@id":"https:\/\/www.altominho.tv\/site\/#\/schema\/person\/a0bff6dc1041aadd46fa81887444b017"},"breadcrumb":{"@id":"https:\/\/www.altominho.tv\/site\/2020\/07\/22\/homem-de-60-anos-condenado-a-pena-efetiva-de-prisao-por-agredir-mulher-em-valenca\/#breadcrumb"},"inLanguage":"pt-PT","potentialAction":[{"@type":"ReadAction","target":["https:\/\/www.altominho.tv\/site\/2020\/07\/22\/homem-de-60-anos-condenado-a-pena-efetiva-de-prisao-por-agredir-mulher-em-valenca\/"]}]},{"@type":"ImageObject","inLanguage":"pt-PT","@id":"https:\/\/www.altominho.tv\/site\/2020\/07\/22\/homem-de-60-anos-condenado-a-pena-efetiva-de-prisao-por-agredir-mulher-em-valenca\/#primaryimage","url":"https:\/\/www.altominho.tv\/site\/wp-content\/uploads\/2020\/07\/detenc\u0327a\u0303o-1.jpg","contentUrl":"https:\/\/www.altominho.tv\/site\/wp-content\/uploads\/2020\/07\/detenc\u0327a\u0303o-1.jpg","width":1420,"height":800},{"@type":"BreadcrumbList","@id":"https:\/\/www.altominho.tv\/site\/2020\/07\/22\/homem-de-60-anos-condenado-a-pena-efetiva-de-prisao-por-agredir-mulher-em-valenca\/#breadcrumb","itemListElement":[{"@type":"ListItem","position":1,"name":"In\u00edcio","item":"https:\/\/www.altominho.tv\/site\/"},{"@type":"ListItem","position":2,"name":"Homem de 60 anos condenado a pena efetiva de pris\u00e3o por agredir mulher em Valen\u00e7a"}]},{"@type":"WebSite","@id":"https:\/\/www.altominho.tv\/site\/#website","url":"https:\/\/www.altominho.tv\/site\/","name":"Altominho.tv","description":"A sua regi\u00e3o \u00e0 dist\u00e2ncia de um clique...","potentialAction":[{"@type":"SearchAction","target":{"@type":"EntryPoint","urlTemplate":"https:\/\/www.altominho.tv\/site\/?s={search_term_string}"},"query-input":{"@type":"PropertyValueSpecification","valueRequired":true,"valueName":"search_term_string"}}],"inLanguage":"pt-PT"},{"@type":"Person","@id":"https:\/\/www.altominho.tv\/site\/#\/schema\/person\/a0bff6dc1041aadd46fa81887444b017","name":"Andreia Ferreira | Lusa","image":{"@type":"ImageObject","inLanguage":"pt-PT","@id":"https:\/\/www.altominho.tv\/site\/wp-content\/uploads\/2018\/04\/Andreia-150x150.jpg","url":"https:\/\/www.altominho.tv\/site\/wp-content\/uploads\/2018\/04\/Andreia-150x150.jpg","contentUrl":"https:\/\/www.altominho.tv\/site\/wp-content\/uploads\/2018\/04\/Andreia-150x150.jpg","caption":"Andreia Ferreira | Lusa"},"sameAs":["https:\/\/www.altominho.tv\/site"],"url":"https:\/\/www.altominho.tv\/site\/author\/andreiaferreiralusa\/"}]}},"_links":{"self":[{"href":"https:\/\/www.altominho.tv\/site\/wp-json\/wp\/v2\/posts\/49553","targetHints":{"allow":["GET"]}}],"collection":[{"href":"https:\/\/www.altominho.tv\/site\/wp-json\/wp\/v2\/posts"}],"about":[{"href":"https:\/\/www.altominho.tv\/site\/wp-json\/wp\/v2\/types\/post"}],"author":[{"embeddable":true,"href":"https:\/\/www.altominho.tv\/site\/wp-json\/wp\/v2\/users\/15"}],"replies":[{"embeddable":true,"href":"https:\/\/www.altominho.tv\/site\/wp-json\/wp\/v2\/comments?post=49553"}],"version-history":[{"count":0,"href":"https:\/\/www.altominho.tv\/site\/wp-json\/wp\/v2\/posts\/49553\/revisions"}],"wp:featuredmedia":[{"embeddable":true,"href":"https:\/\/www.altominho.tv\/site\/wp-json\/wp\/v2\/media\/49554"}],"wp:attachment":[{"href":"https:\/\/www.altominho.tv\/site\/wp-json\/wp\/v2\/media?parent=49553"}],"wp:term":[{"taxonomy":"category","embeddable":true,"href":"https:\/\/www.altominho.tv\/site\/wp-json\/wp\/v2\/categories?post=49553"},{"taxonomy":"post_tag","embeddable":true,"href":"https:\/\/www.altominho.tv\/site\/wp-json\/wp\/v2\/tags?post=49553"}],"curies":[{"name":"wp","href":"https:\/\/api.w.org\/{rel}","templated":true}]}}