{"id":49492,"date":"2020-07-21T11:03:35","date_gmt":"2020-07-21T10:03:35","guid":{"rendered":"http:\/\/www.altominho.tv\/site\/?p=49492"},"modified":"2020-07-21T11:03:39","modified_gmt":"2020-07-21T10:03:39","slug":"arcos-de-valdevez-apresenta-programa-de-apoio-ao-comercio","status":"publish","type":"post","link":"https:\/\/www.altominho.tv\/site\/2020\/07\/21\/arcos-de-valdevez-apresenta-programa-de-apoio-ao-comercio\/","title":{"rendered":"Arcos de Valdevez apresenta programa de apoio ao com\u00e9rcio"},"content":{"rendered":"\n<p>A C\u00e2mara de Arcos de Valdevez vai apresentar na quinta-feira, um programa de apoio ao com\u00e9rcio.<\/p>\n\n\n\n<p>Em comunicado, a autarquia deu nota que &#8220;o com\u00e9rcio exerce uma grande import\u00e2ncia econ\u00f3mica e social ao n\u00edvel da economia do concelho de Arcos de Valdevez, e o Munic\u00edpio pretende apoiar e promover a revitaliza\u00e7\u00e3o do tecido social e econ\u00f3mico do mesmo&#8221;.<\/p>\n\n\n\n<p>A C\u00e2mara de Arcos de Valdevez disse ainda que &#8220;a dinamiza\u00e7\u00e3o e revitaliza\u00e7\u00e3o da atividade comercial potencia o desenvolvimento integrado do concelho&#8221;. <\/p>\n\n\n\n<p>&#8220;O com\u00e9rcio, nomeadamente o tradicional, necessita de moderniza\u00e7\u00e3o e requalifica\u00e7\u00e3o comercial e funcional que permita a fixa\u00e7\u00e3o e a atra\u00e7\u00e3o de novos clientes e de novos mercados, promova a cria\u00e7\u00e3o de emprego e gere rendimento&#8221;.<\/p>\n\n\n\n<p>Neste sentido, a autarquia criou o\u00a0<strong>Programa de Apoio ao Com\u00e9rcio de Arcos de Valdevez.<\/strong><\/p>\n\n\n\n<p>Este programa<strong>\u00a0<\/strong>destina-se a apoiar &#8220;a cria\u00e7\u00e3o, expans\u00e3o ou moderniza\u00e7\u00e3o de micro e pequenas empresas de com\u00e9rcio no concelho de Arcos de Valdevez&#8221;.<\/p>\n\n\n\n<p>A apresenta\u00e7\u00e3o deste programa, ter\u00e1 lugar no Centro Municipal de Informa\u00e7\u00e3o e Turismo de Arcos de Valdevez, na pr\u00f3xima quinta-feira, dia 23 de julho, pelas 12h00. <\/p>\n","protected":false},"excerpt":{"rendered":"<p>A C\u00e2mara de Arcos de Valdevez vai apresentar na quinta-feira, um programa de apoio ao com\u00e9rcio. Em comunicado, a autarquia deu nota que &#8220;o com\u00e9rcio exerce uma grande import\u00e2ncia econ\u00f3mica e social ao n\u00edvel da economia do concelho de Arcos de Valdevez, e o Munic\u00edpio pretende apoiar e promover a revitaliza\u00e7\u00e3o do tecido social e [&hellip;]<\/p>\n","protected":false},"author":7,"featured_media":49493,"comment_status":"closed","ping_status":"closed","sticky":false,"template":"","format":"standard","meta":{"_exactmetrics_skip_tracking":false,"_exactmetrics_sitenote_active":false,"_exactmetrics_sitenote_note":"","_exactmetrics_sitenote_category":0,"footnotes":""},"categories":[2],"tags":[21,27],"class_list":["post-49492","post","type-post","status-publish","format-standard","has-post-thumbnail","hentry","category-arcos-de-valdevez","tag-economia","tag-sociedade"],"yoast_head":"<!-- This site is optimized with the Yoast SEO Premium plugin v27.4 (Yoast SEO v27.4) - https:\/\/yoast.com\/product\/yoast-seo-premium-wordpress\/ -->\n<title>Arcos de Valdevez apresenta programa de apoio ao com\u00e9rcio<\/title>\n<meta name=\"robots\" content=\"index, follow, max-snippet:-1, max-image-preview:large, max-video-preview:-1\" \/>\n<link rel=\"canonical\" href=\"https:\/\/www.altominho.tv\/site\/2020\/07\/21\/arcos-de-valdevez-apresenta-programa-de-apoio-ao-comercio\/\" \/>\n<meta property=\"og:locale\" content=\"pt_PT\" \/>\n<meta property=\"og:type\" content=\"article\" \/>\n<meta property=\"og:title\" content=\"Arcos de Valdevez apresenta programa de apoio ao com\u00e9rcio\" \/>\n<meta property=\"og:description\" content=\"A C\u00e2mara de Arcos de Valdevez vai apresentar na quinta-feira, um programa de apoio ao com\u00e9rcio. Em comunicado, a autarquia deu nota que &#8220;o com\u00e9rcio exerce uma grande import\u00e2ncia econ\u00f3mica e social ao n\u00edvel da economia do concelho de Arcos de Valdevez, e o Munic\u00edpio pretende apoiar e promover a revitaliza\u00e7\u00e3o do tecido social e [&hellip;]\" \/>\n<meta property=\"og:url\" content=\"https:\/\/www.altominho.tv\/site\/2020\/07\/21\/arcos-de-valdevez-apresenta-programa-de-apoio-ao-comercio\/\" \/>\n<meta property=\"og:site_name\" content=\"Altominho.tv\" \/>\n<meta property=\"article:publisher\" content=\"https:\/\/www.facebook.com\/altominhotv\" \/>\n<meta property=\"article:published_time\" content=\"2020-07-21T10:03:35+00:00\" \/>\n<meta property=\"article:modified_time\" content=\"2020-07-21T10:03:39+00:00\" \/>\n<meta property=\"og:image\" content=\"https:\/\/www.altominho.tv\/site\/wp-content\/uploads\/2020\/07\/Arcos_Valdevez-740x394-2.jpg\" \/>\n\t<meta property=\"og:image:width\" content=\"740\" \/>\n\t<meta property=\"og:image:height\" content=\"394\" \/>\n\t<meta property=\"og:image:type\" content=\"image\/jpeg\" \/>\n<meta name=\"author\" content=\"Andreia Cunha\" \/>\n<meta name=\"twitter:card\" content=\"summary_large_image\" \/>\n<meta name=\"twitter:creator\" content=\"@altominhoTV\" \/>\n<meta name=\"twitter:site\" content=\"@altominhoTV\" \/>\n<meta name=\"twitter:label1\" content=\"Escrito por\" \/>\n\t<meta name=\"twitter:data1\" content=\"Andreia Cunha\" \/>\n\t<meta name=\"twitter:label2\" content=\"Tempo estimado de leitura\" \/>\n\t<meta name=\"twitter:data2\" content=\"1 minuto\" \/>\n<script type=\"application\/ld+json\" class=\"yoast-schema-graph\">{\"@context\":\"https:\\\/\\\/schema.org\",\"@graph\":[{\"@type\":\"Article\",\"@id\":\"https:\\\/\\\/www.altominho.tv\\\/site\\\/2020\\\/07\\\/21\\\/arcos-de-valdevez-apresenta-programa-de-apoio-ao-comercio\\\/#article\",\"isPartOf\":{\"@id\":\"https:\\\/\\\/www.altominho.tv\\\/site\\\/2020\\\/07\\\/21\\\/arcos-de-valdevez-apresenta-programa-de-apoio-ao-comercio\\\/\"},\"author\":{\"name\":\"Andreia Cunha\",\"@id\":\"https:\\\/\\\/www.altominho.tv\\\/site\\\/#\\\/schema\\\/person\\\/a0e4ef6d041f98ca284393d8f1d97153\"},\"headline\":\"Arcos de Valdevez apresenta programa de apoio ao com\u00e9rcio\",\"datePublished\":\"2020-07-21T10:03:35+00:00\",\"dateModified\":\"2020-07-21T10:03:39+00:00\",\"mainEntityOfPage\":{\"@id\":\"https:\\\/\\\/www.altominho.tv\\\/site\\\/2020\\\/07\\\/21\\\/arcos-de-valdevez-apresenta-programa-de-apoio-ao-comercio\\\/\"},\"wordCount\":214,\"image\":{\"@id\":\"https:\\\/\\\/www.altominho.tv\\\/site\\\/2020\\\/07\\\/21\\\/arcos-de-valdevez-apresenta-programa-de-apoio-ao-comercio\\\/#primaryimage\"},\"thumbnailUrl\":\"https:\\\/\\\/www.altominho.tv\\\/site\\\/wp-content\\\/uploads\\\/2020\\\/07\\\/Arcos_Valdevez-740x394-2.jpg\",\"keywords\":[\"Economia\",\"Sociedade\"],\"articleSection\":[\"Arcos de Valdevez\"],\"inLanguage\":\"pt-PT\",\"copyrightYear\":\"2020\",\"copyrightHolder\":{\"@id\":\"https:\\\/\\\/www.altominho.tv\\\/site\\\/#organization\"}},{\"@type\":\"WebPage\",\"@id\":\"https:\\\/\\\/www.altominho.tv\\\/site\\\/2020\\\/07\\\/21\\\/arcos-de-valdevez-apresenta-programa-de-apoio-ao-comercio\\\/\",\"url\":\"https:\\\/\\\/www.altominho.tv\\\/site\\\/2020\\\/07\\\/21\\\/arcos-de-valdevez-apresenta-programa-de-apoio-ao-comercio\\\/\",\"name\":\"Arcos de Valdevez apresenta programa de apoio ao com\u00e9rcio\",\"isPartOf\":{\"@id\":\"https:\\\/\\\/www.altominho.tv\\\/site\\\/#website\"},\"primaryImageOfPage\":{\"@id\":\"https:\\\/\\\/www.altominho.tv\\\/site\\\/2020\\\/07\\\/21\\\/arcos-de-valdevez-apresenta-programa-de-apoio-ao-comercio\\\/#primaryimage\"},\"image\":{\"@id\":\"https:\\\/\\\/www.altominho.tv\\\/site\\\/2020\\\/07\\\/21\\\/arcos-de-valdevez-apresenta-programa-de-apoio-ao-comercio\\\/#primaryimage\"},\"thumbnailUrl\":\"https:\\\/\\\/www.altominho.tv\\\/site\\\/wp-content\\\/uploads\\\/2020\\\/07\\\/Arcos_Valdevez-740x394-2.jpg\",\"datePublished\":\"2020-07-21T10:03:35+00:00\",\"dateModified\":\"2020-07-21T10:03:39+00:00\",\"author\":{\"@id\":\"https:\\\/\\\/www.altominho.tv\\\/site\\\/#\\\/schema\\\/person\\\/a0e4ef6d041f98ca284393d8f1d97153\"},\"breadcrumb\":{\"@id\":\"https:\\\/\\\/www.altominho.tv\\\/site\\\/2020\\\/07\\\/21\\\/arcos-de-valdevez-apresenta-programa-de-apoio-ao-comercio\\\/#breadcrumb\"},\"inLanguage\":\"pt-PT\",\"potentialAction\":[{\"@type\":\"ReadAction\",\"target\":[\"https:\\\/\\\/www.altominho.tv\\\/site\\\/2020\\\/07\\\/21\\\/arcos-de-valdevez-apresenta-programa-de-apoio-ao-comercio\\\/\"]}]},{\"@type\":\"ImageObject\",\"inLanguage\":\"pt-PT\",\"@id\":\"https:\\\/\\\/www.altominho.tv\\\/site\\\/2020\\\/07\\\/21\\\/arcos-de-valdevez-apresenta-programa-de-apoio-ao-comercio\\\/#primaryimage\",\"url\":\"https:\\\/\\\/www.altominho.tv\\\/site\\\/wp-content\\\/uploads\\\/2020\\\/07\\\/Arcos_Valdevez-740x394-2.jpg\",\"contentUrl\":\"https:\\\/\\\/www.altominho.tv\\\/site\\\/wp-content\\\/uploads\\\/2020\\\/07\\\/Arcos_Valdevez-740x394-2.jpg\",\"width\":740,\"height\":394},{\"@type\":\"BreadcrumbList\",\"@id\":\"https:\\\/\\\/www.altominho.tv\\\/site\\\/2020\\\/07\\\/21\\\/arcos-de-valdevez-apresenta-programa-de-apoio-ao-comercio\\\/#breadcrumb\",\"itemListElement\":[{\"@type\":\"ListItem\",\"position\":1,\"name\":\"In\u00edcio\",\"item\":\"https:\\\/\\\/www.altominho.tv\\\/site\\\/\"},{\"@type\":\"ListItem\",\"position\":2,\"name\":\"Arcos de Valdevez apresenta programa de apoio ao com\u00e9rcio\"}]},{\"@type\":\"WebSite\",\"@id\":\"https:\\\/\\\/www.altominho.tv\\\/site\\\/#website\",\"url\":\"https:\\\/\\\/www.altominho.tv\\\/site\\\/\",\"name\":\"Altominho.tv\",\"description\":\"A sua regi\u00e3o \u00e0 dist\u00e2ncia de um clique...\",\"potentialAction\":[{\"@type\":\"SearchAction\",\"target\":{\"@type\":\"EntryPoint\",\"urlTemplate\":\"https:\\\/\\\/www.altominho.tv\\\/site\\\/?s={search_term_string}\"},\"query-input\":{\"@type\":\"PropertyValueSpecification\",\"valueRequired\":true,\"valueName\":\"search_term_string\"}}],\"inLanguage\":\"pt-PT\"},{\"@type\":\"Person\",\"@id\":\"https:\\\/\\\/www.altominho.tv\\\/site\\\/#\\\/schema\\\/person\\\/a0e4ef6d041f98ca284393d8f1d97153\",\"name\":\"Andreia Cunha\",\"image\":{\"@type\":\"ImageObject\",\"inLanguage\":\"pt-PT\",\"@id\":\"https:\\\/\\\/www.altominho.tv\\\/site\\\/wp-content\\\/uploads\\\/2017\\\/11\\\/Andreia_Cunha-1-150x150.jpg\",\"url\":\"https:\\\/\\\/www.altominho.tv\\\/site\\\/wp-content\\\/uploads\\\/2017\\\/11\\\/Andreia_Cunha-1-150x150.jpg\",\"contentUrl\":\"https:\\\/\\\/www.altominho.tv\\\/site\\\/wp-content\\\/uploads\\\/2017\\\/11\\\/Andreia_Cunha-1-150x150.jpg\",\"caption\":\"Andreia Cunha\"},\"url\":\"https:\\\/\\\/www.altominho.tv\\\/site\\\/author\\\/andreiacunha\\\/\"}]}<\/script>\n<!-- \/ Yoast SEO Premium plugin. -->","yoast_head_json":{"title":"Arcos de Valdevez apresenta programa de apoio ao com\u00e9rcio","robots":{"index":"index","follow":"follow","max-snippet":"max-snippet:-1","max-image-preview":"max-image-preview:large","max-video-preview":"max-video-preview:-1"},"canonical":"https:\/\/www.altominho.tv\/site\/2020\/07\/21\/arcos-de-valdevez-apresenta-programa-de-apoio-ao-comercio\/","og_locale":"pt_PT","og_type":"article","og_title":"Arcos de Valdevez apresenta programa de apoio ao com\u00e9rcio","og_description":"A C\u00e2mara de Arcos de Valdevez vai apresentar na quinta-feira, um programa de apoio ao com\u00e9rcio. Em comunicado, a autarquia deu nota que &#8220;o com\u00e9rcio exerce uma grande import\u00e2ncia econ\u00f3mica e social ao n\u00edvel da economia do concelho de Arcos de Valdevez, e o Munic\u00edpio pretende apoiar e promover a revitaliza\u00e7\u00e3o do tecido social e [&hellip;]","og_url":"https:\/\/www.altominho.tv\/site\/2020\/07\/21\/arcos-de-valdevez-apresenta-programa-de-apoio-ao-comercio\/","og_site_name":"Altominho.tv","article_publisher":"https:\/\/www.facebook.com\/altominhotv","article_published_time":"2020-07-21T10:03:35+00:00","article_modified_time":"2020-07-21T10:03:39+00:00","og_image":[{"width":740,"height":394,"url":"https:\/\/www.altominho.tv\/site\/wp-content\/uploads\/2020\/07\/Arcos_Valdevez-740x394-2.jpg","type":"image\/jpeg"}],"author":"Andreia Cunha","twitter_card":"summary_large_image","twitter_creator":"@altominhoTV","twitter_site":"@altominhoTV","twitter_misc":{"Escrito por":"Andreia Cunha","Tempo estimado de leitura":"1 minuto"},"schema":{"@context":"https:\/\/schema.org","@graph":[{"@type":"Article","@id":"https:\/\/www.altominho.tv\/site\/2020\/07\/21\/arcos-de-valdevez-apresenta-programa-de-apoio-ao-comercio\/#article","isPartOf":{"@id":"https:\/\/www.altominho.tv\/site\/2020\/07\/21\/arcos-de-valdevez-apresenta-programa-de-apoio-ao-comercio\/"},"author":{"name":"Andreia Cunha","@id":"https:\/\/www.altominho.tv\/site\/#\/schema\/person\/a0e4ef6d041f98ca284393d8f1d97153"},"headline":"Arcos de Valdevez apresenta programa de apoio ao com\u00e9rcio","datePublished":"2020-07-21T10:03:35+00:00","dateModified":"2020-07-21T10:03:39+00:00","mainEntityOfPage":{"@id":"https:\/\/www.altominho.tv\/site\/2020\/07\/21\/arcos-de-valdevez-apresenta-programa-de-apoio-ao-comercio\/"},"wordCount":214,"image":{"@id":"https:\/\/www.altominho.tv\/site\/2020\/07\/21\/arcos-de-valdevez-apresenta-programa-de-apoio-ao-comercio\/#primaryimage"},"thumbnailUrl":"https:\/\/www.altominho.tv\/site\/wp-content\/uploads\/2020\/07\/Arcos_Valdevez-740x394-2.jpg","keywords":["Economia","Sociedade"],"articleSection":["Arcos de Valdevez"],"inLanguage":"pt-PT","copyrightYear":"2020","copyrightHolder":{"@id":"https:\/\/www.altominho.tv\/site\/#organization"}},{"@type":"WebPage","@id":"https:\/\/www.altominho.tv\/site\/2020\/07\/21\/arcos-de-valdevez-apresenta-programa-de-apoio-ao-comercio\/","url":"https:\/\/www.altominho.tv\/site\/2020\/07\/21\/arcos-de-valdevez-apresenta-programa-de-apoio-ao-comercio\/","name":"Arcos de Valdevez apresenta programa de apoio ao com\u00e9rcio","isPartOf":{"@id":"https:\/\/www.altominho.tv\/site\/#website"},"primaryImageOfPage":{"@id":"https:\/\/www.altominho.tv\/site\/2020\/07\/21\/arcos-de-valdevez-apresenta-programa-de-apoio-ao-comercio\/#primaryimage"},"image":{"@id":"https:\/\/www.altominho.tv\/site\/2020\/07\/21\/arcos-de-valdevez-apresenta-programa-de-apoio-ao-comercio\/#primaryimage"},"thumbnailUrl":"https:\/\/www.altominho.tv\/site\/wp-content\/uploads\/2020\/07\/Arcos_Valdevez-740x394-2.jpg","datePublished":"2020-07-21T10:03:35+00:00","dateModified":"2020-07-21T10:03:39+00:00","author":{"@id":"https:\/\/www.altominho.tv\/site\/#\/schema\/person\/a0e4ef6d041f98ca284393d8f1d97153"},"breadcrumb":{"@id":"https:\/\/www.altominho.tv\/site\/2020\/07\/21\/arcos-de-valdevez-apresenta-programa-de-apoio-ao-comercio\/#breadcrumb"},"inLanguage":"pt-PT","potentialAction":[{"@type":"ReadAction","target":["https:\/\/www.altominho.tv\/site\/2020\/07\/21\/arcos-de-valdevez-apresenta-programa-de-apoio-ao-comercio\/"]}]},{"@type":"ImageObject","inLanguage":"pt-PT","@id":"https:\/\/www.altominho.tv\/site\/2020\/07\/21\/arcos-de-valdevez-apresenta-programa-de-apoio-ao-comercio\/#primaryimage","url":"https:\/\/www.altominho.tv\/site\/wp-content\/uploads\/2020\/07\/Arcos_Valdevez-740x394-2.jpg","contentUrl":"https:\/\/www.altominho.tv\/site\/wp-content\/uploads\/2020\/07\/Arcos_Valdevez-740x394-2.jpg","width":740,"height":394},{"@type":"BreadcrumbList","@id":"https:\/\/www.altominho.tv\/site\/2020\/07\/21\/arcos-de-valdevez-apresenta-programa-de-apoio-ao-comercio\/#breadcrumb","itemListElement":[{"@type":"ListItem","position":1,"name":"In\u00edcio","item":"https:\/\/www.altominho.tv\/site\/"},{"@type":"ListItem","position":2,"name":"Arcos de Valdevez apresenta programa de apoio ao com\u00e9rcio"}]},{"@type":"WebSite","@id":"https:\/\/www.altominho.tv\/site\/#website","url":"https:\/\/www.altominho.tv\/site\/","name":"Altominho.tv","description":"A sua regi\u00e3o \u00e0 dist\u00e2ncia de um clique...","potentialAction":[{"@type":"SearchAction","target":{"@type":"EntryPoint","urlTemplate":"https:\/\/www.altominho.tv\/site\/?s={search_term_string}"},"query-input":{"@type":"PropertyValueSpecification","valueRequired":true,"valueName":"search_term_string"}}],"inLanguage":"pt-PT"},{"@type":"Person","@id":"https:\/\/www.altominho.tv\/site\/#\/schema\/person\/a0e4ef6d041f98ca284393d8f1d97153","name":"Andreia Cunha","image":{"@type":"ImageObject","inLanguage":"pt-PT","@id":"https:\/\/www.altominho.tv\/site\/wp-content\/uploads\/2017\/11\/Andreia_Cunha-1-150x150.jpg","url":"https:\/\/www.altominho.tv\/site\/wp-content\/uploads\/2017\/11\/Andreia_Cunha-1-150x150.jpg","contentUrl":"https:\/\/www.altominho.tv\/site\/wp-content\/uploads\/2017\/11\/Andreia_Cunha-1-150x150.jpg","caption":"Andreia Cunha"},"url":"https:\/\/www.altominho.tv\/site\/author\/andreiacunha\/"}]}},"_links":{"self":[{"href":"https:\/\/www.altominho.tv\/site\/wp-json\/wp\/v2\/posts\/49492","targetHints":{"allow":["GET"]}}],"collection":[{"href":"https:\/\/www.altominho.tv\/site\/wp-json\/wp\/v2\/posts"}],"about":[{"href":"https:\/\/www.altominho.tv\/site\/wp-json\/wp\/v2\/types\/post"}],"author":[{"embeddable":true,"href":"https:\/\/www.altominho.tv\/site\/wp-json\/wp\/v2\/users\/7"}],"replies":[{"embeddable":true,"href":"https:\/\/www.altominho.tv\/site\/wp-json\/wp\/v2\/comments?post=49492"}],"version-history":[{"count":0,"href":"https:\/\/www.altominho.tv\/site\/wp-json\/wp\/v2\/posts\/49492\/revisions"}],"wp:featuredmedia":[{"embeddable":true,"href":"https:\/\/www.altominho.tv\/site\/wp-json\/wp\/v2\/media\/49493"}],"wp:attachment":[{"href":"https:\/\/www.altominho.tv\/site\/wp-json\/wp\/v2\/media?parent=49492"}],"wp:term":[{"taxonomy":"category","embeddable":true,"href":"https:\/\/www.altominho.tv\/site\/wp-json\/wp\/v2\/categories?post=49492"},{"taxonomy":"post_tag","embeddable":true,"href":"https:\/\/www.altominho.tv\/site\/wp-json\/wp\/v2\/tags?post=49492"}],"curies":[{"name":"wp","href":"https:\/\/api.w.org\/{rel}","templated":true}]}}