{"id":49427,"date":"2020-07-20T10:40:12","date_gmt":"2020-07-20T09:40:12","guid":{"rendered":"http:\/\/www.altominho.tv\/site\/?p=49427"},"modified":"2020-07-20T10:40:21","modified_gmt":"2020-07-20T09:40:21","slug":"museu-do-santuario-de-fatima-recebeu-mais-de-dez-mil-visitantes-desde-a-reabertura","status":"publish","type":"post","link":"https:\/\/www.altominho.tv\/site\/2020\/07\/20\/museu-do-santuario-de-fatima-recebeu-mais-de-dez-mil-visitantes-desde-a-reabertura\/","title":{"rendered":"Museu do Santu\u00e1rio de F\u00e1tima recebeu mais de dez mil visitantes desde a reabertura"},"content":{"rendered":"\n<p>O Museu do Santu\u00e1rio de F\u00e1tima recebeu mais de dez mil visitantes desde que foi poss\u00edvel reabrir portas ap\u00f3s o per\u00edodo de confinamento da pandemia de covid-19, informou o Santu\u00e1rio de F\u00e1tima.<\/p>\n\n\n\n<p>A funcionar de novo desde 19 de maio, o museu regista maior aflu\u00eancia aos fins de semana e feriados, tendo sido a primeira quinzena de junho a de maior aflu\u00eancia.<\/p>\n\n\n\n<p>Segundo informa\u00e7\u00e3o do Santu\u00e1rio de F\u00e1tima, o limite de visitantes em cada um dos diversos espa\u00e7os, para garantir as regras de seguran\u00e7a e higiene, \u201c\u00e9 uma condicionante que dificulta a compara\u00e7\u00e3o com qualquer outro momento da hist\u00f3ria do museu\u201d.<\/p>\n\n\n\n<p>Os respons\u00e1veis do museu e do Santu\u00e1rio antecipavam que, devido \u00e0 covid-19, \u201co volume de visitantes seria bastante mais baixo do que o verificado nos anos anteriores\u201d, mas tamb\u00e9m pressupunham que os espa\u00e7os museol\u00f3gicos seriam procurados no regresso dos peregrinos.<\/p>\n\n\n\n<p>O grosso dos visitantes tem passado pela exposi\u00e7\u00e3o \u201cVestida de branco\u201d, sobre a escultura de Nossa Senhora de F\u00e1tima, que teve quase 60 mil entradas at\u00e9 13 de mar\u00e7o. \u201cNeste novo per\u00edodo e at\u00e9 ao final do m\u00eas de junho, j\u00e1 passaram por este espa\u00e7o museol\u00f3gico 7.878 visitantes\u201d.<\/p>\n\n\n\n<p>Al\u00e9m do protocolo de higiene, a pandemia obrigou \u00e0 suspens\u00e3o do v\u00eddeo introdut\u00f3rio da exposi\u00e7\u00e3o e \u00e0 altera\u00e7\u00e3o do modelo de visitas guiadas, privilegiando-se \u201co acompanhamento na interpreta\u00e7\u00e3o do patrim\u00f3nio de forma mais individualizada\u201d. Tamb\u00e9m as visitas tem\u00e1ticas \u00e0 exposi\u00e7\u00e3o tempor\u00e1rias mudaram de s\u00edtio.<\/p>\n\n\n\n<p>Segundo o Santu\u00e1rio de F\u00e1tima, foram criadas condi\u00e7\u00f5es para que as atividades previstas antes da pandemia tenham lugar de modo que \u201cos visitantes possam sentir-se seguros nos diferentes espa\u00e7os do museu\u201d.<\/p>\n","protected":false},"excerpt":{"rendered":"<p>O Museu do Santu\u00e1rio de F\u00e1tima recebeu mais de dez mil visitantes desde que foi poss\u00edvel reabrir portas ap\u00f3s o per\u00edodo de confinamento da pandemia de covid-19, informou o Santu\u00e1rio de F\u00e1tima. A funcionar de novo desde 19 de maio, o museu regista maior aflu\u00eancia aos fins de semana e feriados, tendo sido a primeira [&hellip;]<\/p>\n","protected":false},"author":16,"featured_media":49429,"comment_status":"closed","ping_status":"closed","sticky":false,"template":"","format":"standard","meta":{"_exactmetrics_skip_tracking":false,"_exactmetrics_sitenote_active":false,"_exactmetrics_sitenote_note":"","_exactmetrics_sitenote_category":0,"footnotes":""},"categories":[42722],"tags":[27],"class_list":["post-49427","post","type-post","status-publish","format-standard","has-post-thumbnail","hentry","category-covid-19","tag-sociedade"],"yoast_head":"<!-- This site is optimized with the Yoast SEO Premium plugin v27.4 (Yoast SEO v27.4) - https:\/\/yoast.com\/product\/yoast-seo-premium-wordpress\/ -->\n<title>Museu do Santu\u00e1rio de F\u00e1tima recebeu mais de dez mil visitantes desde a reabertura<\/title>\n<meta name=\"robots\" content=\"index, follow, max-snippet:-1, max-image-preview:large, max-video-preview:-1\" \/>\n<link rel=\"canonical\" href=\"https:\/\/www.altominho.tv\/site\/2020\/07\/20\/museu-do-santuario-de-fatima-recebeu-mais-de-dez-mil-visitantes-desde-a-reabertura\/\" \/>\n<meta property=\"og:locale\" content=\"pt_PT\" \/>\n<meta property=\"og:type\" content=\"article\" \/>\n<meta property=\"og:title\" content=\"Museu do Santu\u00e1rio de F\u00e1tima recebeu mais de dez mil visitantes desde a reabertura\" \/>\n<meta property=\"og:description\" content=\"O Museu do Santu\u00e1rio de F\u00e1tima recebeu mais de dez mil visitantes desde que foi poss\u00edvel reabrir portas ap\u00f3s o per\u00edodo de confinamento da pandemia de covid-19, informou o Santu\u00e1rio de F\u00e1tima. A funcionar de novo desde 19 de maio, o museu regista maior aflu\u00eancia aos fins de semana e feriados, tendo sido a primeira [&hellip;]\" \/>\n<meta property=\"og:url\" content=\"https:\/\/www.altominho.tv\/site\/2020\/07\/20\/museu-do-santuario-de-fatima-recebeu-mais-de-dez-mil-visitantes-desde-a-reabertura\/\" \/>\n<meta property=\"og:site_name\" content=\"Altominho.tv\" \/>\n<meta property=\"article:publisher\" content=\"https:\/\/www.facebook.com\/altominhotv\" \/>\n<meta property=\"article:published_time\" content=\"2020-07-20T09:40:12+00:00\" \/>\n<meta property=\"article:modified_time\" content=\"2020-07-20T09:40:21+00:00\" \/>\n<meta property=\"og:image\" content=\"https:\/\/www.altominho.tv\/site\/wp-content\/uploads\/2020\/07\/santu\u00e1rio-fatima.jpg\" \/>\n\t<meta property=\"og:image:width\" content=\"638\" \/>\n\t<meta property=\"og:image:height\" content=\"425\" \/>\n\t<meta property=\"og:image:type\" content=\"image\/jpeg\" \/>\n<meta name=\"author\" content=\"Andreia Cunha | Lusa\" \/>\n<meta name=\"twitter:card\" content=\"summary_large_image\" \/>\n<meta name=\"twitter:creator\" content=\"@altominhoTV\" \/>\n<meta name=\"twitter:site\" content=\"@altominhoTV\" \/>\n<meta name=\"twitter:label1\" content=\"Escrito por\" \/>\n\t<meta name=\"twitter:data1\" content=\"Andreia Cunha | Lusa\" \/>\n\t<meta name=\"twitter:label2\" content=\"Tempo estimado de leitura\" \/>\n\t<meta name=\"twitter:data2\" content=\"2 minutos\" \/>\n<script type=\"application\/ld+json\" class=\"yoast-schema-graph\">{\"@context\":\"https:\\\/\\\/schema.org\",\"@graph\":[{\"@type\":\"Article\",\"@id\":\"https:\\\/\\\/www.altominho.tv\\\/site\\\/2020\\\/07\\\/20\\\/museu-do-santuario-de-fatima-recebeu-mais-de-dez-mil-visitantes-desde-a-reabertura\\\/#article\",\"isPartOf\":{\"@id\":\"https:\\\/\\\/www.altominho.tv\\\/site\\\/2020\\\/07\\\/20\\\/museu-do-santuario-de-fatima-recebeu-mais-de-dez-mil-visitantes-desde-a-reabertura\\\/\"},\"author\":{\"name\":\"Andreia Cunha | Lusa\",\"@id\":\"https:\\\/\\\/www.altominho.tv\\\/site\\\/#\\\/schema\\\/person\\\/dbaf181c01b51ff40c9f461a905d321e\"},\"headline\":\"Museu do Santu\u00e1rio de F\u00e1tima recebeu mais de dez mil visitantes desde a reabertura\",\"datePublished\":\"2020-07-20T09:40:12+00:00\",\"dateModified\":\"2020-07-20T09:40:21+00:00\",\"mainEntityOfPage\":{\"@id\":\"https:\\\/\\\/www.altominho.tv\\\/site\\\/2020\\\/07\\\/20\\\/museu-do-santuario-de-fatima-recebeu-mais-de-dez-mil-visitantes-desde-a-reabertura\\\/\"},\"wordCount\":316,\"image\":{\"@id\":\"https:\\\/\\\/www.altominho.tv\\\/site\\\/2020\\\/07\\\/20\\\/museu-do-santuario-de-fatima-recebeu-mais-de-dez-mil-visitantes-desde-a-reabertura\\\/#primaryimage\"},\"thumbnailUrl\":\"https:\\\/\\\/www.altominho.tv\\\/site\\\/wp-content\\\/uploads\\\/2020\\\/07\\\/santu\u00e1rio-fatima.jpg\",\"keywords\":[\"Sociedade\"],\"articleSection\":[\"Coronav\u00edrus\"],\"inLanguage\":\"pt-PT\",\"copyrightYear\":\"2020\",\"copyrightHolder\":{\"@id\":\"https:\\\/\\\/www.altominho.tv\\\/site\\\/#organization\"}},{\"@type\":\"WebPage\",\"@id\":\"https:\\\/\\\/www.altominho.tv\\\/site\\\/2020\\\/07\\\/20\\\/museu-do-santuario-de-fatima-recebeu-mais-de-dez-mil-visitantes-desde-a-reabertura\\\/\",\"url\":\"https:\\\/\\\/www.altominho.tv\\\/site\\\/2020\\\/07\\\/20\\\/museu-do-santuario-de-fatima-recebeu-mais-de-dez-mil-visitantes-desde-a-reabertura\\\/\",\"name\":\"Museu do Santu\u00e1rio de F\u00e1tima recebeu mais de dez mil visitantes desde a reabertura\",\"isPartOf\":{\"@id\":\"https:\\\/\\\/www.altominho.tv\\\/site\\\/#website\"},\"primaryImageOfPage\":{\"@id\":\"https:\\\/\\\/www.altominho.tv\\\/site\\\/2020\\\/07\\\/20\\\/museu-do-santuario-de-fatima-recebeu-mais-de-dez-mil-visitantes-desde-a-reabertura\\\/#primaryimage\"},\"image\":{\"@id\":\"https:\\\/\\\/www.altominho.tv\\\/site\\\/2020\\\/07\\\/20\\\/museu-do-santuario-de-fatima-recebeu-mais-de-dez-mil-visitantes-desde-a-reabertura\\\/#primaryimage\"},\"thumbnailUrl\":\"https:\\\/\\\/www.altominho.tv\\\/site\\\/wp-content\\\/uploads\\\/2020\\\/07\\\/santu\u00e1rio-fatima.jpg\",\"datePublished\":\"2020-07-20T09:40:12+00:00\",\"dateModified\":\"2020-07-20T09:40:21+00:00\",\"author\":{\"@id\":\"https:\\\/\\\/www.altominho.tv\\\/site\\\/#\\\/schema\\\/person\\\/dbaf181c01b51ff40c9f461a905d321e\"},\"breadcrumb\":{\"@id\":\"https:\\\/\\\/www.altominho.tv\\\/site\\\/2020\\\/07\\\/20\\\/museu-do-santuario-de-fatima-recebeu-mais-de-dez-mil-visitantes-desde-a-reabertura\\\/#breadcrumb\"},\"inLanguage\":\"pt-PT\",\"potentialAction\":[{\"@type\":\"ReadAction\",\"target\":[\"https:\\\/\\\/www.altominho.tv\\\/site\\\/2020\\\/07\\\/20\\\/museu-do-santuario-de-fatima-recebeu-mais-de-dez-mil-visitantes-desde-a-reabertura\\\/\"]}]},{\"@type\":\"ImageObject\",\"inLanguage\":\"pt-PT\",\"@id\":\"https:\\\/\\\/www.altominho.tv\\\/site\\\/2020\\\/07\\\/20\\\/museu-do-santuario-de-fatima-recebeu-mais-de-dez-mil-visitantes-desde-a-reabertura\\\/#primaryimage\",\"url\":\"https:\\\/\\\/www.altominho.tv\\\/site\\\/wp-content\\\/uploads\\\/2020\\\/07\\\/santu\u00e1rio-fatima.jpg\",\"contentUrl\":\"https:\\\/\\\/www.altominho.tv\\\/site\\\/wp-content\\\/uploads\\\/2020\\\/07\\\/santu\u00e1rio-fatima.jpg\",\"width\":638,\"height\":425},{\"@type\":\"BreadcrumbList\",\"@id\":\"https:\\\/\\\/www.altominho.tv\\\/site\\\/2020\\\/07\\\/20\\\/museu-do-santuario-de-fatima-recebeu-mais-de-dez-mil-visitantes-desde-a-reabertura\\\/#breadcrumb\",\"itemListElement\":[{\"@type\":\"ListItem\",\"position\":1,\"name\":\"In\u00edcio\",\"item\":\"https:\\\/\\\/www.altominho.tv\\\/site\\\/\"},{\"@type\":\"ListItem\",\"position\":2,\"name\":\"Museu do Santu\u00e1rio de F\u00e1tima recebeu mais de dez mil visitantes desde a reabertura\"}]},{\"@type\":\"WebSite\",\"@id\":\"https:\\\/\\\/www.altominho.tv\\\/site\\\/#website\",\"url\":\"https:\\\/\\\/www.altominho.tv\\\/site\\\/\",\"name\":\"Altominho.tv\",\"description\":\"A sua regi\u00e3o \u00e0 dist\u00e2ncia de um clique...\",\"potentialAction\":[{\"@type\":\"SearchAction\",\"target\":{\"@type\":\"EntryPoint\",\"urlTemplate\":\"https:\\\/\\\/www.altominho.tv\\\/site\\\/?s={search_term_string}\"},\"query-input\":{\"@type\":\"PropertyValueSpecification\",\"valueRequired\":true,\"valueName\":\"search_term_string\"}}],\"inLanguage\":\"pt-PT\"},{\"@type\":\"Person\",\"@id\":\"https:\\\/\\\/www.altominho.tv\\\/site\\\/#\\\/schema\\\/person\\\/dbaf181c01b51ff40c9f461a905d321e\",\"name\":\"Andreia Cunha | Lusa\",\"image\":{\"@type\":\"ImageObject\",\"inLanguage\":\"pt-PT\",\"@id\":\"https:\\\/\\\/www.altominho.tv\\\/site\\\/wp-content\\\/uploads\\\/2017\\\/11\\\/Andreia_Cunha-1-150x150.jpg\",\"url\":\"https:\\\/\\\/www.altominho.tv\\\/site\\\/wp-content\\\/uploads\\\/2017\\\/11\\\/Andreia_Cunha-1-150x150.jpg\",\"contentUrl\":\"https:\\\/\\\/www.altominho.tv\\\/site\\\/wp-content\\\/uploads\\\/2017\\\/11\\\/Andreia_Cunha-1-150x150.jpg\",\"caption\":\"Andreia Cunha | Lusa\"},\"sameAs\":[\"https:\\\/\\\/www.altominho.tv\\\/site\"],\"url\":\"https:\\\/\\\/www.altominho.tv\\\/site\\\/author\\\/andreiacunhalusa\\\/\"}]}<\/script>\n<!-- \/ Yoast SEO Premium plugin. -->","yoast_head_json":{"title":"Museu do Santu\u00e1rio de F\u00e1tima recebeu mais de dez mil visitantes desde a reabertura","robots":{"index":"index","follow":"follow","max-snippet":"max-snippet:-1","max-image-preview":"max-image-preview:large","max-video-preview":"max-video-preview:-1"},"canonical":"https:\/\/www.altominho.tv\/site\/2020\/07\/20\/museu-do-santuario-de-fatima-recebeu-mais-de-dez-mil-visitantes-desde-a-reabertura\/","og_locale":"pt_PT","og_type":"article","og_title":"Museu do Santu\u00e1rio de F\u00e1tima recebeu mais de dez mil visitantes desde a reabertura","og_description":"O Museu do Santu\u00e1rio de F\u00e1tima recebeu mais de dez mil visitantes desde que foi poss\u00edvel reabrir portas ap\u00f3s o per\u00edodo de confinamento da pandemia de covid-19, informou o Santu\u00e1rio de F\u00e1tima. A funcionar de novo desde 19 de maio, o museu regista maior aflu\u00eancia aos fins de semana e feriados, tendo sido a primeira [&hellip;]","og_url":"https:\/\/www.altominho.tv\/site\/2020\/07\/20\/museu-do-santuario-de-fatima-recebeu-mais-de-dez-mil-visitantes-desde-a-reabertura\/","og_site_name":"Altominho.tv","article_publisher":"https:\/\/www.facebook.com\/altominhotv","article_published_time":"2020-07-20T09:40:12+00:00","article_modified_time":"2020-07-20T09:40:21+00:00","og_image":[{"width":638,"height":425,"url":"https:\/\/www.altominho.tv\/site\/wp-content\/uploads\/2020\/07\/santu\u00e1rio-fatima.jpg","type":"image\/jpeg"}],"author":"Andreia Cunha | Lusa","twitter_card":"summary_large_image","twitter_creator":"@altominhoTV","twitter_site":"@altominhoTV","twitter_misc":{"Escrito por":"Andreia Cunha | Lusa","Tempo estimado de leitura":"2 minutos"},"schema":{"@context":"https:\/\/schema.org","@graph":[{"@type":"Article","@id":"https:\/\/www.altominho.tv\/site\/2020\/07\/20\/museu-do-santuario-de-fatima-recebeu-mais-de-dez-mil-visitantes-desde-a-reabertura\/#article","isPartOf":{"@id":"https:\/\/www.altominho.tv\/site\/2020\/07\/20\/museu-do-santuario-de-fatima-recebeu-mais-de-dez-mil-visitantes-desde-a-reabertura\/"},"author":{"name":"Andreia Cunha | Lusa","@id":"https:\/\/www.altominho.tv\/site\/#\/schema\/person\/dbaf181c01b51ff40c9f461a905d321e"},"headline":"Museu do Santu\u00e1rio de F\u00e1tima recebeu mais de dez mil visitantes desde a reabertura","datePublished":"2020-07-20T09:40:12+00:00","dateModified":"2020-07-20T09:40:21+00:00","mainEntityOfPage":{"@id":"https:\/\/www.altominho.tv\/site\/2020\/07\/20\/museu-do-santuario-de-fatima-recebeu-mais-de-dez-mil-visitantes-desde-a-reabertura\/"},"wordCount":316,"image":{"@id":"https:\/\/www.altominho.tv\/site\/2020\/07\/20\/museu-do-santuario-de-fatima-recebeu-mais-de-dez-mil-visitantes-desde-a-reabertura\/#primaryimage"},"thumbnailUrl":"https:\/\/www.altominho.tv\/site\/wp-content\/uploads\/2020\/07\/santu\u00e1rio-fatima.jpg","keywords":["Sociedade"],"articleSection":["Coronav\u00edrus"],"inLanguage":"pt-PT","copyrightYear":"2020","copyrightHolder":{"@id":"https:\/\/www.altominho.tv\/site\/#organization"}},{"@type":"WebPage","@id":"https:\/\/www.altominho.tv\/site\/2020\/07\/20\/museu-do-santuario-de-fatima-recebeu-mais-de-dez-mil-visitantes-desde-a-reabertura\/","url":"https:\/\/www.altominho.tv\/site\/2020\/07\/20\/museu-do-santuario-de-fatima-recebeu-mais-de-dez-mil-visitantes-desde-a-reabertura\/","name":"Museu do Santu\u00e1rio de F\u00e1tima recebeu mais de dez mil visitantes desde a reabertura","isPartOf":{"@id":"https:\/\/www.altominho.tv\/site\/#website"},"primaryImageOfPage":{"@id":"https:\/\/www.altominho.tv\/site\/2020\/07\/20\/museu-do-santuario-de-fatima-recebeu-mais-de-dez-mil-visitantes-desde-a-reabertura\/#primaryimage"},"image":{"@id":"https:\/\/www.altominho.tv\/site\/2020\/07\/20\/museu-do-santuario-de-fatima-recebeu-mais-de-dez-mil-visitantes-desde-a-reabertura\/#primaryimage"},"thumbnailUrl":"https:\/\/www.altominho.tv\/site\/wp-content\/uploads\/2020\/07\/santu\u00e1rio-fatima.jpg","datePublished":"2020-07-20T09:40:12+00:00","dateModified":"2020-07-20T09:40:21+00:00","author":{"@id":"https:\/\/www.altominho.tv\/site\/#\/schema\/person\/dbaf181c01b51ff40c9f461a905d321e"},"breadcrumb":{"@id":"https:\/\/www.altominho.tv\/site\/2020\/07\/20\/museu-do-santuario-de-fatima-recebeu-mais-de-dez-mil-visitantes-desde-a-reabertura\/#breadcrumb"},"inLanguage":"pt-PT","potentialAction":[{"@type":"ReadAction","target":["https:\/\/www.altominho.tv\/site\/2020\/07\/20\/museu-do-santuario-de-fatima-recebeu-mais-de-dez-mil-visitantes-desde-a-reabertura\/"]}]},{"@type":"ImageObject","inLanguage":"pt-PT","@id":"https:\/\/www.altominho.tv\/site\/2020\/07\/20\/museu-do-santuario-de-fatima-recebeu-mais-de-dez-mil-visitantes-desde-a-reabertura\/#primaryimage","url":"https:\/\/www.altominho.tv\/site\/wp-content\/uploads\/2020\/07\/santu\u00e1rio-fatima.jpg","contentUrl":"https:\/\/www.altominho.tv\/site\/wp-content\/uploads\/2020\/07\/santu\u00e1rio-fatima.jpg","width":638,"height":425},{"@type":"BreadcrumbList","@id":"https:\/\/www.altominho.tv\/site\/2020\/07\/20\/museu-do-santuario-de-fatima-recebeu-mais-de-dez-mil-visitantes-desde-a-reabertura\/#breadcrumb","itemListElement":[{"@type":"ListItem","position":1,"name":"In\u00edcio","item":"https:\/\/www.altominho.tv\/site\/"},{"@type":"ListItem","position":2,"name":"Museu do Santu\u00e1rio de F\u00e1tima recebeu mais de dez mil visitantes desde a reabertura"}]},{"@type":"WebSite","@id":"https:\/\/www.altominho.tv\/site\/#website","url":"https:\/\/www.altominho.tv\/site\/","name":"Altominho.tv","description":"A sua regi\u00e3o \u00e0 dist\u00e2ncia de um clique...","potentialAction":[{"@type":"SearchAction","target":{"@type":"EntryPoint","urlTemplate":"https:\/\/www.altominho.tv\/site\/?s={search_term_string}"},"query-input":{"@type":"PropertyValueSpecification","valueRequired":true,"valueName":"search_term_string"}}],"inLanguage":"pt-PT"},{"@type":"Person","@id":"https:\/\/www.altominho.tv\/site\/#\/schema\/person\/dbaf181c01b51ff40c9f461a905d321e","name":"Andreia Cunha | Lusa","image":{"@type":"ImageObject","inLanguage":"pt-PT","@id":"https:\/\/www.altominho.tv\/site\/wp-content\/uploads\/2017\/11\/Andreia_Cunha-1-150x150.jpg","url":"https:\/\/www.altominho.tv\/site\/wp-content\/uploads\/2017\/11\/Andreia_Cunha-1-150x150.jpg","contentUrl":"https:\/\/www.altominho.tv\/site\/wp-content\/uploads\/2017\/11\/Andreia_Cunha-1-150x150.jpg","caption":"Andreia Cunha | Lusa"},"sameAs":["https:\/\/www.altominho.tv\/site"],"url":"https:\/\/www.altominho.tv\/site\/author\/andreiacunhalusa\/"}]}},"_links":{"self":[{"href":"https:\/\/www.altominho.tv\/site\/wp-json\/wp\/v2\/posts\/49427","targetHints":{"allow":["GET"]}}],"collection":[{"href":"https:\/\/www.altominho.tv\/site\/wp-json\/wp\/v2\/posts"}],"about":[{"href":"https:\/\/www.altominho.tv\/site\/wp-json\/wp\/v2\/types\/post"}],"author":[{"embeddable":true,"href":"https:\/\/www.altominho.tv\/site\/wp-json\/wp\/v2\/users\/16"}],"replies":[{"embeddable":true,"href":"https:\/\/www.altominho.tv\/site\/wp-json\/wp\/v2\/comments?post=49427"}],"version-history":[{"count":0,"href":"https:\/\/www.altominho.tv\/site\/wp-json\/wp\/v2\/posts\/49427\/revisions"}],"wp:featuredmedia":[{"embeddable":true,"href":"https:\/\/www.altominho.tv\/site\/wp-json\/wp\/v2\/media\/49429"}],"wp:attachment":[{"href":"https:\/\/www.altominho.tv\/site\/wp-json\/wp\/v2\/media?parent=49427"}],"wp:term":[{"taxonomy":"category","embeddable":true,"href":"https:\/\/www.altominho.tv\/site\/wp-json\/wp\/v2\/categories?post=49427"},{"taxonomy":"post_tag","embeddable":true,"href":"https:\/\/www.altominho.tv\/site\/wp-json\/wp\/v2\/tags?post=49427"}],"curies":[{"name":"wp","href":"https:\/\/api.w.org\/{rel}","templated":true}]}}