{"id":49417,"date":"2020-07-19T14:56:22","date_gmt":"2020-07-19T13:56:22","guid":{"rendered":"http:\/\/www.altominho.tv\/site\/?p=49417"},"modified":"2020-07-19T14:56:26","modified_gmt":"2020-07-19T13:56:26","slug":"portugal-regista-mais-cinco-mortes-e-246-novas-infecoes","status":"publish","type":"post","link":"https:\/\/www.altominho.tv\/site\/2020\/07\/19\/portugal-regista-mais-cinco-mortes-e-246-novas-infecoes\/","title":{"rendered":"Portugal regista mais cinco mortes e 246 novas infe\u00e7\u00f5es"},"content":{"rendered":"<p>Portugal regista este domingo mais cinco mortes e 246 novos casos de infe\u00e7\u00e3o por covid-19, em rela\u00e7\u00e3o a s\u00e1bado, 214 dos quais na regi\u00e3o de Lisboa e Vale do Tejo, segundo o boletim di\u00e1rio da Dire\u00e7\u00e3o-Geral da Sa\u00fade (DGS).<\/p>\n<p class=\"text-paragraph\">De acordo com o boletim, desde o in\u00edcio da pandemia at\u00e9 hoje registam-se 48.636 casos de infe\u00e7\u00e3o confirmados e 1.689 mortes.<\/p>\n<p class=\"text-paragraph\">Em termos percentuais, nas \u00faltimas 24 horas, o aumento de \u00f3bitos subiu para 0,3% (passou de 1.684 para 1.689) e o de casos confirmados baixou para 0,5% (de 48.390 para 48.636).<\/p>\n<p class=\"text-paragraph\">Lisboa e Vale do Tejo \u00e9 a regi\u00e3o onde o aumento dos casos continua a ser mais significativo, contabilizando 87% dos novos casos, com 214 dos 246 contabilizados.<\/p>\n<p class=\"text-paragraph\">Foi tamb\u00e9m na zona de Lisboa que ocorreram os cinco casos mortais registados nas \u00faltimas 24 horas: quatro dizem respeito a pessoas com pelo menos 80 anos e o quinto caso refere-se a um infetado na faixa et\u00e1ria entre os 70 e os 79 anos.<\/p>\n<p class=\"text-paragraph\">Segundo o boletim, diminuiu o n\u00famero de pessoas internadas, assim como em cuidados intensivos, e h\u00e1 mais 216 pessoas recuperados nas \u00faltimas 24 horas.<\/p>\n<p class=\"text-paragraph\">Em n\u00famero acumulado de casos de infe\u00e7\u00e3o, Lisboa e Vale do Tejo lidera com 24.261, seguida pela regi\u00e3o Norte (18.338), a regi\u00e3o Centro (4.357), o Algarve (790) e o Alentejo (630).<\/p>\n<p class=\"text-paragraph\">Nos A\u00e7ores, h\u00e1 mais cinco casos de covid-19 registados pela DGS, passando agora para os 158, mantendo-se o n\u00famero de \u00f3bitos (15), enquanto na Madeira houve um aumento de um caso (s\u00e3o agora 102) e continua sem registo de \u00f3bitos.<\/p>\n<p class=\"text-paragraph\">Apesar dos aumentos di\u00e1rios de mortes na zona de Lisboa e Vale do Tejo, \u00e9 o Norte que continua a registar o maior n\u00famero de mortes desde o in\u00edcio da pandemia (827), depois surge Lisboa e Vale do Tejo (562), Centro (251), Alentejo (19), Algarve (15) e A\u00e7ores (15).<\/p>\n<p class=\"text-paragraph\">Nas \u00faltimas 24 horas, o n\u00famero de pessoas internadas desceu para 439 (menos 13 do que no s\u00e1bado) e nos cuidados intensivos est\u00e3o agora 61 pessoas (menos quatro).<\/p>\n<p class=\"text-paragraph\">Em rela\u00e7\u00e3o \u00e0 informa\u00e7\u00e3o sobre os casos por concelho, a DGS diz que se refere ao total de notifica\u00e7\u00f5es m\u00e9dicas no sistema SINAVE, n\u00e3o incluindo notifica\u00e7\u00f5es laboratoriais. Como tal, pode n\u00e3o corresponder \u00e0 totalidade dos casos por concelho.<\/p>\n<p class=\"text-paragraph\">A DGS informa ainda a caracteriza\u00e7\u00e3o demogr\u00e1fica apenas ser\u00e1 atualizada \u00e0s segundas-feiras, pelo que os tr\u00eas concelhos com mais casos confirmados continuam a ser Lisboa (4.084), Sintra (3.219) e Loures (2.088).<\/p>\n<p class=\"text-paragraph\">Por faixas et\u00e1rias, o maior n\u00famero de \u00f3bitos concentra-se nas pessoas com mais de 80 anos (1.133, mais quatro hoje), seguidas das que tinham entre 70 e 79 anos (326), entre 60 e 69 anos (150) e entre 50 e 59 anos (55). H\u00e1 20 mortos registados entre os 40 e 49 anos, tr\u00eas entre os 30 e 39 e dois entre os 20 e 29 anos de idade.<\/p>\n<p class=\"text-paragraph\">Em termos globais, h\u00e1 mais infetados na faixa et\u00e1ria entre 40 e 49 anos (8.042), depois entre 30 e 39 anos (7.919), 50 a 59 anos (7.434), 20 e 29 anos (7.378) e mais de 80 anos (5.683).<\/p>\n<p class=\"text-paragraph\">As autoridades de sa\u00fade t\u00eam sob vigil\u00e2ncia 35.081 pessoas infetadas \u2013\u00a0menos 32 do que no s\u00e1bado &#8211; e 1.620 casos aguardam resultado laboratorial.<\/p>\n<p class=\"text-paragraph\">O n\u00famero de doentes dados como recuperados aumentou para 33.369 (mais 216 do que no s\u00e1bado).<\/p>\n","protected":false},"excerpt":{"rendered":"<p>Portugal regista este domingo mais cinco mortes e 246 novos casos de infe\u00e7\u00e3o por covid-19, em rela\u00e7\u00e3o a s\u00e1bado, 214 dos quais na regi\u00e3o de Lisboa e Vale do Tejo, segundo o boletim di\u00e1rio da Dire\u00e7\u00e3o-Geral da Sa\u00fade (DGS). De acordo com o boletim, desde o in\u00edcio da pandemia at\u00e9 hoje registam-se 48.636 casos de [&hellip;]<\/p>\n","protected":false},"author":13,"featured_media":45414,"comment_status":"closed","ping_status":"closed","sticky":false,"template":"","format":"standard","meta":{"_exactmetrics_skip_tracking":false,"_exactmetrics_sitenote_active":false,"_exactmetrics_sitenote_note":"","_exactmetrics_sitenote_category":0,"footnotes":""},"categories":[42722],"tags":[26],"class_list":["post-49417","post","type-post","status-publish","format-standard","has-post-thumbnail","hentry","category-covid-19","tag-saude"],"yoast_head":"<!-- This site is optimized with the Yoast SEO Premium plugin v27.4 (Yoast SEO v27.4) - https:\/\/yoast.com\/product\/yoast-seo-premium-wordpress\/ -->\n<title>Portugal regista mais cinco mortes e 246 novas infe\u00e7\u00f5es<\/title>\n<meta name=\"robots\" content=\"index, follow, max-snippet:-1, max-image-preview:large, max-video-preview:-1\" \/>\n<link rel=\"canonical\" href=\"https:\/\/www.altominho.tv\/site\/2020\/07\/19\/portugal-regista-mais-cinco-mortes-e-246-novas-infecoes\/\" \/>\n<meta property=\"og:locale\" content=\"pt_PT\" \/>\n<meta property=\"og:type\" content=\"article\" \/>\n<meta property=\"og:title\" content=\"Portugal regista mais cinco mortes e 246 novas infe\u00e7\u00f5es\" \/>\n<meta property=\"og:description\" content=\"Portugal regista este domingo mais cinco mortes e 246 novos casos de infe\u00e7\u00e3o por covid-19, em rela\u00e7\u00e3o a s\u00e1bado, 214 dos quais na regi\u00e3o de Lisboa e Vale do Tejo, segundo o boletim di\u00e1rio da Dire\u00e7\u00e3o-Geral da Sa\u00fade (DGS). De acordo com o boletim, desde o in\u00edcio da pandemia at\u00e9 hoje registam-se 48.636 casos de [&hellip;]\" \/>\n<meta property=\"og:url\" content=\"https:\/\/www.altominho.tv\/site\/2020\/07\/19\/portugal-regista-mais-cinco-mortes-e-246-novas-infecoes\/\" \/>\n<meta property=\"og:site_name\" content=\"Altominho.tv\" \/>\n<meta property=\"article:publisher\" content=\"https:\/\/www.facebook.com\/altominhotv\" \/>\n<meta property=\"article:published_time\" content=\"2020-07-19T13:56:22+00:00\" \/>\n<meta property=\"article:modified_time\" content=\"2020-07-19T13:56:26+00:00\" \/>\n<meta property=\"og:image\" content=\"https:\/\/www.altominho.tv\/site\/wp-content\/uploads\/2020\/05\/gra\u00e7a-freitas.jpg\" \/>\n\t<meta property=\"og:image:width\" content=\"840\" \/>\n\t<meta property=\"og:image:height\" content=\"471\" \/>\n\t<meta property=\"og:image:type\" content=\"image\/jpeg\" \/>\n<meta name=\"author\" content=\"Lusa\" \/>\n<meta name=\"twitter:card\" content=\"summary_large_image\" \/>\n<meta name=\"twitter:creator\" content=\"@altominhoTV\" \/>\n<meta name=\"twitter:site\" content=\"@altominhoTV\" \/>\n<meta name=\"twitter:label1\" content=\"Escrito por\" \/>\n\t<meta name=\"twitter:data1\" content=\"Lusa\" \/>\n\t<meta name=\"twitter:label2\" content=\"Tempo estimado de leitura\" \/>\n\t<meta name=\"twitter:data2\" content=\"3 minutos\" \/>\n<script type=\"application\/ld+json\" class=\"yoast-schema-graph\">{\"@context\":\"https:\\\/\\\/schema.org\",\"@graph\":[{\"@type\":\"Article\",\"@id\":\"https:\\\/\\\/www.altominho.tv\\\/site\\\/2020\\\/07\\\/19\\\/portugal-regista-mais-cinco-mortes-e-246-novas-infecoes\\\/#article\",\"isPartOf\":{\"@id\":\"https:\\\/\\\/www.altominho.tv\\\/site\\\/2020\\\/07\\\/19\\\/portugal-regista-mais-cinco-mortes-e-246-novas-infecoes\\\/\"},\"author\":{\"name\":\"Lusa\",\"@id\":\"https:\\\/\\\/www.altominho.tv\\\/site\\\/#\\\/schema\\\/person\\\/63f693da3e1899361cbe955c46f3232e\"},\"headline\":\"Portugal regista mais cinco mortes e 246 novas infe\u00e7\u00f5es\",\"datePublished\":\"2020-07-19T13:56:22+00:00\",\"dateModified\":\"2020-07-19T13:56:26+00:00\",\"mainEntityOfPage\":{\"@id\":\"https:\\\/\\\/www.altominho.tv\\\/site\\\/2020\\\/07\\\/19\\\/portugal-regista-mais-cinco-mortes-e-246-novas-infecoes\\\/\"},\"wordCount\":525,\"image\":{\"@id\":\"https:\\\/\\\/www.altominho.tv\\\/site\\\/2020\\\/07\\\/19\\\/portugal-regista-mais-cinco-mortes-e-246-novas-infecoes\\\/#primaryimage\"},\"thumbnailUrl\":\"https:\\\/\\\/www.altominho.tv\\\/site\\\/wp-content\\\/uploads\\\/2020\\\/05\\\/gra\u00e7a-freitas.jpg\",\"keywords\":[\"Sa\u00fade\"],\"articleSection\":[\"Coronav\u00edrus\"],\"inLanguage\":\"pt-PT\",\"copyrightYear\":\"2020\",\"copyrightHolder\":{\"@id\":\"https:\\\/\\\/www.altominho.tv\\\/site\\\/#organization\"}},{\"@type\":\"WebPage\",\"@id\":\"https:\\\/\\\/www.altominho.tv\\\/site\\\/2020\\\/07\\\/19\\\/portugal-regista-mais-cinco-mortes-e-246-novas-infecoes\\\/\",\"url\":\"https:\\\/\\\/www.altominho.tv\\\/site\\\/2020\\\/07\\\/19\\\/portugal-regista-mais-cinco-mortes-e-246-novas-infecoes\\\/\",\"name\":\"Portugal regista mais cinco mortes e 246 novas infe\u00e7\u00f5es\",\"isPartOf\":{\"@id\":\"https:\\\/\\\/www.altominho.tv\\\/site\\\/#website\"},\"primaryImageOfPage\":{\"@id\":\"https:\\\/\\\/www.altominho.tv\\\/site\\\/2020\\\/07\\\/19\\\/portugal-regista-mais-cinco-mortes-e-246-novas-infecoes\\\/#primaryimage\"},\"image\":{\"@id\":\"https:\\\/\\\/www.altominho.tv\\\/site\\\/2020\\\/07\\\/19\\\/portugal-regista-mais-cinco-mortes-e-246-novas-infecoes\\\/#primaryimage\"},\"thumbnailUrl\":\"https:\\\/\\\/www.altominho.tv\\\/site\\\/wp-content\\\/uploads\\\/2020\\\/05\\\/gra\u00e7a-freitas.jpg\",\"datePublished\":\"2020-07-19T13:56:22+00:00\",\"dateModified\":\"2020-07-19T13:56:26+00:00\",\"author\":{\"@id\":\"https:\\\/\\\/www.altominho.tv\\\/site\\\/#\\\/schema\\\/person\\\/63f693da3e1899361cbe955c46f3232e\"},\"breadcrumb\":{\"@id\":\"https:\\\/\\\/www.altominho.tv\\\/site\\\/2020\\\/07\\\/19\\\/portugal-regista-mais-cinco-mortes-e-246-novas-infecoes\\\/#breadcrumb\"},\"inLanguage\":\"pt-PT\",\"potentialAction\":[{\"@type\":\"ReadAction\",\"target\":[\"https:\\\/\\\/www.altominho.tv\\\/site\\\/2020\\\/07\\\/19\\\/portugal-regista-mais-cinco-mortes-e-246-novas-infecoes\\\/\"]}]},{\"@type\":\"ImageObject\",\"inLanguage\":\"pt-PT\",\"@id\":\"https:\\\/\\\/www.altominho.tv\\\/site\\\/2020\\\/07\\\/19\\\/portugal-regista-mais-cinco-mortes-e-246-novas-infecoes\\\/#primaryimage\",\"url\":\"https:\\\/\\\/www.altominho.tv\\\/site\\\/wp-content\\\/uploads\\\/2020\\\/05\\\/gra\u00e7a-freitas.jpg\",\"contentUrl\":\"https:\\\/\\\/www.altominho.tv\\\/site\\\/wp-content\\\/uploads\\\/2020\\\/05\\\/gra\u00e7a-freitas.jpg\",\"width\":840,\"height\":471},{\"@type\":\"BreadcrumbList\",\"@id\":\"https:\\\/\\\/www.altominho.tv\\\/site\\\/2020\\\/07\\\/19\\\/portugal-regista-mais-cinco-mortes-e-246-novas-infecoes\\\/#breadcrumb\",\"itemListElement\":[{\"@type\":\"ListItem\",\"position\":1,\"name\":\"In\u00edcio\",\"item\":\"https:\\\/\\\/www.altominho.tv\\\/site\\\/\"},{\"@type\":\"ListItem\",\"position\":2,\"name\":\"Portugal regista mais cinco mortes e 246 novas infe\u00e7\u00f5es\"}]},{\"@type\":\"WebSite\",\"@id\":\"https:\\\/\\\/www.altominho.tv\\\/site\\\/#website\",\"url\":\"https:\\\/\\\/www.altominho.tv\\\/site\\\/\",\"name\":\"Altominho.tv\",\"description\":\"A sua regi\u00e3o \u00e0 dist\u00e2ncia de um clique...\",\"potentialAction\":[{\"@type\":\"SearchAction\",\"target\":{\"@type\":\"EntryPoint\",\"urlTemplate\":\"https:\\\/\\\/www.altominho.tv\\\/site\\\/?s={search_term_string}\"},\"query-input\":{\"@type\":\"PropertyValueSpecification\",\"valueRequired\":true,\"valueName\":\"search_term_string\"}}],\"inLanguage\":\"pt-PT\"},{\"@type\":\"Person\",\"@id\":\"https:\\\/\\\/www.altominho.tv\\\/site\\\/#\\\/schema\\\/person\\\/63f693da3e1899361cbe955c46f3232e\",\"name\":\"Lusa\",\"image\":{\"@type\":\"ImageObject\",\"inLanguage\":\"pt-PT\",\"@id\":\"https:\\\/\\\/www.altominho.tv\\\/site\\\/wp-content\\\/uploads\\\/2019\\\/08\\\/LUSA_Logo.gif\",\"url\":\"https:\\\/\\\/www.altominho.tv\\\/site\\\/wp-content\\\/uploads\\\/2019\\\/08\\\/LUSA_Logo.gif\",\"contentUrl\":\"https:\\\/\\\/www.altominho.tv\\\/site\\\/wp-content\\\/uploads\\\/2019\\\/08\\\/LUSA_Logo.gif\",\"caption\":\"Lusa\"},\"sameAs\":[\"http:\\\/\\\/\\\/\\\/www.altominho.tv\\\/site\"],\"url\":\"https:\\\/\\\/www.altominho.tv\\\/site\\\/author\\\/lusa\\\/\"}]}<\/script>\n<!-- \/ Yoast SEO Premium plugin. -->","yoast_head_json":{"title":"Portugal regista mais cinco mortes e 246 novas infe\u00e7\u00f5es","robots":{"index":"index","follow":"follow","max-snippet":"max-snippet:-1","max-image-preview":"max-image-preview:large","max-video-preview":"max-video-preview:-1"},"canonical":"https:\/\/www.altominho.tv\/site\/2020\/07\/19\/portugal-regista-mais-cinco-mortes-e-246-novas-infecoes\/","og_locale":"pt_PT","og_type":"article","og_title":"Portugal regista mais cinco mortes e 246 novas infe\u00e7\u00f5es","og_description":"Portugal regista este domingo mais cinco mortes e 246 novos casos de infe\u00e7\u00e3o por covid-19, em rela\u00e7\u00e3o a s\u00e1bado, 214 dos quais na regi\u00e3o de Lisboa e Vale do Tejo, segundo o boletim di\u00e1rio da Dire\u00e7\u00e3o-Geral da Sa\u00fade (DGS). De acordo com o boletim, desde o in\u00edcio da pandemia at\u00e9 hoje registam-se 48.636 casos de [&hellip;]","og_url":"https:\/\/www.altominho.tv\/site\/2020\/07\/19\/portugal-regista-mais-cinco-mortes-e-246-novas-infecoes\/","og_site_name":"Altominho.tv","article_publisher":"https:\/\/www.facebook.com\/altominhotv","article_published_time":"2020-07-19T13:56:22+00:00","article_modified_time":"2020-07-19T13:56:26+00:00","og_image":[{"width":840,"height":471,"url":"https:\/\/www.altominho.tv\/site\/wp-content\/uploads\/2020\/05\/gra\u00e7a-freitas.jpg","type":"image\/jpeg"}],"author":"Lusa","twitter_card":"summary_large_image","twitter_creator":"@altominhoTV","twitter_site":"@altominhoTV","twitter_misc":{"Escrito por":"Lusa","Tempo estimado de leitura":"3 minutos"},"schema":{"@context":"https:\/\/schema.org","@graph":[{"@type":"Article","@id":"https:\/\/www.altominho.tv\/site\/2020\/07\/19\/portugal-regista-mais-cinco-mortes-e-246-novas-infecoes\/#article","isPartOf":{"@id":"https:\/\/www.altominho.tv\/site\/2020\/07\/19\/portugal-regista-mais-cinco-mortes-e-246-novas-infecoes\/"},"author":{"name":"Lusa","@id":"https:\/\/www.altominho.tv\/site\/#\/schema\/person\/63f693da3e1899361cbe955c46f3232e"},"headline":"Portugal regista mais cinco mortes e 246 novas infe\u00e7\u00f5es","datePublished":"2020-07-19T13:56:22+00:00","dateModified":"2020-07-19T13:56:26+00:00","mainEntityOfPage":{"@id":"https:\/\/www.altominho.tv\/site\/2020\/07\/19\/portugal-regista-mais-cinco-mortes-e-246-novas-infecoes\/"},"wordCount":525,"image":{"@id":"https:\/\/www.altominho.tv\/site\/2020\/07\/19\/portugal-regista-mais-cinco-mortes-e-246-novas-infecoes\/#primaryimage"},"thumbnailUrl":"https:\/\/www.altominho.tv\/site\/wp-content\/uploads\/2020\/05\/gra\u00e7a-freitas.jpg","keywords":["Sa\u00fade"],"articleSection":["Coronav\u00edrus"],"inLanguage":"pt-PT","copyrightYear":"2020","copyrightHolder":{"@id":"https:\/\/www.altominho.tv\/site\/#organization"}},{"@type":"WebPage","@id":"https:\/\/www.altominho.tv\/site\/2020\/07\/19\/portugal-regista-mais-cinco-mortes-e-246-novas-infecoes\/","url":"https:\/\/www.altominho.tv\/site\/2020\/07\/19\/portugal-regista-mais-cinco-mortes-e-246-novas-infecoes\/","name":"Portugal regista mais cinco mortes e 246 novas infe\u00e7\u00f5es","isPartOf":{"@id":"https:\/\/www.altominho.tv\/site\/#website"},"primaryImageOfPage":{"@id":"https:\/\/www.altominho.tv\/site\/2020\/07\/19\/portugal-regista-mais-cinco-mortes-e-246-novas-infecoes\/#primaryimage"},"image":{"@id":"https:\/\/www.altominho.tv\/site\/2020\/07\/19\/portugal-regista-mais-cinco-mortes-e-246-novas-infecoes\/#primaryimage"},"thumbnailUrl":"https:\/\/www.altominho.tv\/site\/wp-content\/uploads\/2020\/05\/gra\u00e7a-freitas.jpg","datePublished":"2020-07-19T13:56:22+00:00","dateModified":"2020-07-19T13:56:26+00:00","author":{"@id":"https:\/\/www.altominho.tv\/site\/#\/schema\/person\/63f693da3e1899361cbe955c46f3232e"},"breadcrumb":{"@id":"https:\/\/www.altominho.tv\/site\/2020\/07\/19\/portugal-regista-mais-cinco-mortes-e-246-novas-infecoes\/#breadcrumb"},"inLanguage":"pt-PT","potentialAction":[{"@type":"ReadAction","target":["https:\/\/www.altominho.tv\/site\/2020\/07\/19\/portugal-regista-mais-cinco-mortes-e-246-novas-infecoes\/"]}]},{"@type":"ImageObject","inLanguage":"pt-PT","@id":"https:\/\/www.altominho.tv\/site\/2020\/07\/19\/portugal-regista-mais-cinco-mortes-e-246-novas-infecoes\/#primaryimage","url":"https:\/\/www.altominho.tv\/site\/wp-content\/uploads\/2020\/05\/gra\u00e7a-freitas.jpg","contentUrl":"https:\/\/www.altominho.tv\/site\/wp-content\/uploads\/2020\/05\/gra\u00e7a-freitas.jpg","width":840,"height":471},{"@type":"BreadcrumbList","@id":"https:\/\/www.altominho.tv\/site\/2020\/07\/19\/portugal-regista-mais-cinco-mortes-e-246-novas-infecoes\/#breadcrumb","itemListElement":[{"@type":"ListItem","position":1,"name":"In\u00edcio","item":"https:\/\/www.altominho.tv\/site\/"},{"@type":"ListItem","position":2,"name":"Portugal regista mais cinco mortes e 246 novas infe\u00e7\u00f5es"}]},{"@type":"WebSite","@id":"https:\/\/www.altominho.tv\/site\/#website","url":"https:\/\/www.altominho.tv\/site\/","name":"Altominho.tv","description":"A sua regi\u00e3o \u00e0 dist\u00e2ncia de um clique...","potentialAction":[{"@type":"SearchAction","target":{"@type":"EntryPoint","urlTemplate":"https:\/\/www.altominho.tv\/site\/?s={search_term_string}"},"query-input":{"@type":"PropertyValueSpecification","valueRequired":true,"valueName":"search_term_string"}}],"inLanguage":"pt-PT"},{"@type":"Person","@id":"https:\/\/www.altominho.tv\/site\/#\/schema\/person\/63f693da3e1899361cbe955c46f3232e","name":"Lusa","image":{"@type":"ImageObject","inLanguage":"pt-PT","@id":"https:\/\/www.altominho.tv\/site\/wp-content\/uploads\/2019\/08\/LUSA_Logo.gif","url":"https:\/\/www.altominho.tv\/site\/wp-content\/uploads\/2019\/08\/LUSA_Logo.gif","contentUrl":"https:\/\/www.altominho.tv\/site\/wp-content\/uploads\/2019\/08\/LUSA_Logo.gif","caption":"Lusa"},"sameAs":["http:\/\/\/\/www.altominho.tv\/site"],"url":"https:\/\/www.altominho.tv\/site\/author\/lusa\/"}]}},"_links":{"self":[{"href":"https:\/\/www.altominho.tv\/site\/wp-json\/wp\/v2\/posts\/49417","targetHints":{"allow":["GET"]}}],"collection":[{"href":"https:\/\/www.altominho.tv\/site\/wp-json\/wp\/v2\/posts"}],"about":[{"href":"https:\/\/www.altominho.tv\/site\/wp-json\/wp\/v2\/types\/post"}],"author":[{"embeddable":true,"href":"https:\/\/www.altominho.tv\/site\/wp-json\/wp\/v2\/users\/13"}],"replies":[{"embeddable":true,"href":"https:\/\/www.altominho.tv\/site\/wp-json\/wp\/v2\/comments?post=49417"}],"version-history":[{"count":0,"href":"https:\/\/www.altominho.tv\/site\/wp-json\/wp\/v2\/posts\/49417\/revisions"}],"wp:featuredmedia":[{"embeddable":true,"href":"https:\/\/www.altominho.tv\/site\/wp-json\/wp\/v2\/media\/45414"}],"wp:attachment":[{"href":"https:\/\/www.altominho.tv\/site\/wp-json\/wp\/v2\/media?parent=49417"}],"wp:term":[{"taxonomy":"category","embeddable":true,"href":"https:\/\/www.altominho.tv\/site\/wp-json\/wp\/v2\/categories?post=49417"},{"taxonomy":"post_tag","embeddable":true,"href":"https:\/\/www.altominho.tv\/site\/wp-json\/wp\/v2\/tags?post=49417"}],"curies":[{"name":"wp","href":"https:\/\/api.w.org\/{rel}","templated":true}]}}