{"id":49397,"date":"2020-07-18T02:04:38","date_gmt":"2020-07-18T01:04:38","guid":{"rendered":"http:\/\/www.altominho.tv\/site\/?p=49397"},"modified":"2022-01-17T14:23:16","modified_gmt":"2022-01-17T14:23:16","slug":"autarca-de-junta-socialista-de-valenca-acusa-camara-do-psd-de-discriminacao-negativa","status":"publish","type":"post","link":"https:\/\/www.altominho.tv\/site\/2020\/07\/18\/autarca-de-junta-socialista-de-valenca-acusa-camara-do-psd-de-discriminacao-negativa\/","title":{"rendered":"Autarca de junta socialista de Valen\u00e7a acusa C\u00e2mara do PSD de \u201cdiscrimina\u00e7\u00e3o negativa\u201d"},"content":{"rendered":"<p>O autarca da freguesia de S\u00e3o Pedro da Torre (PS) acusou hoje o presidente da C\u00e2mara de Valen\u00e7a (PSD) de &#8220;discrimina\u00e7\u00e3o negativa&#8221; por n\u00e3o candidatar a fundos comunit\u00e1rios um projeto de requalifica\u00e7\u00e3o ribeirinha &#8220;muito ansiado pela popula\u00e7\u00e3o\u201d local.<\/p>\n<p>&#8220;Trata-se de discrimina\u00e7\u00e3o negativa pelo facto de n\u00f3s sermos uma Junta de uma cor diferente. N\u00f3s somos eleitos pelo PS e o executivo \u00e9 PSD. Quem sai prejudicada \u00e9 a comunidade. Por sua vez, h\u00e1 a possibilidade de se perderem fundos comunit\u00e1rios, sem necessidade nenhuma&#8221;, afirmou o presidente da Junta de S\u00e3o Pedro da Torre, Ant\u00f3nio Dias.<\/p>\n<p>A Lusa contactou o presidente de Valen\u00e7a, Manuel Lopes, mas sem sucesso.<\/p>\n<p>Em causa, segundo o autarca de S\u00e3o Pedro da Torre, est\u00e1 o projeto de requalifica\u00e7\u00e3o da zona ribeirinha que prev\u00ea a cria\u00e7\u00e3o de um parque de lazer, or\u00e7ado em &#8220;173.904 euros e com uma comparticipa\u00e7\u00e3o comunit\u00e1ria de 150 mil euros&#8221;.<\/p>\n<p>&#8220;<strong>\u00c9 um projeto h\u00e1 muito ansiado pela popula\u00e7\u00e3o, que est\u00e1 pronto desde janeiro e, desde h\u00e1 dois meses, com todos os pareceres e licen\u00e7as necess\u00e1rias para ser submetido aos fundos do Norte 2020. J\u00e1 nos disponibilizamos a ceder o projeto \u00e0 C\u00e2mara, que n\u00e3o tem nenhuma proposta para aquela zona, mas sem resultado<\/strong>&#8220;, afirmou Ant\u00f3nio Dias.<\/p>\n<p>Ant\u00f3nio Dias adiantou que &#8220;o prazo para apresenta\u00e7\u00e3o de candidaturas aos fundos do Norte 2020 termina no dia 31 de julho e corre-se o risco de se perderem os fundos comunit\u00e1rios&#8221;.<\/p>\n<p>&#8220;<strong>Tenho enviado v\u00e1rios emails ao senhor presidente da C\u00e2mara para que submeta um projeto da nossa freguesia em nome do munic\u00edpio ao abrigo do Programa Operacional Regional do Norte &#8211; Norte 2020, por forma a aproveitarmos os fundos comunit\u00e1rios da melhor forma. Propusemos transferir a verba correspondente a 15% que a candidatura obriga de forma a n\u00e3o onerar o munic\u00edpio, ou seja, custo zero para a C\u00e2mara, mas sem sucesso<\/strong>&#8220;, especificou.<\/p>\n<p>Ant\u00f3nio Dias disse lamentar &#8220;n\u00e3o estar a ser colocado em primeiro lugar o superior interesse p\u00fablico e os anseios ancestrais da freguesia&#8221;.<\/p>\n<p>&#8220;O senhor presidente da C\u00e2mara de Valen\u00e7a esqueceu-se que, depois de eleitos, devemos trabalhar em prol de toda a comunidade sem este tipo de minud\u00eancias politiqueiras&#8221;, refor\u00e7ou.<\/p>\n","protected":false},"excerpt":{"rendered":"<p>O autarca da freguesia de S\u00e3o Pedro da Torre (PS) acusou hoje o presidente da C\u00e2mara de Valen\u00e7a (PSD) de &#8220;discrimina\u00e7\u00e3o negativa&#8221; por n\u00e3o candidatar a fundos comunit\u00e1rios um projeto de requalifica\u00e7\u00e3o ribeirinha &#8220;muito ansiado pela popula\u00e7\u00e3o\u201d local. &#8220;Trata-se de discrimina\u00e7\u00e3o negativa pelo facto de n\u00f3s sermos uma Junta de uma cor diferente. N\u00f3s somos [&hellip;]<\/p>\n","protected":false},"author":13,"featured_media":49398,"comment_status":"closed","ping_status":"closed","sticky":false,"template":"","format":"standard","meta":{"_exactmetrics_skip_tracking":false,"_exactmetrics_sitenote_active":false,"_exactmetrics_sitenote_note":"","_exactmetrics_sitenote_category":0,"footnotes":""},"categories":[13],"tags":[56326,27],"class_list":["post-49397","post","type-post","status-publish","format-standard","has-post-thumbnail","hentry","category-valenca","tag-politica","tag-sociedade"],"yoast_head":"<!-- This site is optimized with the Yoast SEO Premium plugin v27.4 (Yoast SEO v27.4) - https:\/\/yoast.com\/product\/yoast-seo-premium-wordpress\/ -->\n<title>Autarca de junta socialista de Valen\u00e7a acusa C\u00e2mara do PSD de \u201cdiscrimina\u00e7\u00e3o negativa\u201d<\/title>\n<meta name=\"robots\" content=\"index, follow, max-snippet:-1, max-image-preview:large, max-video-preview:-1\" \/>\n<link rel=\"canonical\" href=\"https:\/\/www.altominho.tv\/site\/2020\/07\/18\/autarca-de-junta-socialista-de-valenca-acusa-camara-do-psd-de-discriminacao-negativa\/\" \/>\n<meta property=\"og:locale\" content=\"pt_PT\" \/>\n<meta property=\"og:type\" content=\"article\" \/>\n<meta property=\"og:title\" content=\"Autarca de junta socialista de Valen\u00e7a acusa C\u00e2mara do PSD de \u201cdiscrimina\u00e7\u00e3o negativa\u201d\" \/>\n<meta property=\"og:description\" content=\"O autarca da freguesia de S\u00e3o Pedro da Torre (PS) acusou hoje o presidente da C\u00e2mara de Valen\u00e7a (PSD) de &#8220;discrimina\u00e7\u00e3o negativa&#8221; por n\u00e3o candidatar a fundos comunit\u00e1rios um projeto de requalifica\u00e7\u00e3o ribeirinha &#8220;muito ansiado pela popula\u00e7\u00e3o\u201d local. &#8220;Trata-se de discrimina\u00e7\u00e3o negativa pelo facto de n\u00f3s sermos uma Junta de uma cor diferente. N\u00f3s somos [&hellip;]\" \/>\n<meta property=\"og:url\" content=\"https:\/\/www.altominho.tv\/site\/2020\/07\/18\/autarca-de-junta-socialista-de-valenca-acusa-camara-do-psd-de-discriminacao-negativa\/\" \/>\n<meta property=\"og:site_name\" content=\"Altominho.tv\" \/>\n<meta property=\"article:publisher\" content=\"https:\/\/www.facebook.com\/altominhotv\" \/>\n<meta property=\"article:published_time\" content=\"2020-07-18T01:04:38+00:00\" \/>\n<meta property=\"article:modified_time\" content=\"2022-01-17T14:23:16+00:00\" \/>\n<meta property=\"og:image\" content=\"https:\/\/www.altominho.tv\/site\/wp-content\/uploads\/2020\/07\/Antonio-Dias.jpg\" \/>\n\t<meta property=\"og:image:width\" content=\"700\" \/>\n\t<meta property=\"og:image:height\" content=\"467\" \/>\n\t<meta property=\"og:image:type\" content=\"image\/jpeg\" \/>\n<meta name=\"author\" content=\"Lusa\" \/>\n<meta name=\"twitter:card\" content=\"summary_large_image\" \/>\n<meta name=\"twitter:creator\" content=\"@altominhoTV\" \/>\n<meta name=\"twitter:site\" content=\"@altominhoTV\" \/>\n<meta name=\"twitter:label1\" content=\"Escrito por\" \/>\n\t<meta name=\"twitter:data1\" content=\"Lusa\" \/>\n\t<meta name=\"twitter:label2\" content=\"Tempo estimado de leitura\" \/>\n\t<meta name=\"twitter:data2\" content=\"2 minutos\" \/>\n<script type=\"application\/ld+json\" class=\"yoast-schema-graph\">{\"@context\":\"https:\\\/\\\/schema.org\",\"@graph\":[{\"@type\":\"Article\",\"@id\":\"https:\\\/\\\/www.altominho.tv\\\/site\\\/2020\\\/07\\\/18\\\/autarca-de-junta-socialista-de-valenca-acusa-camara-do-psd-de-discriminacao-negativa\\\/#article\",\"isPartOf\":{\"@id\":\"https:\\\/\\\/www.altominho.tv\\\/site\\\/2020\\\/07\\\/18\\\/autarca-de-junta-socialista-de-valenca-acusa-camara-do-psd-de-discriminacao-negativa\\\/\"},\"author\":{\"name\":\"Lusa\",\"@id\":\"https:\\\/\\\/www.altominho.tv\\\/site\\\/#\\\/schema\\\/person\\\/63f693da3e1899361cbe955c46f3232e\"},\"headline\":\"Autarca de junta socialista de Valen\u00e7a acusa C\u00e2mara do PSD de \u201cdiscrimina\u00e7\u00e3o negativa\u201d\",\"datePublished\":\"2020-07-18T01:04:38+00:00\",\"dateModified\":\"2022-01-17T14:23:16+00:00\",\"mainEntityOfPage\":{\"@id\":\"https:\\\/\\\/www.altominho.tv\\\/site\\\/2020\\\/07\\\/18\\\/autarca-de-junta-socialista-de-valenca-acusa-camara-do-psd-de-discriminacao-negativa\\\/\"},\"wordCount\":403,\"image\":{\"@id\":\"https:\\\/\\\/www.altominho.tv\\\/site\\\/2020\\\/07\\\/18\\\/autarca-de-junta-socialista-de-valenca-acusa-camara-do-psd-de-discriminacao-negativa\\\/#primaryimage\"},\"thumbnailUrl\":\"https:\\\/\\\/www.altominho.tv\\\/site\\\/wp-content\\\/uploads\\\/2020\\\/07\\\/Antonio-Dias.jpg\",\"keywords\":[\"Pol\u00edtica\",\"Sociedade\"],\"articleSection\":[\"Valen\u00e7a\"],\"inLanguage\":\"pt-PT\",\"copyrightYear\":\"2020\",\"copyrightHolder\":{\"@id\":\"https:\\\/\\\/www.altominho.tv\\\/site\\\/#organization\"}},{\"@type\":\"WebPage\",\"@id\":\"https:\\\/\\\/www.altominho.tv\\\/site\\\/2020\\\/07\\\/18\\\/autarca-de-junta-socialista-de-valenca-acusa-camara-do-psd-de-discriminacao-negativa\\\/\",\"url\":\"https:\\\/\\\/www.altominho.tv\\\/site\\\/2020\\\/07\\\/18\\\/autarca-de-junta-socialista-de-valenca-acusa-camara-do-psd-de-discriminacao-negativa\\\/\",\"name\":\"Autarca de junta socialista de Valen\u00e7a acusa C\u00e2mara do PSD de \u201cdiscrimina\u00e7\u00e3o negativa\u201d\",\"isPartOf\":{\"@id\":\"https:\\\/\\\/www.altominho.tv\\\/site\\\/#website\"},\"primaryImageOfPage\":{\"@id\":\"https:\\\/\\\/www.altominho.tv\\\/site\\\/2020\\\/07\\\/18\\\/autarca-de-junta-socialista-de-valenca-acusa-camara-do-psd-de-discriminacao-negativa\\\/#primaryimage\"},\"image\":{\"@id\":\"https:\\\/\\\/www.altominho.tv\\\/site\\\/2020\\\/07\\\/18\\\/autarca-de-junta-socialista-de-valenca-acusa-camara-do-psd-de-discriminacao-negativa\\\/#primaryimage\"},\"thumbnailUrl\":\"https:\\\/\\\/www.altominho.tv\\\/site\\\/wp-content\\\/uploads\\\/2020\\\/07\\\/Antonio-Dias.jpg\",\"datePublished\":\"2020-07-18T01:04:38+00:00\",\"dateModified\":\"2022-01-17T14:23:16+00:00\",\"author\":{\"@id\":\"https:\\\/\\\/www.altominho.tv\\\/site\\\/#\\\/schema\\\/person\\\/63f693da3e1899361cbe955c46f3232e\"},\"breadcrumb\":{\"@id\":\"https:\\\/\\\/www.altominho.tv\\\/site\\\/2020\\\/07\\\/18\\\/autarca-de-junta-socialista-de-valenca-acusa-camara-do-psd-de-discriminacao-negativa\\\/#breadcrumb\"},\"inLanguage\":\"pt-PT\",\"potentialAction\":[{\"@type\":\"ReadAction\",\"target\":[\"https:\\\/\\\/www.altominho.tv\\\/site\\\/2020\\\/07\\\/18\\\/autarca-de-junta-socialista-de-valenca-acusa-camara-do-psd-de-discriminacao-negativa\\\/\"]}]},{\"@type\":\"ImageObject\",\"inLanguage\":\"pt-PT\",\"@id\":\"https:\\\/\\\/www.altominho.tv\\\/site\\\/2020\\\/07\\\/18\\\/autarca-de-junta-socialista-de-valenca-acusa-camara-do-psd-de-discriminacao-negativa\\\/#primaryimage\",\"url\":\"https:\\\/\\\/www.altominho.tv\\\/site\\\/wp-content\\\/uploads\\\/2020\\\/07\\\/Antonio-Dias.jpg\",\"contentUrl\":\"https:\\\/\\\/www.altominho.tv\\\/site\\\/wp-content\\\/uploads\\\/2020\\\/07\\\/Antonio-Dias.jpg\",\"width\":700,\"height\":467},{\"@type\":\"BreadcrumbList\",\"@id\":\"https:\\\/\\\/www.altominho.tv\\\/site\\\/2020\\\/07\\\/18\\\/autarca-de-junta-socialista-de-valenca-acusa-camara-do-psd-de-discriminacao-negativa\\\/#breadcrumb\",\"itemListElement\":[{\"@type\":\"ListItem\",\"position\":1,\"name\":\"In\u00edcio\",\"item\":\"https:\\\/\\\/www.altominho.tv\\\/site\\\/\"},{\"@type\":\"ListItem\",\"position\":2,\"name\":\"Autarca de junta socialista de Valen\u00e7a acusa C\u00e2mara do PSD de \u201cdiscrimina\u00e7\u00e3o negativa\u201d\"}]},{\"@type\":\"WebSite\",\"@id\":\"https:\\\/\\\/www.altominho.tv\\\/site\\\/#website\",\"url\":\"https:\\\/\\\/www.altominho.tv\\\/site\\\/\",\"name\":\"Altominho.tv\",\"description\":\"A sua regi\u00e3o \u00e0 dist\u00e2ncia de um clique...\",\"potentialAction\":[{\"@type\":\"SearchAction\",\"target\":{\"@type\":\"EntryPoint\",\"urlTemplate\":\"https:\\\/\\\/www.altominho.tv\\\/site\\\/?s={search_term_string}\"},\"query-input\":{\"@type\":\"PropertyValueSpecification\",\"valueRequired\":true,\"valueName\":\"search_term_string\"}}],\"inLanguage\":\"pt-PT\"},{\"@type\":\"Person\",\"@id\":\"https:\\\/\\\/www.altominho.tv\\\/site\\\/#\\\/schema\\\/person\\\/63f693da3e1899361cbe955c46f3232e\",\"name\":\"Lusa\",\"image\":{\"@type\":\"ImageObject\",\"inLanguage\":\"pt-PT\",\"@id\":\"https:\\\/\\\/www.altominho.tv\\\/site\\\/wp-content\\\/uploads\\\/2019\\\/08\\\/LUSA_Logo.gif\",\"url\":\"https:\\\/\\\/www.altominho.tv\\\/site\\\/wp-content\\\/uploads\\\/2019\\\/08\\\/LUSA_Logo.gif\",\"contentUrl\":\"https:\\\/\\\/www.altominho.tv\\\/site\\\/wp-content\\\/uploads\\\/2019\\\/08\\\/LUSA_Logo.gif\",\"caption\":\"Lusa\"},\"sameAs\":[\"http:\\\/\\\/\\\/\\\/www.altominho.tv\\\/site\"],\"url\":\"https:\\\/\\\/www.altominho.tv\\\/site\\\/author\\\/lusa\\\/\"}]}<\/script>\n<!-- \/ Yoast SEO Premium plugin. -->","yoast_head_json":{"title":"Autarca de junta socialista de Valen\u00e7a acusa C\u00e2mara do PSD de \u201cdiscrimina\u00e7\u00e3o negativa\u201d","robots":{"index":"index","follow":"follow","max-snippet":"max-snippet:-1","max-image-preview":"max-image-preview:large","max-video-preview":"max-video-preview:-1"},"canonical":"https:\/\/www.altominho.tv\/site\/2020\/07\/18\/autarca-de-junta-socialista-de-valenca-acusa-camara-do-psd-de-discriminacao-negativa\/","og_locale":"pt_PT","og_type":"article","og_title":"Autarca de junta socialista de Valen\u00e7a acusa C\u00e2mara do PSD de \u201cdiscrimina\u00e7\u00e3o negativa\u201d","og_description":"O autarca da freguesia de S\u00e3o Pedro da Torre (PS) acusou hoje o presidente da C\u00e2mara de Valen\u00e7a (PSD) de &#8220;discrimina\u00e7\u00e3o negativa&#8221; por n\u00e3o candidatar a fundos comunit\u00e1rios um projeto de requalifica\u00e7\u00e3o ribeirinha &#8220;muito ansiado pela popula\u00e7\u00e3o\u201d local. &#8220;Trata-se de discrimina\u00e7\u00e3o negativa pelo facto de n\u00f3s sermos uma Junta de uma cor diferente. N\u00f3s somos [&hellip;]","og_url":"https:\/\/www.altominho.tv\/site\/2020\/07\/18\/autarca-de-junta-socialista-de-valenca-acusa-camara-do-psd-de-discriminacao-negativa\/","og_site_name":"Altominho.tv","article_publisher":"https:\/\/www.facebook.com\/altominhotv","article_published_time":"2020-07-18T01:04:38+00:00","article_modified_time":"2022-01-17T14:23:16+00:00","og_image":[{"width":700,"height":467,"url":"https:\/\/www.altominho.tv\/site\/wp-content\/uploads\/2020\/07\/Antonio-Dias.jpg","type":"image\/jpeg"}],"author":"Lusa","twitter_card":"summary_large_image","twitter_creator":"@altominhoTV","twitter_site":"@altominhoTV","twitter_misc":{"Escrito por":"Lusa","Tempo estimado de leitura":"2 minutos"},"schema":{"@context":"https:\/\/schema.org","@graph":[{"@type":"Article","@id":"https:\/\/www.altominho.tv\/site\/2020\/07\/18\/autarca-de-junta-socialista-de-valenca-acusa-camara-do-psd-de-discriminacao-negativa\/#article","isPartOf":{"@id":"https:\/\/www.altominho.tv\/site\/2020\/07\/18\/autarca-de-junta-socialista-de-valenca-acusa-camara-do-psd-de-discriminacao-negativa\/"},"author":{"name":"Lusa","@id":"https:\/\/www.altominho.tv\/site\/#\/schema\/person\/63f693da3e1899361cbe955c46f3232e"},"headline":"Autarca de junta socialista de Valen\u00e7a acusa C\u00e2mara do PSD de \u201cdiscrimina\u00e7\u00e3o negativa\u201d","datePublished":"2020-07-18T01:04:38+00:00","dateModified":"2022-01-17T14:23:16+00:00","mainEntityOfPage":{"@id":"https:\/\/www.altominho.tv\/site\/2020\/07\/18\/autarca-de-junta-socialista-de-valenca-acusa-camara-do-psd-de-discriminacao-negativa\/"},"wordCount":403,"image":{"@id":"https:\/\/www.altominho.tv\/site\/2020\/07\/18\/autarca-de-junta-socialista-de-valenca-acusa-camara-do-psd-de-discriminacao-negativa\/#primaryimage"},"thumbnailUrl":"https:\/\/www.altominho.tv\/site\/wp-content\/uploads\/2020\/07\/Antonio-Dias.jpg","keywords":["Pol\u00edtica","Sociedade"],"articleSection":["Valen\u00e7a"],"inLanguage":"pt-PT","copyrightYear":"2020","copyrightHolder":{"@id":"https:\/\/www.altominho.tv\/site\/#organization"}},{"@type":"WebPage","@id":"https:\/\/www.altominho.tv\/site\/2020\/07\/18\/autarca-de-junta-socialista-de-valenca-acusa-camara-do-psd-de-discriminacao-negativa\/","url":"https:\/\/www.altominho.tv\/site\/2020\/07\/18\/autarca-de-junta-socialista-de-valenca-acusa-camara-do-psd-de-discriminacao-negativa\/","name":"Autarca de junta socialista de Valen\u00e7a acusa C\u00e2mara do PSD de \u201cdiscrimina\u00e7\u00e3o negativa\u201d","isPartOf":{"@id":"https:\/\/www.altominho.tv\/site\/#website"},"primaryImageOfPage":{"@id":"https:\/\/www.altominho.tv\/site\/2020\/07\/18\/autarca-de-junta-socialista-de-valenca-acusa-camara-do-psd-de-discriminacao-negativa\/#primaryimage"},"image":{"@id":"https:\/\/www.altominho.tv\/site\/2020\/07\/18\/autarca-de-junta-socialista-de-valenca-acusa-camara-do-psd-de-discriminacao-negativa\/#primaryimage"},"thumbnailUrl":"https:\/\/www.altominho.tv\/site\/wp-content\/uploads\/2020\/07\/Antonio-Dias.jpg","datePublished":"2020-07-18T01:04:38+00:00","dateModified":"2022-01-17T14:23:16+00:00","author":{"@id":"https:\/\/www.altominho.tv\/site\/#\/schema\/person\/63f693da3e1899361cbe955c46f3232e"},"breadcrumb":{"@id":"https:\/\/www.altominho.tv\/site\/2020\/07\/18\/autarca-de-junta-socialista-de-valenca-acusa-camara-do-psd-de-discriminacao-negativa\/#breadcrumb"},"inLanguage":"pt-PT","potentialAction":[{"@type":"ReadAction","target":["https:\/\/www.altominho.tv\/site\/2020\/07\/18\/autarca-de-junta-socialista-de-valenca-acusa-camara-do-psd-de-discriminacao-negativa\/"]}]},{"@type":"ImageObject","inLanguage":"pt-PT","@id":"https:\/\/www.altominho.tv\/site\/2020\/07\/18\/autarca-de-junta-socialista-de-valenca-acusa-camara-do-psd-de-discriminacao-negativa\/#primaryimage","url":"https:\/\/www.altominho.tv\/site\/wp-content\/uploads\/2020\/07\/Antonio-Dias.jpg","contentUrl":"https:\/\/www.altominho.tv\/site\/wp-content\/uploads\/2020\/07\/Antonio-Dias.jpg","width":700,"height":467},{"@type":"BreadcrumbList","@id":"https:\/\/www.altominho.tv\/site\/2020\/07\/18\/autarca-de-junta-socialista-de-valenca-acusa-camara-do-psd-de-discriminacao-negativa\/#breadcrumb","itemListElement":[{"@type":"ListItem","position":1,"name":"In\u00edcio","item":"https:\/\/www.altominho.tv\/site\/"},{"@type":"ListItem","position":2,"name":"Autarca de junta socialista de Valen\u00e7a acusa C\u00e2mara do PSD de \u201cdiscrimina\u00e7\u00e3o negativa\u201d"}]},{"@type":"WebSite","@id":"https:\/\/www.altominho.tv\/site\/#website","url":"https:\/\/www.altominho.tv\/site\/","name":"Altominho.tv","description":"A sua regi\u00e3o \u00e0 dist\u00e2ncia de um clique...","potentialAction":[{"@type":"SearchAction","target":{"@type":"EntryPoint","urlTemplate":"https:\/\/www.altominho.tv\/site\/?s={search_term_string}"},"query-input":{"@type":"PropertyValueSpecification","valueRequired":true,"valueName":"search_term_string"}}],"inLanguage":"pt-PT"},{"@type":"Person","@id":"https:\/\/www.altominho.tv\/site\/#\/schema\/person\/63f693da3e1899361cbe955c46f3232e","name":"Lusa","image":{"@type":"ImageObject","inLanguage":"pt-PT","@id":"https:\/\/www.altominho.tv\/site\/wp-content\/uploads\/2019\/08\/LUSA_Logo.gif","url":"https:\/\/www.altominho.tv\/site\/wp-content\/uploads\/2019\/08\/LUSA_Logo.gif","contentUrl":"https:\/\/www.altominho.tv\/site\/wp-content\/uploads\/2019\/08\/LUSA_Logo.gif","caption":"Lusa"},"sameAs":["http:\/\/\/\/www.altominho.tv\/site"],"url":"https:\/\/www.altominho.tv\/site\/author\/lusa\/"}]}},"_links":{"self":[{"href":"https:\/\/www.altominho.tv\/site\/wp-json\/wp\/v2\/posts\/49397","targetHints":{"allow":["GET"]}}],"collection":[{"href":"https:\/\/www.altominho.tv\/site\/wp-json\/wp\/v2\/posts"}],"about":[{"href":"https:\/\/www.altominho.tv\/site\/wp-json\/wp\/v2\/types\/post"}],"author":[{"embeddable":true,"href":"https:\/\/www.altominho.tv\/site\/wp-json\/wp\/v2\/users\/13"}],"replies":[{"embeddable":true,"href":"https:\/\/www.altominho.tv\/site\/wp-json\/wp\/v2\/comments?post=49397"}],"version-history":[{"count":0,"href":"https:\/\/www.altominho.tv\/site\/wp-json\/wp\/v2\/posts\/49397\/revisions"}],"wp:featuredmedia":[{"embeddable":true,"href":"https:\/\/www.altominho.tv\/site\/wp-json\/wp\/v2\/media\/49398"}],"wp:attachment":[{"href":"https:\/\/www.altominho.tv\/site\/wp-json\/wp\/v2\/media?parent=49397"}],"wp:term":[{"taxonomy":"category","embeddable":true,"href":"https:\/\/www.altominho.tv\/site\/wp-json\/wp\/v2\/categories?post=49397"},{"taxonomy":"post_tag","embeddable":true,"href":"https:\/\/www.altominho.tv\/site\/wp-json\/wp\/v2\/tags?post=49397"}],"curies":[{"name":"wp","href":"https:\/\/api.w.org\/{rel}","templated":true}]}}