{"id":49394,"date":"2020-07-17T19:15:00","date_gmt":"2020-07-17T18:15:00","guid":{"rendered":"http:\/\/www.altominho.tv\/site\/?p=49394"},"modified":"2020-07-17T19:10:26","modified_gmt":"2020-07-17T18:10:26","slug":"portugal-regista-206-surtos-ativos-da-doenca","status":"publish","type":"post","link":"https:\/\/www.altominho.tv\/site\/2020\/07\/17\/portugal-regista-206-surtos-ativos-da-doenca\/","title":{"rendered":"Portugal regista 206 surtos ativos da doen\u00e7a"},"content":{"rendered":"<p>Portugal contabiliza atualmente um total de 206 surtos ativos de covid-19, anunciou hoje a ministra da Sa\u00fade, Marta Temido, na confer\u00eancia de imprensa regular sobre a evolu\u00e7\u00e3o da pandemia no pa\u00eds.<\/p>\n<p class=\"text-paragraph\">\u201cH\u00e1 a referir que temos 41 surtos ativos no Norte, 13 no Centro, 134 em Lisboa e Vale do Tejo, cinco no Alentejo e 13 no Algarve. Esta \u00e9, genericamente, a caracteriza\u00e7\u00e3o da situa\u00e7\u00e3o epidemiol\u00f3gica do pa\u00eds\u201d, afirmou a governante, na apresenta\u00e7\u00e3o do boletim di\u00e1rio das autoridades sanit\u00e1rias, num somat\u00f3rio que perfaz um total de 206 surtos ativos.<\/p>\n<p class=\"text-paragraph\">De acordo com Marta Temido, observou-se tamb\u00e9m uma evolu\u00e7\u00e3o positiva ao n\u00edvel dos doentes hospitalizados com o novo coronav\u00edrus, bem como os que internados que necessitam de cuidados intensivos.<\/p>\n<p class=\"text-paragraph\">\u201cResulta ainda do boletim que os utentes que est\u00e3o hospitalizados s\u00e3o 447, menos 29 do que ontem, o que \u00e9 um bom indicador. Destes, 67 est\u00e3o nos cuidados intensivos, menos cinco do que ontem [quinta-feira]\u201d, explicou, esclarecendo que a regi\u00e3o de Lisboa e Vale do Tejo concentra 385 do total de 447 internados, ou seja, 86%, e que 302 (68%) est\u00e3o em hospitais dos cinco concelhos mais vigiados na evolu\u00e7\u00e3o da doen\u00e7a: Lisboa, Amadora, Sintra, Loures e Odivelas.<\/p>\n<p class=\"text-paragraph\">Paralelamente, a ministra da Sa\u00fade assumiu que o risco de transmiss\u00e3o (RT) calculado pelo Instituto Nacional de Sa\u00fade Doutor Ricardo Jorge (INSA) para os dias 10 a 14 de julho \u00e9 de 0,96, considerando-o \u201cconstante\u201d, mas a \u201cbaixar um bocadinho\u201d. A n\u00edvel regional a distribui\u00e7\u00e3o do RT \u00e9 a seguinte: 1,04 na regi\u00e3o Norte, 0,94 na regi\u00e3o Centro, 0,94 na regi\u00e3o de Lisboa e Vale do Tejo, 0,89 na regi\u00e3o do Alentejo e 1,17 na regi\u00e3o do Algarve.<\/p>\n<p class=\"text-paragraph\">Segundo Marta Temido, as autoridades de sa\u00fade continuaram nos \u00faltimos dias a \u201cpol\u00edtica de dete\u00e7\u00e3o precoce dos novos casos atrav\u00e9s da utiliza\u00e7\u00e3o intensiva de testes de diagn\u00f3stico\u201d e revelou que no dia 15 de julho, o \u00faltimo sobre o qual existem dados contabilizados, foram realizados 15.866 testes, dos quais 658 (4,1%) foram positivos.<\/p>\n<p class=\"text-paragraph\">\u201cMant\u00e9m-se a tend\u00eancia de um n\u00famero significativo de testes realizado diariamente, com uma percentagem de casos positivos que posso caracterizar ainda de alguma inconst\u00e2ncia\u201d, sublinhou, sem deixar de frisar que \u201cnas 19 freguesias que mais t\u00eam suscitado a interven\u00e7\u00e3o das equipas de sa\u00fade p\u00fablica se mant\u00e9m uma diminui\u00e7\u00e3o da incid\u00eancia nos \u00faltimos sete dias\u201d, mas que se mant\u00eam as medidas de conten\u00e7\u00e3o da propaga\u00e7\u00e3o da doen\u00e7a.<\/p>\n<p class=\"text-paragraph\">Portugal contabiliza pelo menos 1.682 mortos associados \u00e0 covid-19 em 48.077 casos confirmados de infe\u00e7\u00e3o, segundo o \u00faltimo boletim da Dire\u00e7\u00e3o-Geral da Sa\u00fade (DGS).<\/p>\n","protected":false},"excerpt":{"rendered":"<p>Portugal contabiliza atualmente um total de 206 surtos ativos de covid-19, anunciou hoje a ministra da Sa\u00fade, Marta Temido, na confer\u00eancia de imprensa regular sobre a evolu\u00e7\u00e3o da pandemia no pa\u00eds. \u201cH\u00e1 a referir que temos 41 surtos ativos no Norte, 13 no Centro, 134 em Lisboa e Vale do Tejo, cinco no Alentejo e [&hellip;]<\/p>\n","protected":false},"author":13,"featured_media":49395,"comment_status":"closed","ping_status":"closed","sticky":false,"template":"","format":"standard","meta":{"_exactmetrics_skip_tracking":false,"_exactmetrics_sitenote_active":false,"_exactmetrics_sitenote_note":"","_exactmetrics_sitenote_category":0,"footnotes":""},"categories":[42722],"tags":[26,27],"class_list":["post-49394","post","type-post","status-publish","format-standard","has-post-thumbnail","hentry","category-covid-19","tag-saude","tag-sociedade"],"yoast_head":"<!-- This site is optimized with the Yoast SEO Premium plugin v27.4 (Yoast SEO v27.4) - https:\/\/yoast.com\/product\/yoast-seo-premium-wordpress\/ -->\n<title>Portugal regista 206 surtos ativos da doen\u00e7a<\/title>\n<meta name=\"robots\" content=\"index, follow, max-snippet:-1, max-image-preview:large, max-video-preview:-1\" \/>\n<link rel=\"canonical\" href=\"https:\/\/www.altominho.tv\/site\/2020\/07\/17\/portugal-regista-206-surtos-ativos-da-doenca\/\" \/>\n<meta property=\"og:locale\" content=\"pt_PT\" \/>\n<meta property=\"og:type\" content=\"article\" \/>\n<meta property=\"og:title\" content=\"Portugal regista 206 surtos ativos da doen\u00e7a\" \/>\n<meta property=\"og:description\" content=\"Portugal contabiliza atualmente um total de 206 surtos ativos de covid-19, anunciou hoje a ministra da Sa\u00fade, Marta Temido, na confer\u00eancia de imprensa regular sobre a evolu\u00e7\u00e3o da pandemia no pa\u00eds. \u201cH\u00e1 a referir que temos 41 surtos ativos no Norte, 13 no Centro, 134 em Lisboa e Vale do Tejo, cinco no Alentejo e [&hellip;]\" \/>\n<meta property=\"og:url\" content=\"https:\/\/www.altominho.tv\/site\/2020\/07\/17\/portugal-regista-206-surtos-ativos-da-doenca\/\" \/>\n<meta property=\"og:site_name\" content=\"Altominho.tv\" \/>\n<meta property=\"article:publisher\" content=\"https:\/\/www.facebook.com\/altominhotv\" \/>\n<meta property=\"article:published_time\" content=\"2020-07-17T18:15:00+00:00\" \/>\n<meta property=\"og:image\" content=\"https:\/\/www.altominho.tv\/site\/wp-content\/uploads\/2020\/07\/65f6aa21db5afd8c17c3f0f17494be2a_XL.jpg\" \/>\n\t<meta property=\"og:image:width\" content=\"1141\" \/>\n\t<meta property=\"og:image:height\" content=\"705\" \/>\n\t<meta property=\"og:image:type\" content=\"image\/jpeg\" \/>\n<meta name=\"author\" content=\"Lusa\" \/>\n<meta name=\"twitter:card\" content=\"summary_large_image\" \/>\n<meta name=\"twitter:creator\" content=\"@altominhoTV\" \/>\n<meta name=\"twitter:site\" content=\"@altominhoTV\" \/>\n<meta name=\"twitter:label1\" content=\"Escrito por\" \/>\n\t<meta name=\"twitter:data1\" content=\"Lusa\" \/>\n\t<meta name=\"twitter:label2\" content=\"Tempo estimado de leitura\" \/>\n\t<meta name=\"twitter:data2\" content=\"2 minutos\" \/>\n<script type=\"application\/ld+json\" class=\"yoast-schema-graph\">{\"@context\":\"https:\\\/\\\/schema.org\",\"@graph\":[{\"@type\":\"Article\",\"@id\":\"https:\\\/\\\/www.altominho.tv\\\/site\\\/2020\\\/07\\\/17\\\/portugal-regista-206-surtos-ativos-da-doenca\\\/#article\",\"isPartOf\":{\"@id\":\"https:\\\/\\\/www.altominho.tv\\\/site\\\/2020\\\/07\\\/17\\\/portugal-regista-206-surtos-ativos-da-doenca\\\/\"},\"author\":{\"name\":\"Lusa\",\"@id\":\"https:\\\/\\\/www.altominho.tv\\\/site\\\/#\\\/schema\\\/person\\\/63f693da3e1899361cbe955c46f3232e\"},\"headline\":\"Portugal regista 206 surtos ativos da doen\u00e7a\",\"datePublished\":\"2020-07-17T18:15:00+00:00\",\"mainEntityOfPage\":{\"@id\":\"https:\\\/\\\/www.altominho.tv\\\/site\\\/2020\\\/07\\\/17\\\/portugal-regista-206-surtos-ativos-da-doenca\\\/\"},\"wordCount\":447,\"image\":{\"@id\":\"https:\\\/\\\/www.altominho.tv\\\/site\\\/2020\\\/07\\\/17\\\/portugal-regista-206-surtos-ativos-da-doenca\\\/#primaryimage\"},\"thumbnailUrl\":\"https:\\\/\\\/www.altominho.tv\\\/site\\\/wp-content\\\/uploads\\\/2020\\\/07\\\/65f6aa21db5afd8c17c3f0f17494be2a_XL.jpg\",\"keywords\":[\"Sa\u00fade\",\"Sociedade\"],\"articleSection\":[\"Coronav\u00edrus\"],\"inLanguage\":\"pt-PT\",\"copyrightYear\":\"2020\",\"copyrightHolder\":{\"@id\":\"https:\\\/\\\/www.altominho.tv\\\/site\\\/#organization\"}},{\"@type\":\"WebPage\",\"@id\":\"https:\\\/\\\/www.altominho.tv\\\/site\\\/2020\\\/07\\\/17\\\/portugal-regista-206-surtos-ativos-da-doenca\\\/\",\"url\":\"https:\\\/\\\/www.altominho.tv\\\/site\\\/2020\\\/07\\\/17\\\/portugal-regista-206-surtos-ativos-da-doenca\\\/\",\"name\":\"Portugal regista 206 surtos ativos da doen\u00e7a\",\"isPartOf\":{\"@id\":\"https:\\\/\\\/www.altominho.tv\\\/site\\\/#website\"},\"primaryImageOfPage\":{\"@id\":\"https:\\\/\\\/www.altominho.tv\\\/site\\\/2020\\\/07\\\/17\\\/portugal-regista-206-surtos-ativos-da-doenca\\\/#primaryimage\"},\"image\":{\"@id\":\"https:\\\/\\\/www.altominho.tv\\\/site\\\/2020\\\/07\\\/17\\\/portugal-regista-206-surtos-ativos-da-doenca\\\/#primaryimage\"},\"thumbnailUrl\":\"https:\\\/\\\/www.altominho.tv\\\/site\\\/wp-content\\\/uploads\\\/2020\\\/07\\\/65f6aa21db5afd8c17c3f0f17494be2a_XL.jpg\",\"datePublished\":\"2020-07-17T18:15:00+00:00\",\"author\":{\"@id\":\"https:\\\/\\\/www.altominho.tv\\\/site\\\/#\\\/schema\\\/person\\\/63f693da3e1899361cbe955c46f3232e\"},\"breadcrumb\":{\"@id\":\"https:\\\/\\\/www.altominho.tv\\\/site\\\/2020\\\/07\\\/17\\\/portugal-regista-206-surtos-ativos-da-doenca\\\/#breadcrumb\"},\"inLanguage\":\"pt-PT\",\"potentialAction\":[{\"@type\":\"ReadAction\",\"target\":[\"https:\\\/\\\/www.altominho.tv\\\/site\\\/2020\\\/07\\\/17\\\/portugal-regista-206-surtos-ativos-da-doenca\\\/\"]}]},{\"@type\":\"ImageObject\",\"inLanguage\":\"pt-PT\",\"@id\":\"https:\\\/\\\/www.altominho.tv\\\/site\\\/2020\\\/07\\\/17\\\/portugal-regista-206-surtos-ativos-da-doenca\\\/#primaryimage\",\"url\":\"https:\\\/\\\/www.altominho.tv\\\/site\\\/wp-content\\\/uploads\\\/2020\\\/07\\\/65f6aa21db5afd8c17c3f0f17494be2a_XL.jpg\",\"contentUrl\":\"https:\\\/\\\/www.altominho.tv\\\/site\\\/wp-content\\\/uploads\\\/2020\\\/07\\\/65f6aa21db5afd8c17c3f0f17494be2a_XL.jpg\",\"width\":1141,\"height\":705},{\"@type\":\"BreadcrumbList\",\"@id\":\"https:\\\/\\\/www.altominho.tv\\\/site\\\/2020\\\/07\\\/17\\\/portugal-regista-206-surtos-ativos-da-doenca\\\/#breadcrumb\",\"itemListElement\":[{\"@type\":\"ListItem\",\"position\":1,\"name\":\"In\u00edcio\",\"item\":\"https:\\\/\\\/www.altominho.tv\\\/site\\\/\"},{\"@type\":\"ListItem\",\"position\":2,\"name\":\"Portugal regista 206 surtos ativos da doen\u00e7a\"}]},{\"@type\":\"WebSite\",\"@id\":\"https:\\\/\\\/www.altominho.tv\\\/site\\\/#website\",\"url\":\"https:\\\/\\\/www.altominho.tv\\\/site\\\/\",\"name\":\"Altominho.tv\",\"description\":\"A sua regi\u00e3o \u00e0 dist\u00e2ncia de um clique...\",\"potentialAction\":[{\"@type\":\"SearchAction\",\"target\":{\"@type\":\"EntryPoint\",\"urlTemplate\":\"https:\\\/\\\/www.altominho.tv\\\/site\\\/?s={search_term_string}\"},\"query-input\":{\"@type\":\"PropertyValueSpecification\",\"valueRequired\":true,\"valueName\":\"search_term_string\"}}],\"inLanguage\":\"pt-PT\"},{\"@type\":\"Person\",\"@id\":\"https:\\\/\\\/www.altominho.tv\\\/site\\\/#\\\/schema\\\/person\\\/63f693da3e1899361cbe955c46f3232e\",\"name\":\"Lusa\",\"image\":{\"@type\":\"ImageObject\",\"inLanguage\":\"pt-PT\",\"@id\":\"https:\\\/\\\/www.altominho.tv\\\/site\\\/wp-content\\\/uploads\\\/2019\\\/08\\\/LUSA_Logo.gif\",\"url\":\"https:\\\/\\\/www.altominho.tv\\\/site\\\/wp-content\\\/uploads\\\/2019\\\/08\\\/LUSA_Logo.gif\",\"contentUrl\":\"https:\\\/\\\/www.altominho.tv\\\/site\\\/wp-content\\\/uploads\\\/2019\\\/08\\\/LUSA_Logo.gif\",\"caption\":\"Lusa\"},\"sameAs\":[\"http:\\\/\\\/\\\/\\\/www.altominho.tv\\\/site\"],\"url\":\"https:\\\/\\\/www.altominho.tv\\\/site\\\/author\\\/lusa\\\/\"}]}<\/script>\n<!-- \/ Yoast SEO Premium plugin. -->","yoast_head_json":{"title":"Portugal regista 206 surtos ativos da doen\u00e7a","robots":{"index":"index","follow":"follow","max-snippet":"max-snippet:-1","max-image-preview":"max-image-preview:large","max-video-preview":"max-video-preview:-1"},"canonical":"https:\/\/www.altominho.tv\/site\/2020\/07\/17\/portugal-regista-206-surtos-ativos-da-doenca\/","og_locale":"pt_PT","og_type":"article","og_title":"Portugal regista 206 surtos ativos da doen\u00e7a","og_description":"Portugal contabiliza atualmente um total de 206 surtos ativos de covid-19, anunciou hoje a ministra da Sa\u00fade, Marta Temido, na confer\u00eancia de imprensa regular sobre a evolu\u00e7\u00e3o da pandemia no pa\u00eds. \u201cH\u00e1 a referir que temos 41 surtos ativos no Norte, 13 no Centro, 134 em Lisboa e Vale do Tejo, cinco no Alentejo e [&hellip;]","og_url":"https:\/\/www.altominho.tv\/site\/2020\/07\/17\/portugal-regista-206-surtos-ativos-da-doenca\/","og_site_name":"Altominho.tv","article_publisher":"https:\/\/www.facebook.com\/altominhotv","article_published_time":"2020-07-17T18:15:00+00:00","og_image":[{"width":1141,"height":705,"url":"https:\/\/www.altominho.tv\/site\/wp-content\/uploads\/2020\/07\/65f6aa21db5afd8c17c3f0f17494be2a_XL.jpg","type":"image\/jpeg"}],"author":"Lusa","twitter_card":"summary_large_image","twitter_creator":"@altominhoTV","twitter_site":"@altominhoTV","twitter_misc":{"Escrito por":"Lusa","Tempo estimado de leitura":"2 minutos"},"schema":{"@context":"https:\/\/schema.org","@graph":[{"@type":"Article","@id":"https:\/\/www.altominho.tv\/site\/2020\/07\/17\/portugal-regista-206-surtos-ativos-da-doenca\/#article","isPartOf":{"@id":"https:\/\/www.altominho.tv\/site\/2020\/07\/17\/portugal-regista-206-surtos-ativos-da-doenca\/"},"author":{"name":"Lusa","@id":"https:\/\/www.altominho.tv\/site\/#\/schema\/person\/63f693da3e1899361cbe955c46f3232e"},"headline":"Portugal regista 206 surtos ativos da doen\u00e7a","datePublished":"2020-07-17T18:15:00+00:00","mainEntityOfPage":{"@id":"https:\/\/www.altominho.tv\/site\/2020\/07\/17\/portugal-regista-206-surtos-ativos-da-doenca\/"},"wordCount":447,"image":{"@id":"https:\/\/www.altominho.tv\/site\/2020\/07\/17\/portugal-regista-206-surtos-ativos-da-doenca\/#primaryimage"},"thumbnailUrl":"https:\/\/www.altominho.tv\/site\/wp-content\/uploads\/2020\/07\/65f6aa21db5afd8c17c3f0f17494be2a_XL.jpg","keywords":["Sa\u00fade","Sociedade"],"articleSection":["Coronav\u00edrus"],"inLanguage":"pt-PT","copyrightYear":"2020","copyrightHolder":{"@id":"https:\/\/www.altominho.tv\/site\/#organization"}},{"@type":"WebPage","@id":"https:\/\/www.altominho.tv\/site\/2020\/07\/17\/portugal-regista-206-surtos-ativos-da-doenca\/","url":"https:\/\/www.altominho.tv\/site\/2020\/07\/17\/portugal-regista-206-surtos-ativos-da-doenca\/","name":"Portugal regista 206 surtos ativos da doen\u00e7a","isPartOf":{"@id":"https:\/\/www.altominho.tv\/site\/#website"},"primaryImageOfPage":{"@id":"https:\/\/www.altominho.tv\/site\/2020\/07\/17\/portugal-regista-206-surtos-ativos-da-doenca\/#primaryimage"},"image":{"@id":"https:\/\/www.altominho.tv\/site\/2020\/07\/17\/portugal-regista-206-surtos-ativos-da-doenca\/#primaryimage"},"thumbnailUrl":"https:\/\/www.altominho.tv\/site\/wp-content\/uploads\/2020\/07\/65f6aa21db5afd8c17c3f0f17494be2a_XL.jpg","datePublished":"2020-07-17T18:15:00+00:00","author":{"@id":"https:\/\/www.altominho.tv\/site\/#\/schema\/person\/63f693da3e1899361cbe955c46f3232e"},"breadcrumb":{"@id":"https:\/\/www.altominho.tv\/site\/2020\/07\/17\/portugal-regista-206-surtos-ativos-da-doenca\/#breadcrumb"},"inLanguage":"pt-PT","potentialAction":[{"@type":"ReadAction","target":["https:\/\/www.altominho.tv\/site\/2020\/07\/17\/portugal-regista-206-surtos-ativos-da-doenca\/"]}]},{"@type":"ImageObject","inLanguage":"pt-PT","@id":"https:\/\/www.altominho.tv\/site\/2020\/07\/17\/portugal-regista-206-surtos-ativos-da-doenca\/#primaryimage","url":"https:\/\/www.altominho.tv\/site\/wp-content\/uploads\/2020\/07\/65f6aa21db5afd8c17c3f0f17494be2a_XL.jpg","contentUrl":"https:\/\/www.altominho.tv\/site\/wp-content\/uploads\/2020\/07\/65f6aa21db5afd8c17c3f0f17494be2a_XL.jpg","width":1141,"height":705},{"@type":"BreadcrumbList","@id":"https:\/\/www.altominho.tv\/site\/2020\/07\/17\/portugal-regista-206-surtos-ativos-da-doenca\/#breadcrumb","itemListElement":[{"@type":"ListItem","position":1,"name":"In\u00edcio","item":"https:\/\/www.altominho.tv\/site\/"},{"@type":"ListItem","position":2,"name":"Portugal regista 206 surtos ativos da doen\u00e7a"}]},{"@type":"WebSite","@id":"https:\/\/www.altominho.tv\/site\/#website","url":"https:\/\/www.altominho.tv\/site\/","name":"Altominho.tv","description":"A sua regi\u00e3o \u00e0 dist\u00e2ncia de um clique...","potentialAction":[{"@type":"SearchAction","target":{"@type":"EntryPoint","urlTemplate":"https:\/\/www.altominho.tv\/site\/?s={search_term_string}"},"query-input":{"@type":"PropertyValueSpecification","valueRequired":true,"valueName":"search_term_string"}}],"inLanguage":"pt-PT"},{"@type":"Person","@id":"https:\/\/www.altominho.tv\/site\/#\/schema\/person\/63f693da3e1899361cbe955c46f3232e","name":"Lusa","image":{"@type":"ImageObject","inLanguage":"pt-PT","@id":"https:\/\/www.altominho.tv\/site\/wp-content\/uploads\/2019\/08\/LUSA_Logo.gif","url":"https:\/\/www.altominho.tv\/site\/wp-content\/uploads\/2019\/08\/LUSA_Logo.gif","contentUrl":"https:\/\/www.altominho.tv\/site\/wp-content\/uploads\/2019\/08\/LUSA_Logo.gif","caption":"Lusa"},"sameAs":["http:\/\/\/\/www.altominho.tv\/site"],"url":"https:\/\/www.altominho.tv\/site\/author\/lusa\/"}]}},"_links":{"self":[{"href":"https:\/\/www.altominho.tv\/site\/wp-json\/wp\/v2\/posts\/49394","targetHints":{"allow":["GET"]}}],"collection":[{"href":"https:\/\/www.altominho.tv\/site\/wp-json\/wp\/v2\/posts"}],"about":[{"href":"https:\/\/www.altominho.tv\/site\/wp-json\/wp\/v2\/types\/post"}],"author":[{"embeddable":true,"href":"https:\/\/www.altominho.tv\/site\/wp-json\/wp\/v2\/users\/13"}],"replies":[{"embeddable":true,"href":"https:\/\/www.altominho.tv\/site\/wp-json\/wp\/v2\/comments?post=49394"}],"version-history":[{"count":0,"href":"https:\/\/www.altominho.tv\/site\/wp-json\/wp\/v2\/posts\/49394\/revisions"}],"wp:featuredmedia":[{"embeddable":true,"href":"https:\/\/www.altominho.tv\/site\/wp-json\/wp\/v2\/media\/49395"}],"wp:attachment":[{"href":"https:\/\/www.altominho.tv\/site\/wp-json\/wp\/v2\/media?parent=49394"}],"wp:term":[{"taxonomy":"category","embeddable":true,"href":"https:\/\/www.altominho.tv\/site\/wp-json\/wp\/v2\/categories?post=49394"},{"taxonomy":"post_tag","embeddable":true,"href":"https:\/\/www.altominho.tv\/site\/wp-json\/wp\/v2\/tags?post=49394"}],"curies":[{"name":"wp","href":"https:\/\/api.w.org\/{rel}","templated":true}]}}