{"id":49390,"date":"2020-07-17T17:59:34","date_gmt":"2020-07-17T16:59:34","guid":{"rendered":"http:\/\/www.altominho.tv\/site\/?p=49390"},"modified":"2020-07-17T18:00:02","modified_gmt":"2020-07-17T17:00:02","slug":"ventiladores-com-falhas-foram-doacao-ministra","status":"publish","type":"post","link":"https:\/\/www.altominho.tv\/site\/2020\/07\/17\/ventiladores-com-falhas-foram-doacao-ministra\/","title":{"rendered":"Ventiladores com falhas foram doa\u00e7\u00e3o"},"content":{"rendered":"<p>A ministra da Sa\u00fade afirmou hoje que os 30 ventiladores que apresentam falhas foram doados e n\u00e3o comprados pelo Servi\u00e7o Nacional de Sa\u00fade (SNS), que desde mar\u00e7o reuniu 1.743 daqueles equipamentos, tendo comprado 946.<\/p>\n<p class=\"text-paragraph\">\u201cTanto quanto \u00e9 do meu conhecimento, os ventiladores [que apresentam falhas] n\u00e3o foram comprados pelo SNS. Foram uma doa\u00e7\u00e3o e o generoso doador est\u00e1 j\u00e1 a tratar das quest\u00f5es com o fornecedor\u201d, afirmou a ministra da Sa\u00fade na confer\u00eancia de imprensa sobre a pandemia de covid-19.<\/p>\n<p class=\"text-paragraph\">A ministra explicou que, em mar\u00e7o, foram \u201cidentificados mais de 1.100 ventiladores para serem afetos\u201d a doentes covid-19, refor\u00e7ados, at\u00e9 ao momento, com mais 1.743.<\/p>\n<p class=\"text-paragraph\">Destes 1.743 ventiladores de refor\u00e7o, o SNS comprou 946, alguns dos quais j\u00e1 entregues, 156 correspondem a um empr\u00e9stimo e 522 foram doados, disse a ministra.<\/p>\n<p class=\"text-paragraph\">O jornal Correio da Manh\u00e3 avan\u00e7ou hoje que 30 ventiladores adquiridos por 1,3 milh\u00f5es de euros apresentam falhas t\u00e9cnicas.<\/p>\n<p class=\"text-paragraph\">Portugal regista hoje mais tr\u00eas mortes e 312 novos casos de infe\u00e7\u00e3o por covid-19, em rela\u00e7\u00e3o a quinta-feira, 236 dos quais na regi\u00e3o de Lisboa e Vale do Tejo, segundo o boletim di\u00e1rio da Dire\u00e7\u00e3o-Geral da Sa\u00fade (DGS).<\/p>\n<p class=\"text-paragraph\">De acordo com o boletim, desde o in\u00edcio da pandemia at\u00e9 hoje registam-se 48.077 casos de infe\u00e7\u00e3o confirmados e 1.682 mortes.<\/p>\n","protected":false},"excerpt":{"rendered":"<p>A ministra da Sa\u00fade afirmou hoje que os 30 ventiladores que apresentam falhas foram doados e n\u00e3o comprados pelo Servi\u00e7o Nacional de Sa\u00fade (SNS), que desde mar\u00e7o reuniu 1.743 daqueles equipamentos, tendo comprado 946. \u201cTanto quanto \u00e9 do meu conhecimento, os ventiladores [que apresentam falhas] n\u00e3o foram comprados pelo SNS. Foram uma doa\u00e7\u00e3o e o [&hellip;]<\/p>\n","protected":false},"author":13,"featured_media":49391,"comment_status":"closed","ping_status":"closed","sticky":false,"template":"","format":"standard","meta":{"_exactmetrics_skip_tracking":false,"_exactmetrics_sitenote_active":false,"_exactmetrics_sitenote_note":"","_exactmetrics_sitenote_category":0,"footnotes":""},"categories":[42722],"tags":[26,27],"class_list":["post-49390","post","type-post","status-publish","format-standard","has-post-thumbnail","hentry","category-covid-19","tag-saude","tag-sociedade"],"yoast_head":"<!-- This site is optimized with the Yoast SEO Premium plugin v27.4 (Yoast SEO v27.4) - https:\/\/yoast.com\/product\/yoast-seo-premium-wordpress\/ -->\n<title>Ventiladores com falhas foram doa\u00e7\u00e3o<\/title>\n<meta name=\"robots\" content=\"index, follow, max-snippet:-1, max-image-preview:large, max-video-preview:-1\" \/>\n<link rel=\"canonical\" href=\"https:\/\/www.altominho.tv\/site\/2020\/07\/17\/ventiladores-com-falhas-foram-doacao-ministra\/\" \/>\n<meta property=\"og:locale\" content=\"pt_PT\" \/>\n<meta property=\"og:type\" content=\"article\" \/>\n<meta property=\"og:title\" content=\"Ventiladores com falhas foram doa\u00e7\u00e3o\" \/>\n<meta property=\"og:description\" content=\"A ministra da Sa\u00fade afirmou hoje que os 30 ventiladores que apresentam falhas foram doados e n\u00e3o comprados pelo Servi\u00e7o Nacional de Sa\u00fade (SNS), que desde mar\u00e7o reuniu 1.743 daqueles equipamentos, tendo comprado 946. \u201cTanto quanto \u00e9 do meu conhecimento, os ventiladores [que apresentam falhas] n\u00e3o foram comprados pelo SNS. Foram uma doa\u00e7\u00e3o e o [&hellip;]\" \/>\n<meta property=\"og:url\" content=\"https:\/\/www.altominho.tv\/site\/2020\/07\/17\/ventiladores-com-falhas-foram-doacao-ministra\/\" \/>\n<meta property=\"og:site_name\" content=\"Altominho.tv\" \/>\n<meta property=\"article:publisher\" content=\"https:\/\/www.facebook.com\/altominhotv\" \/>\n<meta property=\"article:published_time\" content=\"2020-07-17T16:59:34+00:00\" \/>\n<meta property=\"article:modified_time\" content=\"2020-07-17T17:00:02+00:00\" \/>\n<meta property=\"og:image\" content=\"https:\/\/www.altominho.tv\/site\/wp-content\/uploads\/2020\/07\/ministra_da_saude_marta_temido_foto_miguel_a_lopes_lusa17988a6edefaultlarge_1024.jpg\" \/>\n\t<meta property=\"og:image:width\" content=\"1024\" \/>\n\t<meta property=\"og:image:height\" content=\"683\" \/>\n\t<meta property=\"og:image:type\" content=\"image\/jpeg\" \/>\n<meta name=\"author\" content=\"Lusa\" \/>\n<meta name=\"twitter:card\" content=\"summary_large_image\" \/>\n<meta name=\"twitter:creator\" content=\"@altominhoTV\" \/>\n<meta name=\"twitter:site\" content=\"@altominhoTV\" \/>\n<meta name=\"twitter:label1\" content=\"Escrito por\" \/>\n\t<meta name=\"twitter:data1\" content=\"Lusa\" \/>\n\t<meta name=\"twitter:label2\" content=\"Tempo estimado de leitura\" \/>\n\t<meta name=\"twitter:data2\" content=\"1 minuto\" \/>\n<script type=\"application\/ld+json\" class=\"yoast-schema-graph\">{\"@context\":\"https:\\\/\\\/schema.org\",\"@graph\":[{\"@type\":\"Article\",\"@id\":\"https:\\\/\\\/www.altominho.tv\\\/site\\\/2020\\\/07\\\/17\\\/ventiladores-com-falhas-foram-doacao-ministra\\\/#article\",\"isPartOf\":{\"@id\":\"https:\\\/\\\/www.altominho.tv\\\/site\\\/2020\\\/07\\\/17\\\/ventiladores-com-falhas-foram-doacao-ministra\\\/\"},\"author\":{\"name\":\"Lusa\",\"@id\":\"https:\\\/\\\/www.altominho.tv\\\/site\\\/#\\\/schema\\\/person\\\/63f693da3e1899361cbe955c46f3232e\"},\"headline\":\"Ventiladores com falhas foram doa\u00e7\u00e3o\",\"datePublished\":\"2020-07-17T16:59:34+00:00\",\"dateModified\":\"2020-07-17T17:00:02+00:00\",\"mainEntityOfPage\":{\"@id\":\"https:\\\/\\\/www.altominho.tv\\\/site\\\/2020\\\/07\\\/17\\\/ventiladores-com-falhas-foram-doacao-ministra\\\/\"},\"wordCount\":225,\"image\":{\"@id\":\"https:\\\/\\\/www.altominho.tv\\\/site\\\/2020\\\/07\\\/17\\\/ventiladores-com-falhas-foram-doacao-ministra\\\/#primaryimage\"},\"thumbnailUrl\":\"https:\\\/\\\/www.altominho.tv\\\/site\\\/wp-content\\\/uploads\\\/2020\\\/07\\\/ministra_da_saude_marta_temido_foto_miguel_a_lopes_lusa17988a6edefaultlarge_1024.jpg\",\"keywords\":[\"Sa\u00fade\",\"Sociedade\"],\"articleSection\":[\"Coronav\u00edrus\"],\"inLanguage\":\"pt-PT\",\"copyrightYear\":\"2020\",\"copyrightHolder\":{\"@id\":\"https:\\\/\\\/www.altominho.tv\\\/site\\\/#organization\"}},{\"@type\":\"WebPage\",\"@id\":\"https:\\\/\\\/www.altominho.tv\\\/site\\\/2020\\\/07\\\/17\\\/ventiladores-com-falhas-foram-doacao-ministra\\\/\",\"url\":\"https:\\\/\\\/www.altominho.tv\\\/site\\\/2020\\\/07\\\/17\\\/ventiladores-com-falhas-foram-doacao-ministra\\\/\",\"name\":\"Ventiladores com falhas foram doa\u00e7\u00e3o\",\"isPartOf\":{\"@id\":\"https:\\\/\\\/www.altominho.tv\\\/site\\\/#website\"},\"primaryImageOfPage\":{\"@id\":\"https:\\\/\\\/www.altominho.tv\\\/site\\\/2020\\\/07\\\/17\\\/ventiladores-com-falhas-foram-doacao-ministra\\\/#primaryimage\"},\"image\":{\"@id\":\"https:\\\/\\\/www.altominho.tv\\\/site\\\/2020\\\/07\\\/17\\\/ventiladores-com-falhas-foram-doacao-ministra\\\/#primaryimage\"},\"thumbnailUrl\":\"https:\\\/\\\/www.altominho.tv\\\/site\\\/wp-content\\\/uploads\\\/2020\\\/07\\\/ministra_da_saude_marta_temido_foto_miguel_a_lopes_lusa17988a6edefaultlarge_1024.jpg\",\"datePublished\":\"2020-07-17T16:59:34+00:00\",\"dateModified\":\"2020-07-17T17:00:02+00:00\",\"author\":{\"@id\":\"https:\\\/\\\/www.altominho.tv\\\/site\\\/#\\\/schema\\\/person\\\/63f693da3e1899361cbe955c46f3232e\"},\"breadcrumb\":{\"@id\":\"https:\\\/\\\/www.altominho.tv\\\/site\\\/2020\\\/07\\\/17\\\/ventiladores-com-falhas-foram-doacao-ministra\\\/#breadcrumb\"},\"inLanguage\":\"pt-PT\",\"potentialAction\":[{\"@type\":\"ReadAction\",\"target\":[\"https:\\\/\\\/www.altominho.tv\\\/site\\\/2020\\\/07\\\/17\\\/ventiladores-com-falhas-foram-doacao-ministra\\\/\"]}]},{\"@type\":\"ImageObject\",\"inLanguage\":\"pt-PT\",\"@id\":\"https:\\\/\\\/www.altominho.tv\\\/site\\\/2020\\\/07\\\/17\\\/ventiladores-com-falhas-foram-doacao-ministra\\\/#primaryimage\",\"url\":\"https:\\\/\\\/www.altominho.tv\\\/site\\\/wp-content\\\/uploads\\\/2020\\\/07\\\/ministra_da_saude_marta_temido_foto_miguel_a_lopes_lusa17988a6edefaultlarge_1024.jpg\",\"contentUrl\":\"https:\\\/\\\/www.altominho.tv\\\/site\\\/wp-content\\\/uploads\\\/2020\\\/07\\\/ministra_da_saude_marta_temido_foto_miguel_a_lopes_lusa17988a6edefaultlarge_1024.jpg\",\"width\":1024,\"height\":683},{\"@type\":\"BreadcrumbList\",\"@id\":\"https:\\\/\\\/www.altominho.tv\\\/site\\\/2020\\\/07\\\/17\\\/ventiladores-com-falhas-foram-doacao-ministra\\\/#breadcrumb\",\"itemListElement\":[{\"@type\":\"ListItem\",\"position\":1,\"name\":\"In\u00edcio\",\"item\":\"https:\\\/\\\/www.altominho.tv\\\/site\\\/\"},{\"@type\":\"ListItem\",\"position\":2,\"name\":\"Ventiladores com falhas foram doa\u00e7\u00e3o\"}]},{\"@type\":\"WebSite\",\"@id\":\"https:\\\/\\\/www.altominho.tv\\\/site\\\/#website\",\"url\":\"https:\\\/\\\/www.altominho.tv\\\/site\\\/\",\"name\":\"Altominho.tv\",\"description\":\"A sua regi\u00e3o \u00e0 dist\u00e2ncia de um clique...\",\"potentialAction\":[{\"@type\":\"SearchAction\",\"target\":{\"@type\":\"EntryPoint\",\"urlTemplate\":\"https:\\\/\\\/www.altominho.tv\\\/site\\\/?s={search_term_string}\"},\"query-input\":{\"@type\":\"PropertyValueSpecification\",\"valueRequired\":true,\"valueName\":\"search_term_string\"}}],\"inLanguage\":\"pt-PT\"},{\"@type\":\"Person\",\"@id\":\"https:\\\/\\\/www.altominho.tv\\\/site\\\/#\\\/schema\\\/person\\\/63f693da3e1899361cbe955c46f3232e\",\"name\":\"Lusa\",\"image\":{\"@type\":\"ImageObject\",\"inLanguage\":\"pt-PT\",\"@id\":\"https:\\\/\\\/www.altominho.tv\\\/site\\\/wp-content\\\/uploads\\\/2019\\\/08\\\/LUSA_Logo.gif\",\"url\":\"https:\\\/\\\/www.altominho.tv\\\/site\\\/wp-content\\\/uploads\\\/2019\\\/08\\\/LUSA_Logo.gif\",\"contentUrl\":\"https:\\\/\\\/www.altominho.tv\\\/site\\\/wp-content\\\/uploads\\\/2019\\\/08\\\/LUSA_Logo.gif\",\"caption\":\"Lusa\"},\"sameAs\":[\"http:\\\/\\\/\\\/\\\/www.altominho.tv\\\/site\"],\"url\":\"https:\\\/\\\/www.altominho.tv\\\/site\\\/author\\\/lusa\\\/\"}]}<\/script>\n<!-- \/ Yoast SEO Premium plugin. -->","yoast_head_json":{"title":"Ventiladores com falhas foram doa\u00e7\u00e3o","robots":{"index":"index","follow":"follow","max-snippet":"max-snippet:-1","max-image-preview":"max-image-preview:large","max-video-preview":"max-video-preview:-1"},"canonical":"https:\/\/www.altominho.tv\/site\/2020\/07\/17\/ventiladores-com-falhas-foram-doacao-ministra\/","og_locale":"pt_PT","og_type":"article","og_title":"Ventiladores com falhas foram doa\u00e7\u00e3o","og_description":"A ministra da Sa\u00fade afirmou hoje que os 30 ventiladores que apresentam falhas foram doados e n\u00e3o comprados pelo Servi\u00e7o Nacional de Sa\u00fade (SNS), que desde mar\u00e7o reuniu 1.743 daqueles equipamentos, tendo comprado 946. \u201cTanto quanto \u00e9 do meu conhecimento, os ventiladores [que apresentam falhas] n\u00e3o foram comprados pelo SNS. Foram uma doa\u00e7\u00e3o e o [&hellip;]","og_url":"https:\/\/www.altominho.tv\/site\/2020\/07\/17\/ventiladores-com-falhas-foram-doacao-ministra\/","og_site_name":"Altominho.tv","article_publisher":"https:\/\/www.facebook.com\/altominhotv","article_published_time":"2020-07-17T16:59:34+00:00","article_modified_time":"2020-07-17T17:00:02+00:00","og_image":[{"width":1024,"height":683,"url":"https:\/\/www.altominho.tv\/site\/wp-content\/uploads\/2020\/07\/ministra_da_saude_marta_temido_foto_miguel_a_lopes_lusa17988a6edefaultlarge_1024.jpg","type":"image\/jpeg"}],"author":"Lusa","twitter_card":"summary_large_image","twitter_creator":"@altominhoTV","twitter_site":"@altominhoTV","twitter_misc":{"Escrito por":"Lusa","Tempo estimado de leitura":"1 minuto"},"schema":{"@context":"https:\/\/schema.org","@graph":[{"@type":"Article","@id":"https:\/\/www.altominho.tv\/site\/2020\/07\/17\/ventiladores-com-falhas-foram-doacao-ministra\/#article","isPartOf":{"@id":"https:\/\/www.altominho.tv\/site\/2020\/07\/17\/ventiladores-com-falhas-foram-doacao-ministra\/"},"author":{"name":"Lusa","@id":"https:\/\/www.altominho.tv\/site\/#\/schema\/person\/63f693da3e1899361cbe955c46f3232e"},"headline":"Ventiladores com falhas foram doa\u00e7\u00e3o","datePublished":"2020-07-17T16:59:34+00:00","dateModified":"2020-07-17T17:00:02+00:00","mainEntityOfPage":{"@id":"https:\/\/www.altominho.tv\/site\/2020\/07\/17\/ventiladores-com-falhas-foram-doacao-ministra\/"},"wordCount":225,"image":{"@id":"https:\/\/www.altominho.tv\/site\/2020\/07\/17\/ventiladores-com-falhas-foram-doacao-ministra\/#primaryimage"},"thumbnailUrl":"https:\/\/www.altominho.tv\/site\/wp-content\/uploads\/2020\/07\/ministra_da_saude_marta_temido_foto_miguel_a_lopes_lusa17988a6edefaultlarge_1024.jpg","keywords":["Sa\u00fade","Sociedade"],"articleSection":["Coronav\u00edrus"],"inLanguage":"pt-PT","copyrightYear":"2020","copyrightHolder":{"@id":"https:\/\/www.altominho.tv\/site\/#organization"}},{"@type":"WebPage","@id":"https:\/\/www.altominho.tv\/site\/2020\/07\/17\/ventiladores-com-falhas-foram-doacao-ministra\/","url":"https:\/\/www.altominho.tv\/site\/2020\/07\/17\/ventiladores-com-falhas-foram-doacao-ministra\/","name":"Ventiladores com falhas foram doa\u00e7\u00e3o","isPartOf":{"@id":"https:\/\/www.altominho.tv\/site\/#website"},"primaryImageOfPage":{"@id":"https:\/\/www.altominho.tv\/site\/2020\/07\/17\/ventiladores-com-falhas-foram-doacao-ministra\/#primaryimage"},"image":{"@id":"https:\/\/www.altominho.tv\/site\/2020\/07\/17\/ventiladores-com-falhas-foram-doacao-ministra\/#primaryimage"},"thumbnailUrl":"https:\/\/www.altominho.tv\/site\/wp-content\/uploads\/2020\/07\/ministra_da_saude_marta_temido_foto_miguel_a_lopes_lusa17988a6edefaultlarge_1024.jpg","datePublished":"2020-07-17T16:59:34+00:00","dateModified":"2020-07-17T17:00:02+00:00","author":{"@id":"https:\/\/www.altominho.tv\/site\/#\/schema\/person\/63f693da3e1899361cbe955c46f3232e"},"breadcrumb":{"@id":"https:\/\/www.altominho.tv\/site\/2020\/07\/17\/ventiladores-com-falhas-foram-doacao-ministra\/#breadcrumb"},"inLanguage":"pt-PT","potentialAction":[{"@type":"ReadAction","target":["https:\/\/www.altominho.tv\/site\/2020\/07\/17\/ventiladores-com-falhas-foram-doacao-ministra\/"]}]},{"@type":"ImageObject","inLanguage":"pt-PT","@id":"https:\/\/www.altominho.tv\/site\/2020\/07\/17\/ventiladores-com-falhas-foram-doacao-ministra\/#primaryimage","url":"https:\/\/www.altominho.tv\/site\/wp-content\/uploads\/2020\/07\/ministra_da_saude_marta_temido_foto_miguel_a_lopes_lusa17988a6edefaultlarge_1024.jpg","contentUrl":"https:\/\/www.altominho.tv\/site\/wp-content\/uploads\/2020\/07\/ministra_da_saude_marta_temido_foto_miguel_a_lopes_lusa17988a6edefaultlarge_1024.jpg","width":1024,"height":683},{"@type":"BreadcrumbList","@id":"https:\/\/www.altominho.tv\/site\/2020\/07\/17\/ventiladores-com-falhas-foram-doacao-ministra\/#breadcrumb","itemListElement":[{"@type":"ListItem","position":1,"name":"In\u00edcio","item":"https:\/\/www.altominho.tv\/site\/"},{"@type":"ListItem","position":2,"name":"Ventiladores com falhas foram doa\u00e7\u00e3o"}]},{"@type":"WebSite","@id":"https:\/\/www.altominho.tv\/site\/#website","url":"https:\/\/www.altominho.tv\/site\/","name":"Altominho.tv","description":"A sua regi\u00e3o \u00e0 dist\u00e2ncia de um clique...","potentialAction":[{"@type":"SearchAction","target":{"@type":"EntryPoint","urlTemplate":"https:\/\/www.altominho.tv\/site\/?s={search_term_string}"},"query-input":{"@type":"PropertyValueSpecification","valueRequired":true,"valueName":"search_term_string"}}],"inLanguage":"pt-PT"},{"@type":"Person","@id":"https:\/\/www.altominho.tv\/site\/#\/schema\/person\/63f693da3e1899361cbe955c46f3232e","name":"Lusa","image":{"@type":"ImageObject","inLanguage":"pt-PT","@id":"https:\/\/www.altominho.tv\/site\/wp-content\/uploads\/2019\/08\/LUSA_Logo.gif","url":"https:\/\/www.altominho.tv\/site\/wp-content\/uploads\/2019\/08\/LUSA_Logo.gif","contentUrl":"https:\/\/www.altominho.tv\/site\/wp-content\/uploads\/2019\/08\/LUSA_Logo.gif","caption":"Lusa"},"sameAs":["http:\/\/\/\/www.altominho.tv\/site"],"url":"https:\/\/www.altominho.tv\/site\/author\/lusa\/"}]}},"_links":{"self":[{"href":"https:\/\/www.altominho.tv\/site\/wp-json\/wp\/v2\/posts\/49390","targetHints":{"allow":["GET"]}}],"collection":[{"href":"https:\/\/www.altominho.tv\/site\/wp-json\/wp\/v2\/posts"}],"about":[{"href":"https:\/\/www.altominho.tv\/site\/wp-json\/wp\/v2\/types\/post"}],"author":[{"embeddable":true,"href":"https:\/\/www.altominho.tv\/site\/wp-json\/wp\/v2\/users\/13"}],"replies":[{"embeddable":true,"href":"https:\/\/www.altominho.tv\/site\/wp-json\/wp\/v2\/comments?post=49390"}],"version-history":[{"count":0,"href":"https:\/\/www.altominho.tv\/site\/wp-json\/wp\/v2\/posts\/49390\/revisions"}],"wp:featuredmedia":[{"embeddable":true,"href":"https:\/\/www.altominho.tv\/site\/wp-json\/wp\/v2\/media\/49391"}],"wp:attachment":[{"href":"https:\/\/www.altominho.tv\/site\/wp-json\/wp\/v2\/media?parent=49390"}],"wp:term":[{"taxonomy":"category","embeddable":true,"href":"https:\/\/www.altominho.tv\/site\/wp-json\/wp\/v2\/categories?post=49390"},{"taxonomy":"post_tag","embeddable":true,"href":"https:\/\/www.altominho.tv\/site\/wp-json\/wp\/v2\/tags?post=49390"}],"curies":[{"name":"wp","href":"https:\/\/api.w.org\/{rel}","templated":true}]}}