{"id":49356,"date":"2020-07-17T15:30:00","date_gmt":"2020-07-17T14:30:00","guid":{"rendered":"http:\/\/www.altominho.tv\/site\/?p=49356"},"modified":"2020-07-17T13:28:51","modified_gmt":"2020-07-17T12:28:51","slug":"investigadores-vao-estudar-vulnerabilidades-dos-casais-na-gravidez-e-pos-parto","status":"publish","type":"post","link":"https:\/\/www.altominho.tv\/site\/2020\/07\/17\/investigadores-vao-estudar-vulnerabilidades-dos-casais-na-gravidez-e-pos-parto\/","title":{"rendered":"Investigadores v\u00e3o estudar vulnerabilidades dos casais na gravidez e p\u00f3s-parto"},"content":{"rendered":"<p>Investigadores da Faculdade de Psicologia e de Ci\u00eancias da Educa\u00e7\u00e3o da Universidade do Porto (FPCEUP) v\u00e3o acompanhar casais, desde o terceiro trimestre de gravidez at\u00e9 ao p\u00f3s-parto, com o objetivo de perceber as vulnerabilidades sentidas no contexto da covid-19.<\/p>\n<p class=\"text-paragraph\">\u201cSurgiu a ideia de olharmos de forma mais atenta para as quest\u00f5es do bem-estar psicol\u00f3gico e emocional, aliadas ao efeito que esta nova realidade de pandemia est\u00e1 a provocar nos casais\u201d, afirmou, em declara\u00e7\u00f5es \u00e0 Lusa, Mariana Carrito, do SexLab, um grupo de investiga\u00e7\u00e3o da FPCEUP.<\/p>\n<p class=\"text-paragraph\">Com o objetivo de perceber as vulnerabilidades sentidas no contexto da covid-19 pelos casais que v\u00e3o ser pais pela primeira vez, os investigadores v\u00e3o, durante os pr\u00f3ximos 10 meses, caracterizar o acesso aos cuidados de sa\u00fade e apoios sociais dados durante a gravidez e o per\u00edodo p\u00f3s-parto.<\/p>\n<p class=\"text-paragraph\">\u201cQueremos perceber de que forma \u00e9 que estes dois fatores t\u00eam impacto na sa\u00fade mental perinatal e ap\u00f3s o nascimento\u201d, referiu a investigadora, acrescentando que com o surgimento da pandemia os cuidados disponibilizados \u00e0s gr\u00e1vidas \u201csofreram impactos avultados\u201d, como o adiamento de consultas, impedimento de contacto pele a pele com o beb\u00e9 e aus\u00eancia de acompanhante no parto.<\/p>\n<p class=\"text-paragraph\">Depois de fazerem a caracteriza\u00e7\u00e3o, o grupo de investiga\u00e7\u00e3o pretende fazer a \u201cdete\u00e7\u00e3o precoce das vulnerabilidades espec\u00edficas\u201d das gr\u00e1vidas e compar\u00e1-los com os seus parceiros.<\/p>\n<p class=\"text-paragraph\">\u201cA literatura mostra-nos que, muitas das vezes, este tipo de vulnerabilidades pode levar a um maior n\u00edvel de \u2018stress\u2019, que, infelizmente, \u00e9 respons\u00e1vel por uma maior preval\u00eancia de depress\u00e3o p\u00f3s-parto e que tem impacto na rela\u00e7\u00e3o com o beb\u00e9 ou com o companheiro\u201d, salientou Mariana Carrito.<\/p>\n<p class=\"text-paragraph\">Apesar de j\u00e1 acompanharem alguns casais, os investigadores pretendem, atrav\u00e9s de question\u00e1rios, reunir \u201co maior n\u00famero de respostas de casais de todo o pa\u00eds\u201d, por forma a avaliar diferentes vari\u00e1veis relacionadas com a sa\u00fade mental.<\/p>\n<p class=\"text-paragraph\">Paralelamente, a equipa vai tentar criar \u201cconte\u00fado multim\u00e9dia\u201d para sensibilizar a popula\u00e7\u00e3o e alertar as pol\u00edticas p\u00fablicas para esta \u201crealidade, necessidade e consequ\u00eancias inerentes \u00e0s vivencias das mulheres gr\u00e1vidas em contexto covid-19\u201d.<\/p>\n<p class=\"text-paragraph\">\u201c\u00c9 importante que as mulheres gr\u00e1vidas tenham um apoio social forte, que lhes permita fazer frente a estas vulnerabilidades e sentirem-se acompanhadas pela sua comunidade e pelas institui\u00e7\u00f5es m\u00e9dicas de que dependem\u201d, disse.<\/p>\n<p class=\"text-paragraph\">Al\u00e9m de investigadores do SexLab da Faculdade de Psicologia, a equipa integra tr\u00eas elementos do Centro Materno Infantil do Norte.<\/p>\n<p class=\"text-paragraph\">Com um financiamento de 39.995 euros, o projeto \u00e9 uma das 16 investiga\u00e7\u00f5es apoiadas pelo programa \u2018GENDER RESEARCH 4 COVID-19\u2019 da Funda\u00e7\u00e3o para a Ci\u00eancia e Tecnologia (FCT), uma iniciativa promovida em articula\u00e7\u00e3o com a Secretaria de Estado para a Cidadania e a Igualdade.<\/p>\n<p class=\"text-paragraph\">A pandemia de covid-19 j\u00e1\u00a0provocou mais de 585 mil mortos\u00a0e infetou\u00a0mais de 13,6 milh\u00f5es\u00a0de pessoas em 196 pa\u00edses e territ\u00f3rios, segundo um balan\u00e7o feito pela ag\u00eancia francesa AFP.<\/p>\n<p class=\"text-paragraph\">Em Portugal, morreram 1.679 pessoas das\u00a047.765 confirmadas\u00a0como infetadas, de acordo com o boletim mais recente da Dire\u00e7\u00e3o-Geral da Sa\u00fade.<\/p>\n","protected":false},"excerpt":{"rendered":"<p>Investigadores da Faculdade de Psicologia e de Ci\u00eancias da Educa\u00e7\u00e3o da Universidade do Porto (FPCEUP) v\u00e3o acompanhar casais, desde o terceiro trimestre de gravidez at\u00e9 ao p\u00f3s-parto, com o objetivo de perceber as vulnerabilidades sentidas no contexto da covid-19. \u201cSurgiu a ideia de olharmos de forma mais atenta para as quest\u00f5es do bem-estar psicol\u00f3gico e [&hellip;]<\/p>\n","protected":false},"author":13,"featured_media":49358,"comment_status":"closed","ping_status":"closed","sticky":false,"template":"","format":"standard","meta":{"_exactmetrics_skip_tracking":false,"_exactmetrics_sitenote_active":false,"_exactmetrics_sitenote_note":"","_exactmetrics_sitenote_category":0,"footnotes":""},"categories":[42722],"tags":[26,27],"class_list":["post-49356","post","type-post","status-publish","format-standard","has-post-thumbnail","hentry","category-covid-19","tag-saude","tag-sociedade"],"yoast_head":"<!-- This site is optimized with the Yoast SEO Premium plugin v27.4 (Yoast SEO v27.4) - https:\/\/yoast.com\/product\/yoast-seo-premium-wordpress\/ -->\n<title>Investigadores v\u00e3o estudar vulnerabilidades dos casais na gravidez e p\u00f3s-parto<\/title>\n<meta name=\"robots\" content=\"index, follow, max-snippet:-1, max-image-preview:large, max-video-preview:-1\" \/>\n<link rel=\"canonical\" href=\"https:\/\/www.altominho.tv\/site\/2020\/07\/17\/investigadores-vao-estudar-vulnerabilidades-dos-casais-na-gravidez-e-pos-parto\/\" \/>\n<meta property=\"og:locale\" content=\"pt_PT\" \/>\n<meta property=\"og:type\" content=\"article\" \/>\n<meta property=\"og:title\" content=\"Investigadores v\u00e3o estudar vulnerabilidades dos casais na gravidez e p\u00f3s-parto\" \/>\n<meta property=\"og:description\" content=\"Investigadores da Faculdade de Psicologia e de Ci\u00eancias da Educa\u00e7\u00e3o da Universidade do Porto (FPCEUP) v\u00e3o acompanhar casais, desde o terceiro trimestre de gravidez at\u00e9 ao p\u00f3s-parto, com o objetivo de perceber as vulnerabilidades sentidas no contexto da covid-19. \u201cSurgiu a ideia de olharmos de forma mais atenta para as quest\u00f5es do bem-estar psicol\u00f3gico e [&hellip;]\" \/>\n<meta property=\"og:url\" content=\"https:\/\/www.altominho.tv\/site\/2020\/07\/17\/investigadores-vao-estudar-vulnerabilidades-dos-casais-na-gravidez-e-pos-parto\/\" \/>\n<meta property=\"og:site_name\" content=\"Altominho.tv\" \/>\n<meta property=\"article:publisher\" content=\"https:\/\/www.facebook.com\/altominhotv\" \/>\n<meta property=\"article:published_time\" content=\"2020-07-17T14:30:00+00:00\" \/>\n<meta property=\"og:image\" content=\"https:\/\/www.altominho.tv\/site\/wp-content\/uploads\/2020\/07\/gravida_770x433_acf_cropped.jpg\" \/>\n\t<meta property=\"og:image:width\" content=\"770\" \/>\n\t<meta property=\"og:image:height\" content=\"433\" \/>\n\t<meta property=\"og:image:type\" content=\"image\/jpeg\" \/>\n<meta name=\"author\" content=\"Lusa\" \/>\n<meta name=\"twitter:card\" content=\"summary_large_image\" \/>\n<meta name=\"twitter:creator\" content=\"@altominhoTV\" \/>\n<meta name=\"twitter:site\" content=\"@altominhoTV\" \/>\n<meta name=\"twitter:label1\" content=\"Escrito por\" \/>\n\t<meta name=\"twitter:data1\" content=\"Lusa\" \/>\n\t<meta name=\"twitter:label2\" content=\"Tempo estimado de leitura\" \/>\n\t<meta name=\"twitter:data2\" content=\"3 minutos\" \/>\n<script type=\"application\/ld+json\" class=\"yoast-schema-graph\">{\"@context\":\"https:\\\/\\\/schema.org\",\"@graph\":[{\"@type\":\"Article\",\"@id\":\"https:\\\/\\\/www.altominho.tv\\\/site\\\/2020\\\/07\\\/17\\\/investigadores-vao-estudar-vulnerabilidades-dos-casais-na-gravidez-e-pos-parto\\\/#article\",\"isPartOf\":{\"@id\":\"https:\\\/\\\/www.altominho.tv\\\/site\\\/2020\\\/07\\\/17\\\/investigadores-vao-estudar-vulnerabilidades-dos-casais-na-gravidez-e-pos-parto\\\/\"},\"author\":{\"name\":\"Lusa\",\"@id\":\"https:\\\/\\\/www.altominho.tv\\\/site\\\/#\\\/schema\\\/person\\\/63f693da3e1899361cbe955c46f3232e\"},\"headline\":\"Investigadores v\u00e3o estudar vulnerabilidades dos casais na gravidez e p\u00f3s-parto\",\"datePublished\":\"2020-07-17T14:30:00+00:00\",\"mainEntityOfPage\":{\"@id\":\"https:\\\/\\\/www.altominho.tv\\\/site\\\/2020\\\/07\\\/17\\\/investigadores-vao-estudar-vulnerabilidades-dos-casais-na-gravidez-e-pos-parto\\\/\"},\"wordCount\":536,\"image\":{\"@id\":\"https:\\\/\\\/www.altominho.tv\\\/site\\\/2020\\\/07\\\/17\\\/investigadores-vao-estudar-vulnerabilidades-dos-casais-na-gravidez-e-pos-parto\\\/#primaryimage\"},\"thumbnailUrl\":\"https:\\\/\\\/www.altominho.tv\\\/site\\\/wp-content\\\/uploads\\\/2020\\\/07\\\/gravida_770x433_acf_cropped.jpg\",\"keywords\":[\"Sa\u00fade\",\"Sociedade\"],\"articleSection\":[\"Coronav\u00edrus\"],\"inLanguage\":\"pt-PT\",\"copyrightYear\":\"2020\",\"copyrightHolder\":{\"@id\":\"https:\\\/\\\/www.altominho.tv\\\/site\\\/#organization\"}},{\"@type\":\"WebPage\",\"@id\":\"https:\\\/\\\/www.altominho.tv\\\/site\\\/2020\\\/07\\\/17\\\/investigadores-vao-estudar-vulnerabilidades-dos-casais-na-gravidez-e-pos-parto\\\/\",\"url\":\"https:\\\/\\\/www.altominho.tv\\\/site\\\/2020\\\/07\\\/17\\\/investigadores-vao-estudar-vulnerabilidades-dos-casais-na-gravidez-e-pos-parto\\\/\",\"name\":\"Investigadores v\u00e3o estudar vulnerabilidades dos casais na gravidez e p\u00f3s-parto\",\"isPartOf\":{\"@id\":\"https:\\\/\\\/www.altominho.tv\\\/site\\\/#website\"},\"primaryImageOfPage\":{\"@id\":\"https:\\\/\\\/www.altominho.tv\\\/site\\\/2020\\\/07\\\/17\\\/investigadores-vao-estudar-vulnerabilidades-dos-casais-na-gravidez-e-pos-parto\\\/#primaryimage\"},\"image\":{\"@id\":\"https:\\\/\\\/www.altominho.tv\\\/site\\\/2020\\\/07\\\/17\\\/investigadores-vao-estudar-vulnerabilidades-dos-casais-na-gravidez-e-pos-parto\\\/#primaryimage\"},\"thumbnailUrl\":\"https:\\\/\\\/www.altominho.tv\\\/site\\\/wp-content\\\/uploads\\\/2020\\\/07\\\/gravida_770x433_acf_cropped.jpg\",\"datePublished\":\"2020-07-17T14:30:00+00:00\",\"author\":{\"@id\":\"https:\\\/\\\/www.altominho.tv\\\/site\\\/#\\\/schema\\\/person\\\/63f693da3e1899361cbe955c46f3232e\"},\"breadcrumb\":{\"@id\":\"https:\\\/\\\/www.altominho.tv\\\/site\\\/2020\\\/07\\\/17\\\/investigadores-vao-estudar-vulnerabilidades-dos-casais-na-gravidez-e-pos-parto\\\/#breadcrumb\"},\"inLanguage\":\"pt-PT\",\"potentialAction\":[{\"@type\":\"ReadAction\",\"target\":[\"https:\\\/\\\/www.altominho.tv\\\/site\\\/2020\\\/07\\\/17\\\/investigadores-vao-estudar-vulnerabilidades-dos-casais-na-gravidez-e-pos-parto\\\/\"]}]},{\"@type\":\"ImageObject\",\"inLanguage\":\"pt-PT\",\"@id\":\"https:\\\/\\\/www.altominho.tv\\\/site\\\/2020\\\/07\\\/17\\\/investigadores-vao-estudar-vulnerabilidades-dos-casais-na-gravidez-e-pos-parto\\\/#primaryimage\",\"url\":\"https:\\\/\\\/www.altominho.tv\\\/site\\\/wp-content\\\/uploads\\\/2020\\\/07\\\/gravida_770x433_acf_cropped.jpg\",\"contentUrl\":\"https:\\\/\\\/www.altominho.tv\\\/site\\\/wp-content\\\/uploads\\\/2020\\\/07\\\/gravida_770x433_acf_cropped.jpg\",\"width\":770,\"height\":433},{\"@type\":\"BreadcrumbList\",\"@id\":\"https:\\\/\\\/www.altominho.tv\\\/site\\\/2020\\\/07\\\/17\\\/investigadores-vao-estudar-vulnerabilidades-dos-casais-na-gravidez-e-pos-parto\\\/#breadcrumb\",\"itemListElement\":[{\"@type\":\"ListItem\",\"position\":1,\"name\":\"In\u00edcio\",\"item\":\"https:\\\/\\\/www.altominho.tv\\\/site\\\/\"},{\"@type\":\"ListItem\",\"position\":2,\"name\":\"Investigadores v\u00e3o estudar vulnerabilidades dos casais na gravidez e p\u00f3s-parto\"}]},{\"@type\":\"WebSite\",\"@id\":\"https:\\\/\\\/www.altominho.tv\\\/site\\\/#website\",\"url\":\"https:\\\/\\\/www.altominho.tv\\\/site\\\/\",\"name\":\"Altominho.tv\",\"description\":\"A sua regi\u00e3o \u00e0 dist\u00e2ncia de um clique...\",\"potentialAction\":[{\"@type\":\"SearchAction\",\"target\":{\"@type\":\"EntryPoint\",\"urlTemplate\":\"https:\\\/\\\/www.altominho.tv\\\/site\\\/?s={search_term_string}\"},\"query-input\":{\"@type\":\"PropertyValueSpecification\",\"valueRequired\":true,\"valueName\":\"search_term_string\"}}],\"inLanguage\":\"pt-PT\"},{\"@type\":\"Person\",\"@id\":\"https:\\\/\\\/www.altominho.tv\\\/site\\\/#\\\/schema\\\/person\\\/63f693da3e1899361cbe955c46f3232e\",\"name\":\"Lusa\",\"image\":{\"@type\":\"ImageObject\",\"inLanguage\":\"pt-PT\",\"@id\":\"https:\\\/\\\/www.altominho.tv\\\/site\\\/wp-content\\\/uploads\\\/2019\\\/08\\\/LUSA_Logo.gif\",\"url\":\"https:\\\/\\\/www.altominho.tv\\\/site\\\/wp-content\\\/uploads\\\/2019\\\/08\\\/LUSA_Logo.gif\",\"contentUrl\":\"https:\\\/\\\/www.altominho.tv\\\/site\\\/wp-content\\\/uploads\\\/2019\\\/08\\\/LUSA_Logo.gif\",\"caption\":\"Lusa\"},\"sameAs\":[\"http:\\\/\\\/\\\/\\\/www.altominho.tv\\\/site\"],\"url\":\"https:\\\/\\\/www.altominho.tv\\\/site\\\/author\\\/lusa\\\/\"}]}<\/script>\n<!-- \/ Yoast SEO Premium plugin. -->","yoast_head_json":{"title":"Investigadores v\u00e3o estudar vulnerabilidades dos casais na gravidez e p\u00f3s-parto","robots":{"index":"index","follow":"follow","max-snippet":"max-snippet:-1","max-image-preview":"max-image-preview:large","max-video-preview":"max-video-preview:-1"},"canonical":"https:\/\/www.altominho.tv\/site\/2020\/07\/17\/investigadores-vao-estudar-vulnerabilidades-dos-casais-na-gravidez-e-pos-parto\/","og_locale":"pt_PT","og_type":"article","og_title":"Investigadores v\u00e3o estudar vulnerabilidades dos casais na gravidez e p\u00f3s-parto","og_description":"Investigadores da Faculdade de Psicologia e de Ci\u00eancias da Educa\u00e7\u00e3o da Universidade do Porto (FPCEUP) v\u00e3o acompanhar casais, desde o terceiro trimestre de gravidez at\u00e9 ao p\u00f3s-parto, com o objetivo de perceber as vulnerabilidades sentidas no contexto da covid-19. \u201cSurgiu a ideia de olharmos de forma mais atenta para as quest\u00f5es do bem-estar psicol\u00f3gico e [&hellip;]","og_url":"https:\/\/www.altominho.tv\/site\/2020\/07\/17\/investigadores-vao-estudar-vulnerabilidades-dos-casais-na-gravidez-e-pos-parto\/","og_site_name":"Altominho.tv","article_publisher":"https:\/\/www.facebook.com\/altominhotv","article_published_time":"2020-07-17T14:30:00+00:00","og_image":[{"width":770,"height":433,"url":"https:\/\/www.altominho.tv\/site\/wp-content\/uploads\/2020\/07\/gravida_770x433_acf_cropped.jpg","type":"image\/jpeg"}],"author":"Lusa","twitter_card":"summary_large_image","twitter_creator":"@altominhoTV","twitter_site":"@altominhoTV","twitter_misc":{"Escrito por":"Lusa","Tempo estimado de leitura":"3 minutos"},"schema":{"@context":"https:\/\/schema.org","@graph":[{"@type":"Article","@id":"https:\/\/www.altominho.tv\/site\/2020\/07\/17\/investigadores-vao-estudar-vulnerabilidades-dos-casais-na-gravidez-e-pos-parto\/#article","isPartOf":{"@id":"https:\/\/www.altominho.tv\/site\/2020\/07\/17\/investigadores-vao-estudar-vulnerabilidades-dos-casais-na-gravidez-e-pos-parto\/"},"author":{"name":"Lusa","@id":"https:\/\/www.altominho.tv\/site\/#\/schema\/person\/63f693da3e1899361cbe955c46f3232e"},"headline":"Investigadores v\u00e3o estudar vulnerabilidades dos casais na gravidez e p\u00f3s-parto","datePublished":"2020-07-17T14:30:00+00:00","mainEntityOfPage":{"@id":"https:\/\/www.altominho.tv\/site\/2020\/07\/17\/investigadores-vao-estudar-vulnerabilidades-dos-casais-na-gravidez-e-pos-parto\/"},"wordCount":536,"image":{"@id":"https:\/\/www.altominho.tv\/site\/2020\/07\/17\/investigadores-vao-estudar-vulnerabilidades-dos-casais-na-gravidez-e-pos-parto\/#primaryimage"},"thumbnailUrl":"https:\/\/www.altominho.tv\/site\/wp-content\/uploads\/2020\/07\/gravida_770x433_acf_cropped.jpg","keywords":["Sa\u00fade","Sociedade"],"articleSection":["Coronav\u00edrus"],"inLanguage":"pt-PT","copyrightYear":"2020","copyrightHolder":{"@id":"https:\/\/www.altominho.tv\/site\/#organization"}},{"@type":"WebPage","@id":"https:\/\/www.altominho.tv\/site\/2020\/07\/17\/investigadores-vao-estudar-vulnerabilidades-dos-casais-na-gravidez-e-pos-parto\/","url":"https:\/\/www.altominho.tv\/site\/2020\/07\/17\/investigadores-vao-estudar-vulnerabilidades-dos-casais-na-gravidez-e-pos-parto\/","name":"Investigadores v\u00e3o estudar vulnerabilidades dos casais na gravidez e p\u00f3s-parto","isPartOf":{"@id":"https:\/\/www.altominho.tv\/site\/#website"},"primaryImageOfPage":{"@id":"https:\/\/www.altominho.tv\/site\/2020\/07\/17\/investigadores-vao-estudar-vulnerabilidades-dos-casais-na-gravidez-e-pos-parto\/#primaryimage"},"image":{"@id":"https:\/\/www.altominho.tv\/site\/2020\/07\/17\/investigadores-vao-estudar-vulnerabilidades-dos-casais-na-gravidez-e-pos-parto\/#primaryimage"},"thumbnailUrl":"https:\/\/www.altominho.tv\/site\/wp-content\/uploads\/2020\/07\/gravida_770x433_acf_cropped.jpg","datePublished":"2020-07-17T14:30:00+00:00","author":{"@id":"https:\/\/www.altominho.tv\/site\/#\/schema\/person\/63f693da3e1899361cbe955c46f3232e"},"breadcrumb":{"@id":"https:\/\/www.altominho.tv\/site\/2020\/07\/17\/investigadores-vao-estudar-vulnerabilidades-dos-casais-na-gravidez-e-pos-parto\/#breadcrumb"},"inLanguage":"pt-PT","potentialAction":[{"@type":"ReadAction","target":["https:\/\/www.altominho.tv\/site\/2020\/07\/17\/investigadores-vao-estudar-vulnerabilidades-dos-casais-na-gravidez-e-pos-parto\/"]}]},{"@type":"ImageObject","inLanguage":"pt-PT","@id":"https:\/\/www.altominho.tv\/site\/2020\/07\/17\/investigadores-vao-estudar-vulnerabilidades-dos-casais-na-gravidez-e-pos-parto\/#primaryimage","url":"https:\/\/www.altominho.tv\/site\/wp-content\/uploads\/2020\/07\/gravida_770x433_acf_cropped.jpg","contentUrl":"https:\/\/www.altominho.tv\/site\/wp-content\/uploads\/2020\/07\/gravida_770x433_acf_cropped.jpg","width":770,"height":433},{"@type":"BreadcrumbList","@id":"https:\/\/www.altominho.tv\/site\/2020\/07\/17\/investigadores-vao-estudar-vulnerabilidades-dos-casais-na-gravidez-e-pos-parto\/#breadcrumb","itemListElement":[{"@type":"ListItem","position":1,"name":"In\u00edcio","item":"https:\/\/www.altominho.tv\/site\/"},{"@type":"ListItem","position":2,"name":"Investigadores v\u00e3o estudar vulnerabilidades dos casais na gravidez e p\u00f3s-parto"}]},{"@type":"WebSite","@id":"https:\/\/www.altominho.tv\/site\/#website","url":"https:\/\/www.altominho.tv\/site\/","name":"Altominho.tv","description":"A sua regi\u00e3o \u00e0 dist\u00e2ncia de um clique...","potentialAction":[{"@type":"SearchAction","target":{"@type":"EntryPoint","urlTemplate":"https:\/\/www.altominho.tv\/site\/?s={search_term_string}"},"query-input":{"@type":"PropertyValueSpecification","valueRequired":true,"valueName":"search_term_string"}}],"inLanguage":"pt-PT"},{"@type":"Person","@id":"https:\/\/www.altominho.tv\/site\/#\/schema\/person\/63f693da3e1899361cbe955c46f3232e","name":"Lusa","image":{"@type":"ImageObject","inLanguage":"pt-PT","@id":"https:\/\/www.altominho.tv\/site\/wp-content\/uploads\/2019\/08\/LUSA_Logo.gif","url":"https:\/\/www.altominho.tv\/site\/wp-content\/uploads\/2019\/08\/LUSA_Logo.gif","contentUrl":"https:\/\/www.altominho.tv\/site\/wp-content\/uploads\/2019\/08\/LUSA_Logo.gif","caption":"Lusa"},"sameAs":["http:\/\/\/\/www.altominho.tv\/site"],"url":"https:\/\/www.altominho.tv\/site\/author\/lusa\/"}]}},"_links":{"self":[{"href":"https:\/\/www.altominho.tv\/site\/wp-json\/wp\/v2\/posts\/49356","targetHints":{"allow":["GET"]}}],"collection":[{"href":"https:\/\/www.altominho.tv\/site\/wp-json\/wp\/v2\/posts"}],"about":[{"href":"https:\/\/www.altominho.tv\/site\/wp-json\/wp\/v2\/types\/post"}],"author":[{"embeddable":true,"href":"https:\/\/www.altominho.tv\/site\/wp-json\/wp\/v2\/users\/13"}],"replies":[{"embeddable":true,"href":"https:\/\/www.altominho.tv\/site\/wp-json\/wp\/v2\/comments?post=49356"}],"version-history":[{"count":0,"href":"https:\/\/www.altominho.tv\/site\/wp-json\/wp\/v2\/posts\/49356\/revisions"}],"wp:featuredmedia":[{"embeddable":true,"href":"https:\/\/www.altominho.tv\/site\/wp-json\/wp\/v2\/media\/49358"}],"wp:attachment":[{"href":"https:\/\/www.altominho.tv\/site\/wp-json\/wp\/v2\/media?parent=49356"}],"wp:term":[{"taxonomy":"category","embeddable":true,"href":"https:\/\/www.altominho.tv\/site\/wp-json\/wp\/v2\/categories?post=49356"},{"taxonomy":"post_tag","embeddable":true,"href":"https:\/\/www.altominho.tv\/site\/wp-json\/wp\/v2\/tags?post=49356"}],"curies":[{"name":"wp","href":"https:\/\/api.w.org\/{rel}","templated":true}]}}