{"id":49352,"date":"2020-07-17T14:00:00","date_gmt":"2020-07-17T13:00:00","guid":{"rendered":"http:\/\/www.altominho.tv\/site\/?p=49352"},"modified":"2020-07-17T13:21:33","modified_gmt":"2020-07-17T12:21:33","slug":"pelo-menos-590-mil-mortos-e-mais-de-138-milhoes-de-infetados-no-mundo","status":"publish","type":"post","link":"https:\/\/www.altominho.tv\/site\/2020\/07\/17\/pelo-menos-590-mil-mortos-e-mais-de-138-milhoes-de-infetados-no-mundo\/","title":{"rendered":"Pelo menos 590 mil mortos e mais de 13,8 milh\u00f5es de infetados no mundo"},"content":{"rendered":"<p>A pandemia do novo coronav\u00edrus j\u00e1 causou a morte a pelo menos 590.132 pessoas e infetou mais 13,8 milh\u00f5es em todo o mundo, desde dezembro, segundo o mais recente balan\u00e7o da ag\u00eancia AFP, baseado em dados oficiais.<\/p>\n<p class=\"text-paragraph\">De acordo com os dados recolhidos pela ag\u00eancia francesa de not\u00edcias, at\u00e9 \u00e0s 11:00 de hoje, de Lisboa, j\u00e1 morreram pelo menos 590.132 pessoas e h\u00e1 mais de 13.835.110 casos infetados em 196 pa\u00edses e territ\u00f3rios, desde o in\u00edcio da epidemia, em dezembro de 2019, na cidade chinesa de Wuhan.<\/p>\n<p class=\"text-paragraph\">Pelo menos 7.547.500 casos foram considerados curados pelas autoridades de sa\u00fade.<\/p>\n<p class=\"text-paragraph\">A AFP adverte que o n\u00famero de casos diagnosticados reflete apenas uma fra\u00e7\u00e3o do total real de infe\u00e7\u00f5es, j\u00e1 que alguns pa\u00edses est\u00e3o a testar apenas casos graves, outros usam o teste como uma prioridade para rastreamento e muitos pa\u00edses pobres t\u00eam apenas capacidade limitada de rastreamento.<\/p>\n<p class=\"text-paragraph\">Os Estados Unidos, que registaram a primeira morte ligada ao coronav\u00edrus no in\u00edcio de fevereiro, s\u00e3o o pa\u00eds mais afetado em termos de n\u00famero de mortes e casos, com 138.360 e 3.576.430, respetivamente. Pelo menos 1.075.882 pessoas foram declaradas curadas.<\/p>\n<p class=\"text-paragraph\">Depois dos Estados Unidos, os pa\u00edses mais afetados s\u00e3o o Brasil, com 76.688 mortes e 2.012.151 casos, Reino Unido, com 45.119 mortes (292.552 casos), M\u00e9xico com 37.574 mortes (324.041 casos) e It\u00e1lia com 35.017 mortos (243.736 casos).<\/p>\n<p class=\"text-paragraph\">A China (excluindo os territ\u00f3rios de Hong Kong e Macau) contabilizou oficialmente um total de 83.622 casos (10 novos entre quinta-feira e hoje), incluindo 4.634 mortes e 78.737 curados.<\/p>\n<p class=\"text-paragraph\">A Europa totalizou 204.487 mortes para 2.906.930 casos, Am\u00e9rica Latina e Cara\u00edbas 154.780 mortes (3.639.722 casos), Estados Unidos e Canad\u00e1 147.220 mortes (3.685.512 casos), \u00c1sia 47.195 mortes (1.950.408 casos), M\u00e9dio Oriente 21.927 mortes (975.369 casos), \u00c1frica 14.378 mortes (664.355 casos) e Oce\u00e2nia 145 mortes (12.819 casos).<\/p>\n<p class=\"text-paragraph\">A AFP avisa que, devido a corre\u00e7\u00f5es pelas autoridades ou a publica\u00e7\u00e3o tardia dos dados, os valores de aumento de 24 horas podem n\u00e3o corresponder exatamente aos publicados no dia anterior.<\/p>\n","protected":false},"excerpt":{"rendered":"<p>A pandemia do novo coronav\u00edrus j\u00e1 causou a morte a pelo menos 590.132 pessoas e infetou mais 13,8 milh\u00f5es em todo o mundo, desde dezembro, segundo o mais recente balan\u00e7o da ag\u00eancia AFP, baseado em dados oficiais. De acordo com os dados recolhidos pela ag\u00eancia francesa de not\u00edcias, at\u00e9 \u00e0s 11:00 de hoje, de Lisboa, [&hellip;]<\/p>\n","protected":false},"author":13,"featured_media":49354,"comment_status":"closed","ping_status":"closed","sticky":false,"template":"","format":"standard","meta":{"_exactmetrics_skip_tracking":false,"_exactmetrics_sitenote_active":false,"_exactmetrics_sitenote_note":"","_exactmetrics_sitenote_category":0,"footnotes":""},"categories":[42722],"tags":[27],"class_list":["post-49352","post","type-post","status-publish","format-standard","has-post-thumbnail","hentry","category-covid-19","tag-sociedade"],"yoast_head":"<!-- This site is optimized with the Yoast SEO Premium plugin v27.4 (Yoast SEO v27.4) - https:\/\/yoast.com\/product\/yoast-seo-premium-wordpress\/ -->\n<title>Pelo menos 590 mil mortos e mais de 13,8 milh\u00f5es de infetados no mundo<\/title>\n<meta name=\"robots\" content=\"index, follow, max-snippet:-1, max-image-preview:large, max-video-preview:-1\" \/>\n<link rel=\"canonical\" href=\"https:\/\/www.altominho.tv\/site\/2020\/07\/17\/pelo-menos-590-mil-mortos-e-mais-de-138-milhoes-de-infetados-no-mundo\/\" \/>\n<meta property=\"og:locale\" content=\"pt_PT\" \/>\n<meta property=\"og:type\" content=\"article\" \/>\n<meta property=\"og:title\" content=\"Pelo menos 590 mil mortos e mais de 13,8 milh\u00f5es de infetados no mundo\" \/>\n<meta property=\"og:description\" content=\"A pandemia do novo coronav\u00edrus j\u00e1 causou a morte a pelo menos 590.132 pessoas e infetou mais 13,8 milh\u00f5es em todo o mundo, desde dezembro, segundo o mais recente balan\u00e7o da ag\u00eancia AFP, baseado em dados oficiais. De acordo com os dados recolhidos pela ag\u00eancia francesa de not\u00edcias, at\u00e9 \u00e0s 11:00 de hoje, de Lisboa, [&hellip;]\" \/>\n<meta property=\"og:url\" content=\"https:\/\/www.altominho.tv\/site\/2020\/07\/17\/pelo-menos-590-mil-mortos-e-mais-de-138-milhoes-de-infetados-no-mundo\/\" \/>\n<meta property=\"og:site_name\" content=\"Altominho.tv\" \/>\n<meta property=\"article:publisher\" content=\"https:\/\/www.facebook.com\/altominhotv\" \/>\n<meta property=\"article:published_time\" content=\"2020-07-17T13:00:00+00:00\" \/>\n<meta property=\"og:image\" content=\"https:\/\/www.altominho.tv\/site\/wp-content\/uploads\/2020\/07\/coronavirus-mundo-1024x575-1.jpg\" \/>\n\t<meta property=\"og:image:width\" content=\"1024\" \/>\n\t<meta property=\"og:image:height\" content=\"575\" \/>\n\t<meta property=\"og:image:type\" content=\"image\/jpeg\" \/>\n<meta name=\"author\" content=\"Lusa\" \/>\n<meta name=\"twitter:card\" content=\"summary_large_image\" \/>\n<meta name=\"twitter:creator\" content=\"@altominhoTV\" \/>\n<meta name=\"twitter:site\" content=\"@altominhoTV\" \/>\n<meta name=\"twitter:label1\" content=\"Escrito por\" \/>\n\t<meta name=\"twitter:data1\" content=\"Lusa\" \/>\n\t<meta name=\"twitter:label2\" content=\"Tempo estimado de leitura\" \/>\n\t<meta name=\"twitter:data2\" content=\"2 minutos\" \/>\n<script type=\"application\/ld+json\" class=\"yoast-schema-graph\">{\"@context\":\"https:\\\/\\\/schema.org\",\"@graph\":[{\"@type\":\"Article\",\"@id\":\"https:\\\/\\\/www.altominho.tv\\\/site\\\/2020\\\/07\\\/17\\\/pelo-menos-590-mil-mortos-e-mais-de-138-milhoes-de-infetados-no-mundo\\\/#article\",\"isPartOf\":{\"@id\":\"https:\\\/\\\/www.altominho.tv\\\/site\\\/2020\\\/07\\\/17\\\/pelo-menos-590-mil-mortos-e-mais-de-138-milhoes-de-infetados-no-mundo\\\/\"},\"author\":{\"name\":\"Lusa\",\"@id\":\"https:\\\/\\\/www.altominho.tv\\\/site\\\/#\\\/schema\\\/person\\\/63f693da3e1899361cbe955c46f3232e\"},\"headline\":\"Pelo menos 590 mil mortos e mais de 13,8 milh\u00f5es de infetados no mundo\",\"datePublished\":\"2020-07-17T13:00:00+00:00\",\"mainEntityOfPage\":{\"@id\":\"https:\\\/\\\/www.altominho.tv\\\/site\\\/2020\\\/07\\\/17\\\/pelo-menos-590-mil-mortos-e-mais-de-138-milhoes-de-infetados-no-mundo\\\/\"},\"wordCount\":337,\"image\":{\"@id\":\"https:\\\/\\\/www.altominho.tv\\\/site\\\/2020\\\/07\\\/17\\\/pelo-menos-590-mil-mortos-e-mais-de-138-milhoes-de-infetados-no-mundo\\\/#primaryimage\"},\"thumbnailUrl\":\"https:\\\/\\\/www.altominho.tv\\\/site\\\/wp-content\\\/uploads\\\/2020\\\/07\\\/coronavirus-mundo-1024x575-1.jpg\",\"keywords\":[\"Sociedade\"],\"articleSection\":[\"Coronav\u00edrus\"],\"inLanguage\":\"pt-PT\",\"copyrightYear\":\"2020\",\"copyrightHolder\":{\"@id\":\"https:\\\/\\\/www.altominho.tv\\\/site\\\/#organization\"}},{\"@type\":\"WebPage\",\"@id\":\"https:\\\/\\\/www.altominho.tv\\\/site\\\/2020\\\/07\\\/17\\\/pelo-menos-590-mil-mortos-e-mais-de-138-milhoes-de-infetados-no-mundo\\\/\",\"url\":\"https:\\\/\\\/www.altominho.tv\\\/site\\\/2020\\\/07\\\/17\\\/pelo-menos-590-mil-mortos-e-mais-de-138-milhoes-de-infetados-no-mundo\\\/\",\"name\":\"Pelo menos 590 mil mortos e mais de 13,8 milh\u00f5es de infetados no mundo\",\"isPartOf\":{\"@id\":\"https:\\\/\\\/www.altominho.tv\\\/site\\\/#website\"},\"primaryImageOfPage\":{\"@id\":\"https:\\\/\\\/www.altominho.tv\\\/site\\\/2020\\\/07\\\/17\\\/pelo-menos-590-mil-mortos-e-mais-de-138-milhoes-de-infetados-no-mundo\\\/#primaryimage\"},\"image\":{\"@id\":\"https:\\\/\\\/www.altominho.tv\\\/site\\\/2020\\\/07\\\/17\\\/pelo-menos-590-mil-mortos-e-mais-de-138-milhoes-de-infetados-no-mundo\\\/#primaryimage\"},\"thumbnailUrl\":\"https:\\\/\\\/www.altominho.tv\\\/site\\\/wp-content\\\/uploads\\\/2020\\\/07\\\/coronavirus-mundo-1024x575-1.jpg\",\"datePublished\":\"2020-07-17T13:00:00+00:00\",\"author\":{\"@id\":\"https:\\\/\\\/www.altominho.tv\\\/site\\\/#\\\/schema\\\/person\\\/63f693da3e1899361cbe955c46f3232e\"},\"breadcrumb\":{\"@id\":\"https:\\\/\\\/www.altominho.tv\\\/site\\\/2020\\\/07\\\/17\\\/pelo-menos-590-mil-mortos-e-mais-de-138-milhoes-de-infetados-no-mundo\\\/#breadcrumb\"},\"inLanguage\":\"pt-PT\",\"potentialAction\":[{\"@type\":\"ReadAction\",\"target\":[\"https:\\\/\\\/www.altominho.tv\\\/site\\\/2020\\\/07\\\/17\\\/pelo-menos-590-mil-mortos-e-mais-de-138-milhoes-de-infetados-no-mundo\\\/\"]}]},{\"@type\":\"ImageObject\",\"inLanguage\":\"pt-PT\",\"@id\":\"https:\\\/\\\/www.altominho.tv\\\/site\\\/2020\\\/07\\\/17\\\/pelo-menos-590-mil-mortos-e-mais-de-138-milhoes-de-infetados-no-mundo\\\/#primaryimage\",\"url\":\"https:\\\/\\\/www.altominho.tv\\\/site\\\/wp-content\\\/uploads\\\/2020\\\/07\\\/coronavirus-mundo-1024x575-1.jpg\",\"contentUrl\":\"https:\\\/\\\/www.altominho.tv\\\/site\\\/wp-content\\\/uploads\\\/2020\\\/07\\\/coronavirus-mundo-1024x575-1.jpg\",\"width\":1024,\"height\":575},{\"@type\":\"BreadcrumbList\",\"@id\":\"https:\\\/\\\/www.altominho.tv\\\/site\\\/2020\\\/07\\\/17\\\/pelo-menos-590-mil-mortos-e-mais-de-138-milhoes-de-infetados-no-mundo\\\/#breadcrumb\",\"itemListElement\":[{\"@type\":\"ListItem\",\"position\":1,\"name\":\"In\u00edcio\",\"item\":\"https:\\\/\\\/www.altominho.tv\\\/site\\\/\"},{\"@type\":\"ListItem\",\"position\":2,\"name\":\"Pelo menos 590 mil mortos e mais de 13,8 milh\u00f5es de infetados no mundo\"}]},{\"@type\":\"WebSite\",\"@id\":\"https:\\\/\\\/www.altominho.tv\\\/site\\\/#website\",\"url\":\"https:\\\/\\\/www.altominho.tv\\\/site\\\/\",\"name\":\"Altominho.tv\",\"description\":\"A sua regi\u00e3o \u00e0 dist\u00e2ncia de um clique...\",\"potentialAction\":[{\"@type\":\"SearchAction\",\"target\":{\"@type\":\"EntryPoint\",\"urlTemplate\":\"https:\\\/\\\/www.altominho.tv\\\/site\\\/?s={search_term_string}\"},\"query-input\":{\"@type\":\"PropertyValueSpecification\",\"valueRequired\":true,\"valueName\":\"search_term_string\"}}],\"inLanguage\":\"pt-PT\"},{\"@type\":\"Person\",\"@id\":\"https:\\\/\\\/www.altominho.tv\\\/site\\\/#\\\/schema\\\/person\\\/63f693da3e1899361cbe955c46f3232e\",\"name\":\"Lusa\",\"image\":{\"@type\":\"ImageObject\",\"inLanguage\":\"pt-PT\",\"@id\":\"https:\\\/\\\/www.altominho.tv\\\/site\\\/wp-content\\\/uploads\\\/2019\\\/08\\\/LUSA_Logo.gif\",\"url\":\"https:\\\/\\\/www.altominho.tv\\\/site\\\/wp-content\\\/uploads\\\/2019\\\/08\\\/LUSA_Logo.gif\",\"contentUrl\":\"https:\\\/\\\/www.altominho.tv\\\/site\\\/wp-content\\\/uploads\\\/2019\\\/08\\\/LUSA_Logo.gif\",\"caption\":\"Lusa\"},\"sameAs\":[\"http:\\\/\\\/\\\/\\\/www.altominho.tv\\\/site\"],\"url\":\"https:\\\/\\\/www.altominho.tv\\\/site\\\/author\\\/lusa\\\/\"}]}<\/script>\n<!-- \/ Yoast SEO Premium plugin. -->","yoast_head_json":{"title":"Pelo menos 590 mil mortos e mais de 13,8 milh\u00f5es de infetados no mundo","robots":{"index":"index","follow":"follow","max-snippet":"max-snippet:-1","max-image-preview":"max-image-preview:large","max-video-preview":"max-video-preview:-1"},"canonical":"https:\/\/www.altominho.tv\/site\/2020\/07\/17\/pelo-menos-590-mil-mortos-e-mais-de-138-milhoes-de-infetados-no-mundo\/","og_locale":"pt_PT","og_type":"article","og_title":"Pelo menos 590 mil mortos e mais de 13,8 milh\u00f5es de infetados no mundo","og_description":"A pandemia do novo coronav\u00edrus j\u00e1 causou a morte a pelo menos 590.132 pessoas e infetou mais 13,8 milh\u00f5es em todo o mundo, desde dezembro, segundo o mais recente balan\u00e7o da ag\u00eancia AFP, baseado em dados oficiais. De acordo com os dados recolhidos pela ag\u00eancia francesa de not\u00edcias, at\u00e9 \u00e0s 11:00 de hoje, de Lisboa, [&hellip;]","og_url":"https:\/\/www.altominho.tv\/site\/2020\/07\/17\/pelo-menos-590-mil-mortos-e-mais-de-138-milhoes-de-infetados-no-mundo\/","og_site_name":"Altominho.tv","article_publisher":"https:\/\/www.facebook.com\/altominhotv","article_published_time":"2020-07-17T13:00:00+00:00","og_image":[{"width":1024,"height":575,"url":"https:\/\/www.altominho.tv\/site\/wp-content\/uploads\/2020\/07\/coronavirus-mundo-1024x575-1.jpg","type":"image\/jpeg"}],"author":"Lusa","twitter_card":"summary_large_image","twitter_creator":"@altominhoTV","twitter_site":"@altominhoTV","twitter_misc":{"Escrito por":"Lusa","Tempo estimado de leitura":"2 minutos"},"schema":{"@context":"https:\/\/schema.org","@graph":[{"@type":"Article","@id":"https:\/\/www.altominho.tv\/site\/2020\/07\/17\/pelo-menos-590-mil-mortos-e-mais-de-138-milhoes-de-infetados-no-mundo\/#article","isPartOf":{"@id":"https:\/\/www.altominho.tv\/site\/2020\/07\/17\/pelo-menos-590-mil-mortos-e-mais-de-138-milhoes-de-infetados-no-mundo\/"},"author":{"name":"Lusa","@id":"https:\/\/www.altominho.tv\/site\/#\/schema\/person\/63f693da3e1899361cbe955c46f3232e"},"headline":"Pelo menos 590 mil mortos e mais de 13,8 milh\u00f5es de infetados no mundo","datePublished":"2020-07-17T13:00:00+00:00","mainEntityOfPage":{"@id":"https:\/\/www.altominho.tv\/site\/2020\/07\/17\/pelo-menos-590-mil-mortos-e-mais-de-138-milhoes-de-infetados-no-mundo\/"},"wordCount":337,"image":{"@id":"https:\/\/www.altominho.tv\/site\/2020\/07\/17\/pelo-menos-590-mil-mortos-e-mais-de-138-milhoes-de-infetados-no-mundo\/#primaryimage"},"thumbnailUrl":"https:\/\/www.altominho.tv\/site\/wp-content\/uploads\/2020\/07\/coronavirus-mundo-1024x575-1.jpg","keywords":["Sociedade"],"articleSection":["Coronav\u00edrus"],"inLanguage":"pt-PT","copyrightYear":"2020","copyrightHolder":{"@id":"https:\/\/www.altominho.tv\/site\/#organization"}},{"@type":"WebPage","@id":"https:\/\/www.altominho.tv\/site\/2020\/07\/17\/pelo-menos-590-mil-mortos-e-mais-de-138-milhoes-de-infetados-no-mundo\/","url":"https:\/\/www.altominho.tv\/site\/2020\/07\/17\/pelo-menos-590-mil-mortos-e-mais-de-138-milhoes-de-infetados-no-mundo\/","name":"Pelo menos 590 mil mortos e mais de 13,8 milh\u00f5es de infetados no mundo","isPartOf":{"@id":"https:\/\/www.altominho.tv\/site\/#website"},"primaryImageOfPage":{"@id":"https:\/\/www.altominho.tv\/site\/2020\/07\/17\/pelo-menos-590-mil-mortos-e-mais-de-138-milhoes-de-infetados-no-mundo\/#primaryimage"},"image":{"@id":"https:\/\/www.altominho.tv\/site\/2020\/07\/17\/pelo-menos-590-mil-mortos-e-mais-de-138-milhoes-de-infetados-no-mundo\/#primaryimage"},"thumbnailUrl":"https:\/\/www.altominho.tv\/site\/wp-content\/uploads\/2020\/07\/coronavirus-mundo-1024x575-1.jpg","datePublished":"2020-07-17T13:00:00+00:00","author":{"@id":"https:\/\/www.altominho.tv\/site\/#\/schema\/person\/63f693da3e1899361cbe955c46f3232e"},"breadcrumb":{"@id":"https:\/\/www.altominho.tv\/site\/2020\/07\/17\/pelo-menos-590-mil-mortos-e-mais-de-138-milhoes-de-infetados-no-mundo\/#breadcrumb"},"inLanguage":"pt-PT","potentialAction":[{"@type":"ReadAction","target":["https:\/\/www.altominho.tv\/site\/2020\/07\/17\/pelo-menos-590-mil-mortos-e-mais-de-138-milhoes-de-infetados-no-mundo\/"]}]},{"@type":"ImageObject","inLanguage":"pt-PT","@id":"https:\/\/www.altominho.tv\/site\/2020\/07\/17\/pelo-menos-590-mil-mortos-e-mais-de-138-milhoes-de-infetados-no-mundo\/#primaryimage","url":"https:\/\/www.altominho.tv\/site\/wp-content\/uploads\/2020\/07\/coronavirus-mundo-1024x575-1.jpg","contentUrl":"https:\/\/www.altominho.tv\/site\/wp-content\/uploads\/2020\/07\/coronavirus-mundo-1024x575-1.jpg","width":1024,"height":575},{"@type":"BreadcrumbList","@id":"https:\/\/www.altominho.tv\/site\/2020\/07\/17\/pelo-menos-590-mil-mortos-e-mais-de-138-milhoes-de-infetados-no-mundo\/#breadcrumb","itemListElement":[{"@type":"ListItem","position":1,"name":"In\u00edcio","item":"https:\/\/www.altominho.tv\/site\/"},{"@type":"ListItem","position":2,"name":"Pelo menos 590 mil mortos e mais de 13,8 milh\u00f5es de infetados no mundo"}]},{"@type":"WebSite","@id":"https:\/\/www.altominho.tv\/site\/#website","url":"https:\/\/www.altominho.tv\/site\/","name":"Altominho.tv","description":"A sua regi\u00e3o \u00e0 dist\u00e2ncia de um clique...","potentialAction":[{"@type":"SearchAction","target":{"@type":"EntryPoint","urlTemplate":"https:\/\/www.altominho.tv\/site\/?s={search_term_string}"},"query-input":{"@type":"PropertyValueSpecification","valueRequired":true,"valueName":"search_term_string"}}],"inLanguage":"pt-PT"},{"@type":"Person","@id":"https:\/\/www.altominho.tv\/site\/#\/schema\/person\/63f693da3e1899361cbe955c46f3232e","name":"Lusa","image":{"@type":"ImageObject","inLanguage":"pt-PT","@id":"https:\/\/www.altominho.tv\/site\/wp-content\/uploads\/2019\/08\/LUSA_Logo.gif","url":"https:\/\/www.altominho.tv\/site\/wp-content\/uploads\/2019\/08\/LUSA_Logo.gif","contentUrl":"https:\/\/www.altominho.tv\/site\/wp-content\/uploads\/2019\/08\/LUSA_Logo.gif","caption":"Lusa"},"sameAs":["http:\/\/\/\/www.altominho.tv\/site"],"url":"https:\/\/www.altominho.tv\/site\/author\/lusa\/"}]}},"_links":{"self":[{"href":"https:\/\/www.altominho.tv\/site\/wp-json\/wp\/v2\/posts\/49352","targetHints":{"allow":["GET"]}}],"collection":[{"href":"https:\/\/www.altominho.tv\/site\/wp-json\/wp\/v2\/posts"}],"about":[{"href":"https:\/\/www.altominho.tv\/site\/wp-json\/wp\/v2\/types\/post"}],"author":[{"embeddable":true,"href":"https:\/\/www.altominho.tv\/site\/wp-json\/wp\/v2\/users\/13"}],"replies":[{"embeddable":true,"href":"https:\/\/www.altominho.tv\/site\/wp-json\/wp\/v2\/comments?post=49352"}],"version-history":[{"count":0,"href":"https:\/\/www.altominho.tv\/site\/wp-json\/wp\/v2\/posts\/49352\/revisions"}],"wp:featuredmedia":[{"embeddable":true,"href":"https:\/\/www.altominho.tv\/site\/wp-json\/wp\/v2\/media\/49354"}],"wp:attachment":[{"href":"https:\/\/www.altominho.tv\/site\/wp-json\/wp\/v2\/media?parent=49352"}],"wp:term":[{"taxonomy":"category","embeddable":true,"href":"https:\/\/www.altominho.tv\/site\/wp-json\/wp\/v2\/categories?post=49352"},{"taxonomy":"post_tag","embeddable":true,"href":"https:\/\/www.altominho.tv\/site\/wp-json\/wp\/v2\/tags?post=49352"}],"curies":[{"name":"wp","href":"https:\/\/api.w.org\/{rel}","templated":true}]}}