{"id":49322,"date":"2020-07-17T10:30:00","date_gmt":"2020-07-17T09:30:00","guid":{"rendered":"http:\/\/www.altominho.tv\/site\/?p=49322"},"modified":"2020-07-17T09:42:18","modified_gmt":"2020-07-17T08:42:18","slug":"costa-espera-que-conselho-nao-perca-mais-tempo","status":"publish","type":"post","link":"https:\/\/www.altominho.tv\/site\/2020\/07\/17\/costa-espera-que-conselho-nao-perca-mais-tempo\/","title":{"rendered":"Costa espera que Conselho n\u00e3o perca mais tempo"},"content":{"rendered":"<p>O primeiro-ministro, Ant\u00f3nio Costa, reiterou hoje em Bruxelas o desejo num \u201cacordo r\u00e1pido\u201d em torno da proposta de relan\u00e7amento da economia europeia, fazendo votos para que o Conselho n\u00e3o perca tempo, at\u00e9 porque a proposta sobre a mesa \u00e9 \u201cexcelente\u201d.<\/p>\n<p class=\"text-paragraph\">\u201cN\u00f3s temos uma excelente proposta da Comiss\u00e3o. O presidente do Conselho fez um grande trabalho para acomodar as diferentes cr\u00edticas dos diferentes Estados-membros. Agora, cabe ao Conselho n\u00e3o adiar, n\u00e3o perder tempo, e tomar as decis\u00f5es que rapidamente s\u00e3o necess\u00e1rias para responder \u00e0quilo que \u00e9 a urg\u00eancia para a economia, para o emprego, para a recupera\u00e7\u00e3o econ\u00f3mica da Europa\u201d, declarou.<\/p>\n<p class=\"text-paragraph\">Ant\u00f3nio Costa falava \u00e0 chegada \u00e0 sede do Conselho Europeu, na capital belga, para a primeira cimeira presencial de l\u00edderes desde que a pandemia da covid-19 atingiu a Europa.<\/p>\n<p class=\"text-paragraph\">Ainda sem a presen\u00e7a de jornalistas, devido \u00e0s medidas de precau\u00e7\u00e3o face \u00e0 covid-19, \u00e0 medida que v\u00e3o chegando ao Conselho, os chefes de Estado e de Governo dos 27 v\u00e3o prestando curtas declara\u00e7\u00f5es registadas pelas c\u00e2maras dos servi\u00e7os audiovisuais institui\u00e7\u00e3o, e nalguns casos tamb\u00e9m em ingl\u00eas, como foi o caso de Ant\u00f3nio Costa.<\/p>\n<p class=\"text-paragraph\">Na quinta-feira \u00e0 noite, \u00e0 chegada a Bruxelas, Costa disse esperar que a cimeira que hoje come\u00e7a seja conclusiva, afirmando que, pela sua parte, est\u00e1 pronto a aceitar a proposta atualmente sobre a mesa.<\/p>\n<p class=\"text-paragraph\">O primeiro-ministro considera que a mais recente proposta colocada sobre a mesa pelo presidente do Conselho Europeu, Charles Michel, \u201c\u00e9 uma proposta muito equilibrada, que, al\u00e9m daquilo que j\u00e1 tinha sido proposto pela Comiss\u00e3o, procura ir ao encontro das resist\u00eancias que uns e outros tinham apresentado\u201d, pelo que espera \u201cque se possa estabelecer ao longo deste fim de semana o consenso necess\u00e1rio para que possa ser aprovada\u201d.<\/p>\n<p class=\"text-paragraph\">\u201cNo que diz respeito a Portugal, as duas quest\u00f5es que ainda estavam em aberto \u2013 uma ainda relacionada com uma redu\u00e7\u00e3o nas verbas do segundo pilar da Pol\u00edtica Agr\u00edcola Comum (PAC) e outra com o cofinanciamento para as regi\u00f5es aut\u00f3nomas \u2013 ficaram agora resolvidos durante a tarde, e portanto, da nossa parte, estamos em condi\u00e7\u00f5es ali\u00e1s de entrar no Conselho e de aprovar a proposta do presidente Charles Michel\u201d, adiantou.<\/p>\n<p class=\"text-paragraph\">Costa especificou que, no \u201cenvelope nacional\u201d destinado a Portugal \u201chavia uma diverg\u00eancia relativamente \u00e0 componente do desenvolvimento rural\u201d e ainda \u201cum problema espec\u00edfico com a taxa de financiamento das regi\u00f5es aut\u00f3nomas e com o problema espec\u00edfico das regi\u00f5es aut\u00f3nomas\u201d, mas revelou que, em contactos mantidos durante a tarde com Charles Miches, esses problemas foram \u201cultrapassados\u201d.<\/p>\n<p class=\"text-paragraph\">Nesta cimeira, os 27 v\u00e3o tentar chegar a um compromisso em torno do or\u00e7amento da UE para 2021-2027 e o Fundo de Recupera\u00e7\u00e3o para ultrapassar a crise socioecon\u00f3mica provocada pela pandemia. A mais recente proposta de Charles Michel contempla um quadro financeiro plurianual no montante global de 1,07 bili\u00f5es de euros e um Fundo de Recupera\u00e7\u00e3o de 750 mil milh\u00f5es, com 500 mil milh\u00f5es a serem desembolsados a fundo perdido, tal como prop\u00f4s o executivo comunit\u00e1rio.<\/p>\n","protected":false},"excerpt":{"rendered":"<p>O primeiro-ministro, Ant\u00f3nio Costa, reiterou hoje em Bruxelas o desejo num \u201cacordo r\u00e1pido\u201d em torno da proposta de relan\u00e7amento da economia europeia, fazendo votos para que o Conselho n\u00e3o perca tempo, at\u00e9 porque a proposta sobre a mesa \u00e9 \u201cexcelente\u201d. \u201cN\u00f3s temos uma excelente proposta da Comiss\u00e3o. O presidente do Conselho fez um grande trabalho [&hellip;]<\/p>\n","protected":false},"author":13,"featured_media":49324,"comment_status":"closed","ping_status":"closed","sticky":false,"template":"","format":"standard","meta":{"_exactmetrics_skip_tracking":false,"_exactmetrics_sitenote_active":false,"_exactmetrics_sitenote_note":"","_exactmetrics_sitenote_category":0,"footnotes":""},"categories":[42722],"tags":[27],"class_list":["post-49322","post","type-post","status-publish","format-standard","has-post-thumbnail","hentry","category-covid-19","tag-sociedade"],"yoast_head":"<!-- This site is optimized with the Yoast SEO Premium plugin v27.4 (Yoast SEO v27.4) - https:\/\/yoast.com\/product\/yoast-seo-premium-wordpress\/ -->\n<title>Costa espera que Conselho n\u00e3o perca mais tempo<\/title>\n<meta name=\"robots\" content=\"index, follow, max-snippet:-1, max-image-preview:large, max-video-preview:-1\" \/>\n<link rel=\"canonical\" href=\"https:\/\/www.altominho.tv\/site\/2020\/07\/17\/costa-espera-que-conselho-nao-perca-mais-tempo\/\" \/>\n<meta property=\"og:locale\" content=\"pt_PT\" \/>\n<meta property=\"og:type\" content=\"article\" \/>\n<meta property=\"og:title\" content=\"Costa espera que Conselho n\u00e3o perca mais tempo\" \/>\n<meta property=\"og:description\" content=\"O primeiro-ministro, Ant\u00f3nio Costa, reiterou hoje em Bruxelas o desejo num \u201cacordo r\u00e1pido\u201d em torno da proposta de relan\u00e7amento da economia europeia, fazendo votos para que o Conselho n\u00e3o perca tempo, at\u00e9 porque a proposta sobre a mesa \u00e9 \u201cexcelente\u201d. \u201cN\u00f3s temos uma excelente proposta da Comiss\u00e3o. O presidente do Conselho fez um grande trabalho [&hellip;]\" \/>\n<meta property=\"og:url\" content=\"https:\/\/www.altominho.tv\/site\/2020\/07\/17\/costa-espera-que-conselho-nao-perca-mais-tempo\/\" \/>\n<meta property=\"og:site_name\" content=\"Altominho.tv\" \/>\n<meta property=\"article:publisher\" content=\"https:\/\/www.facebook.com\/altominhotv\" \/>\n<meta property=\"article:published_time\" content=\"2020-07-17T09:30:00+00:00\" \/>\n<meta property=\"og:image\" content=\"https:\/\/www.altominho.tv\/site\/wp-content\/uploads\/2020\/07\/antonio-costa-ma\u0301scara-3-1.jpg\" \/>\n\t<meta property=\"og:image:width\" content=\"1200\" \/>\n\t<meta property=\"og:image:height\" content=\"630\" \/>\n\t<meta property=\"og:image:type\" content=\"image\/jpeg\" \/>\n<meta name=\"author\" content=\"Lusa\" \/>\n<meta name=\"twitter:card\" content=\"summary_large_image\" \/>\n<meta name=\"twitter:creator\" content=\"@altominhoTV\" \/>\n<meta name=\"twitter:site\" content=\"@altominhoTV\" \/>\n<meta name=\"twitter:label1\" content=\"Escrito por\" \/>\n\t<meta name=\"twitter:data1\" content=\"Lusa\" \/>\n\t<meta name=\"twitter:label2\" content=\"Tempo estimado de leitura\" \/>\n\t<meta name=\"twitter:data2\" content=\"3 minutos\" \/>\n<script type=\"application\/ld+json\" class=\"yoast-schema-graph\">{\"@context\":\"https:\\\/\\\/schema.org\",\"@graph\":[{\"@type\":\"Article\",\"@id\":\"https:\\\/\\\/www.altominho.tv\\\/site\\\/2020\\\/07\\\/17\\\/costa-espera-que-conselho-nao-perca-mais-tempo\\\/#article\",\"isPartOf\":{\"@id\":\"https:\\\/\\\/www.altominho.tv\\\/site\\\/2020\\\/07\\\/17\\\/costa-espera-que-conselho-nao-perca-mais-tempo\\\/\"},\"author\":{\"name\":\"Lusa\",\"@id\":\"https:\\\/\\\/www.altominho.tv\\\/site\\\/#\\\/schema\\\/person\\\/63f693da3e1899361cbe955c46f3232e\"},\"headline\":\"Costa espera que Conselho n\u00e3o perca mais tempo\",\"datePublished\":\"2020-07-17T09:30:00+00:00\",\"mainEntityOfPage\":{\"@id\":\"https:\\\/\\\/www.altominho.tv\\\/site\\\/2020\\\/07\\\/17\\\/costa-espera-que-conselho-nao-perca-mais-tempo\\\/\"},\"wordCount\":535,\"image\":{\"@id\":\"https:\\\/\\\/www.altominho.tv\\\/site\\\/2020\\\/07\\\/17\\\/costa-espera-que-conselho-nao-perca-mais-tempo\\\/#primaryimage\"},\"thumbnailUrl\":\"https:\\\/\\\/www.altominho.tv\\\/site\\\/wp-content\\\/uploads\\\/2020\\\/07\\\/antonio-costa-ma\u0301scara-3-1.jpg\",\"keywords\":[\"Sociedade\"],\"articleSection\":[\"Coronav\u00edrus\"],\"inLanguage\":\"pt-PT\",\"copyrightYear\":\"2020\",\"copyrightHolder\":{\"@id\":\"https:\\\/\\\/www.altominho.tv\\\/site\\\/#organization\"}},{\"@type\":\"WebPage\",\"@id\":\"https:\\\/\\\/www.altominho.tv\\\/site\\\/2020\\\/07\\\/17\\\/costa-espera-que-conselho-nao-perca-mais-tempo\\\/\",\"url\":\"https:\\\/\\\/www.altominho.tv\\\/site\\\/2020\\\/07\\\/17\\\/costa-espera-que-conselho-nao-perca-mais-tempo\\\/\",\"name\":\"Costa espera que Conselho n\u00e3o perca mais tempo\",\"isPartOf\":{\"@id\":\"https:\\\/\\\/www.altominho.tv\\\/site\\\/#website\"},\"primaryImageOfPage\":{\"@id\":\"https:\\\/\\\/www.altominho.tv\\\/site\\\/2020\\\/07\\\/17\\\/costa-espera-que-conselho-nao-perca-mais-tempo\\\/#primaryimage\"},\"image\":{\"@id\":\"https:\\\/\\\/www.altominho.tv\\\/site\\\/2020\\\/07\\\/17\\\/costa-espera-que-conselho-nao-perca-mais-tempo\\\/#primaryimage\"},\"thumbnailUrl\":\"https:\\\/\\\/www.altominho.tv\\\/site\\\/wp-content\\\/uploads\\\/2020\\\/07\\\/antonio-costa-ma\u0301scara-3-1.jpg\",\"datePublished\":\"2020-07-17T09:30:00+00:00\",\"author\":{\"@id\":\"https:\\\/\\\/www.altominho.tv\\\/site\\\/#\\\/schema\\\/person\\\/63f693da3e1899361cbe955c46f3232e\"},\"breadcrumb\":{\"@id\":\"https:\\\/\\\/www.altominho.tv\\\/site\\\/2020\\\/07\\\/17\\\/costa-espera-que-conselho-nao-perca-mais-tempo\\\/#breadcrumb\"},\"inLanguage\":\"pt-PT\",\"potentialAction\":[{\"@type\":\"ReadAction\",\"target\":[\"https:\\\/\\\/www.altominho.tv\\\/site\\\/2020\\\/07\\\/17\\\/costa-espera-que-conselho-nao-perca-mais-tempo\\\/\"]}]},{\"@type\":\"ImageObject\",\"inLanguage\":\"pt-PT\",\"@id\":\"https:\\\/\\\/www.altominho.tv\\\/site\\\/2020\\\/07\\\/17\\\/costa-espera-que-conselho-nao-perca-mais-tempo\\\/#primaryimage\",\"url\":\"https:\\\/\\\/www.altominho.tv\\\/site\\\/wp-content\\\/uploads\\\/2020\\\/07\\\/antonio-costa-ma\u0301scara-3-1.jpg\",\"contentUrl\":\"https:\\\/\\\/www.altominho.tv\\\/site\\\/wp-content\\\/uploads\\\/2020\\\/07\\\/antonio-costa-ma\u0301scara-3-1.jpg\",\"width\":1200,\"height\":630},{\"@type\":\"BreadcrumbList\",\"@id\":\"https:\\\/\\\/www.altominho.tv\\\/site\\\/2020\\\/07\\\/17\\\/costa-espera-que-conselho-nao-perca-mais-tempo\\\/#breadcrumb\",\"itemListElement\":[{\"@type\":\"ListItem\",\"position\":1,\"name\":\"In\u00edcio\",\"item\":\"https:\\\/\\\/www.altominho.tv\\\/site\\\/\"},{\"@type\":\"ListItem\",\"position\":2,\"name\":\"Costa espera que Conselho n\u00e3o perca mais tempo\"}]},{\"@type\":\"WebSite\",\"@id\":\"https:\\\/\\\/www.altominho.tv\\\/site\\\/#website\",\"url\":\"https:\\\/\\\/www.altominho.tv\\\/site\\\/\",\"name\":\"Altominho.tv\",\"description\":\"A sua regi\u00e3o \u00e0 dist\u00e2ncia de um clique...\",\"potentialAction\":[{\"@type\":\"SearchAction\",\"target\":{\"@type\":\"EntryPoint\",\"urlTemplate\":\"https:\\\/\\\/www.altominho.tv\\\/site\\\/?s={search_term_string}\"},\"query-input\":{\"@type\":\"PropertyValueSpecification\",\"valueRequired\":true,\"valueName\":\"search_term_string\"}}],\"inLanguage\":\"pt-PT\"},{\"@type\":\"Person\",\"@id\":\"https:\\\/\\\/www.altominho.tv\\\/site\\\/#\\\/schema\\\/person\\\/63f693da3e1899361cbe955c46f3232e\",\"name\":\"Lusa\",\"image\":{\"@type\":\"ImageObject\",\"inLanguage\":\"pt-PT\",\"@id\":\"https:\\\/\\\/www.altominho.tv\\\/site\\\/wp-content\\\/uploads\\\/2019\\\/08\\\/LUSA_Logo.gif\",\"url\":\"https:\\\/\\\/www.altominho.tv\\\/site\\\/wp-content\\\/uploads\\\/2019\\\/08\\\/LUSA_Logo.gif\",\"contentUrl\":\"https:\\\/\\\/www.altominho.tv\\\/site\\\/wp-content\\\/uploads\\\/2019\\\/08\\\/LUSA_Logo.gif\",\"caption\":\"Lusa\"},\"sameAs\":[\"http:\\\/\\\/\\\/\\\/www.altominho.tv\\\/site\"],\"url\":\"https:\\\/\\\/www.altominho.tv\\\/site\\\/author\\\/lusa\\\/\"}]}<\/script>\n<!-- \/ Yoast SEO Premium plugin. -->","yoast_head_json":{"title":"Costa espera que Conselho n\u00e3o perca mais tempo","robots":{"index":"index","follow":"follow","max-snippet":"max-snippet:-1","max-image-preview":"max-image-preview:large","max-video-preview":"max-video-preview:-1"},"canonical":"https:\/\/www.altominho.tv\/site\/2020\/07\/17\/costa-espera-que-conselho-nao-perca-mais-tempo\/","og_locale":"pt_PT","og_type":"article","og_title":"Costa espera que Conselho n\u00e3o perca mais tempo","og_description":"O primeiro-ministro, Ant\u00f3nio Costa, reiterou hoje em Bruxelas o desejo num \u201cacordo r\u00e1pido\u201d em torno da proposta de relan\u00e7amento da economia europeia, fazendo votos para que o Conselho n\u00e3o perca tempo, at\u00e9 porque a proposta sobre a mesa \u00e9 \u201cexcelente\u201d. \u201cN\u00f3s temos uma excelente proposta da Comiss\u00e3o. O presidente do Conselho fez um grande trabalho [&hellip;]","og_url":"https:\/\/www.altominho.tv\/site\/2020\/07\/17\/costa-espera-que-conselho-nao-perca-mais-tempo\/","og_site_name":"Altominho.tv","article_publisher":"https:\/\/www.facebook.com\/altominhotv","article_published_time":"2020-07-17T09:30:00+00:00","og_image":[{"width":1200,"height":630,"url":"https:\/\/www.altominho.tv\/site\/wp-content\/uploads\/2020\/07\/antonio-costa-ma\u0301scara-3-1.jpg","type":"image\/jpeg"}],"author":"Lusa","twitter_card":"summary_large_image","twitter_creator":"@altominhoTV","twitter_site":"@altominhoTV","twitter_misc":{"Escrito por":"Lusa","Tempo estimado de leitura":"3 minutos"},"schema":{"@context":"https:\/\/schema.org","@graph":[{"@type":"Article","@id":"https:\/\/www.altominho.tv\/site\/2020\/07\/17\/costa-espera-que-conselho-nao-perca-mais-tempo\/#article","isPartOf":{"@id":"https:\/\/www.altominho.tv\/site\/2020\/07\/17\/costa-espera-que-conselho-nao-perca-mais-tempo\/"},"author":{"name":"Lusa","@id":"https:\/\/www.altominho.tv\/site\/#\/schema\/person\/63f693da3e1899361cbe955c46f3232e"},"headline":"Costa espera que Conselho n\u00e3o perca mais tempo","datePublished":"2020-07-17T09:30:00+00:00","mainEntityOfPage":{"@id":"https:\/\/www.altominho.tv\/site\/2020\/07\/17\/costa-espera-que-conselho-nao-perca-mais-tempo\/"},"wordCount":535,"image":{"@id":"https:\/\/www.altominho.tv\/site\/2020\/07\/17\/costa-espera-que-conselho-nao-perca-mais-tempo\/#primaryimage"},"thumbnailUrl":"https:\/\/www.altominho.tv\/site\/wp-content\/uploads\/2020\/07\/antonio-costa-ma\u0301scara-3-1.jpg","keywords":["Sociedade"],"articleSection":["Coronav\u00edrus"],"inLanguage":"pt-PT","copyrightYear":"2020","copyrightHolder":{"@id":"https:\/\/www.altominho.tv\/site\/#organization"}},{"@type":"WebPage","@id":"https:\/\/www.altominho.tv\/site\/2020\/07\/17\/costa-espera-que-conselho-nao-perca-mais-tempo\/","url":"https:\/\/www.altominho.tv\/site\/2020\/07\/17\/costa-espera-que-conselho-nao-perca-mais-tempo\/","name":"Costa espera que Conselho n\u00e3o perca mais tempo","isPartOf":{"@id":"https:\/\/www.altominho.tv\/site\/#website"},"primaryImageOfPage":{"@id":"https:\/\/www.altominho.tv\/site\/2020\/07\/17\/costa-espera-que-conselho-nao-perca-mais-tempo\/#primaryimage"},"image":{"@id":"https:\/\/www.altominho.tv\/site\/2020\/07\/17\/costa-espera-que-conselho-nao-perca-mais-tempo\/#primaryimage"},"thumbnailUrl":"https:\/\/www.altominho.tv\/site\/wp-content\/uploads\/2020\/07\/antonio-costa-ma\u0301scara-3-1.jpg","datePublished":"2020-07-17T09:30:00+00:00","author":{"@id":"https:\/\/www.altominho.tv\/site\/#\/schema\/person\/63f693da3e1899361cbe955c46f3232e"},"breadcrumb":{"@id":"https:\/\/www.altominho.tv\/site\/2020\/07\/17\/costa-espera-que-conselho-nao-perca-mais-tempo\/#breadcrumb"},"inLanguage":"pt-PT","potentialAction":[{"@type":"ReadAction","target":["https:\/\/www.altominho.tv\/site\/2020\/07\/17\/costa-espera-que-conselho-nao-perca-mais-tempo\/"]}]},{"@type":"ImageObject","inLanguage":"pt-PT","@id":"https:\/\/www.altominho.tv\/site\/2020\/07\/17\/costa-espera-que-conselho-nao-perca-mais-tempo\/#primaryimage","url":"https:\/\/www.altominho.tv\/site\/wp-content\/uploads\/2020\/07\/antonio-costa-ma\u0301scara-3-1.jpg","contentUrl":"https:\/\/www.altominho.tv\/site\/wp-content\/uploads\/2020\/07\/antonio-costa-ma\u0301scara-3-1.jpg","width":1200,"height":630},{"@type":"BreadcrumbList","@id":"https:\/\/www.altominho.tv\/site\/2020\/07\/17\/costa-espera-que-conselho-nao-perca-mais-tempo\/#breadcrumb","itemListElement":[{"@type":"ListItem","position":1,"name":"In\u00edcio","item":"https:\/\/www.altominho.tv\/site\/"},{"@type":"ListItem","position":2,"name":"Costa espera que Conselho n\u00e3o perca mais tempo"}]},{"@type":"WebSite","@id":"https:\/\/www.altominho.tv\/site\/#website","url":"https:\/\/www.altominho.tv\/site\/","name":"Altominho.tv","description":"A sua regi\u00e3o \u00e0 dist\u00e2ncia de um clique...","potentialAction":[{"@type":"SearchAction","target":{"@type":"EntryPoint","urlTemplate":"https:\/\/www.altominho.tv\/site\/?s={search_term_string}"},"query-input":{"@type":"PropertyValueSpecification","valueRequired":true,"valueName":"search_term_string"}}],"inLanguage":"pt-PT"},{"@type":"Person","@id":"https:\/\/www.altominho.tv\/site\/#\/schema\/person\/63f693da3e1899361cbe955c46f3232e","name":"Lusa","image":{"@type":"ImageObject","inLanguage":"pt-PT","@id":"https:\/\/www.altominho.tv\/site\/wp-content\/uploads\/2019\/08\/LUSA_Logo.gif","url":"https:\/\/www.altominho.tv\/site\/wp-content\/uploads\/2019\/08\/LUSA_Logo.gif","contentUrl":"https:\/\/www.altominho.tv\/site\/wp-content\/uploads\/2019\/08\/LUSA_Logo.gif","caption":"Lusa"},"sameAs":["http:\/\/\/\/www.altominho.tv\/site"],"url":"https:\/\/www.altominho.tv\/site\/author\/lusa\/"}]}},"_links":{"self":[{"href":"https:\/\/www.altominho.tv\/site\/wp-json\/wp\/v2\/posts\/49322","targetHints":{"allow":["GET"]}}],"collection":[{"href":"https:\/\/www.altominho.tv\/site\/wp-json\/wp\/v2\/posts"}],"about":[{"href":"https:\/\/www.altominho.tv\/site\/wp-json\/wp\/v2\/types\/post"}],"author":[{"embeddable":true,"href":"https:\/\/www.altominho.tv\/site\/wp-json\/wp\/v2\/users\/13"}],"replies":[{"embeddable":true,"href":"https:\/\/www.altominho.tv\/site\/wp-json\/wp\/v2\/comments?post=49322"}],"version-history":[{"count":0,"href":"https:\/\/www.altominho.tv\/site\/wp-json\/wp\/v2\/posts\/49322\/revisions"}],"wp:featuredmedia":[{"embeddable":true,"href":"https:\/\/www.altominho.tv\/site\/wp-json\/wp\/v2\/media\/49324"}],"wp:attachment":[{"href":"https:\/\/www.altominho.tv\/site\/wp-json\/wp\/v2\/media?parent=49322"}],"wp:term":[{"taxonomy":"category","embeddable":true,"href":"https:\/\/www.altominho.tv\/site\/wp-json\/wp\/v2\/categories?post=49322"},{"taxonomy":"post_tag","embeddable":true,"href":"https:\/\/www.altominho.tv\/site\/wp-json\/wp\/v2\/tags?post=49322"}],"curies":[{"name":"wp","href":"https:\/\/api.w.org\/{rel}","templated":true}]}}