{"id":49220,"date":"2020-07-15T15:24:37","date_gmt":"2020-07-15T14:24:37","guid":{"rendered":"http:\/\/www.altominho.tv\/site\/?p=49220"},"modified":"2020-07-15T15:24:41","modified_gmt":"2020-07-15T14:24:41","slug":"pousadas-de-juventude-reabrem-apos-meses-a-apoiar-combate-a-pandemia","status":"publish","type":"post","link":"https:\/\/www.altominho.tv\/site\/2020\/07\/15\/pousadas-de-juventude-reabrem-apos-meses-a-apoiar-combate-a-pandemia\/","title":{"rendered":"Pousadas de Juventude reabrem ap\u00f3s meses a apoiar combate \u00e0 pandemia"},"content":{"rendered":"<p>As Pousadas de Juventude est\u00e3o abertas ao p\u00fablico a partir desta quarta-feira, com um conjunto de regras definidas com a ajuda das autoridades da sa\u00fade, ap\u00f3s um per\u00edodo em que estiveram a apoiar o combate \u00e0 pandemia.<\/p>\n<p>Com um total de 42 pousadas em Portugal, as estruturas foram reabrindo nos dias 3 e 10, completando-se hoje o programa de reabertura de 39 delas. Apenas tr\u00eas n\u00e3o reabrem, em Lisboa e em Vila Nova de Cerveira, por ainda estarem ao servi\u00e7o da comunidade no \u00e2mbito do combate \u00e0 pandemia.<\/p>\n<p>A abertura destes 39 espa\u00e7os, espalhados por todo o pa\u00eds, acontece ap\u00f3s a adapta\u00e7\u00e3o das regras aos novos tempos, num guia de opera\u00e7\u00f5es com os procedimentos a seguir, realizado em conjunto com a Dire\u00e7\u00e3o-Geral da Sa\u00fade (DGS), e com a cria\u00e7\u00e3o de um selo \u201cPousada Segura\u201d.<\/p>\n<p>Estes procedimentos pretendem ser \u201cuma garantia que queremos dar aos jovens de que estamos abertos para receb\u00ea-los de forma segura e com confian\u00e7a\u201d, para \u201cestimular a utiliza\u00e7\u00e3o das Pousadas de Juventude como espa\u00e7os de promo\u00e7\u00e3o da sa\u00fade\u201d, al\u00e9m de manterem as suas fun\u00e7\u00f5es de \u201clocais de cidadania e de interc\u00e2mbio cultural\u201d, acrescentou Nuno Chaves, presidente da Movijovem, que gere as pousadas.<\/p>\n<p>Estes novos procedimentos pretendem diminuir os contactos presenciais entre os clientes e os trabalhadores das pousadas e reduzir o n\u00famero de pessoas nos espa\u00e7os comuns, nomeadamente aquando dos \u2018check in\u2019 e \u2018check out\u2019. A partir de agora, os utentes podem contactar com a pousada atrav\u00e9s de ferramentas como o \u201cC\u00f3digo QR\u201d ou das redes sociais.<\/p>\n<p>Al\u00e9m dos equipamentos de prote\u00e7\u00e3o individual e de acr\u00edlicos, a entrada na pousada ser\u00e1 feita atrav\u00e9s de tapetes de desinfe\u00e7\u00e3o de cal\u00e7ado e os elevadores est\u00e3o restringidos ao uso de uma pessoa ou fam\u00edlia de cada vez. O pequeno-almo\u00e7o ser\u00e1 feito com horas marcadas, com desinfe\u00e7\u00e3o entre os tr\u00eas turnos previstos, havendo tamb\u00e9m a possibilidade de \u2018take away\u2019.<\/p>\n<p>Os quartos m\u00faltiplos das pousadas passam a estar dispon\u00edveis apenas para uso individual, de fam\u00edlias ou de grupos que viajam em conjunto e ser-lhe-\u00e1 atribu\u00edda uma cabine de duche exclusiva. De acordo com Nuno Chaves, as pousadas ter\u00e3o \u201cuma redu\u00e7\u00e3o de capacidade instalada para dois ter\u00e7os nos quartos\u201d.<\/p>\n<p>As Pousadas de Juventude encerraram em mar\u00e7o e, desde ent\u00e3o, estavam \u00e0 disposi\u00e7\u00e3o de autarquias e entidades para o combate \u00e0 pandemia. Trinta delas foram consideradas como necess\u00e1rias e as respetivas chaves entregues a munic\u00edpios, mas s\u00f3 16 foram efetivamente utilizadas.<\/p>\n<p>Numa primeira fase, estas pousadas alojaram pessoal m\u00e9dico, mas depois tamb\u00e9m receberam elementos da prote\u00e7\u00e3o civil, idosos deslocados de lares, pessoas em isolamento profil\u00e1tico sem condi\u00e7\u00f5es de o fazerem nas suas casas, pessoas em situa\u00e7\u00e3o de sem-abrigo ou fam\u00edlias que, por qualquer outro motivo, necessitaram deste apoio no \u00e2mbito da pandemia.<\/p>\n<p>Neste per\u00edodo, mais de 800 pessoas tiveram necessidade deste apoio, o \u201cque se traduziu num n\u00famero de dormidas superior a 10 mil\u201d, salientou Nuno Chaves. Entretanto, a pensar na reabertura, os espa\u00e7os foram higienizados e desinfetados pelas For\u00e7as Armadas, que tamb\u00e9m prestaram forma\u00e7\u00e3o aos funcion\u00e1rios.<\/p>\n<p>A Movijovem \u00e9 em Portugal a entidade gestora do Cart\u00e3o Jovem e, em parceria com a CP, do Passe Interrail, al\u00e9m de administrar a rede nacional de Pousadas de Juventude.<\/p>\n<p>Segundo Nuno Chaves, o novo protocolo de procedimentos vai continuar a ser seguido ap\u00f3s a pandemia, j\u00e1 que a preocupa\u00e7\u00e3o com a sa\u00fade continuar\u00e1 a ser um eixo central para a Movijovem. Desde logo, abrange tamb\u00e9m o Cart\u00e3o Jovem \u201ccomo um programa de comunica\u00e7\u00e3o\u201d, que vai \u201cdivulgar pr\u00e1ticas e comportamentos saud\u00e1veis e promover estilos de vida que sejam promotores de sa\u00fade e de bem-estar\u201d.<\/p>\n","protected":false},"excerpt":{"rendered":"<p>As Pousadas de Juventude est\u00e3o abertas ao p\u00fablico a partir desta quarta-feira, com um conjunto de regras definidas com a ajuda das autoridades da sa\u00fade, ap\u00f3s um per\u00edodo em que estiveram a apoiar o combate \u00e0 pandemia. Com um total de 42 pousadas em Portugal, as estruturas foram reabrindo nos dias 3 e 10, completando-se [&hellip;]<\/p>\n","protected":false},"author":15,"featured_media":49223,"comment_status":"closed","ping_status":"closed","sticky":false,"template":"","format":"standard","meta":{"_exactmetrics_skip_tracking":false,"footnotes":""},"categories":[73],"tags":[27],"class_list":["post-49220","post","type-post","status-publish","format-standard","has-post-thumbnail","hentry","category-alto-minho","tag-sociedade"],"yoast_head":"<!-- This site is optimized with the Yoast SEO Premium plugin v28.3 (Yoast SEO v28.3) - https:\/\/yoast.com\/product\/yoast-seo-premium-wordpress\/ -->\n<title>Pousadas de Juventude reabrem ap\u00f3s meses a apoiar combate \u00e0 pandemia<\/title>\n<meta name=\"robots\" content=\"index, follow, max-snippet:-1, max-image-preview:large, max-video-preview:-1\" \/>\n<link rel=\"canonical\" href=\"https:\/\/www.altominho.tv\/site\/2020\/07\/15\/pousadas-de-juventude-reabrem-apos-meses-a-apoiar-combate-a-pandemia\/\" \/>\n<meta property=\"og:locale\" content=\"pt_PT\" \/>\n<meta property=\"og:type\" content=\"article\" \/>\n<meta property=\"og:title\" content=\"Pousadas de Juventude reabrem ap\u00f3s meses a apoiar combate \u00e0 pandemia\" \/>\n<meta property=\"og:description\" content=\"As Pousadas de Juventude est\u00e3o abertas ao p\u00fablico a partir desta quarta-feira, com um conjunto de regras definidas com a ajuda das autoridades da sa\u00fade, ap\u00f3s um per\u00edodo em que estiveram a apoiar o combate \u00e0 pandemia. Com um total de 42 pousadas em Portugal, as estruturas foram reabrindo nos dias 3 e 10, completando-se [&hellip;]\" \/>\n<meta property=\"og:url\" content=\"https:\/\/www.altominho.tv\/site\/2020\/07\/15\/pousadas-de-juventude-reabrem-apos-meses-a-apoiar-combate-a-pandemia\/\" \/>\n<meta property=\"og:site_name\" content=\"Altominho.tv\" \/>\n<meta property=\"article:publisher\" content=\"https:\/\/www.facebook.com\/altominhotv\" \/>\n<meta property=\"article:published_time\" content=\"2020-07-15T14:24:37+00:00\" \/>\n<meta property=\"article:modified_time\" content=\"2020-07-15T14:24:41+00:00\" \/>\n<meta property=\"og:image\" content=\"https:\/\/www.altominho.tv\/site\/wp-content\/uploads\/2020\/07\/Pousada-Melgaco.png\" \/>\n\t<meta property=\"og:image:width\" content=\"635\" \/>\n\t<meta property=\"og:image:height\" content=\"300\" \/>\n\t<meta property=\"og:image:type\" content=\"image\/png\" \/>\n<meta name=\"author\" content=\"Andreia Ferreira | Lusa\" \/>\n<meta name=\"twitter:card\" content=\"summary_large_image\" \/>\n<meta name=\"twitter:creator\" content=\"@altominhoTV\" \/>\n<meta name=\"twitter:site\" content=\"@altominhoTV\" \/>\n<meta name=\"twitter:label1\" content=\"Escrito por\" \/>\n\t<meta name=\"twitter:data1\" content=\"Andreia Ferreira | Lusa\" \/>\n\t<meta name=\"twitter:label2\" content=\"Tempo estimado de leitura\" \/>\n\t<meta name=\"twitter:data2\" content=\"3 minutos\" \/>\n<script type=\"application\/ld+json\" class=\"yoast-schema-graph\">{\"@context\":\"https:\\\/\\\/schema.org\",\"@graph\":[{\"@type\":\"Article\",\"@id\":\"https:\\\/\\\/www.altominho.tv\\\/site\\\/2020\\\/07\\\/15\\\/pousadas-de-juventude-reabrem-apos-meses-a-apoiar-combate-a-pandemia\\\/#article\",\"isPartOf\":{\"@id\":\"https:\\\/\\\/www.altominho.tv\\\/site\\\/2020\\\/07\\\/15\\\/pousadas-de-juventude-reabrem-apos-meses-a-apoiar-combate-a-pandemia\\\/\"},\"author\":{\"name\":\"Andreia Ferreira | Lusa\",\"@id\":\"https:\\\/\\\/www.altominho.tv\\\/site\\\/#\\\/schema\\\/person\\\/a0bff6dc1041aadd46fa81887444b017\"},\"headline\":\"Pousadas de Juventude reabrem ap\u00f3s meses a apoiar combate \u00e0 pandemia\",\"datePublished\":\"2020-07-15T14:24:37+00:00\",\"dateModified\":\"2020-07-15T14:24:41+00:00\",\"mainEntityOfPage\":{\"@id\":\"https:\\\/\\\/www.altominho.tv\\\/site\\\/2020\\\/07\\\/15\\\/pousadas-de-juventude-reabrem-apos-meses-a-apoiar-combate-a-pandemia\\\/\"},\"wordCount\":663,\"image\":{\"@id\":\"https:\\\/\\\/www.altominho.tv\\\/site\\\/2020\\\/07\\\/15\\\/pousadas-de-juventude-reabrem-apos-meses-a-apoiar-combate-a-pandemia\\\/#primaryimage\"},\"thumbnailUrl\":\"https:\\\/\\\/www.altominho.tv\\\/site\\\/wp-content\\\/uploads\\\/2020\\\/07\\\/Pousada-Melgaco.png\",\"keywords\":[\"Sociedade\"],\"articleSection\":[\"Alto Minho\"],\"inLanguage\":\"pt-PT\",\"copyrightYear\":\"2020\",\"copyrightHolder\":{\"@id\":\"https:\\\/\\\/www.altominho.tv\\\/site\\\/#organization\"}},{\"@type\":\"WebPage\",\"@id\":\"https:\\\/\\\/www.altominho.tv\\\/site\\\/2020\\\/07\\\/15\\\/pousadas-de-juventude-reabrem-apos-meses-a-apoiar-combate-a-pandemia\\\/\",\"url\":\"https:\\\/\\\/www.altominho.tv\\\/site\\\/2020\\\/07\\\/15\\\/pousadas-de-juventude-reabrem-apos-meses-a-apoiar-combate-a-pandemia\\\/\",\"name\":\"Pousadas de Juventude reabrem ap\u00f3s meses a apoiar combate \u00e0 pandemia\",\"isPartOf\":{\"@id\":\"https:\\\/\\\/www.altominho.tv\\\/site\\\/#website\"},\"primaryImageOfPage\":{\"@id\":\"https:\\\/\\\/www.altominho.tv\\\/site\\\/2020\\\/07\\\/15\\\/pousadas-de-juventude-reabrem-apos-meses-a-apoiar-combate-a-pandemia\\\/#primaryimage\"},\"image\":{\"@id\":\"https:\\\/\\\/www.altominho.tv\\\/site\\\/2020\\\/07\\\/15\\\/pousadas-de-juventude-reabrem-apos-meses-a-apoiar-combate-a-pandemia\\\/#primaryimage\"},\"thumbnailUrl\":\"https:\\\/\\\/www.altominho.tv\\\/site\\\/wp-content\\\/uploads\\\/2020\\\/07\\\/Pousada-Melgaco.png\",\"datePublished\":\"2020-07-15T14:24:37+00:00\",\"dateModified\":\"2020-07-15T14:24:41+00:00\",\"author\":{\"@id\":\"https:\\\/\\\/www.altominho.tv\\\/site\\\/#\\\/schema\\\/person\\\/a0bff6dc1041aadd46fa81887444b017\"},\"breadcrumb\":{\"@id\":\"https:\\\/\\\/www.altominho.tv\\\/site\\\/2020\\\/07\\\/15\\\/pousadas-de-juventude-reabrem-apos-meses-a-apoiar-combate-a-pandemia\\\/#breadcrumb\"},\"inLanguage\":\"pt-PT\",\"potentialAction\":[{\"@type\":\"ReadAction\",\"target\":[\"https:\\\/\\\/www.altominho.tv\\\/site\\\/2020\\\/07\\\/15\\\/pousadas-de-juventude-reabrem-apos-meses-a-apoiar-combate-a-pandemia\\\/\"]}]},{\"@type\":\"ImageObject\",\"inLanguage\":\"pt-PT\",\"@id\":\"https:\\\/\\\/www.altominho.tv\\\/site\\\/2020\\\/07\\\/15\\\/pousadas-de-juventude-reabrem-apos-meses-a-apoiar-combate-a-pandemia\\\/#primaryimage\",\"url\":\"https:\\\/\\\/www.altominho.tv\\\/site\\\/wp-content\\\/uploads\\\/2020\\\/07\\\/Pousada-Melgaco.png\",\"contentUrl\":\"https:\\\/\\\/www.altominho.tv\\\/site\\\/wp-content\\\/uploads\\\/2020\\\/07\\\/Pousada-Melgaco.png\",\"width\":635,\"height\":300},{\"@type\":\"BreadcrumbList\",\"@id\":\"https:\\\/\\\/www.altominho.tv\\\/site\\\/2020\\\/07\\\/15\\\/pousadas-de-juventude-reabrem-apos-meses-a-apoiar-combate-a-pandemia\\\/#breadcrumb\",\"itemListElement\":[{\"@type\":\"ListItem\",\"position\":1,\"name\":\"In\u00edcio\",\"item\":\"https:\\\/\\\/www.altominho.tv\\\/site\\\/\"},{\"@type\":\"ListItem\",\"position\":2,\"name\":\"Pousadas de Juventude reabrem ap\u00f3s meses a apoiar combate \u00e0 pandemia\"}]},{\"@type\":\"WebSite\",\"@id\":\"https:\\\/\\\/www.altominho.tv\\\/site\\\/#website\",\"url\":\"https:\\\/\\\/www.altominho.tv\\\/site\\\/\",\"name\":\"Altominho.tv\",\"description\":\"A sua regi\u00e3o \u00e0 dist\u00e2ncia de um clique...\",\"potentialAction\":[{\"@type\":\"SearchAction\",\"target\":{\"@type\":\"EntryPoint\",\"urlTemplate\":\"https:\\\/\\\/www.altominho.tv\\\/site\\\/?s={search_term_string}\"},\"query-input\":{\"@type\":\"PropertyValueSpecification\",\"valueRequired\":true,\"valueName\":\"search_term_string\"}}],\"inLanguage\":\"pt-PT\"},{\"@type\":\"Person\",\"@id\":\"https:\\\/\\\/www.altominho.tv\\\/site\\\/#\\\/schema\\\/person\\\/a0bff6dc1041aadd46fa81887444b017\",\"name\":\"Andreia Ferreira | Lusa\",\"image\":{\"@type\":\"ImageObject\",\"inLanguage\":\"pt-PT\",\"@id\":\"https:\\\/\\\/www.altominho.tv\\\/site\\\/wp-content\\\/uploads\\\/2018\\\/04\\\/Andreia-150x150.jpg\",\"url\":\"https:\\\/\\\/www.altominho.tv\\\/site\\\/wp-content\\\/uploads\\\/2018\\\/04\\\/Andreia-150x150.jpg\",\"contentUrl\":\"https:\\\/\\\/www.altominho.tv\\\/site\\\/wp-content\\\/uploads\\\/2018\\\/04\\\/Andreia-150x150.jpg\",\"caption\":\"Andreia Ferreira | Lusa\"},\"sameAs\":[\"https:\\\/\\\/www.altominho.tv\\\/site\"],\"url\":\"https:\\\/\\\/www.altominho.tv\\\/site\\\/author\\\/andreiaferreiralusa\\\/\"}]}<\/script>\n<!-- \/ Yoast SEO Premium plugin. -->","yoast_head_json":{"title":"Pousadas de Juventude reabrem ap\u00f3s meses a apoiar combate \u00e0 pandemia","robots":{"index":"index","follow":"follow","max-snippet":"max-snippet:-1","max-image-preview":"max-image-preview:large","max-video-preview":"max-video-preview:-1"},"canonical":"https:\/\/www.altominho.tv\/site\/2020\/07\/15\/pousadas-de-juventude-reabrem-apos-meses-a-apoiar-combate-a-pandemia\/","og_locale":"pt_PT","og_type":"article","og_title":"Pousadas de Juventude reabrem ap\u00f3s meses a apoiar combate \u00e0 pandemia","og_description":"As Pousadas de Juventude est\u00e3o abertas ao p\u00fablico a partir desta quarta-feira, com um conjunto de regras definidas com a ajuda das autoridades da sa\u00fade, ap\u00f3s um per\u00edodo em que estiveram a apoiar o combate \u00e0 pandemia. Com um total de 42 pousadas em Portugal, as estruturas foram reabrindo nos dias 3 e 10, completando-se [&hellip;]","og_url":"https:\/\/www.altominho.tv\/site\/2020\/07\/15\/pousadas-de-juventude-reabrem-apos-meses-a-apoiar-combate-a-pandemia\/","og_site_name":"Altominho.tv","article_publisher":"https:\/\/www.facebook.com\/altominhotv","article_published_time":"2020-07-15T14:24:37+00:00","article_modified_time":"2020-07-15T14:24:41+00:00","og_image":[{"width":635,"height":300,"url":"https:\/\/www.altominho.tv\/site\/wp-content\/uploads\/2020\/07\/Pousada-Melgaco.png","type":"image\/png"}],"author":"Andreia Ferreira | Lusa","twitter_card":"summary_large_image","twitter_creator":"@altominhoTV","twitter_site":"@altominhoTV","twitter_misc":{"Escrito por":"Andreia Ferreira | Lusa","Tempo estimado de leitura":"3 minutos"},"schema":{"@context":"https:\/\/schema.org","@graph":[{"@type":"Article","@id":"https:\/\/www.altominho.tv\/site\/2020\/07\/15\/pousadas-de-juventude-reabrem-apos-meses-a-apoiar-combate-a-pandemia\/#article","isPartOf":{"@id":"https:\/\/www.altominho.tv\/site\/2020\/07\/15\/pousadas-de-juventude-reabrem-apos-meses-a-apoiar-combate-a-pandemia\/"},"author":{"name":"Andreia Ferreira | Lusa","@id":"https:\/\/www.altominho.tv\/site\/#\/schema\/person\/a0bff6dc1041aadd46fa81887444b017"},"headline":"Pousadas de Juventude reabrem ap\u00f3s meses a apoiar combate \u00e0 pandemia","datePublished":"2020-07-15T14:24:37+00:00","dateModified":"2020-07-15T14:24:41+00:00","mainEntityOfPage":{"@id":"https:\/\/www.altominho.tv\/site\/2020\/07\/15\/pousadas-de-juventude-reabrem-apos-meses-a-apoiar-combate-a-pandemia\/"},"wordCount":663,"image":{"@id":"https:\/\/www.altominho.tv\/site\/2020\/07\/15\/pousadas-de-juventude-reabrem-apos-meses-a-apoiar-combate-a-pandemia\/#primaryimage"},"thumbnailUrl":"https:\/\/www.altominho.tv\/site\/wp-content\/uploads\/2020\/07\/Pousada-Melgaco.png","keywords":["Sociedade"],"articleSection":["Alto Minho"],"inLanguage":"pt-PT","copyrightYear":"2020","copyrightHolder":{"@id":"https:\/\/www.altominho.tv\/site\/#organization"}},{"@type":"WebPage","@id":"https:\/\/www.altominho.tv\/site\/2020\/07\/15\/pousadas-de-juventude-reabrem-apos-meses-a-apoiar-combate-a-pandemia\/","url":"https:\/\/www.altominho.tv\/site\/2020\/07\/15\/pousadas-de-juventude-reabrem-apos-meses-a-apoiar-combate-a-pandemia\/","name":"Pousadas de Juventude reabrem ap\u00f3s meses a apoiar combate \u00e0 pandemia","isPartOf":{"@id":"https:\/\/www.altominho.tv\/site\/#website"},"primaryImageOfPage":{"@id":"https:\/\/www.altominho.tv\/site\/2020\/07\/15\/pousadas-de-juventude-reabrem-apos-meses-a-apoiar-combate-a-pandemia\/#primaryimage"},"image":{"@id":"https:\/\/www.altominho.tv\/site\/2020\/07\/15\/pousadas-de-juventude-reabrem-apos-meses-a-apoiar-combate-a-pandemia\/#primaryimage"},"thumbnailUrl":"https:\/\/www.altominho.tv\/site\/wp-content\/uploads\/2020\/07\/Pousada-Melgaco.png","datePublished":"2020-07-15T14:24:37+00:00","dateModified":"2020-07-15T14:24:41+00:00","author":{"@id":"https:\/\/www.altominho.tv\/site\/#\/schema\/person\/a0bff6dc1041aadd46fa81887444b017"},"breadcrumb":{"@id":"https:\/\/www.altominho.tv\/site\/2020\/07\/15\/pousadas-de-juventude-reabrem-apos-meses-a-apoiar-combate-a-pandemia\/#breadcrumb"},"inLanguage":"pt-PT","potentialAction":[{"@type":"ReadAction","target":["https:\/\/www.altominho.tv\/site\/2020\/07\/15\/pousadas-de-juventude-reabrem-apos-meses-a-apoiar-combate-a-pandemia\/"]}]},{"@type":"ImageObject","inLanguage":"pt-PT","@id":"https:\/\/www.altominho.tv\/site\/2020\/07\/15\/pousadas-de-juventude-reabrem-apos-meses-a-apoiar-combate-a-pandemia\/#primaryimage","url":"https:\/\/www.altominho.tv\/site\/wp-content\/uploads\/2020\/07\/Pousada-Melgaco.png","contentUrl":"https:\/\/www.altominho.tv\/site\/wp-content\/uploads\/2020\/07\/Pousada-Melgaco.png","width":635,"height":300},{"@type":"BreadcrumbList","@id":"https:\/\/www.altominho.tv\/site\/2020\/07\/15\/pousadas-de-juventude-reabrem-apos-meses-a-apoiar-combate-a-pandemia\/#breadcrumb","itemListElement":[{"@type":"ListItem","position":1,"name":"In\u00edcio","item":"https:\/\/www.altominho.tv\/site\/"},{"@type":"ListItem","position":2,"name":"Pousadas de Juventude reabrem ap\u00f3s meses a apoiar combate \u00e0 pandemia"}]},{"@type":"WebSite","@id":"https:\/\/www.altominho.tv\/site\/#website","url":"https:\/\/www.altominho.tv\/site\/","name":"Altominho.tv","description":"A sua regi\u00e3o \u00e0 dist\u00e2ncia de um clique...","potentialAction":[{"@type":"SearchAction","target":{"@type":"EntryPoint","urlTemplate":"https:\/\/www.altominho.tv\/site\/?s={search_term_string}"},"query-input":{"@type":"PropertyValueSpecification","valueRequired":true,"valueName":"search_term_string"}}],"inLanguage":"pt-PT"},{"@type":"Person","@id":"https:\/\/www.altominho.tv\/site\/#\/schema\/person\/a0bff6dc1041aadd46fa81887444b017","name":"Andreia Ferreira | Lusa","image":{"@type":"ImageObject","inLanguage":"pt-PT","@id":"https:\/\/www.altominho.tv\/site\/wp-content\/uploads\/2018\/04\/Andreia-150x150.jpg","url":"https:\/\/www.altominho.tv\/site\/wp-content\/uploads\/2018\/04\/Andreia-150x150.jpg","contentUrl":"https:\/\/www.altominho.tv\/site\/wp-content\/uploads\/2018\/04\/Andreia-150x150.jpg","caption":"Andreia Ferreira | Lusa"},"sameAs":["https:\/\/www.altominho.tv\/site"],"url":"https:\/\/www.altominho.tv\/site\/author\/andreiaferreiralusa\/"}]}},"_links":{"self":[{"href":"https:\/\/www.altominho.tv\/site\/wp-json\/wp\/v2\/posts\/49220","targetHints":{"allow":["GET"]}}],"collection":[{"href":"https:\/\/www.altominho.tv\/site\/wp-json\/wp\/v2\/posts"}],"about":[{"href":"https:\/\/www.altominho.tv\/site\/wp-json\/wp\/v2\/types\/post"}],"author":[{"embeddable":true,"href":"https:\/\/www.altominho.tv\/site\/wp-json\/wp\/v2\/users\/15"}],"replies":[{"embeddable":true,"href":"https:\/\/www.altominho.tv\/site\/wp-json\/wp\/v2\/comments?post=49220"}],"version-history":[{"count":0,"href":"https:\/\/www.altominho.tv\/site\/wp-json\/wp\/v2\/posts\/49220\/revisions"}],"wp:featuredmedia":[{"embeddable":true,"href":"https:\/\/www.altominho.tv\/site\/wp-json\/wp\/v2\/media\/49223"}],"wp:attachment":[{"href":"https:\/\/www.altominho.tv\/site\/wp-json\/wp\/v2\/media?parent=49220"}],"wp:term":[{"taxonomy":"category","embeddable":true,"href":"https:\/\/www.altominho.tv\/site\/wp-json\/wp\/v2\/categories?post=49220"},{"taxonomy":"post_tag","embeddable":true,"href":"https:\/\/www.altominho.tv\/site\/wp-json\/wp\/v2\/tags?post=49220"}],"curies":[{"name":"wp","href":"https:\/\/api.w.org\/{rel}","templated":true}]}}