{"id":49186,"date":"2020-07-15T11:43:22","date_gmt":"2020-07-15T10:43:22","guid":{"rendered":"http:\/\/www.altominho.tv\/site\/?p=49186"},"modified":"2020-07-15T11:43:26","modified_gmt":"2020-07-15T10:43:26","slug":"viana-do-castelo-entre-14-distritos-em-risco-maximo-de-incendio","status":"publish","type":"post","link":"https:\/\/www.altominho.tv\/site\/2020\/07\/15\/viana-do-castelo-entre-14-distritos-em-risco-maximo-de-incendio\/","title":{"rendered":"Viana do Castelo entre 14 distritos em risco m\u00e1ximo de inc\u00eandio"},"content":{"rendered":"<p>Mais de 100 concelhos de 14 distritos de Portugal continental apresentam esta quarta-feira um risco m\u00e1ximo de inc\u00eandio, segundo o Instituto Portugu\u00eas do Mar e da Atmosfera (IPMA).<\/p>\n<p>Em risco m\u00e1ximo est\u00e3o mais de uma centena de concelhos dos distritos de Viana do Castelo, Braga, Porto, Vila Real, Bragan\u00e7a, Viseu, Aveiro, Guarda, Coimbra, Leiria, Castelo Branco, Santar\u00e9m, Portalegre e Faro.<\/p>\n<p>O IPMA colocou tamb\u00e9m em risco muito elevado e elevado de inc\u00eandio quase todos os concelhos de todos os distritos (18) de Portugal continental.<\/p>\n<p>Na ter\u00e7a-feira, a secret\u00e1ria de Estado da Administra\u00e7\u00e3o Interna alertou para \u201cum cen\u00e1rio meteorol\u00f3gico muito complicado\u201d nos pr\u00f3ximos dias, com um potencial de ocorr\u00eancias de inc\u00eandios florestais \u201cdif\u00edceis de gerir\u201d e que se podem tornar \u201cquase catastr\u00f3ficos\u201d.<\/p>\n<p>\u201cHoje, o que podemos dizer \u00e9 que vamos enfrentar dias de enorme complexidade e de risco de inc\u00eandio muito elevado\u201d, disse aos jornalistas Patr\u00edcia Gaspar, no final da reuni\u00e3o do Centro de Coordena\u00e7\u00e3o Operacional Nacional, na Autoridade Nacional de Emerg\u00eancia e Prote\u00e7\u00e3o Civil (ANEPC), onde foi analisado o que se passou nas \u00faltimos dias e o risco previsto at\u00e9 \u00e0 pr\u00f3xima sexta-feira.<\/p>\n<p>Segundo o IPMA, pelo menos at\u00e9 ao fim de semana vai manter-se o risco de inc\u00eandio m\u00e1ximo e muito elevado em muitos concelhos do continente por causa do tempo quente.<\/p>\n<p>O risco de inc\u00eandio determinado pelo IPMA tem cinco n\u00edveis, que v\u00e3o de reduzido a m\u00e1ximo. Os c\u00e1lculos s\u00e3o obtidos a partir da temperatura do ar, humidade relativa, velocidade do vento e quantidade de precipita\u00e7\u00e3o nas \u00faltimas 24 horas.<\/p>\n<p>O IPMA prev\u00ea para esta quarta-feira a continua\u00e7\u00e3o de tempo quente pelo menos at\u00e9 domingo. Durante esta semana a temperatura m\u00e1xima dever\u00e1 variar entre 30 e 35 graus Celsius no litoral, devendo atingir valores entre 35 e 40 graus nas regi\u00f5es do interior.<\/p>\n<p>Tamb\u00e9m a temperatura m\u00ednima apresenta tend\u00eancia para uma subida gradual, com valores que dever\u00e3o ser superiores a 20 graus em grande parte do territ\u00f3rio continental, em especial no interior e no sotavento algarvio, e que s\u00e3o classificadas como noites tropicais.<\/p>\n<p>De acordo com o IPMA, os valores de temperatura est\u00e3o acima do habitual para a \u00e9poca do ano e esta persist\u00eancia poder\u00e1 levar a uma situa\u00e7\u00e3o de onda de calor em diversos locais do pa\u00eds, em especial no interior.<\/p>\n<p>Na origem do tempo quente est\u00e1 um \u201canticiclone localizado a nordeste dos A\u00e7ores, que se estende em crista at\u00e9 ao Golfo da Biscaia, em conjunto com um vale depression\u00e1rio desde o norte de \u00c1frica at\u00e9 \u00e0 Pen\u00ednsula Ib\u00e9rica, origina o transporte de uma massa de ar quente do norte de \u00c1frica a qual ser\u00e1 respons\u00e1vel pela persist\u00eancia de valores elevados de temperatura ao longo da semana\u201d.<\/p>\n\n\n<p class=\"wp-block-paragraph\"><\/p>\n","protected":false},"excerpt":{"rendered":"<p>Mais de 100 concelhos de 14 distritos de Portugal continental apresentam esta quarta-feira um risco m\u00e1ximo de inc\u00eandio, segundo o Instituto Portugu\u00eas do Mar e da Atmosfera (IPMA). Em risco m\u00e1ximo est\u00e3o mais de uma centena de concelhos dos distritos de Viana do Castelo, Braga, Porto, Vila Real, Bragan\u00e7a, Viseu, Aveiro, Guarda, Coimbra, Leiria, Castelo [&hellip;]<\/p>\n","protected":false},"author":15,"featured_media":49188,"comment_status":"closed","ping_status":"closed","sticky":false,"template":"","format":"standard","meta":{"_exactmetrics_skip_tracking":false,"footnotes":""},"categories":[73],"tags":[27],"class_list":["post-49186","post","type-post","status-publish","format-standard","has-post-thumbnail","hentry","category-alto-minho","tag-sociedade"],"yoast_head":"<!-- This site is optimized with the Yoast SEO Premium plugin v28.3 (Yoast SEO v28.3) - https:\/\/yoast.com\/product\/yoast-seo-premium-wordpress\/ -->\n<title>Viana do Castelo entre 14 distritos em risco m\u00e1ximo de inc\u00eandio<\/title>\n<meta name=\"robots\" content=\"index, follow, max-snippet:-1, max-image-preview:large, max-video-preview:-1\" \/>\n<link rel=\"canonical\" href=\"https:\/\/www.altominho.tv\/site\/2020\/07\/15\/viana-do-castelo-entre-14-distritos-em-risco-maximo-de-incendio\/\" \/>\n<meta property=\"og:locale\" content=\"pt_PT\" \/>\n<meta property=\"og:type\" content=\"article\" \/>\n<meta property=\"og:title\" content=\"Viana do Castelo entre 14 distritos em risco m\u00e1ximo de inc\u00eandio\" \/>\n<meta property=\"og:description\" content=\"Mais de 100 concelhos de 14 distritos de Portugal continental apresentam esta quarta-feira um risco m\u00e1ximo de inc\u00eandio, segundo o Instituto Portugu\u00eas do Mar e da Atmosfera (IPMA). Em risco m\u00e1ximo est\u00e3o mais de uma centena de concelhos dos distritos de Viana do Castelo, Braga, Porto, Vila Real, Bragan\u00e7a, Viseu, Aveiro, Guarda, Coimbra, Leiria, Castelo [&hellip;]\" \/>\n<meta property=\"og:url\" content=\"https:\/\/www.altominho.tv\/site\/2020\/07\/15\/viana-do-castelo-entre-14-distritos-em-risco-maximo-de-incendio\/\" \/>\n<meta property=\"og:site_name\" content=\"Altominho.tv\" \/>\n<meta property=\"article:publisher\" content=\"https:\/\/www.facebook.com\/altominhotv\" \/>\n<meta property=\"article:published_time\" content=\"2020-07-15T10:43:22+00:00\" \/>\n<meta property=\"article:modified_time\" content=\"2020-07-15T10:43:26+00:00\" \/>\n<meta property=\"og:image\" content=\"https:\/\/www.altominho.tv\/site\/wp-content\/uploads\/2020\/07\/forest-fire-3694495_1920.jpg\" \/>\n\t<meta property=\"og:image:width\" content=\"1920\" \/>\n\t<meta property=\"og:image:height\" content=\"1279\" \/>\n\t<meta property=\"og:image:type\" content=\"image\/jpeg\" \/>\n<meta name=\"author\" content=\"Andreia Ferreira | Lusa\" \/>\n<meta name=\"twitter:card\" content=\"summary_large_image\" \/>\n<meta name=\"twitter:creator\" content=\"@altominhoTV\" \/>\n<meta name=\"twitter:site\" content=\"@altominhoTV\" \/>\n<meta name=\"twitter:label1\" content=\"Escrito por\" \/>\n\t<meta name=\"twitter:data1\" content=\"Andreia Ferreira | Lusa\" \/>\n\t<meta name=\"twitter:label2\" content=\"Tempo estimado de leitura\" \/>\n\t<meta name=\"twitter:data2\" content=\"2 minutos\" \/>\n<script type=\"application\/ld+json\" class=\"yoast-schema-graph\">{\"@context\":\"https:\\\/\\\/schema.org\",\"@graph\":[{\"@type\":\"Article\",\"@id\":\"https:\\\/\\\/www.altominho.tv\\\/site\\\/2020\\\/07\\\/15\\\/viana-do-castelo-entre-14-distritos-em-risco-maximo-de-incendio\\\/#article\",\"isPartOf\":{\"@id\":\"https:\\\/\\\/www.altominho.tv\\\/site\\\/2020\\\/07\\\/15\\\/viana-do-castelo-entre-14-distritos-em-risco-maximo-de-incendio\\\/\"},\"author\":{\"name\":\"Andreia Ferreira | Lusa\",\"@id\":\"https:\\\/\\\/www.altominho.tv\\\/site\\\/#\\\/schema\\\/person\\\/a0bff6dc1041aadd46fa81887444b017\"},\"headline\":\"Viana do Castelo entre 14 distritos em risco m\u00e1ximo de inc\u00eandio\",\"datePublished\":\"2020-07-15T10:43:22+00:00\",\"dateModified\":\"2020-07-15T10:43:26+00:00\",\"mainEntityOfPage\":{\"@id\":\"https:\\\/\\\/www.altominho.tv\\\/site\\\/2020\\\/07\\\/15\\\/viana-do-castelo-entre-14-distritos-em-risco-maximo-de-incendio\\\/\"},\"wordCount\":494,\"image\":{\"@id\":\"https:\\\/\\\/www.altominho.tv\\\/site\\\/2020\\\/07\\\/15\\\/viana-do-castelo-entre-14-distritos-em-risco-maximo-de-incendio\\\/#primaryimage\"},\"thumbnailUrl\":\"https:\\\/\\\/www.altominho.tv\\\/site\\\/wp-content\\\/uploads\\\/2020\\\/07\\\/forest-fire-3694495_1920.jpg\",\"keywords\":[\"Sociedade\"],\"articleSection\":[\"Alto Minho\"],\"inLanguage\":\"pt-PT\",\"copyrightYear\":\"2020\",\"copyrightHolder\":{\"@id\":\"https:\\\/\\\/www.altominho.tv\\\/site\\\/#organization\"}},{\"@type\":\"WebPage\",\"@id\":\"https:\\\/\\\/www.altominho.tv\\\/site\\\/2020\\\/07\\\/15\\\/viana-do-castelo-entre-14-distritos-em-risco-maximo-de-incendio\\\/\",\"url\":\"https:\\\/\\\/www.altominho.tv\\\/site\\\/2020\\\/07\\\/15\\\/viana-do-castelo-entre-14-distritos-em-risco-maximo-de-incendio\\\/\",\"name\":\"Viana do Castelo entre 14 distritos em risco m\u00e1ximo de inc\u00eandio\",\"isPartOf\":{\"@id\":\"https:\\\/\\\/www.altominho.tv\\\/site\\\/#website\"},\"primaryImageOfPage\":{\"@id\":\"https:\\\/\\\/www.altominho.tv\\\/site\\\/2020\\\/07\\\/15\\\/viana-do-castelo-entre-14-distritos-em-risco-maximo-de-incendio\\\/#primaryimage\"},\"image\":{\"@id\":\"https:\\\/\\\/www.altominho.tv\\\/site\\\/2020\\\/07\\\/15\\\/viana-do-castelo-entre-14-distritos-em-risco-maximo-de-incendio\\\/#primaryimage\"},\"thumbnailUrl\":\"https:\\\/\\\/www.altominho.tv\\\/site\\\/wp-content\\\/uploads\\\/2020\\\/07\\\/forest-fire-3694495_1920.jpg\",\"datePublished\":\"2020-07-15T10:43:22+00:00\",\"dateModified\":\"2020-07-15T10:43:26+00:00\",\"author\":{\"@id\":\"https:\\\/\\\/www.altominho.tv\\\/site\\\/#\\\/schema\\\/person\\\/a0bff6dc1041aadd46fa81887444b017\"},\"breadcrumb\":{\"@id\":\"https:\\\/\\\/www.altominho.tv\\\/site\\\/2020\\\/07\\\/15\\\/viana-do-castelo-entre-14-distritos-em-risco-maximo-de-incendio\\\/#breadcrumb\"},\"inLanguage\":\"pt-PT\",\"potentialAction\":[{\"@type\":\"ReadAction\",\"target\":[\"https:\\\/\\\/www.altominho.tv\\\/site\\\/2020\\\/07\\\/15\\\/viana-do-castelo-entre-14-distritos-em-risco-maximo-de-incendio\\\/\"]}]},{\"@type\":\"ImageObject\",\"inLanguage\":\"pt-PT\",\"@id\":\"https:\\\/\\\/www.altominho.tv\\\/site\\\/2020\\\/07\\\/15\\\/viana-do-castelo-entre-14-distritos-em-risco-maximo-de-incendio\\\/#primaryimage\",\"url\":\"https:\\\/\\\/www.altominho.tv\\\/site\\\/wp-content\\\/uploads\\\/2020\\\/07\\\/forest-fire-3694495_1920.jpg\",\"contentUrl\":\"https:\\\/\\\/www.altominho.tv\\\/site\\\/wp-content\\\/uploads\\\/2020\\\/07\\\/forest-fire-3694495_1920.jpg\",\"width\":1920,\"height\":1279,\"caption\":\"PIXABAY\"},{\"@type\":\"BreadcrumbList\",\"@id\":\"https:\\\/\\\/www.altominho.tv\\\/site\\\/2020\\\/07\\\/15\\\/viana-do-castelo-entre-14-distritos-em-risco-maximo-de-incendio\\\/#breadcrumb\",\"itemListElement\":[{\"@type\":\"ListItem\",\"position\":1,\"name\":\"In\u00edcio\",\"item\":\"https:\\\/\\\/www.altominho.tv\\\/site\\\/\"},{\"@type\":\"ListItem\",\"position\":2,\"name\":\"Viana do Castelo entre 14 distritos em risco m\u00e1ximo de inc\u00eandio\"}]},{\"@type\":\"WebSite\",\"@id\":\"https:\\\/\\\/www.altominho.tv\\\/site\\\/#website\",\"url\":\"https:\\\/\\\/www.altominho.tv\\\/site\\\/\",\"name\":\"Altominho.tv\",\"description\":\"A sua regi\u00e3o \u00e0 dist\u00e2ncia de um clique...\",\"potentialAction\":[{\"@type\":\"SearchAction\",\"target\":{\"@type\":\"EntryPoint\",\"urlTemplate\":\"https:\\\/\\\/www.altominho.tv\\\/site\\\/?s={search_term_string}\"},\"query-input\":{\"@type\":\"PropertyValueSpecification\",\"valueRequired\":true,\"valueName\":\"search_term_string\"}}],\"inLanguage\":\"pt-PT\"},{\"@type\":\"Person\",\"@id\":\"https:\\\/\\\/www.altominho.tv\\\/site\\\/#\\\/schema\\\/person\\\/a0bff6dc1041aadd46fa81887444b017\",\"name\":\"Andreia Ferreira | Lusa\",\"image\":{\"@type\":\"ImageObject\",\"inLanguage\":\"pt-PT\",\"@id\":\"https:\\\/\\\/www.altominho.tv\\\/site\\\/wp-content\\\/uploads\\\/2018\\\/04\\\/Andreia-150x150.jpg\",\"url\":\"https:\\\/\\\/www.altominho.tv\\\/site\\\/wp-content\\\/uploads\\\/2018\\\/04\\\/Andreia-150x150.jpg\",\"contentUrl\":\"https:\\\/\\\/www.altominho.tv\\\/site\\\/wp-content\\\/uploads\\\/2018\\\/04\\\/Andreia-150x150.jpg\",\"caption\":\"Andreia Ferreira | Lusa\"},\"sameAs\":[\"https:\\\/\\\/www.altominho.tv\\\/site\"],\"url\":\"https:\\\/\\\/www.altominho.tv\\\/site\\\/author\\\/andreiaferreiralusa\\\/\"}]}<\/script>\n<!-- \/ Yoast SEO Premium plugin. -->","yoast_head_json":{"title":"Viana do Castelo entre 14 distritos em risco m\u00e1ximo de inc\u00eandio","robots":{"index":"index","follow":"follow","max-snippet":"max-snippet:-1","max-image-preview":"max-image-preview:large","max-video-preview":"max-video-preview:-1"},"canonical":"https:\/\/www.altominho.tv\/site\/2020\/07\/15\/viana-do-castelo-entre-14-distritos-em-risco-maximo-de-incendio\/","og_locale":"pt_PT","og_type":"article","og_title":"Viana do Castelo entre 14 distritos em risco m\u00e1ximo de inc\u00eandio","og_description":"Mais de 100 concelhos de 14 distritos de Portugal continental apresentam esta quarta-feira um risco m\u00e1ximo de inc\u00eandio, segundo o Instituto Portugu\u00eas do Mar e da Atmosfera (IPMA). Em risco m\u00e1ximo est\u00e3o mais de uma centena de concelhos dos distritos de Viana do Castelo, Braga, Porto, Vila Real, Bragan\u00e7a, Viseu, Aveiro, Guarda, Coimbra, Leiria, Castelo [&hellip;]","og_url":"https:\/\/www.altominho.tv\/site\/2020\/07\/15\/viana-do-castelo-entre-14-distritos-em-risco-maximo-de-incendio\/","og_site_name":"Altominho.tv","article_publisher":"https:\/\/www.facebook.com\/altominhotv","article_published_time":"2020-07-15T10:43:22+00:00","article_modified_time":"2020-07-15T10:43:26+00:00","og_image":[{"width":1920,"height":1279,"url":"https:\/\/www.altominho.tv\/site\/wp-content\/uploads\/2020\/07\/forest-fire-3694495_1920.jpg","type":"image\/jpeg"}],"author":"Andreia Ferreira | Lusa","twitter_card":"summary_large_image","twitter_creator":"@altominhoTV","twitter_site":"@altominhoTV","twitter_misc":{"Escrito por":"Andreia Ferreira | Lusa","Tempo estimado de leitura":"2 minutos"},"schema":{"@context":"https:\/\/schema.org","@graph":[{"@type":"Article","@id":"https:\/\/www.altominho.tv\/site\/2020\/07\/15\/viana-do-castelo-entre-14-distritos-em-risco-maximo-de-incendio\/#article","isPartOf":{"@id":"https:\/\/www.altominho.tv\/site\/2020\/07\/15\/viana-do-castelo-entre-14-distritos-em-risco-maximo-de-incendio\/"},"author":{"name":"Andreia Ferreira | Lusa","@id":"https:\/\/www.altominho.tv\/site\/#\/schema\/person\/a0bff6dc1041aadd46fa81887444b017"},"headline":"Viana do Castelo entre 14 distritos em risco m\u00e1ximo de inc\u00eandio","datePublished":"2020-07-15T10:43:22+00:00","dateModified":"2020-07-15T10:43:26+00:00","mainEntityOfPage":{"@id":"https:\/\/www.altominho.tv\/site\/2020\/07\/15\/viana-do-castelo-entre-14-distritos-em-risco-maximo-de-incendio\/"},"wordCount":494,"image":{"@id":"https:\/\/www.altominho.tv\/site\/2020\/07\/15\/viana-do-castelo-entre-14-distritos-em-risco-maximo-de-incendio\/#primaryimage"},"thumbnailUrl":"https:\/\/www.altominho.tv\/site\/wp-content\/uploads\/2020\/07\/forest-fire-3694495_1920.jpg","keywords":["Sociedade"],"articleSection":["Alto Minho"],"inLanguage":"pt-PT","copyrightYear":"2020","copyrightHolder":{"@id":"https:\/\/www.altominho.tv\/site\/#organization"}},{"@type":"WebPage","@id":"https:\/\/www.altominho.tv\/site\/2020\/07\/15\/viana-do-castelo-entre-14-distritos-em-risco-maximo-de-incendio\/","url":"https:\/\/www.altominho.tv\/site\/2020\/07\/15\/viana-do-castelo-entre-14-distritos-em-risco-maximo-de-incendio\/","name":"Viana do Castelo entre 14 distritos em risco m\u00e1ximo de inc\u00eandio","isPartOf":{"@id":"https:\/\/www.altominho.tv\/site\/#website"},"primaryImageOfPage":{"@id":"https:\/\/www.altominho.tv\/site\/2020\/07\/15\/viana-do-castelo-entre-14-distritos-em-risco-maximo-de-incendio\/#primaryimage"},"image":{"@id":"https:\/\/www.altominho.tv\/site\/2020\/07\/15\/viana-do-castelo-entre-14-distritos-em-risco-maximo-de-incendio\/#primaryimage"},"thumbnailUrl":"https:\/\/www.altominho.tv\/site\/wp-content\/uploads\/2020\/07\/forest-fire-3694495_1920.jpg","datePublished":"2020-07-15T10:43:22+00:00","dateModified":"2020-07-15T10:43:26+00:00","author":{"@id":"https:\/\/www.altominho.tv\/site\/#\/schema\/person\/a0bff6dc1041aadd46fa81887444b017"},"breadcrumb":{"@id":"https:\/\/www.altominho.tv\/site\/2020\/07\/15\/viana-do-castelo-entre-14-distritos-em-risco-maximo-de-incendio\/#breadcrumb"},"inLanguage":"pt-PT","potentialAction":[{"@type":"ReadAction","target":["https:\/\/www.altominho.tv\/site\/2020\/07\/15\/viana-do-castelo-entre-14-distritos-em-risco-maximo-de-incendio\/"]}]},{"@type":"ImageObject","inLanguage":"pt-PT","@id":"https:\/\/www.altominho.tv\/site\/2020\/07\/15\/viana-do-castelo-entre-14-distritos-em-risco-maximo-de-incendio\/#primaryimage","url":"https:\/\/www.altominho.tv\/site\/wp-content\/uploads\/2020\/07\/forest-fire-3694495_1920.jpg","contentUrl":"https:\/\/www.altominho.tv\/site\/wp-content\/uploads\/2020\/07\/forest-fire-3694495_1920.jpg","width":1920,"height":1279,"caption":"PIXABAY"},{"@type":"BreadcrumbList","@id":"https:\/\/www.altominho.tv\/site\/2020\/07\/15\/viana-do-castelo-entre-14-distritos-em-risco-maximo-de-incendio\/#breadcrumb","itemListElement":[{"@type":"ListItem","position":1,"name":"In\u00edcio","item":"https:\/\/www.altominho.tv\/site\/"},{"@type":"ListItem","position":2,"name":"Viana do Castelo entre 14 distritos em risco m\u00e1ximo de inc\u00eandio"}]},{"@type":"WebSite","@id":"https:\/\/www.altominho.tv\/site\/#website","url":"https:\/\/www.altominho.tv\/site\/","name":"Altominho.tv","description":"A sua regi\u00e3o \u00e0 dist\u00e2ncia de um clique...","potentialAction":[{"@type":"SearchAction","target":{"@type":"EntryPoint","urlTemplate":"https:\/\/www.altominho.tv\/site\/?s={search_term_string}"},"query-input":{"@type":"PropertyValueSpecification","valueRequired":true,"valueName":"search_term_string"}}],"inLanguage":"pt-PT"},{"@type":"Person","@id":"https:\/\/www.altominho.tv\/site\/#\/schema\/person\/a0bff6dc1041aadd46fa81887444b017","name":"Andreia Ferreira | Lusa","image":{"@type":"ImageObject","inLanguage":"pt-PT","@id":"https:\/\/www.altominho.tv\/site\/wp-content\/uploads\/2018\/04\/Andreia-150x150.jpg","url":"https:\/\/www.altominho.tv\/site\/wp-content\/uploads\/2018\/04\/Andreia-150x150.jpg","contentUrl":"https:\/\/www.altominho.tv\/site\/wp-content\/uploads\/2018\/04\/Andreia-150x150.jpg","caption":"Andreia Ferreira | Lusa"},"sameAs":["https:\/\/www.altominho.tv\/site"],"url":"https:\/\/www.altominho.tv\/site\/author\/andreiaferreiralusa\/"}]}},"_links":{"self":[{"href":"https:\/\/www.altominho.tv\/site\/wp-json\/wp\/v2\/posts\/49186","targetHints":{"allow":["GET"]}}],"collection":[{"href":"https:\/\/www.altominho.tv\/site\/wp-json\/wp\/v2\/posts"}],"about":[{"href":"https:\/\/www.altominho.tv\/site\/wp-json\/wp\/v2\/types\/post"}],"author":[{"embeddable":true,"href":"https:\/\/www.altominho.tv\/site\/wp-json\/wp\/v2\/users\/15"}],"replies":[{"embeddable":true,"href":"https:\/\/www.altominho.tv\/site\/wp-json\/wp\/v2\/comments?post=49186"}],"version-history":[{"count":0,"href":"https:\/\/www.altominho.tv\/site\/wp-json\/wp\/v2\/posts\/49186\/revisions"}],"wp:featuredmedia":[{"embeddable":true,"href":"https:\/\/www.altominho.tv\/site\/wp-json\/wp\/v2\/media\/49188"}],"wp:attachment":[{"href":"https:\/\/www.altominho.tv\/site\/wp-json\/wp\/v2\/media?parent=49186"}],"wp:term":[{"taxonomy":"category","embeddable":true,"href":"https:\/\/www.altominho.tv\/site\/wp-json\/wp\/v2\/categories?post=49186"},{"taxonomy":"post_tag","embeddable":true,"href":"https:\/\/www.altominho.tv\/site\/wp-json\/wp\/v2\/tags?post=49186"}],"curies":[{"name":"wp","href":"https:\/\/api.w.org\/{rel}","templated":true}]}}