{"id":49057,"date":"2020-07-13T16:18:27","date_gmt":"2020-07-13T15:18:27","guid":{"rendered":"http:\/\/www.altominho.tv\/site\/?p=49057"},"modified":"2020-07-13T16:18:30","modified_gmt":"2020-07-13T15:18:30","slug":"arcos-de-valdevez-inicia-novo-troco-da-ecovia-entre-loureda-e-cabreiro","status":"publish","type":"post","link":"https:\/\/www.altominho.tv\/site\/2020\/07\/13\/arcos-de-valdevez-inicia-novo-troco-da-ecovia-entre-loureda-e-cabreiro\/","title":{"rendered":"Arcos de Valdevez inicia novo tro\u00e7o da Ecovia entre Loureda e Cabreiro"},"content":{"rendered":"<p><strong>O Munic\u00edpio de Arcos de Valdevez arrancou com um novo percurso da Ecovia do Vez entre Loureda e Cabreiro, numa extens\u00e3o de 1850 metros.<br \/>\n<\/strong><\/p>\n<p>De acordo com o comunicado enviado \u00e0s reda\u00e7\u00f5es, a C\u00e2mara Municipal consignou a \u201cExpans\u00e3o da Rede de Ecovias do Alto Minho \u2013 Ecovia de Loureda\/Cabreiro\u201d.<\/p>\n<p>At\u00e9 ao momento o tro\u00e7o existente desenvolve-se ao longo dos caminhos municipais 1254-1 e 1286, n\u00e3o possuindo as melhores condi\u00e7\u00f5es de seguran\u00e7a para os utilizadores.<\/p>\n<p>A obra \u00e9 cofinanciada pelo FEDER, programa operacional Norte2020, Portugal2020, com um Investimento Eleg\u00edvel de 185.500,00 \u20ac e comparticipa\u00e7\u00e3o Comunit\u00e1ria de 157.455,37 \u20ac.<\/p>\n<p>A empreitada, foi adjudicada \u00e0 empresa TOSCCA, Equipamentos em madeira, Lda.,<br \/>\npelo montante de 148.542,80 \u20ac e visa melhorar e consolidar a rede de percursos do territ\u00f3rio do Alto Minho, atrav\u00e9s da liga\u00e7\u00e3o, por passadi\u00e7o, de um tro\u00e7o de ecovia, que fica entre o Po\u00e7o das Caldeiras, freguesia de Loureda, e S. Sebasti\u00e3o,<br \/>\nfreguesia de Cabreiro.<\/p>\n<p>Com um percurso de cerca de 32 km, a Ecovia de Arcos de Valdevez, que respeita a fauna e flora do meio, permite aos amantes da Natureza usufruir da paisagem que envolve este itiner\u00e1rio, assim como, explorar o patrim\u00f3nio cultural da regi\u00e3o.<\/p>\n","protected":false},"excerpt":{"rendered":"<p>O Munic\u00edpio de Arcos de Valdevez arrancou com um novo percurso da Ecovia do Vez entre Loureda e Cabreiro, numa extens\u00e3o de 1850 metros. De acordo com o comunicado enviado \u00e0s reda\u00e7\u00f5es, a C\u00e2mara Municipal consignou a \u201cExpans\u00e3o da Rede de Ecovias do Alto Minho \u2013 Ecovia de Loureda\/Cabreiro\u201d. At\u00e9 ao momento o tro\u00e7o existente [&hellip;]<\/p>\n","protected":false},"author":1,"featured_media":49063,"comment_status":"closed","ping_status":"closed","sticky":false,"template":"","format":"standard","meta":{"_exactmetrics_skip_tracking":false,"_exactmetrics_sitenote_active":false,"_exactmetrics_sitenote_note":"","_exactmetrics_sitenote_category":0,"footnotes":""},"categories":[2],"tags":[24],"class_list":["post-49057","post","type-post","status-publish","format-standard","has-post-thumbnail","hentry","category-arcos-de-valdevez","tag-lazer"],"yoast_head":"<!-- This site is optimized with the Yoast SEO Premium plugin v27.4 (Yoast SEO v27.4) - https:\/\/yoast.com\/product\/yoast-seo-premium-wordpress\/ -->\n<title>Arcos de Valdevez inicia novo tro\u00e7o da Ecovia entre Loureda e Cabreiro<\/title>\n<meta name=\"robots\" content=\"index, follow, max-snippet:-1, max-image-preview:large, max-video-preview:-1\" \/>\n<link rel=\"canonical\" href=\"https:\/\/www.altominho.tv\/site\/2020\/07\/13\/arcos-de-valdevez-inicia-novo-troco-da-ecovia-entre-loureda-e-cabreiro\/\" \/>\n<meta property=\"og:locale\" content=\"pt_PT\" \/>\n<meta property=\"og:type\" content=\"article\" \/>\n<meta property=\"og:title\" content=\"Arcos de Valdevez inicia novo tro\u00e7o da Ecovia entre Loureda e Cabreiro\" \/>\n<meta property=\"og:description\" content=\"O Munic\u00edpio de Arcos de Valdevez arrancou com um novo percurso da Ecovia do Vez entre Loureda e Cabreiro, numa extens\u00e3o de 1850 metros. De acordo com o comunicado enviado \u00e0s reda\u00e7\u00f5es, a C\u00e2mara Municipal consignou a \u201cExpans\u00e3o da Rede de Ecovias do Alto Minho \u2013 Ecovia de Loureda\/Cabreiro\u201d. At\u00e9 ao momento o tro\u00e7o existente [&hellip;]\" \/>\n<meta property=\"og:url\" content=\"https:\/\/www.altominho.tv\/site\/2020\/07\/13\/arcos-de-valdevez-inicia-novo-troco-da-ecovia-entre-loureda-e-cabreiro\/\" \/>\n<meta property=\"og:site_name\" content=\"Altominho.tv\" \/>\n<meta property=\"article:publisher\" content=\"https:\/\/www.facebook.com\/altominhotv\" \/>\n<meta property=\"article:published_time\" content=\"2020-07-13T15:18:27+00:00\" \/>\n<meta property=\"article:modified_time\" content=\"2020-07-13T15:18:30+00:00\" \/>\n<meta property=\"og:image\" content=\"https:\/\/www.altominho.tv\/site\/wp-content\/uploads\/2020\/07\/Ecovia_Sistelo-1.jpg\" \/>\n\t<meta property=\"og:image:width\" content=\"1260\" \/>\n\t<meta property=\"og:image:height\" content=\"793\" \/>\n\t<meta property=\"og:image:type\" content=\"image\/jpeg\" \/>\n<meta name=\"author\" content=\"Altominho.tv\" \/>\n<meta name=\"twitter:card\" content=\"summary_large_image\" \/>\n<meta name=\"twitter:creator\" content=\"@altominhoTV\" \/>\n<meta name=\"twitter:site\" content=\"@altominhoTV\" \/>\n<meta name=\"twitter:label1\" content=\"Escrito por\" \/>\n\t<meta name=\"twitter:data1\" content=\"Altominho.tv\" \/>\n\t<meta name=\"twitter:label2\" content=\"Tempo estimado de leitura\" \/>\n\t<meta name=\"twitter:data2\" content=\"1 minuto\" \/>\n<script type=\"application\/ld+json\" class=\"yoast-schema-graph\">{\"@context\":\"https:\\\/\\\/schema.org\",\"@graph\":[{\"@type\":\"Article\",\"@id\":\"https:\\\/\\\/www.altominho.tv\\\/site\\\/2020\\\/07\\\/13\\\/arcos-de-valdevez-inicia-novo-troco-da-ecovia-entre-loureda-e-cabreiro\\\/#article\",\"isPartOf\":{\"@id\":\"https:\\\/\\\/www.altominho.tv\\\/site\\\/2020\\\/07\\\/13\\\/arcos-de-valdevez-inicia-novo-troco-da-ecovia-entre-loureda-e-cabreiro\\\/\"},\"author\":{\"name\":\"Altominho.tv\",\"@id\":\"https:\\\/\\\/www.altominho.tv\\\/site\\\/#\\\/schema\\\/person\\\/4e536851627d7914baf3dac752b6af22\"},\"headline\":\"Arcos de Valdevez inicia novo tro\u00e7o da Ecovia entre Loureda e Cabreiro\",\"datePublished\":\"2020-07-13T15:18:27+00:00\",\"dateModified\":\"2020-07-13T15:18:30+00:00\",\"mainEntityOfPage\":{\"@id\":\"https:\\\/\\\/www.altominho.tv\\\/site\\\/2020\\\/07\\\/13\\\/arcos-de-valdevez-inicia-novo-troco-da-ecovia-entre-loureda-e-cabreiro\\\/\"},\"wordCount\":219,\"image\":{\"@id\":\"https:\\\/\\\/www.altominho.tv\\\/site\\\/2020\\\/07\\\/13\\\/arcos-de-valdevez-inicia-novo-troco-da-ecovia-entre-loureda-e-cabreiro\\\/#primaryimage\"},\"thumbnailUrl\":\"https:\\\/\\\/www.altominho.tv\\\/site\\\/wp-content\\\/uploads\\\/2020\\\/07\\\/Ecovia_Sistelo-1.jpg\",\"keywords\":[\"Lazer\"],\"articleSection\":[\"Arcos de Valdevez\"],\"inLanguage\":\"pt-PT\",\"copyrightYear\":\"2020\",\"copyrightHolder\":{\"@id\":\"https:\\\/\\\/www.altominho.tv\\\/site\\\/#organization\"}},{\"@type\":\"WebPage\",\"@id\":\"https:\\\/\\\/www.altominho.tv\\\/site\\\/2020\\\/07\\\/13\\\/arcos-de-valdevez-inicia-novo-troco-da-ecovia-entre-loureda-e-cabreiro\\\/\",\"url\":\"https:\\\/\\\/www.altominho.tv\\\/site\\\/2020\\\/07\\\/13\\\/arcos-de-valdevez-inicia-novo-troco-da-ecovia-entre-loureda-e-cabreiro\\\/\",\"name\":\"Arcos de Valdevez inicia novo tro\u00e7o da Ecovia entre Loureda e Cabreiro\",\"isPartOf\":{\"@id\":\"https:\\\/\\\/www.altominho.tv\\\/site\\\/#website\"},\"primaryImageOfPage\":{\"@id\":\"https:\\\/\\\/www.altominho.tv\\\/site\\\/2020\\\/07\\\/13\\\/arcos-de-valdevez-inicia-novo-troco-da-ecovia-entre-loureda-e-cabreiro\\\/#primaryimage\"},\"image\":{\"@id\":\"https:\\\/\\\/www.altominho.tv\\\/site\\\/2020\\\/07\\\/13\\\/arcos-de-valdevez-inicia-novo-troco-da-ecovia-entre-loureda-e-cabreiro\\\/#primaryimage\"},\"thumbnailUrl\":\"https:\\\/\\\/www.altominho.tv\\\/site\\\/wp-content\\\/uploads\\\/2020\\\/07\\\/Ecovia_Sistelo-1.jpg\",\"datePublished\":\"2020-07-13T15:18:27+00:00\",\"dateModified\":\"2020-07-13T15:18:30+00:00\",\"author\":{\"@id\":\"https:\\\/\\\/www.altominho.tv\\\/site\\\/#\\\/schema\\\/person\\\/4e536851627d7914baf3dac752b6af22\"},\"breadcrumb\":{\"@id\":\"https:\\\/\\\/www.altominho.tv\\\/site\\\/2020\\\/07\\\/13\\\/arcos-de-valdevez-inicia-novo-troco-da-ecovia-entre-loureda-e-cabreiro\\\/#breadcrumb\"},\"inLanguage\":\"pt-PT\",\"potentialAction\":[{\"@type\":\"ReadAction\",\"target\":[\"https:\\\/\\\/www.altominho.tv\\\/site\\\/2020\\\/07\\\/13\\\/arcos-de-valdevez-inicia-novo-troco-da-ecovia-entre-loureda-e-cabreiro\\\/\"]}]},{\"@type\":\"ImageObject\",\"inLanguage\":\"pt-PT\",\"@id\":\"https:\\\/\\\/www.altominho.tv\\\/site\\\/2020\\\/07\\\/13\\\/arcos-de-valdevez-inicia-novo-troco-da-ecovia-entre-loureda-e-cabreiro\\\/#primaryimage\",\"url\":\"https:\\\/\\\/www.altominho.tv\\\/site\\\/wp-content\\\/uploads\\\/2020\\\/07\\\/Ecovia_Sistelo-1.jpg\",\"contentUrl\":\"https:\\\/\\\/www.altominho.tv\\\/site\\\/wp-content\\\/uploads\\\/2020\\\/07\\\/Ecovia_Sistelo-1.jpg\",\"width\":1260,\"height\":793},{\"@type\":\"BreadcrumbList\",\"@id\":\"https:\\\/\\\/www.altominho.tv\\\/site\\\/2020\\\/07\\\/13\\\/arcos-de-valdevez-inicia-novo-troco-da-ecovia-entre-loureda-e-cabreiro\\\/#breadcrumb\",\"itemListElement\":[{\"@type\":\"ListItem\",\"position\":1,\"name\":\"In\u00edcio\",\"item\":\"https:\\\/\\\/www.altominho.tv\\\/site\\\/\"},{\"@type\":\"ListItem\",\"position\":2,\"name\":\"Arcos de Valdevez inicia novo tro\u00e7o da Ecovia entre Loureda e Cabreiro\"}]},{\"@type\":\"WebSite\",\"@id\":\"https:\\\/\\\/www.altominho.tv\\\/site\\\/#website\",\"url\":\"https:\\\/\\\/www.altominho.tv\\\/site\\\/\",\"name\":\"Altominho.tv\",\"description\":\"A sua regi\u00e3o \u00e0 dist\u00e2ncia de um clique...\",\"potentialAction\":[{\"@type\":\"SearchAction\",\"target\":{\"@type\":\"EntryPoint\",\"urlTemplate\":\"https:\\\/\\\/www.altominho.tv\\\/site\\\/?s={search_term_string}\"},\"query-input\":{\"@type\":\"PropertyValueSpecification\",\"valueRequired\":true,\"valueName\":\"search_term_string\"}}],\"inLanguage\":\"pt-PT\"},{\"@type\":\"Person\",\"@id\":\"https:\\\/\\\/www.altominho.tv\\\/site\\\/#\\\/schema\\\/person\\\/4e536851627d7914baf3dac752b6af22\",\"name\":\"Altominho.tv\",\"image\":{\"@type\":\"ImageObject\",\"inLanguage\":\"pt-PT\",\"@id\":\"https:\\\/\\\/www.altominho.tv\\\/site\\\/wp-content\\\/uploads\\\/2019\\\/11\\\/Logo_Avatar_2-150x150.jpg\",\"url\":\"https:\\\/\\\/www.altominho.tv\\\/site\\\/wp-content\\\/uploads\\\/2019\\\/11\\\/Logo_Avatar_2-150x150.jpg\",\"contentUrl\":\"https:\\\/\\\/www.altominho.tv\\\/site\\\/wp-content\\\/uploads\\\/2019\\\/11\\\/Logo_Avatar_2-150x150.jpg\",\"caption\":\"Altominho.tv\"},\"url\":\"https:\\\/\\\/www.altominho.tv\\\/site\\\/author\\\/altominhotv-tecnico\\\/\"}]}<\/script>\n<!-- \/ Yoast SEO Premium plugin. -->","yoast_head_json":{"title":"Arcos de Valdevez inicia novo tro\u00e7o da Ecovia entre Loureda e Cabreiro","robots":{"index":"index","follow":"follow","max-snippet":"max-snippet:-1","max-image-preview":"max-image-preview:large","max-video-preview":"max-video-preview:-1"},"canonical":"https:\/\/www.altominho.tv\/site\/2020\/07\/13\/arcos-de-valdevez-inicia-novo-troco-da-ecovia-entre-loureda-e-cabreiro\/","og_locale":"pt_PT","og_type":"article","og_title":"Arcos de Valdevez inicia novo tro\u00e7o da Ecovia entre Loureda e Cabreiro","og_description":"O Munic\u00edpio de Arcos de Valdevez arrancou com um novo percurso da Ecovia do Vez entre Loureda e Cabreiro, numa extens\u00e3o de 1850 metros. De acordo com o comunicado enviado \u00e0s reda\u00e7\u00f5es, a C\u00e2mara Municipal consignou a \u201cExpans\u00e3o da Rede de Ecovias do Alto Minho \u2013 Ecovia de Loureda\/Cabreiro\u201d. At\u00e9 ao momento o tro\u00e7o existente [&hellip;]","og_url":"https:\/\/www.altominho.tv\/site\/2020\/07\/13\/arcos-de-valdevez-inicia-novo-troco-da-ecovia-entre-loureda-e-cabreiro\/","og_site_name":"Altominho.tv","article_publisher":"https:\/\/www.facebook.com\/altominhotv","article_published_time":"2020-07-13T15:18:27+00:00","article_modified_time":"2020-07-13T15:18:30+00:00","og_image":[{"width":1260,"height":793,"url":"https:\/\/www.altominho.tv\/site\/wp-content\/uploads\/2020\/07\/Ecovia_Sistelo-1.jpg","type":"image\/jpeg"}],"author":"Altominho.tv","twitter_card":"summary_large_image","twitter_creator":"@altominhoTV","twitter_site":"@altominhoTV","twitter_misc":{"Escrito por":"Altominho.tv","Tempo estimado de leitura":"1 minuto"},"schema":{"@context":"https:\/\/schema.org","@graph":[{"@type":"Article","@id":"https:\/\/www.altominho.tv\/site\/2020\/07\/13\/arcos-de-valdevez-inicia-novo-troco-da-ecovia-entre-loureda-e-cabreiro\/#article","isPartOf":{"@id":"https:\/\/www.altominho.tv\/site\/2020\/07\/13\/arcos-de-valdevez-inicia-novo-troco-da-ecovia-entre-loureda-e-cabreiro\/"},"author":{"name":"Altominho.tv","@id":"https:\/\/www.altominho.tv\/site\/#\/schema\/person\/4e536851627d7914baf3dac752b6af22"},"headline":"Arcos de Valdevez inicia novo tro\u00e7o da Ecovia entre Loureda e Cabreiro","datePublished":"2020-07-13T15:18:27+00:00","dateModified":"2020-07-13T15:18:30+00:00","mainEntityOfPage":{"@id":"https:\/\/www.altominho.tv\/site\/2020\/07\/13\/arcos-de-valdevez-inicia-novo-troco-da-ecovia-entre-loureda-e-cabreiro\/"},"wordCount":219,"image":{"@id":"https:\/\/www.altominho.tv\/site\/2020\/07\/13\/arcos-de-valdevez-inicia-novo-troco-da-ecovia-entre-loureda-e-cabreiro\/#primaryimage"},"thumbnailUrl":"https:\/\/www.altominho.tv\/site\/wp-content\/uploads\/2020\/07\/Ecovia_Sistelo-1.jpg","keywords":["Lazer"],"articleSection":["Arcos de Valdevez"],"inLanguage":"pt-PT","copyrightYear":"2020","copyrightHolder":{"@id":"https:\/\/www.altominho.tv\/site\/#organization"}},{"@type":"WebPage","@id":"https:\/\/www.altominho.tv\/site\/2020\/07\/13\/arcos-de-valdevez-inicia-novo-troco-da-ecovia-entre-loureda-e-cabreiro\/","url":"https:\/\/www.altominho.tv\/site\/2020\/07\/13\/arcos-de-valdevez-inicia-novo-troco-da-ecovia-entre-loureda-e-cabreiro\/","name":"Arcos de Valdevez inicia novo tro\u00e7o da Ecovia entre Loureda e Cabreiro","isPartOf":{"@id":"https:\/\/www.altominho.tv\/site\/#website"},"primaryImageOfPage":{"@id":"https:\/\/www.altominho.tv\/site\/2020\/07\/13\/arcos-de-valdevez-inicia-novo-troco-da-ecovia-entre-loureda-e-cabreiro\/#primaryimage"},"image":{"@id":"https:\/\/www.altominho.tv\/site\/2020\/07\/13\/arcos-de-valdevez-inicia-novo-troco-da-ecovia-entre-loureda-e-cabreiro\/#primaryimage"},"thumbnailUrl":"https:\/\/www.altominho.tv\/site\/wp-content\/uploads\/2020\/07\/Ecovia_Sistelo-1.jpg","datePublished":"2020-07-13T15:18:27+00:00","dateModified":"2020-07-13T15:18:30+00:00","author":{"@id":"https:\/\/www.altominho.tv\/site\/#\/schema\/person\/4e536851627d7914baf3dac752b6af22"},"breadcrumb":{"@id":"https:\/\/www.altominho.tv\/site\/2020\/07\/13\/arcos-de-valdevez-inicia-novo-troco-da-ecovia-entre-loureda-e-cabreiro\/#breadcrumb"},"inLanguage":"pt-PT","potentialAction":[{"@type":"ReadAction","target":["https:\/\/www.altominho.tv\/site\/2020\/07\/13\/arcos-de-valdevez-inicia-novo-troco-da-ecovia-entre-loureda-e-cabreiro\/"]}]},{"@type":"ImageObject","inLanguage":"pt-PT","@id":"https:\/\/www.altominho.tv\/site\/2020\/07\/13\/arcos-de-valdevez-inicia-novo-troco-da-ecovia-entre-loureda-e-cabreiro\/#primaryimage","url":"https:\/\/www.altominho.tv\/site\/wp-content\/uploads\/2020\/07\/Ecovia_Sistelo-1.jpg","contentUrl":"https:\/\/www.altominho.tv\/site\/wp-content\/uploads\/2020\/07\/Ecovia_Sistelo-1.jpg","width":1260,"height":793},{"@type":"BreadcrumbList","@id":"https:\/\/www.altominho.tv\/site\/2020\/07\/13\/arcos-de-valdevez-inicia-novo-troco-da-ecovia-entre-loureda-e-cabreiro\/#breadcrumb","itemListElement":[{"@type":"ListItem","position":1,"name":"In\u00edcio","item":"https:\/\/www.altominho.tv\/site\/"},{"@type":"ListItem","position":2,"name":"Arcos de Valdevez inicia novo tro\u00e7o da Ecovia entre Loureda e Cabreiro"}]},{"@type":"WebSite","@id":"https:\/\/www.altominho.tv\/site\/#website","url":"https:\/\/www.altominho.tv\/site\/","name":"Altominho.tv","description":"A sua regi\u00e3o \u00e0 dist\u00e2ncia de um clique...","potentialAction":[{"@type":"SearchAction","target":{"@type":"EntryPoint","urlTemplate":"https:\/\/www.altominho.tv\/site\/?s={search_term_string}"},"query-input":{"@type":"PropertyValueSpecification","valueRequired":true,"valueName":"search_term_string"}}],"inLanguage":"pt-PT"},{"@type":"Person","@id":"https:\/\/www.altominho.tv\/site\/#\/schema\/person\/4e536851627d7914baf3dac752b6af22","name":"Altominho.tv","image":{"@type":"ImageObject","inLanguage":"pt-PT","@id":"https:\/\/www.altominho.tv\/site\/wp-content\/uploads\/2019\/11\/Logo_Avatar_2-150x150.jpg","url":"https:\/\/www.altominho.tv\/site\/wp-content\/uploads\/2019\/11\/Logo_Avatar_2-150x150.jpg","contentUrl":"https:\/\/www.altominho.tv\/site\/wp-content\/uploads\/2019\/11\/Logo_Avatar_2-150x150.jpg","caption":"Altominho.tv"},"url":"https:\/\/www.altominho.tv\/site\/author\/altominhotv-tecnico\/"}]}},"_links":{"self":[{"href":"https:\/\/www.altominho.tv\/site\/wp-json\/wp\/v2\/posts\/49057","targetHints":{"allow":["GET"]}}],"collection":[{"href":"https:\/\/www.altominho.tv\/site\/wp-json\/wp\/v2\/posts"}],"about":[{"href":"https:\/\/www.altominho.tv\/site\/wp-json\/wp\/v2\/types\/post"}],"author":[{"embeddable":true,"href":"https:\/\/www.altominho.tv\/site\/wp-json\/wp\/v2\/users\/1"}],"replies":[{"embeddable":true,"href":"https:\/\/www.altominho.tv\/site\/wp-json\/wp\/v2\/comments?post=49057"}],"version-history":[{"count":0,"href":"https:\/\/www.altominho.tv\/site\/wp-json\/wp\/v2\/posts\/49057\/revisions"}],"wp:featuredmedia":[{"embeddable":true,"href":"https:\/\/www.altominho.tv\/site\/wp-json\/wp\/v2\/media\/49063"}],"wp:attachment":[{"href":"https:\/\/www.altominho.tv\/site\/wp-json\/wp\/v2\/media?parent=49057"}],"wp:term":[{"taxonomy":"category","embeddable":true,"href":"https:\/\/www.altominho.tv\/site\/wp-json\/wp\/v2\/categories?post=49057"},{"taxonomy":"post_tag","embeddable":true,"href":"https:\/\/www.altominho.tv\/site\/wp-json\/wp\/v2\/tags?post=49057"}],"curies":[{"name":"wp","href":"https:\/\/api.w.org\/{rel}","templated":true}]}}