{"id":49035,"date":"2020-07-13T12:39:56","date_gmt":"2020-07-13T11:39:56","guid":{"rendered":"http:\/\/www.altominho.tv\/site\/?p=49035"},"modified":"2020-07-14T08:36:46","modified_gmt":"2020-07-14T07:36:46","slug":"camara-de-arcos-de-valdevez-apoia-varias-freguesias-do-concelho-com-cerca-de-314-mil-euros","status":"publish","type":"post","link":"https:\/\/www.altominho.tv\/site\/2020\/07\/13\/camara-de-arcos-de-valdevez-apoia-varias-freguesias-do-concelho-com-cerca-de-314-mil-euros\/","title":{"rendered":"C\u00e2mara de Arcos de Valdevez apoia v\u00e1rias freguesias do concelho com cerca de 314 mil euros"},"content":{"rendered":"\n<p>A C\u00e2mara Municipal de Arcos de Valdevez informou esta segunda-feira, que celebrou protocolos de colabora\u00e7\u00e3o, no valor global de 313.364,00\u20ac, com mais oito Freguesias e Uni\u00e3o de Freguesias: Monte Redondo, Sistelo, Couto, Cendufe, Senharei, Uni\u00e3o de Freguesia de Jolda (Madalena) e Rio Cabr\u00e3o, e Uni\u00e3o de Freguesia de Grade e Carralcova.<\/p>\n\n\n\n<p>At\u00e9 ao momento foram assinados protocolos com 26 freguesias, no valor global de mais de 1 milh\u00e3o de euros, deu nota a autarquia.<\/p>\n\n\n\n<p>A C\u00e2mara Municipal vai, assim, apoiar as Juntas de Freguesia e Uni\u00f5es de Freguesias, &#8220;mediante protocolos de colabora\u00e7\u00e3o, para a limpeza e conserva\u00e7\u00e3o de vias e caminhos vicinais, situados dentro do per\u00edmetro urbano da freguesia, bem como na execu\u00e7\u00e3o das obras nas respetivas freguesias&#8221;. <\/p>\n\n\n\n<p>Segundo a autarquia, o valor total do apoio financeiro a transferir para as diversas Juntas de Freguesia e Uni\u00f5es de Freguesias, no \u00e2mbito destes protocolos \u00e9 de 280.468,00\u20ac.<\/p>\n\n\n\n<p>Relativamente a este investimento \u00e9 acrescentado ainda o montante de 32.896,00\u20ac, &#8220;no \u00e2mbito dos acordos de execu\u00e7\u00e3o de delega\u00e7\u00e3o de compet\u00eancias, para realizar a limpeza de vias municipais e outros espa\u00e7os p\u00fablicos&#8221;.<\/p>\n\n\n\n<p>Em nota enviada esta segunda-feira, a autarquia refere que &#8220;com a celebra\u00e7\u00e3o destes protocolos pretende assegurar a manuten\u00e7\u00e3o e conserva\u00e7\u00e3o dos diversos espa\u00e7os p\u00fablicos das freguesias, refor\u00e7ando a proximidade \u00e0 popula\u00e7\u00e3o, promovendo o desenvolvimento do concelho, oferecendo melhores infraestruturas, e, assim, melhorar a qualidade de vida dos mun\u00edcipes&#8221;.<\/p>\n","protected":false},"excerpt":{"rendered":"<p>A C\u00e2mara Municipal de Arcos de Valdevez informou esta segunda-feira, que celebrou protocolos de colabora\u00e7\u00e3o, no valor global de 313.364,00\u20ac, com mais oito Freguesias e Uni\u00e3o de Freguesias: Monte Redondo, Sistelo, Couto, Cendufe, Senharei, Uni\u00e3o de Freguesia de Jolda (Madalena) e Rio Cabr\u00e3o, e Uni\u00e3o de Freguesia de Grade e Carralcova. At\u00e9 ao momento foram [&hellip;]<\/p>\n","protected":false},"author":7,"featured_media":49036,"comment_status":"closed","ping_status":"closed","sticky":false,"template":"","format":"standard","meta":{"_exactmetrics_skip_tracking":false,"_exactmetrics_sitenote_active":false,"_exactmetrics_sitenote_note":"","_exactmetrics_sitenote_category":0,"footnotes":""},"categories":[2],"tags":[21],"class_list":["post-49035","post","type-post","status-publish","format-standard","has-post-thumbnail","hentry","category-arcos-de-valdevez","tag-economia"],"yoast_head":"<!-- This site is optimized with the Yoast SEO Premium plugin v27.4 (Yoast SEO v27.4) - https:\/\/yoast.com\/product\/yoast-seo-premium-wordpress\/ -->\n<title>C\u00e2mara de Arcos de Valdevez apoia v\u00e1rias freguesias do concelho com cerca de 314 mil euros<\/title>\n<meta name=\"robots\" content=\"index, follow, max-snippet:-1, max-image-preview:large, max-video-preview:-1\" \/>\n<link rel=\"canonical\" href=\"https:\/\/www.altominho.tv\/site\/2020\/07\/13\/camara-de-arcos-de-valdevez-apoia-varias-freguesias-do-concelho-com-cerca-de-314-mil-euros\/\" \/>\n<meta property=\"og:locale\" content=\"pt_PT\" \/>\n<meta property=\"og:type\" content=\"article\" \/>\n<meta property=\"og:title\" content=\"C\u00e2mara de Arcos de Valdevez apoia v\u00e1rias freguesias do concelho com cerca de 314 mil euros\" \/>\n<meta property=\"og:description\" content=\"A C\u00e2mara Municipal de Arcos de Valdevez informou esta segunda-feira, que celebrou protocolos de colabora\u00e7\u00e3o, no valor global de 313.364,00\u20ac, com mais oito Freguesias e Uni\u00e3o de Freguesias: Monte Redondo, Sistelo, Couto, Cendufe, Senharei, Uni\u00e3o de Freguesia de Jolda (Madalena) e Rio Cabr\u00e3o, e Uni\u00e3o de Freguesia de Grade e Carralcova. At\u00e9 ao momento foram [&hellip;]\" \/>\n<meta property=\"og:url\" content=\"https:\/\/www.altominho.tv\/site\/2020\/07\/13\/camara-de-arcos-de-valdevez-apoia-varias-freguesias-do-concelho-com-cerca-de-314-mil-euros\/\" \/>\n<meta property=\"og:site_name\" content=\"Altominho.tv\" \/>\n<meta property=\"article:publisher\" content=\"https:\/\/www.facebook.com\/altominhotv\" \/>\n<meta property=\"article:published_time\" content=\"2020-07-13T11:39:56+00:00\" \/>\n<meta property=\"article:modified_time\" content=\"2020-07-14T07:36:46+00:00\" \/>\n<meta property=\"og:image\" content=\"https:\/\/www.altominho.tv\/site\/wp-content\/uploads\/2020\/07\/Protocolos-Juntas-de-Freguesia-2-C\u00f3pia.png\" \/>\n\t<meta property=\"og:image:width\" content=\"957\" \/>\n\t<meta property=\"og:image:height\" content=\"646\" \/>\n\t<meta property=\"og:image:type\" content=\"image\/png\" \/>\n<meta name=\"author\" content=\"Andreia Cunha\" \/>\n<meta name=\"twitter:card\" content=\"summary_large_image\" \/>\n<meta name=\"twitter:creator\" content=\"@altominhoTV\" \/>\n<meta name=\"twitter:site\" content=\"@altominhoTV\" \/>\n<meta name=\"twitter:label1\" content=\"Escrito por\" \/>\n\t<meta name=\"twitter:data1\" content=\"Andreia Cunha\" \/>\n\t<meta name=\"twitter:label2\" content=\"Tempo estimado de leitura\" \/>\n\t<meta name=\"twitter:data2\" content=\"1 minuto\" \/>\n<script type=\"application\/ld+json\" class=\"yoast-schema-graph\">{\"@context\":\"https:\\\/\\\/schema.org\",\"@graph\":[{\"@type\":\"Article\",\"@id\":\"https:\\\/\\\/www.altominho.tv\\\/site\\\/2020\\\/07\\\/13\\\/camara-de-arcos-de-valdevez-apoia-varias-freguesias-do-concelho-com-cerca-de-314-mil-euros\\\/#article\",\"isPartOf\":{\"@id\":\"https:\\\/\\\/www.altominho.tv\\\/site\\\/2020\\\/07\\\/13\\\/camara-de-arcos-de-valdevez-apoia-varias-freguesias-do-concelho-com-cerca-de-314-mil-euros\\\/\"},\"author\":{\"name\":\"Andreia Cunha\",\"@id\":\"https:\\\/\\\/www.altominho.tv\\\/site\\\/#\\\/schema\\\/person\\\/a0e4ef6d041f98ca284393d8f1d97153\"},\"headline\":\"C\u00e2mara de Arcos de Valdevez apoia v\u00e1rias freguesias do concelho com cerca de 314 mil euros\",\"datePublished\":\"2020-07-13T11:39:56+00:00\",\"dateModified\":\"2020-07-14T07:36:46+00:00\",\"mainEntityOfPage\":{\"@id\":\"https:\\\/\\\/www.altominho.tv\\\/site\\\/2020\\\/07\\\/13\\\/camara-de-arcos-de-valdevez-apoia-varias-freguesias-do-concelho-com-cerca-de-314-mil-euros\\\/\"},\"wordCount\":262,\"image\":{\"@id\":\"https:\\\/\\\/www.altominho.tv\\\/site\\\/2020\\\/07\\\/13\\\/camara-de-arcos-de-valdevez-apoia-varias-freguesias-do-concelho-com-cerca-de-314-mil-euros\\\/#primaryimage\"},\"thumbnailUrl\":\"https:\\\/\\\/www.altominho.tv\\\/site\\\/wp-content\\\/uploads\\\/2020\\\/07\\\/Protocolos-Juntas-de-Freguesia-2-C\u00f3pia.png\",\"keywords\":[\"Economia\"],\"articleSection\":[\"Arcos de Valdevez\"],\"inLanguage\":\"pt-PT\",\"copyrightYear\":\"2020\",\"copyrightHolder\":{\"@id\":\"https:\\\/\\\/www.altominho.tv\\\/site\\\/#organization\"}},{\"@type\":\"WebPage\",\"@id\":\"https:\\\/\\\/www.altominho.tv\\\/site\\\/2020\\\/07\\\/13\\\/camara-de-arcos-de-valdevez-apoia-varias-freguesias-do-concelho-com-cerca-de-314-mil-euros\\\/\",\"url\":\"https:\\\/\\\/www.altominho.tv\\\/site\\\/2020\\\/07\\\/13\\\/camara-de-arcos-de-valdevez-apoia-varias-freguesias-do-concelho-com-cerca-de-314-mil-euros\\\/\",\"name\":\"C\u00e2mara de Arcos de Valdevez apoia v\u00e1rias freguesias do concelho com cerca de 314 mil euros\",\"isPartOf\":{\"@id\":\"https:\\\/\\\/www.altominho.tv\\\/site\\\/#website\"},\"primaryImageOfPage\":{\"@id\":\"https:\\\/\\\/www.altominho.tv\\\/site\\\/2020\\\/07\\\/13\\\/camara-de-arcos-de-valdevez-apoia-varias-freguesias-do-concelho-com-cerca-de-314-mil-euros\\\/#primaryimage\"},\"image\":{\"@id\":\"https:\\\/\\\/www.altominho.tv\\\/site\\\/2020\\\/07\\\/13\\\/camara-de-arcos-de-valdevez-apoia-varias-freguesias-do-concelho-com-cerca-de-314-mil-euros\\\/#primaryimage\"},\"thumbnailUrl\":\"https:\\\/\\\/www.altominho.tv\\\/site\\\/wp-content\\\/uploads\\\/2020\\\/07\\\/Protocolos-Juntas-de-Freguesia-2-C\u00f3pia.png\",\"datePublished\":\"2020-07-13T11:39:56+00:00\",\"dateModified\":\"2020-07-14T07:36:46+00:00\",\"author\":{\"@id\":\"https:\\\/\\\/www.altominho.tv\\\/site\\\/#\\\/schema\\\/person\\\/a0e4ef6d041f98ca284393d8f1d97153\"},\"breadcrumb\":{\"@id\":\"https:\\\/\\\/www.altominho.tv\\\/site\\\/2020\\\/07\\\/13\\\/camara-de-arcos-de-valdevez-apoia-varias-freguesias-do-concelho-com-cerca-de-314-mil-euros\\\/#breadcrumb\"},\"inLanguage\":\"pt-PT\",\"potentialAction\":[{\"@type\":\"ReadAction\",\"target\":[\"https:\\\/\\\/www.altominho.tv\\\/site\\\/2020\\\/07\\\/13\\\/camara-de-arcos-de-valdevez-apoia-varias-freguesias-do-concelho-com-cerca-de-314-mil-euros\\\/\"]}]},{\"@type\":\"ImageObject\",\"inLanguage\":\"pt-PT\",\"@id\":\"https:\\\/\\\/www.altominho.tv\\\/site\\\/2020\\\/07\\\/13\\\/camara-de-arcos-de-valdevez-apoia-varias-freguesias-do-concelho-com-cerca-de-314-mil-euros\\\/#primaryimage\",\"url\":\"https:\\\/\\\/www.altominho.tv\\\/site\\\/wp-content\\\/uploads\\\/2020\\\/07\\\/Protocolos-Juntas-de-Freguesia-2-C\u00f3pia.png\",\"contentUrl\":\"https:\\\/\\\/www.altominho.tv\\\/site\\\/wp-content\\\/uploads\\\/2020\\\/07\\\/Protocolos-Juntas-de-Freguesia-2-C\u00f3pia.png\",\"width\":957,\"height\":646},{\"@type\":\"BreadcrumbList\",\"@id\":\"https:\\\/\\\/www.altominho.tv\\\/site\\\/2020\\\/07\\\/13\\\/camara-de-arcos-de-valdevez-apoia-varias-freguesias-do-concelho-com-cerca-de-314-mil-euros\\\/#breadcrumb\",\"itemListElement\":[{\"@type\":\"ListItem\",\"position\":1,\"name\":\"In\u00edcio\",\"item\":\"https:\\\/\\\/www.altominho.tv\\\/site\\\/\"},{\"@type\":\"ListItem\",\"position\":2,\"name\":\"C\u00e2mara de Arcos de Valdevez apoia v\u00e1rias freguesias do concelho com cerca de 314 mil euros\"}]},{\"@type\":\"WebSite\",\"@id\":\"https:\\\/\\\/www.altominho.tv\\\/site\\\/#website\",\"url\":\"https:\\\/\\\/www.altominho.tv\\\/site\\\/\",\"name\":\"Altominho.tv\",\"description\":\"A sua regi\u00e3o \u00e0 dist\u00e2ncia de um clique...\",\"potentialAction\":[{\"@type\":\"SearchAction\",\"target\":{\"@type\":\"EntryPoint\",\"urlTemplate\":\"https:\\\/\\\/www.altominho.tv\\\/site\\\/?s={search_term_string}\"},\"query-input\":{\"@type\":\"PropertyValueSpecification\",\"valueRequired\":true,\"valueName\":\"search_term_string\"}}],\"inLanguage\":\"pt-PT\"},{\"@type\":\"Person\",\"@id\":\"https:\\\/\\\/www.altominho.tv\\\/site\\\/#\\\/schema\\\/person\\\/a0e4ef6d041f98ca284393d8f1d97153\",\"name\":\"Andreia Cunha\",\"image\":{\"@type\":\"ImageObject\",\"inLanguage\":\"pt-PT\",\"@id\":\"https:\\\/\\\/www.altominho.tv\\\/site\\\/wp-content\\\/uploads\\\/2017\\\/11\\\/Andreia_Cunha-1-150x150.jpg\",\"url\":\"https:\\\/\\\/www.altominho.tv\\\/site\\\/wp-content\\\/uploads\\\/2017\\\/11\\\/Andreia_Cunha-1-150x150.jpg\",\"contentUrl\":\"https:\\\/\\\/www.altominho.tv\\\/site\\\/wp-content\\\/uploads\\\/2017\\\/11\\\/Andreia_Cunha-1-150x150.jpg\",\"caption\":\"Andreia Cunha\"},\"url\":\"https:\\\/\\\/www.altominho.tv\\\/site\\\/author\\\/andreiacunha\\\/\"}]}<\/script>\n<!-- \/ Yoast SEO Premium plugin. -->","yoast_head_json":{"title":"C\u00e2mara de Arcos de Valdevez apoia v\u00e1rias freguesias do concelho com cerca de 314 mil euros","robots":{"index":"index","follow":"follow","max-snippet":"max-snippet:-1","max-image-preview":"max-image-preview:large","max-video-preview":"max-video-preview:-1"},"canonical":"https:\/\/www.altominho.tv\/site\/2020\/07\/13\/camara-de-arcos-de-valdevez-apoia-varias-freguesias-do-concelho-com-cerca-de-314-mil-euros\/","og_locale":"pt_PT","og_type":"article","og_title":"C\u00e2mara de Arcos de Valdevez apoia v\u00e1rias freguesias do concelho com cerca de 314 mil euros","og_description":"A C\u00e2mara Municipal de Arcos de Valdevez informou esta segunda-feira, que celebrou protocolos de colabora\u00e7\u00e3o, no valor global de 313.364,00\u20ac, com mais oito Freguesias e Uni\u00e3o de Freguesias: Monte Redondo, Sistelo, Couto, Cendufe, Senharei, Uni\u00e3o de Freguesia de Jolda (Madalena) e Rio Cabr\u00e3o, e Uni\u00e3o de Freguesia de Grade e Carralcova. At\u00e9 ao momento foram [&hellip;]","og_url":"https:\/\/www.altominho.tv\/site\/2020\/07\/13\/camara-de-arcos-de-valdevez-apoia-varias-freguesias-do-concelho-com-cerca-de-314-mil-euros\/","og_site_name":"Altominho.tv","article_publisher":"https:\/\/www.facebook.com\/altominhotv","article_published_time":"2020-07-13T11:39:56+00:00","article_modified_time":"2020-07-14T07:36:46+00:00","og_image":[{"width":957,"height":646,"url":"https:\/\/www.altominho.tv\/site\/wp-content\/uploads\/2020\/07\/Protocolos-Juntas-de-Freguesia-2-C\u00f3pia.png","type":"image\/png"}],"author":"Andreia Cunha","twitter_card":"summary_large_image","twitter_creator":"@altominhoTV","twitter_site":"@altominhoTV","twitter_misc":{"Escrito por":"Andreia Cunha","Tempo estimado de leitura":"1 minuto"},"schema":{"@context":"https:\/\/schema.org","@graph":[{"@type":"Article","@id":"https:\/\/www.altominho.tv\/site\/2020\/07\/13\/camara-de-arcos-de-valdevez-apoia-varias-freguesias-do-concelho-com-cerca-de-314-mil-euros\/#article","isPartOf":{"@id":"https:\/\/www.altominho.tv\/site\/2020\/07\/13\/camara-de-arcos-de-valdevez-apoia-varias-freguesias-do-concelho-com-cerca-de-314-mil-euros\/"},"author":{"name":"Andreia Cunha","@id":"https:\/\/www.altominho.tv\/site\/#\/schema\/person\/a0e4ef6d041f98ca284393d8f1d97153"},"headline":"C\u00e2mara de Arcos de Valdevez apoia v\u00e1rias freguesias do concelho com cerca de 314 mil euros","datePublished":"2020-07-13T11:39:56+00:00","dateModified":"2020-07-14T07:36:46+00:00","mainEntityOfPage":{"@id":"https:\/\/www.altominho.tv\/site\/2020\/07\/13\/camara-de-arcos-de-valdevez-apoia-varias-freguesias-do-concelho-com-cerca-de-314-mil-euros\/"},"wordCount":262,"image":{"@id":"https:\/\/www.altominho.tv\/site\/2020\/07\/13\/camara-de-arcos-de-valdevez-apoia-varias-freguesias-do-concelho-com-cerca-de-314-mil-euros\/#primaryimage"},"thumbnailUrl":"https:\/\/www.altominho.tv\/site\/wp-content\/uploads\/2020\/07\/Protocolos-Juntas-de-Freguesia-2-C\u00f3pia.png","keywords":["Economia"],"articleSection":["Arcos de Valdevez"],"inLanguage":"pt-PT","copyrightYear":"2020","copyrightHolder":{"@id":"https:\/\/www.altominho.tv\/site\/#organization"}},{"@type":"WebPage","@id":"https:\/\/www.altominho.tv\/site\/2020\/07\/13\/camara-de-arcos-de-valdevez-apoia-varias-freguesias-do-concelho-com-cerca-de-314-mil-euros\/","url":"https:\/\/www.altominho.tv\/site\/2020\/07\/13\/camara-de-arcos-de-valdevez-apoia-varias-freguesias-do-concelho-com-cerca-de-314-mil-euros\/","name":"C\u00e2mara de Arcos de Valdevez apoia v\u00e1rias freguesias do concelho com cerca de 314 mil euros","isPartOf":{"@id":"https:\/\/www.altominho.tv\/site\/#website"},"primaryImageOfPage":{"@id":"https:\/\/www.altominho.tv\/site\/2020\/07\/13\/camara-de-arcos-de-valdevez-apoia-varias-freguesias-do-concelho-com-cerca-de-314-mil-euros\/#primaryimage"},"image":{"@id":"https:\/\/www.altominho.tv\/site\/2020\/07\/13\/camara-de-arcos-de-valdevez-apoia-varias-freguesias-do-concelho-com-cerca-de-314-mil-euros\/#primaryimage"},"thumbnailUrl":"https:\/\/www.altominho.tv\/site\/wp-content\/uploads\/2020\/07\/Protocolos-Juntas-de-Freguesia-2-C\u00f3pia.png","datePublished":"2020-07-13T11:39:56+00:00","dateModified":"2020-07-14T07:36:46+00:00","author":{"@id":"https:\/\/www.altominho.tv\/site\/#\/schema\/person\/a0e4ef6d041f98ca284393d8f1d97153"},"breadcrumb":{"@id":"https:\/\/www.altominho.tv\/site\/2020\/07\/13\/camara-de-arcos-de-valdevez-apoia-varias-freguesias-do-concelho-com-cerca-de-314-mil-euros\/#breadcrumb"},"inLanguage":"pt-PT","potentialAction":[{"@type":"ReadAction","target":["https:\/\/www.altominho.tv\/site\/2020\/07\/13\/camara-de-arcos-de-valdevez-apoia-varias-freguesias-do-concelho-com-cerca-de-314-mil-euros\/"]}]},{"@type":"ImageObject","inLanguage":"pt-PT","@id":"https:\/\/www.altominho.tv\/site\/2020\/07\/13\/camara-de-arcos-de-valdevez-apoia-varias-freguesias-do-concelho-com-cerca-de-314-mil-euros\/#primaryimage","url":"https:\/\/www.altominho.tv\/site\/wp-content\/uploads\/2020\/07\/Protocolos-Juntas-de-Freguesia-2-C\u00f3pia.png","contentUrl":"https:\/\/www.altominho.tv\/site\/wp-content\/uploads\/2020\/07\/Protocolos-Juntas-de-Freguesia-2-C\u00f3pia.png","width":957,"height":646},{"@type":"BreadcrumbList","@id":"https:\/\/www.altominho.tv\/site\/2020\/07\/13\/camara-de-arcos-de-valdevez-apoia-varias-freguesias-do-concelho-com-cerca-de-314-mil-euros\/#breadcrumb","itemListElement":[{"@type":"ListItem","position":1,"name":"In\u00edcio","item":"https:\/\/www.altominho.tv\/site\/"},{"@type":"ListItem","position":2,"name":"C\u00e2mara de Arcos de Valdevez apoia v\u00e1rias freguesias do concelho com cerca de 314 mil euros"}]},{"@type":"WebSite","@id":"https:\/\/www.altominho.tv\/site\/#website","url":"https:\/\/www.altominho.tv\/site\/","name":"Altominho.tv","description":"A sua regi\u00e3o \u00e0 dist\u00e2ncia de um clique...","potentialAction":[{"@type":"SearchAction","target":{"@type":"EntryPoint","urlTemplate":"https:\/\/www.altominho.tv\/site\/?s={search_term_string}"},"query-input":{"@type":"PropertyValueSpecification","valueRequired":true,"valueName":"search_term_string"}}],"inLanguage":"pt-PT"},{"@type":"Person","@id":"https:\/\/www.altominho.tv\/site\/#\/schema\/person\/a0e4ef6d041f98ca284393d8f1d97153","name":"Andreia Cunha","image":{"@type":"ImageObject","inLanguage":"pt-PT","@id":"https:\/\/www.altominho.tv\/site\/wp-content\/uploads\/2017\/11\/Andreia_Cunha-1-150x150.jpg","url":"https:\/\/www.altominho.tv\/site\/wp-content\/uploads\/2017\/11\/Andreia_Cunha-1-150x150.jpg","contentUrl":"https:\/\/www.altominho.tv\/site\/wp-content\/uploads\/2017\/11\/Andreia_Cunha-1-150x150.jpg","caption":"Andreia Cunha"},"url":"https:\/\/www.altominho.tv\/site\/author\/andreiacunha\/"}]}},"_links":{"self":[{"href":"https:\/\/www.altominho.tv\/site\/wp-json\/wp\/v2\/posts\/49035","targetHints":{"allow":["GET"]}}],"collection":[{"href":"https:\/\/www.altominho.tv\/site\/wp-json\/wp\/v2\/posts"}],"about":[{"href":"https:\/\/www.altominho.tv\/site\/wp-json\/wp\/v2\/types\/post"}],"author":[{"embeddable":true,"href":"https:\/\/www.altominho.tv\/site\/wp-json\/wp\/v2\/users\/7"}],"replies":[{"embeddable":true,"href":"https:\/\/www.altominho.tv\/site\/wp-json\/wp\/v2\/comments?post=49035"}],"version-history":[{"count":0,"href":"https:\/\/www.altominho.tv\/site\/wp-json\/wp\/v2\/posts\/49035\/revisions"}],"wp:featuredmedia":[{"embeddable":true,"href":"https:\/\/www.altominho.tv\/site\/wp-json\/wp\/v2\/media\/49036"}],"wp:attachment":[{"href":"https:\/\/www.altominho.tv\/site\/wp-json\/wp\/v2\/media?parent=49035"}],"wp:term":[{"taxonomy":"category","embeddable":true,"href":"https:\/\/www.altominho.tv\/site\/wp-json\/wp\/v2\/categories?post=49035"},{"taxonomy":"post_tag","embeddable":true,"href":"https:\/\/www.altominho.tv\/site\/wp-json\/wp\/v2\/tags?post=49035"}],"curies":[{"name":"wp","href":"https:\/\/api.w.org\/{rel}","templated":true}]}}