{"id":48836,"date":"2020-07-08T12:48:57","date_gmt":"2020-07-08T11:48:57","guid":{"rendered":"http:\/\/www.altominho.tv\/site\/?p=48836"},"modified":"2020-07-08T12:49:01","modified_gmt":"2020-07-08T11:49:01","slug":"um-ferido-grave-em-acidente-de-trator-em-arcos-de-valdevez","status":"publish","type":"post","link":"https:\/\/www.altominho.tv\/site\/2020\/07\/08\/um-ferido-grave-em-acidente-de-trator-em-arcos-de-valdevez\/","title":{"rendered":"Um ferido grave em acidente de trator em Arcos de Valdevez"},"content":{"rendered":"<p>Um homem de 50 anos ficou, esta quarta-feira, gravemente ferido devido a um acidente de trator no Lugar da Bugalhosa, na freguesia de Miranda, em Arcos de Valdevez.<\/p>\n<p>De acordo com informa\u00e7\u00e3o avan\u00e7ada pelo <em>Di\u00e1rio do Minho<\/em>, a v\u00edtima estaria a trabalhar no terreno quando, por raz\u00f5es que est\u00e3o por apurar, perdeu o controlo da viatura numa zona com alguma inclina\u00e7\u00e3o e de acesso \u00e0 estrada municipal, acabando por capotar e ficar com o bra\u00e7o esquerdo preso debaixo do trator.<\/p>\n<p>Ao local compareceram os Bombeiros de Arcos de Valdevez, a Viatura M\u00e9dica de Emerg\u00eancia e Reanima\u00e7\u00e3o (VMER) de Viana do Castelo, a ambul\u00e2ncia de Suporte Imediato de Vida (SIV) de Arcos de Valdevez e a GNR.<\/p>\n","protected":false},"excerpt":{"rendered":"<p>Um homem de 50 anos ficou, esta quarta-feira, gravemente ferido devido a um acidente de trator no Lugar da Bugalhosa, na freguesia de Miranda, em Arcos de Valdevez. De acordo com informa\u00e7\u00e3o avan\u00e7ada pelo Di\u00e1rio do Minho, a v\u00edtima estaria a trabalhar no terreno quando, por raz\u00f5es que est\u00e3o por apurar, perdeu o controlo da [&hellip;]<\/p>\n","protected":false},"author":12,"featured_media":48146,"comment_status":"closed","ping_status":"closed","sticky":false,"template":"","format":"standard","meta":{"_exactmetrics_skip_tracking":false,"_exactmetrics_sitenote_active":false,"_exactmetrics_sitenote_note":"","_exactmetrics_sitenote_category":0,"footnotes":""},"categories":[2],"tags":[27],"class_list":["post-48836","post","type-post","status-publish","format-standard","has-post-thumbnail","hentry","category-arcos-de-valdevez","tag-sociedade"],"yoast_head":"<!-- This site is optimized with the Yoast SEO Premium plugin v27.4 (Yoast SEO v27.4) - https:\/\/yoast.com\/product\/yoast-seo-premium-wordpress\/ -->\n<title>Um ferido grave em acidente de trator em Arcos de Valdevez<\/title>\n<meta name=\"robots\" content=\"index, follow, max-snippet:-1, max-image-preview:large, max-video-preview:-1\" \/>\n<link rel=\"canonical\" href=\"https:\/\/www.altominho.tv\/site\/2020\/07\/08\/um-ferido-grave-em-acidente-de-trator-em-arcos-de-valdevez\/\" \/>\n<meta property=\"og:locale\" content=\"pt_PT\" \/>\n<meta property=\"og:type\" content=\"article\" \/>\n<meta property=\"og:title\" content=\"Um ferido grave em acidente de trator em Arcos de Valdevez\" \/>\n<meta property=\"og:description\" content=\"Um homem de 50 anos ficou, esta quarta-feira, gravemente ferido devido a um acidente de trator no Lugar da Bugalhosa, na freguesia de Miranda, em Arcos de Valdevez. De acordo com informa\u00e7\u00e3o avan\u00e7ada pelo Di\u00e1rio do Minho, a v\u00edtima estaria a trabalhar no terreno quando, por raz\u00f5es que est\u00e3o por apurar, perdeu o controlo da [&hellip;]\" \/>\n<meta property=\"og:url\" content=\"https:\/\/www.altominho.tv\/site\/2020\/07\/08\/um-ferido-grave-em-acidente-de-trator-em-arcos-de-valdevez\/\" \/>\n<meta property=\"og:site_name\" content=\"Altominho.tv\" \/>\n<meta property=\"article:publisher\" content=\"https:\/\/www.facebook.com\/altominhotv\" \/>\n<meta property=\"article:published_time\" content=\"2020-07-08T11:48:57+00:00\" \/>\n<meta property=\"article:modified_time\" content=\"2020-07-08T11:49:01+00:00\" \/>\n<meta property=\"og:image\" content=\"https:\/\/www.altominho.tv\/site\/wp-content\/uploads\/2020\/06\/noticia_00182219-580x464-740x417-1-e1594372711367.jpg\" \/>\n\t<meta property=\"og:image:width\" content=\"708\" \/>\n\t<meta property=\"og:image:height\" content=\"416\" \/>\n\t<meta property=\"og:image:type\" content=\"image\/jpeg\" \/>\n<meta name=\"author\" content=\"Andreia Ferreira\" \/>\n<meta name=\"twitter:card\" content=\"summary_large_image\" \/>\n<meta name=\"twitter:creator\" content=\"@altominhoTV\" \/>\n<meta name=\"twitter:site\" content=\"@altominhoTV\" \/>\n<meta name=\"twitter:label1\" content=\"Escrito por\" \/>\n\t<meta name=\"twitter:data1\" content=\"Andreia Ferreira\" \/>\n\t<meta name=\"twitter:label2\" content=\"Tempo estimado de leitura\" \/>\n\t<meta name=\"twitter:data2\" content=\"1 minuto\" \/>\n<script type=\"application\/ld+json\" class=\"yoast-schema-graph\">{\"@context\":\"https:\\\/\\\/schema.org\",\"@graph\":[{\"@type\":\"Article\",\"@id\":\"https:\\\/\\\/www.altominho.tv\\\/site\\\/2020\\\/07\\\/08\\\/um-ferido-grave-em-acidente-de-trator-em-arcos-de-valdevez\\\/#article\",\"isPartOf\":{\"@id\":\"https:\\\/\\\/www.altominho.tv\\\/site\\\/2020\\\/07\\\/08\\\/um-ferido-grave-em-acidente-de-trator-em-arcos-de-valdevez\\\/\"},\"author\":{\"name\":\"Andreia Ferreira\",\"@id\":\"https:\\\/\\\/www.altominho.tv\\\/site\\\/#\\\/schema\\\/person\\\/d9be4265364723f14ea8e0d56a1d38cd\"},\"headline\":\"Um ferido grave em acidente de trator em Arcos de Valdevez\",\"datePublished\":\"2020-07-08T11:48:57+00:00\",\"dateModified\":\"2020-07-08T11:49:01+00:00\",\"mainEntityOfPage\":{\"@id\":\"https:\\\/\\\/www.altominho.tv\\\/site\\\/2020\\\/07\\\/08\\\/um-ferido-grave-em-acidente-de-trator-em-arcos-de-valdevez\\\/\"},\"wordCount\":137,\"image\":{\"@id\":\"https:\\\/\\\/www.altominho.tv\\\/site\\\/2020\\\/07\\\/08\\\/um-ferido-grave-em-acidente-de-trator-em-arcos-de-valdevez\\\/#primaryimage\"},\"thumbnailUrl\":\"https:\\\/\\\/www.altominho.tv\\\/site\\\/wp-content\\\/uploads\\\/2020\\\/06\\\/noticia_00182219-580x464-740x417-1-e1594372711367.jpg\",\"keywords\":[\"Sociedade\"],\"articleSection\":[\"Arcos de Valdevez\"],\"inLanguage\":\"pt-PT\",\"copyrightYear\":\"2020\",\"copyrightHolder\":{\"@id\":\"https:\\\/\\\/www.altominho.tv\\\/site\\\/#organization\"}},{\"@type\":\"WebPage\",\"@id\":\"https:\\\/\\\/www.altominho.tv\\\/site\\\/2020\\\/07\\\/08\\\/um-ferido-grave-em-acidente-de-trator-em-arcos-de-valdevez\\\/\",\"url\":\"https:\\\/\\\/www.altominho.tv\\\/site\\\/2020\\\/07\\\/08\\\/um-ferido-grave-em-acidente-de-trator-em-arcos-de-valdevez\\\/\",\"name\":\"Um ferido grave em acidente de trator em Arcos de Valdevez\",\"isPartOf\":{\"@id\":\"https:\\\/\\\/www.altominho.tv\\\/site\\\/#website\"},\"primaryImageOfPage\":{\"@id\":\"https:\\\/\\\/www.altominho.tv\\\/site\\\/2020\\\/07\\\/08\\\/um-ferido-grave-em-acidente-de-trator-em-arcos-de-valdevez\\\/#primaryimage\"},\"image\":{\"@id\":\"https:\\\/\\\/www.altominho.tv\\\/site\\\/2020\\\/07\\\/08\\\/um-ferido-grave-em-acidente-de-trator-em-arcos-de-valdevez\\\/#primaryimage\"},\"thumbnailUrl\":\"https:\\\/\\\/www.altominho.tv\\\/site\\\/wp-content\\\/uploads\\\/2020\\\/06\\\/noticia_00182219-580x464-740x417-1-e1594372711367.jpg\",\"datePublished\":\"2020-07-08T11:48:57+00:00\",\"dateModified\":\"2020-07-08T11:49:01+00:00\",\"author\":{\"@id\":\"https:\\\/\\\/www.altominho.tv\\\/site\\\/#\\\/schema\\\/person\\\/d9be4265364723f14ea8e0d56a1d38cd\"},\"breadcrumb\":{\"@id\":\"https:\\\/\\\/www.altominho.tv\\\/site\\\/2020\\\/07\\\/08\\\/um-ferido-grave-em-acidente-de-trator-em-arcos-de-valdevez\\\/#breadcrumb\"},\"inLanguage\":\"pt-PT\",\"potentialAction\":[{\"@type\":\"ReadAction\",\"target\":[\"https:\\\/\\\/www.altominho.tv\\\/site\\\/2020\\\/07\\\/08\\\/um-ferido-grave-em-acidente-de-trator-em-arcos-de-valdevez\\\/\"]}]},{\"@type\":\"ImageObject\",\"inLanguage\":\"pt-PT\",\"@id\":\"https:\\\/\\\/www.altominho.tv\\\/site\\\/2020\\\/07\\\/08\\\/um-ferido-grave-em-acidente-de-trator-em-arcos-de-valdevez\\\/#primaryimage\",\"url\":\"https:\\\/\\\/www.altominho.tv\\\/site\\\/wp-content\\\/uploads\\\/2020\\\/06\\\/noticia_00182219-580x464-740x417-1-e1594372711367.jpg\",\"contentUrl\":\"https:\\\/\\\/www.altominho.tv\\\/site\\\/wp-content\\\/uploads\\\/2020\\\/06\\\/noticia_00182219-580x464-740x417-1-e1594372711367.jpg\",\"width\":708,\"height\":416},{\"@type\":\"BreadcrumbList\",\"@id\":\"https:\\\/\\\/www.altominho.tv\\\/site\\\/2020\\\/07\\\/08\\\/um-ferido-grave-em-acidente-de-trator-em-arcos-de-valdevez\\\/#breadcrumb\",\"itemListElement\":[{\"@type\":\"ListItem\",\"position\":1,\"name\":\"In\u00edcio\",\"item\":\"https:\\\/\\\/www.altominho.tv\\\/site\\\/\"},{\"@type\":\"ListItem\",\"position\":2,\"name\":\"Um ferido grave em acidente de trator em Arcos de Valdevez\"}]},{\"@type\":\"WebSite\",\"@id\":\"https:\\\/\\\/www.altominho.tv\\\/site\\\/#website\",\"url\":\"https:\\\/\\\/www.altominho.tv\\\/site\\\/\",\"name\":\"Altominho.tv\",\"description\":\"A sua regi\u00e3o \u00e0 dist\u00e2ncia de um clique...\",\"potentialAction\":[{\"@type\":\"SearchAction\",\"target\":{\"@type\":\"EntryPoint\",\"urlTemplate\":\"https:\\\/\\\/www.altominho.tv\\\/site\\\/?s={search_term_string}\"},\"query-input\":{\"@type\":\"PropertyValueSpecification\",\"valueRequired\":true,\"valueName\":\"search_term_string\"}}],\"inLanguage\":\"pt-PT\"},{\"@type\":\"Person\",\"@id\":\"https:\\\/\\\/www.altominho.tv\\\/site\\\/#\\\/schema\\\/person\\\/d9be4265364723f14ea8e0d56a1d38cd\",\"name\":\"Andreia Ferreira\",\"image\":{\"@type\":\"ImageObject\",\"inLanguage\":\"pt-PT\",\"@id\":\"https:\\\/\\\/www.altominho.tv\\\/site\\\/wp-content\\\/uploads\\\/2021\\\/01\\\/AndreiaFerreira-150x150.jpg\",\"url\":\"https:\\\/\\\/www.altominho.tv\\\/site\\\/wp-content\\\/uploads\\\/2021\\\/01\\\/AndreiaFerreira-150x150.jpg\",\"contentUrl\":\"https:\\\/\\\/www.altominho.tv\\\/site\\\/wp-content\\\/uploads\\\/2021\\\/01\\\/AndreiaFerreira-150x150.jpg\",\"caption\":\"Andreia Ferreira\"},\"url\":\"https:\\\/\\\/www.altominho.tv\\\/site\\\/author\\\/andreiaferreira\\\/\"}]}<\/script>\n<!-- \/ Yoast SEO Premium plugin. -->","yoast_head_json":{"title":"Um ferido grave em acidente de trator em Arcos de Valdevez","robots":{"index":"index","follow":"follow","max-snippet":"max-snippet:-1","max-image-preview":"max-image-preview:large","max-video-preview":"max-video-preview:-1"},"canonical":"https:\/\/www.altominho.tv\/site\/2020\/07\/08\/um-ferido-grave-em-acidente-de-trator-em-arcos-de-valdevez\/","og_locale":"pt_PT","og_type":"article","og_title":"Um ferido grave em acidente de trator em Arcos de Valdevez","og_description":"Um homem de 50 anos ficou, esta quarta-feira, gravemente ferido devido a um acidente de trator no Lugar da Bugalhosa, na freguesia de Miranda, em Arcos de Valdevez. De acordo com informa\u00e7\u00e3o avan\u00e7ada pelo Di\u00e1rio do Minho, a v\u00edtima estaria a trabalhar no terreno quando, por raz\u00f5es que est\u00e3o por apurar, perdeu o controlo da [&hellip;]","og_url":"https:\/\/www.altominho.tv\/site\/2020\/07\/08\/um-ferido-grave-em-acidente-de-trator-em-arcos-de-valdevez\/","og_site_name":"Altominho.tv","article_publisher":"https:\/\/www.facebook.com\/altominhotv","article_published_time":"2020-07-08T11:48:57+00:00","article_modified_time":"2020-07-08T11:49:01+00:00","og_image":[{"width":708,"height":416,"url":"https:\/\/www.altominho.tv\/site\/wp-content\/uploads\/2020\/06\/noticia_00182219-580x464-740x417-1-e1594372711367.jpg","type":"image\/jpeg"}],"author":"Andreia Ferreira","twitter_card":"summary_large_image","twitter_creator":"@altominhoTV","twitter_site":"@altominhoTV","twitter_misc":{"Escrito por":"Andreia Ferreira","Tempo estimado de leitura":"1 minuto"},"schema":{"@context":"https:\/\/schema.org","@graph":[{"@type":"Article","@id":"https:\/\/www.altominho.tv\/site\/2020\/07\/08\/um-ferido-grave-em-acidente-de-trator-em-arcos-de-valdevez\/#article","isPartOf":{"@id":"https:\/\/www.altominho.tv\/site\/2020\/07\/08\/um-ferido-grave-em-acidente-de-trator-em-arcos-de-valdevez\/"},"author":{"name":"Andreia Ferreira","@id":"https:\/\/www.altominho.tv\/site\/#\/schema\/person\/d9be4265364723f14ea8e0d56a1d38cd"},"headline":"Um ferido grave em acidente de trator em Arcos de Valdevez","datePublished":"2020-07-08T11:48:57+00:00","dateModified":"2020-07-08T11:49:01+00:00","mainEntityOfPage":{"@id":"https:\/\/www.altominho.tv\/site\/2020\/07\/08\/um-ferido-grave-em-acidente-de-trator-em-arcos-de-valdevez\/"},"wordCount":137,"image":{"@id":"https:\/\/www.altominho.tv\/site\/2020\/07\/08\/um-ferido-grave-em-acidente-de-trator-em-arcos-de-valdevez\/#primaryimage"},"thumbnailUrl":"https:\/\/www.altominho.tv\/site\/wp-content\/uploads\/2020\/06\/noticia_00182219-580x464-740x417-1-e1594372711367.jpg","keywords":["Sociedade"],"articleSection":["Arcos de Valdevez"],"inLanguage":"pt-PT","copyrightYear":"2020","copyrightHolder":{"@id":"https:\/\/www.altominho.tv\/site\/#organization"}},{"@type":"WebPage","@id":"https:\/\/www.altominho.tv\/site\/2020\/07\/08\/um-ferido-grave-em-acidente-de-trator-em-arcos-de-valdevez\/","url":"https:\/\/www.altominho.tv\/site\/2020\/07\/08\/um-ferido-grave-em-acidente-de-trator-em-arcos-de-valdevez\/","name":"Um ferido grave em acidente de trator em Arcos de Valdevez","isPartOf":{"@id":"https:\/\/www.altominho.tv\/site\/#website"},"primaryImageOfPage":{"@id":"https:\/\/www.altominho.tv\/site\/2020\/07\/08\/um-ferido-grave-em-acidente-de-trator-em-arcos-de-valdevez\/#primaryimage"},"image":{"@id":"https:\/\/www.altominho.tv\/site\/2020\/07\/08\/um-ferido-grave-em-acidente-de-trator-em-arcos-de-valdevez\/#primaryimage"},"thumbnailUrl":"https:\/\/www.altominho.tv\/site\/wp-content\/uploads\/2020\/06\/noticia_00182219-580x464-740x417-1-e1594372711367.jpg","datePublished":"2020-07-08T11:48:57+00:00","dateModified":"2020-07-08T11:49:01+00:00","author":{"@id":"https:\/\/www.altominho.tv\/site\/#\/schema\/person\/d9be4265364723f14ea8e0d56a1d38cd"},"breadcrumb":{"@id":"https:\/\/www.altominho.tv\/site\/2020\/07\/08\/um-ferido-grave-em-acidente-de-trator-em-arcos-de-valdevez\/#breadcrumb"},"inLanguage":"pt-PT","potentialAction":[{"@type":"ReadAction","target":["https:\/\/www.altominho.tv\/site\/2020\/07\/08\/um-ferido-grave-em-acidente-de-trator-em-arcos-de-valdevez\/"]}]},{"@type":"ImageObject","inLanguage":"pt-PT","@id":"https:\/\/www.altominho.tv\/site\/2020\/07\/08\/um-ferido-grave-em-acidente-de-trator-em-arcos-de-valdevez\/#primaryimage","url":"https:\/\/www.altominho.tv\/site\/wp-content\/uploads\/2020\/06\/noticia_00182219-580x464-740x417-1-e1594372711367.jpg","contentUrl":"https:\/\/www.altominho.tv\/site\/wp-content\/uploads\/2020\/06\/noticia_00182219-580x464-740x417-1-e1594372711367.jpg","width":708,"height":416},{"@type":"BreadcrumbList","@id":"https:\/\/www.altominho.tv\/site\/2020\/07\/08\/um-ferido-grave-em-acidente-de-trator-em-arcos-de-valdevez\/#breadcrumb","itemListElement":[{"@type":"ListItem","position":1,"name":"In\u00edcio","item":"https:\/\/www.altominho.tv\/site\/"},{"@type":"ListItem","position":2,"name":"Um ferido grave em acidente de trator em Arcos de Valdevez"}]},{"@type":"WebSite","@id":"https:\/\/www.altominho.tv\/site\/#website","url":"https:\/\/www.altominho.tv\/site\/","name":"Altominho.tv","description":"A sua regi\u00e3o \u00e0 dist\u00e2ncia de um clique...","potentialAction":[{"@type":"SearchAction","target":{"@type":"EntryPoint","urlTemplate":"https:\/\/www.altominho.tv\/site\/?s={search_term_string}"},"query-input":{"@type":"PropertyValueSpecification","valueRequired":true,"valueName":"search_term_string"}}],"inLanguage":"pt-PT"},{"@type":"Person","@id":"https:\/\/www.altominho.tv\/site\/#\/schema\/person\/d9be4265364723f14ea8e0d56a1d38cd","name":"Andreia Ferreira","image":{"@type":"ImageObject","inLanguage":"pt-PT","@id":"https:\/\/www.altominho.tv\/site\/wp-content\/uploads\/2021\/01\/AndreiaFerreira-150x150.jpg","url":"https:\/\/www.altominho.tv\/site\/wp-content\/uploads\/2021\/01\/AndreiaFerreira-150x150.jpg","contentUrl":"https:\/\/www.altominho.tv\/site\/wp-content\/uploads\/2021\/01\/AndreiaFerreira-150x150.jpg","caption":"Andreia Ferreira"},"url":"https:\/\/www.altominho.tv\/site\/author\/andreiaferreira\/"}]}},"_links":{"self":[{"href":"https:\/\/www.altominho.tv\/site\/wp-json\/wp\/v2\/posts\/48836","targetHints":{"allow":["GET"]}}],"collection":[{"href":"https:\/\/www.altominho.tv\/site\/wp-json\/wp\/v2\/posts"}],"about":[{"href":"https:\/\/www.altominho.tv\/site\/wp-json\/wp\/v2\/types\/post"}],"author":[{"embeddable":true,"href":"https:\/\/www.altominho.tv\/site\/wp-json\/wp\/v2\/users\/12"}],"replies":[{"embeddable":true,"href":"https:\/\/www.altominho.tv\/site\/wp-json\/wp\/v2\/comments?post=48836"}],"version-history":[{"count":0,"href":"https:\/\/www.altominho.tv\/site\/wp-json\/wp\/v2\/posts\/48836\/revisions"}],"wp:featuredmedia":[{"embeddable":true,"href":"https:\/\/www.altominho.tv\/site\/wp-json\/wp\/v2\/media\/48146"}],"wp:attachment":[{"href":"https:\/\/www.altominho.tv\/site\/wp-json\/wp\/v2\/media?parent=48836"}],"wp:term":[{"taxonomy":"category","embeddable":true,"href":"https:\/\/www.altominho.tv\/site\/wp-json\/wp\/v2\/categories?post=48836"},{"taxonomy":"post_tag","embeddable":true,"href":"https:\/\/www.altominho.tv\/site\/wp-json\/wp\/v2\/tags?post=48836"}],"curies":[{"name":"wp","href":"https:\/\/api.w.org\/{rel}","templated":true}]}}