{"id":48820,"date":"2020-07-08T09:30:01","date_gmt":"2020-07-08T08:30:01","guid":{"rendered":"http:\/\/www.altominho.tv\/site\/?p=48820"},"modified":"2020-07-08T09:30:05","modified_gmt":"2020-07-08T08:30:05","slug":"viana-do-castelo-avalia-impacto-de-ilhas-flutuantes-de-energia-solar-no-rio-lima","status":"publish","type":"post","link":"https:\/\/www.altominho.tv\/site\/2020\/07\/08\/viana-do-castelo-avalia-impacto-de-ilhas-flutuantes-de-energia-solar-no-rio-lima\/","title":{"rendered":"Viana do Castelo avalia impacto de ilhas flutuantes de energia solar no rio Lima"},"content":{"rendered":"<p>O presidente da C\u00e2mara de Viana do Castelo disse estar a ser analisada a instala\u00e7\u00e3o de tr\u00eas ilhas flutuantes de produ\u00e7\u00e3o de energia solar no rio Lima para &#8220;acautelar&#8221; o seu impacto na utiliza\u00e7\u00e3o do espelho de \u00e1gua.<\/p>\n<p>&#8220;Os nossos servi\u00e7os est\u00e3o a fazer an\u00e1lise t\u00e9cnica do projeto. A nossa preocupa\u00e7\u00e3o \u00e9 que o espa\u00e7o a ser utilizado por aquelas infraestruturas n\u00e3o conflitue com usos pr\u00e9-existentes, nomeadamente, a atividade piscat\u00f3ria e os desportos n\u00e1uticos. A atividade no rio Lima tem de compatibilizar todo o tipo de usos&#8221;, afirmou esta ter\u00e7a-feira \u00e0 Lusa Jos\u00e9 Maria Costa.<\/p>\n<p>Em causa est\u00e1 o PROTEVS, um projeto-piloto que prev\u00ea a instala\u00e7\u00e3o, por um prazo m\u00e1ximo de cinco anos, de tr\u00eas ilhas no espelho de \u00e1gua a poente do porto comercial de Viana do Castelo, em \u00e1rea de jurisdi\u00e7\u00e3o da Administra\u00e7\u00e3o dos Portos do Douro, Leix\u00f5es e Viana do Castelo (APDL) para o desenvolvimento de unidades de gera\u00e7\u00e3o de energia com recurso a fontes renov\u00e1veis de irradia\u00e7\u00e3o solar.<\/p>\n<p>O projeto, em fase de consulta p\u00fablica at\u00e9 ao dia 20, da empresa portuguesa Solarisfloat, \u00e9 considerado &#8220;uma solu\u00e7\u00e3o \u00fanica no mundo, na \u00e1rea do solar fotovoltaico flutuante&#8221;.<\/p>\n<p>O autarca explicou que o parecer da autarquia sobre o projeto &#8220;ainda n\u00e3o est\u00e1 fechado&#8221;. &#8220;Somos favor\u00e1veis a projetos de inova\u00e7\u00e3o e este \u00e9 um projeto de inova\u00e7\u00e3o. Agora, queremos acautelar essa utiliza\u00e7\u00e3o do espelho de \u00e1gua com toda a atividade existente no rio Lima. O rio Lima \u00e9 utilizado para in\u00fameras atividades. Tr\u00eas ilhas com a dimens\u00e3o prevista [duas delas com uma \u00e1rea circular com de 38 e 44 metros de di\u00e2metro] pode causar conflitos com outras utiliza\u00e7\u00f5es e n\u00f3s queremos acautelar essa situa\u00e7\u00e3o&#8221;, sustentou.<\/p>\n<p>No dia 22 de junho, foi publicado em Di\u00e1rio da Rep\u00fablica o edital para a atribui\u00e7\u00e3o do t\u00edtulo de utiliza\u00e7\u00e3o privativa do dom\u00ednio p\u00fablico h\u00eddrico para instala\u00e7\u00e3o das tr\u00eas ilhas por um prazo m\u00e1ximo de cinco anos, no espelho de \u00e1gua a poente do porto comercial de Viana do Castelo, em \u00e1rea de jurisdi\u00e7\u00e3o da APDL para o desenvolvimento de unidades de gera\u00e7\u00e3o de energia com recurso a fontes renov\u00e1veis de irradia\u00e7\u00e3o solar.<\/p>\n<p>Segundo o edital, uma das plataformas flutuantes, designada &#8220;PROTEVS+, tem 180 m\u00f3dulos fotovoltaicos dispostos numa \u00e1rea circular de 38 metros de di\u00e2metro. Uma outra ilha, a &#8220;PROTEVS Single 360 tem 364 m\u00f3dulos fotovoltaicos dispostos numa \u00e1rea circular de 44 metros de di\u00e2metro, sendo que uma terceira ilha ser\u00e1 &#8220;representativa para simular disposi\u00e7\u00e3o&#8221; das restantes.<\/p>\n<p>O documento aponta um prazo de 30 dias \u00fateis para os interessados se pronunciarem sobre o projeto.<\/p>\n<p>Em resposta escrita a um pedido de esclarecimento enviado pela Lusa, o diretor-geral da Solarisfloat, Jo\u00e3o Felgueiras, explicou que ap\u00f3s a conclus\u00e3o da consulta p\u00fablica, a instala\u00e7\u00e3o das ilhas dever\u00e1 come\u00e7ar em setembro.<\/p>\n<p>&#8220;Trata-se de uma ilha com m\u00f3dulos fotovoltaicos com rota\u00e7\u00e3o a um ou dois eixos a implementar em lagos, lagoas, albufeiras e reservat\u00f3rios de \u00e1gua. Este sistema de rota\u00e7\u00e3o, seguindo o sol, assegura uma constante otimiza\u00e7\u00e3o de produ\u00e7\u00e3o, traduzindo-se em ganhos at\u00e9 30%, quando compar\u00e1veis com solu\u00e7\u00f5es est\u00e1ticas. O PROTEVS \u00e9 uma solu\u00e7\u00e3o modular, escal\u00e1vel, de f\u00e1cil e r\u00e1pida instala\u00e7\u00e3o, sem necessidade de m\u00e3o-de-obra qualificada&#8221;, especificou.<\/p>\n<p>Segundo Jo\u00e3o Felgueiras, ser\u00e3o instaladas no rio Lima tr\u00eas ilhas do segmento do solar fotovoltaico flutuante &#8211; duas para produ\u00e7\u00e3o de energia e uma para testes e valida\u00e7\u00f5es&#8221;.<\/p>\n<p>&#8220;As ilhas ir\u00e3o produzir cerca de 476,8 MWh\/ano, energia que ser\u00e1 canalizada para a APDL e injetada para autoconsumo. Estima-se que a energia produzida permita abastecer, em m\u00e9dia, 120 habita\u00e7\u00f5es, considerando o consumo per capita em 2017 (dados Pordata)&#8221;, disse.<\/p>\n<p>De acordo com Jo\u00e3o Felgueiras, o ROTEVS foi alvo, nos \u00faltimos anos, de v\u00e1rios testes e valida\u00e7\u00f5es por diversas entidades, que comprovam o total respeito pelas quest\u00f5es ambientais, tendo sido desenvolvido um trabalho, em conjunto com a APDL, de forma a n\u00e3o causar impacto em qualquer atividade j\u00e1 existente&#8221;.<\/p>\n<p>O projeto a instalar em Viana do Castelo pela Solarisfloat, empresa do setor das energias renov\u00e1veis do grupo portugu\u00eas JP, &#8220;envolve um investimento privado de cerca de 300 mil euros e recorre a Investiga\u00e7\u00e3o e Desenvolvimento (I&amp;D) 100% nacional&#8221;.<\/p>\n","protected":false},"excerpt":{"rendered":"<p>O presidente da C\u00e2mara de Viana do Castelo disse estar a ser analisada a instala\u00e7\u00e3o de tr\u00eas ilhas flutuantes de produ\u00e7\u00e3o de energia solar no rio Lima para &#8220;acautelar&#8221; o seu impacto na utiliza\u00e7\u00e3o do espelho de \u00e1gua. &#8220;Os nossos servi\u00e7os est\u00e3o a fazer an\u00e1lise t\u00e9cnica do projeto. A nossa preocupa\u00e7\u00e3o \u00e9 que o espa\u00e7o [&hellip;]<\/p>\n","protected":false},"author":13,"featured_media":48821,"comment_status":"closed","ping_status":"closed","sticky":false,"template":"","format":"standard","meta":{"_exactmetrics_skip_tracking":false,"_exactmetrics_sitenote_active":false,"_exactmetrics_sitenote_note":"","_exactmetrics_sitenote_category":0,"footnotes":""},"categories":[14],"tags":[27],"class_list":["post-48820","post","type-post","status-publish","format-standard","has-post-thumbnail","hentry","category-viana-do-castelo","tag-sociedade"],"yoast_head":"<!-- This site is optimized with the Yoast SEO Premium plugin v27.4 (Yoast SEO v27.4) - https:\/\/yoast.com\/product\/yoast-seo-premium-wordpress\/ -->\n<title>Viana do Castelo avalia impacto de ilhas flutuantes de energia solar no rio Lima<\/title>\n<meta name=\"robots\" content=\"index, follow, max-snippet:-1, max-image-preview:large, max-video-preview:-1\" \/>\n<link rel=\"canonical\" href=\"https:\/\/www.altominho.tv\/site\/2020\/07\/08\/viana-do-castelo-avalia-impacto-de-ilhas-flutuantes-de-energia-solar-no-rio-lima\/\" \/>\n<meta property=\"og:locale\" content=\"pt_PT\" \/>\n<meta property=\"og:type\" content=\"article\" \/>\n<meta property=\"og:title\" content=\"Viana do Castelo avalia impacto de ilhas flutuantes de energia solar no rio Lima\" \/>\n<meta property=\"og:description\" content=\"O presidente da C\u00e2mara de Viana do Castelo disse estar a ser analisada a instala\u00e7\u00e3o de tr\u00eas ilhas flutuantes de produ\u00e7\u00e3o de energia solar no rio Lima para &#8220;acautelar&#8221; o seu impacto na utiliza\u00e7\u00e3o do espelho de \u00e1gua. &#8220;Os nossos servi\u00e7os est\u00e3o a fazer an\u00e1lise t\u00e9cnica do projeto. A nossa preocupa\u00e7\u00e3o \u00e9 que o espa\u00e7o [&hellip;]\" \/>\n<meta property=\"og:url\" content=\"https:\/\/www.altominho.tv\/site\/2020\/07\/08\/viana-do-castelo-avalia-impacto-de-ilhas-flutuantes-de-energia-solar-no-rio-lima\/\" \/>\n<meta property=\"og:site_name\" content=\"Altominho.tv\" \/>\n<meta property=\"article:publisher\" content=\"https:\/\/www.facebook.com\/altominhotv\" \/>\n<meta property=\"article:published_time\" content=\"2020-07-08T08:30:01+00:00\" \/>\n<meta property=\"article:modified_time\" content=\"2020-07-08T08:30:05+00:00\" \/>\n<meta property=\"og:image\" content=\"https:\/\/www.altominho.tv\/site\/wp-content\/uploads\/2020\/07\/Vista-ae\u0301rea-Viana-do-Castelo.jpg\" \/>\n\t<meta property=\"og:image:width\" content=\"1600\" \/>\n\t<meta property=\"og:image:height\" content=\"712\" \/>\n\t<meta property=\"og:image:type\" content=\"image\/jpeg\" \/>\n<meta name=\"author\" content=\"Lusa\" \/>\n<meta name=\"twitter:card\" content=\"summary_large_image\" \/>\n<meta name=\"twitter:creator\" content=\"@altominhoTV\" \/>\n<meta name=\"twitter:site\" content=\"@altominhoTV\" \/>\n<meta name=\"twitter:label1\" content=\"Escrito por\" \/>\n\t<meta name=\"twitter:data1\" content=\"Lusa\" \/>\n\t<meta name=\"twitter:label2\" content=\"Tempo estimado de leitura\" \/>\n\t<meta name=\"twitter:data2\" content=\"4 minutos\" \/>\n<script type=\"application\/ld+json\" class=\"yoast-schema-graph\">{\"@context\":\"https:\\\/\\\/schema.org\",\"@graph\":[{\"@type\":\"Article\",\"@id\":\"https:\\\/\\\/www.altominho.tv\\\/site\\\/2020\\\/07\\\/08\\\/viana-do-castelo-avalia-impacto-de-ilhas-flutuantes-de-energia-solar-no-rio-lima\\\/#article\",\"isPartOf\":{\"@id\":\"https:\\\/\\\/www.altominho.tv\\\/site\\\/2020\\\/07\\\/08\\\/viana-do-castelo-avalia-impacto-de-ilhas-flutuantes-de-energia-solar-no-rio-lima\\\/\"},\"author\":{\"name\":\"Lusa\",\"@id\":\"https:\\\/\\\/www.altominho.tv\\\/site\\\/#\\\/schema\\\/person\\\/63f693da3e1899361cbe955c46f3232e\"},\"headline\":\"Viana do Castelo avalia impacto de ilhas flutuantes de energia solar no rio Lima\",\"datePublished\":\"2020-07-08T08:30:01+00:00\",\"dateModified\":\"2020-07-08T08:30:05+00:00\",\"mainEntityOfPage\":{\"@id\":\"https:\\\/\\\/www.altominho.tv\\\/site\\\/2020\\\/07\\\/08\\\/viana-do-castelo-avalia-impacto-de-ilhas-flutuantes-de-energia-solar-no-rio-lima\\\/\"},\"wordCount\":765,\"image\":{\"@id\":\"https:\\\/\\\/www.altominho.tv\\\/site\\\/2020\\\/07\\\/08\\\/viana-do-castelo-avalia-impacto-de-ilhas-flutuantes-de-energia-solar-no-rio-lima\\\/#primaryimage\"},\"thumbnailUrl\":\"https:\\\/\\\/www.altominho.tv\\\/site\\\/wp-content\\\/uploads\\\/2020\\\/07\\\/Vista-ae\u0301rea-Viana-do-Castelo.jpg\",\"keywords\":[\"Sociedade\"],\"articleSection\":[\"Viana do Castelo\"],\"inLanguage\":\"pt-PT\",\"copyrightYear\":\"2020\",\"copyrightHolder\":{\"@id\":\"https:\\\/\\\/www.altominho.tv\\\/site\\\/#organization\"}},{\"@type\":\"WebPage\",\"@id\":\"https:\\\/\\\/www.altominho.tv\\\/site\\\/2020\\\/07\\\/08\\\/viana-do-castelo-avalia-impacto-de-ilhas-flutuantes-de-energia-solar-no-rio-lima\\\/\",\"url\":\"https:\\\/\\\/www.altominho.tv\\\/site\\\/2020\\\/07\\\/08\\\/viana-do-castelo-avalia-impacto-de-ilhas-flutuantes-de-energia-solar-no-rio-lima\\\/\",\"name\":\"Viana do Castelo avalia impacto de ilhas flutuantes de energia solar no rio Lima\",\"isPartOf\":{\"@id\":\"https:\\\/\\\/www.altominho.tv\\\/site\\\/#website\"},\"primaryImageOfPage\":{\"@id\":\"https:\\\/\\\/www.altominho.tv\\\/site\\\/2020\\\/07\\\/08\\\/viana-do-castelo-avalia-impacto-de-ilhas-flutuantes-de-energia-solar-no-rio-lima\\\/#primaryimage\"},\"image\":{\"@id\":\"https:\\\/\\\/www.altominho.tv\\\/site\\\/2020\\\/07\\\/08\\\/viana-do-castelo-avalia-impacto-de-ilhas-flutuantes-de-energia-solar-no-rio-lima\\\/#primaryimage\"},\"thumbnailUrl\":\"https:\\\/\\\/www.altominho.tv\\\/site\\\/wp-content\\\/uploads\\\/2020\\\/07\\\/Vista-ae\u0301rea-Viana-do-Castelo.jpg\",\"datePublished\":\"2020-07-08T08:30:01+00:00\",\"dateModified\":\"2020-07-08T08:30:05+00:00\",\"author\":{\"@id\":\"https:\\\/\\\/www.altominho.tv\\\/site\\\/#\\\/schema\\\/person\\\/63f693da3e1899361cbe955c46f3232e\"},\"breadcrumb\":{\"@id\":\"https:\\\/\\\/www.altominho.tv\\\/site\\\/2020\\\/07\\\/08\\\/viana-do-castelo-avalia-impacto-de-ilhas-flutuantes-de-energia-solar-no-rio-lima\\\/#breadcrumb\"},\"inLanguage\":\"pt-PT\",\"potentialAction\":[{\"@type\":\"ReadAction\",\"target\":[\"https:\\\/\\\/www.altominho.tv\\\/site\\\/2020\\\/07\\\/08\\\/viana-do-castelo-avalia-impacto-de-ilhas-flutuantes-de-energia-solar-no-rio-lima\\\/\"]}]},{\"@type\":\"ImageObject\",\"inLanguage\":\"pt-PT\",\"@id\":\"https:\\\/\\\/www.altominho.tv\\\/site\\\/2020\\\/07\\\/08\\\/viana-do-castelo-avalia-impacto-de-ilhas-flutuantes-de-energia-solar-no-rio-lima\\\/#primaryimage\",\"url\":\"https:\\\/\\\/www.altominho.tv\\\/site\\\/wp-content\\\/uploads\\\/2020\\\/07\\\/Vista-ae\u0301rea-Viana-do-Castelo.jpg\",\"contentUrl\":\"https:\\\/\\\/www.altominho.tv\\\/site\\\/wp-content\\\/uploads\\\/2020\\\/07\\\/Vista-ae\u0301rea-Viana-do-Castelo.jpg\",\"width\":1600,\"height\":712},{\"@type\":\"BreadcrumbList\",\"@id\":\"https:\\\/\\\/www.altominho.tv\\\/site\\\/2020\\\/07\\\/08\\\/viana-do-castelo-avalia-impacto-de-ilhas-flutuantes-de-energia-solar-no-rio-lima\\\/#breadcrumb\",\"itemListElement\":[{\"@type\":\"ListItem\",\"position\":1,\"name\":\"In\u00edcio\",\"item\":\"https:\\\/\\\/www.altominho.tv\\\/site\\\/\"},{\"@type\":\"ListItem\",\"position\":2,\"name\":\"Viana do Castelo avalia impacto de ilhas flutuantes de energia solar no rio Lima\"}]},{\"@type\":\"WebSite\",\"@id\":\"https:\\\/\\\/www.altominho.tv\\\/site\\\/#website\",\"url\":\"https:\\\/\\\/www.altominho.tv\\\/site\\\/\",\"name\":\"Altominho.tv\",\"description\":\"A sua regi\u00e3o \u00e0 dist\u00e2ncia de um clique...\",\"potentialAction\":[{\"@type\":\"SearchAction\",\"target\":{\"@type\":\"EntryPoint\",\"urlTemplate\":\"https:\\\/\\\/www.altominho.tv\\\/site\\\/?s={search_term_string}\"},\"query-input\":{\"@type\":\"PropertyValueSpecification\",\"valueRequired\":true,\"valueName\":\"search_term_string\"}}],\"inLanguage\":\"pt-PT\"},{\"@type\":\"Person\",\"@id\":\"https:\\\/\\\/www.altominho.tv\\\/site\\\/#\\\/schema\\\/person\\\/63f693da3e1899361cbe955c46f3232e\",\"name\":\"Lusa\",\"image\":{\"@type\":\"ImageObject\",\"inLanguage\":\"pt-PT\",\"@id\":\"https:\\\/\\\/www.altominho.tv\\\/site\\\/wp-content\\\/uploads\\\/2019\\\/08\\\/LUSA_Logo.gif\",\"url\":\"https:\\\/\\\/www.altominho.tv\\\/site\\\/wp-content\\\/uploads\\\/2019\\\/08\\\/LUSA_Logo.gif\",\"contentUrl\":\"https:\\\/\\\/www.altominho.tv\\\/site\\\/wp-content\\\/uploads\\\/2019\\\/08\\\/LUSA_Logo.gif\",\"caption\":\"Lusa\"},\"sameAs\":[\"http:\\\/\\\/\\\/\\\/www.altominho.tv\\\/site\"],\"url\":\"https:\\\/\\\/www.altominho.tv\\\/site\\\/author\\\/lusa\\\/\"}]}<\/script>\n<!-- \/ Yoast SEO Premium plugin. -->","yoast_head_json":{"title":"Viana do Castelo avalia impacto de ilhas flutuantes de energia solar no rio Lima","robots":{"index":"index","follow":"follow","max-snippet":"max-snippet:-1","max-image-preview":"max-image-preview:large","max-video-preview":"max-video-preview:-1"},"canonical":"https:\/\/www.altominho.tv\/site\/2020\/07\/08\/viana-do-castelo-avalia-impacto-de-ilhas-flutuantes-de-energia-solar-no-rio-lima\/","og_locale":"pt_PT","og_type":"article","og_title":"Viana do Castelo avalia impacto de ilhas flutuantes de energia solar no rio Lima","og_description":"O presidente da C\u00e2mara de Viana do Castelo disse estar a ser analisada a instala\u00e7\u00e3o de tr\u00eas ilhas flutuantes de produ\u00e7\u00e3o de energia solar no rio Lima para &#8220;acautelar&#8221; o seu impacto na utiliza\u00e7\u00e3o do espelho de \u00e1gua. &#8220;Os nossos servi\u00e7os est\u00e3o a fazer an\u00e1lise t\u00e9cnica do projeto. A nossa preocupa\u00e7\u00e3o \u00e9 que o espa\u00e7o [&hellip;]","og_url":"https:\/\/www.altominho.tv\/site\/2020\/07\/08\/viana-do-castelo-avalia-impacto-de-ilhas-flutuantes-de-energia-solar-no-rio-lima\/","og_site_name":"Altominho.tv","article_publisher":"https:\/\/www.facebook.com\/altominhotv","article_published_time":"2020-07-08T08:30:01+00:00","article_modified_time":"2020-07-08T08:30:05+00:00","og_image":[{"width":1600,"height":712,"url":"https:\/\/www.altominho.tv\/site\/wp-content\/uploads\/2020\/07\/Vista-ae\u0301rea-Viana-do-Castelo.jpg","type":"image\/jpeg"}],"author":"Lusa","twitter_card":"summary_large_image","twitter_creator":"@altominhoTV","twitter_site":"@altominhoTV","twitter_misc":{"Escrito por":"Lusa","Tempo estimado de leitura":"4 minutos"},"schema":{"@context":"https:\/\/schema.org","@graph":[{"@type":"Article","@id":"https:\/\/www.altominho.tv\/site\/2020\/07\/08\/viana-do-castelo-avalia-impacto-de-ilhas-flutuantes-de-energia-solar-no-rio-lima\/#article","isPartOf":{"@id":"https:\/\/www.altominho.tv\/site\/2020\/07\/08\/viana-do-castelo-avalia-impacto-de-ilhas-flutuantes-de-energia-solar-no-rio-lima\/"},"author":{"name":"Lusa","@id":"https:\/\/www.altominho.tv\/site\/#\/schema\/person\/63f693da3e1899361cbe955c46f3232e"},"headline":"Viana do Castelo avalia impacto de ilhas flutuantes de energia solar no rio Lima","datePublished":"2020-07-08T08:30:01+00:00","dateModified":"2020-07-08T08:30:05+00:00","mainEntityOfPage":{"@id":"https:\/\/www.altominho.tv\/site\/2020\/07\/08\/viana-do-castelo-avalia-impacto-de-ilhas-flutuantes-de-energia-solar-no-rio-lima\/"},"wordCount":765,"image":{"@id":"https:\/\/www.altominho.tv\/site\/2020\/07\/08\/viana-do-castelo-avalia-impacto-de-ilhas-flutuantes-de-energia-solar-no-rio-lima\/#primaryimage"},"thumbnailUrl":"https:\/\/www.altominho.tv\/site\/wp-content\/uploads\/2020\/07\/Vista-ae\u0301rea-Viana-do-Castelo.jpg","keywords":["Sociedade"],"articleSection":["Viana do Castelo"],"inLanguage":"pt-PT","copyrightYear":"2020","copyrightHolder":{"@id":"https:\/\/www.altominho.tv\/site\/#organization"}},{"@type":"WebPage","@id":"https:\/\/www.altominho.tv\/site\/2020\/07\/08\/viana-do-castelo-avalia-impacto-de-ilhas-flutuantes-de-energia-solar-no-rio-lima\/","url":"https:\/\/www.altominho.tv\/site\/2020\/07\/08\/viana-do-castelo-avalia-impacto-de-ilhas-flutuantes-de-energia-solar-no-rio-lima\/","name":"Viana do Castelo avalia impacto de ilhas flutuantes de energia solar no rio Lima","isPartOf":{"@id":"https:\/\/www.altominho.tv\/site\/#website"},"primaryImageOfPage":{"@id":"https:\/\/www.altominho.tv\/site\/2020\/07\/08\/viana-do-castelo-avalia-impacto-de-ilhas-flutuantes-de-energia-solar-no-rio-lima\/#primaryimage"},"image":{"@id":"https:\/\/www.altominho.tv\/site\/2020\/07\/08\/viana-do-castelo-avalia-impacto-de-ilhas-flutuantes-de-energia-solar-no-rio-lima\/#primaryimage"},"thumbnailUrl":"https:\/\/www.altominho.tv\/site\/wp-content\/uploads\/2020\/07\/Vista-ae\u0301rea-Viana-do-Castelo.jpg","datePublished":"2020-07-08T08:30:01+00:00","dateModified":"2020-07-08T08:30:05+00:00","author":{"@id":"https:\/\/www.altominho.tv\/site\/#\/schema\/person\/63f693da3e1899361cbe955c46f3232e"},"breadcrumb":{"@id":"https:\/\/www.altominho.tv\/site\/2020\/07\/08\/viana-do-castelo-avalia-impacto-de-ilhas-flutuantes-de-energia-solar-no-rio-lima\/#breadcrumb"},"inLanguage":"pt-PT","potentialAction":[{"@type":"ReadAction","target":["https:\/\/www.altominho.tv\/site\/2020\/07\/08\/viana-do-castelo-avalia-impacto-de-ilhas-flutuantes-de-energia-solar-no-rio-lima\/"]}]},{"@type":"ImageObject","inLanguage":"pt-PT","@id":"https:\/\/www.altominho.tv\/site\/2020\/07\/08\/viana-do-castelo-avalia-impacto-de-ilhas-flutuantes-de-energia-solar-no-rio-lima\/#primaryimage","url":"https:\/\/www.altominho.tv\/site\/wp-content\/uploads\/2020\/07\/Vista-ae\u0301rea-Viana-do-Castelo.jpg","contentUrl":"https:\/\/www.altominho.tv\/site\/wp-content\/uploads\/2020\/07\/Vista-ae\u0301rea-Viana-do-Castelo.jpg","width":1600,"height":712},{"@type":"BreadcrumbList","@id":"https:\/\/www.altominho.tv\/site\/2020\/07\/08\/viana-do-castelo-avalia-impacto-de-ilhas-flutuantes-de-energia-solar-no-rio-lima\/#breadcrumb","itemListElement":[{"@type":"ListItem","position":1,"name":"In\u00edcio","item":"https:\/\/www.altominho.tv\/site\/"},{"@type":"ListItem","position":2,"name":"Viana do Castelo avalia impacto de ilhas flutuantes de energia solar no rio Lima"}]},{"@type":"WebSite","@id":"https:\/\/www.altominho.tv\/site\/#website","url":"https:\/\/www.altominho.tv\/site\/","name":"Altominho.tv","description":"A sua regi\u00e3o \u00e0 dist\u00e2ncia de um clique...","potentialAction":[{"@type":"SearchAction","target":{"@type":"EntryPoint","urlTemplate":"https:\/\/www.altominho.tv\/site\/?s={search_term_string}"},"query-input":{"@type":"PropertyValueSpecification","valueRequired":true,"valueName":"search_term_string"}}],"inLanguage":"pt-PT"},{"@type":"Person","@id":"https:\/\/www.altominho.tv\/site\/#\/schema\/person\/63f693da3e1899361cbe955c46f3232e","name":"Lusa","image":{"@type":"ImageObject","inLanguage":"pt-PT","@id":"https:\/\/www.altominho.tv\/site\/wp-content\/uploads\/2019\/08\/LUSA_Logo.gif","url":"https:\/\/www.altominho.tv\/site\/wp-content\/uploads\/2019\/08\/LUSA_Logo.gif","contentUrl":"https:\/\/www.altominho.tv\/site\/wp-content\/uploads\/2019\/08\/LUSA_Logo.gif","caption":"Lusa"},"sameAs":["http:\/\/\/\/www.altominho.tv\/site"],"url":"https:\/\/www.altominho.tv\/site\/author\/lusa\/"}]}},"_links":{"self":[{"href":"https:\/\/www.altominho.tv\/site\/wp-json\/wp\/v2\/posts\/48820","targetHints":{"allow":["GET"]}}],"collection":[{"href":"https:\/\/www.altominho.tv\/site\/wp-json\/wp\/v2\/posts"}],"about":[{"href":"https:\/\/www.altominho.tv\/site\/wp-json\/wp\/v2\/types\/post"}],"author":[{"embeddable":true,"href":"https:\/\/www.altominho.tv\/site\/wp-json\/wp\/v2\/users\/13"}],"replies":[{"embeddable":true,"href":"https:\/\/www.altominho.tv\/site\/wp-json\/wp\/v2\/comments?post=48820"}],"version-history":[{"count":0,"href":"https:\/\/www.altominho.tv\/site\/wp-json\/wp\/v2\/posts\/48820\/revisions"}],"wp:featuredmedia":[{"embeddable":true,"href":"https:\/\/www.altominho.tv\/site\/wp-json\/wp\/v2\/media\/48821"}],"wp:attachment":[{"href":"https:\/\/www.altominho.tv\/site\/wp-json\/wp\/v2\/media?parent=48820"}],"wp:term":[{"taxonomy":"category","embeddable":true,"href":"https:\/\/www.altominho.tv\/site\/wp-json\/wp\/v2\/categories?post=48820"},{"taxonomy":"post_tag","embeddable":true,"href":"https:\/\/www.altominho.tv\/site\/wp-json\/wp\/v2\/tags?post=48820"}],"curies":[{"name":"wp","href":"https:\/\/api.w.org\/{rel}","templated":true}]}}